{"id":6786,"date":"2018-08-21T17:28:54","date_gmt":"2018-08-21T20:28:54","guid":{"rendered":"http:\/\/ubanews.com\/site\/?p=6786"},"modified":"2018-09-01T22:17:41","modified_gmt":"2018-09-02T01:17:41","slug":"semana-nacional-da-pessoa-com-deficiencia-intelectual-e-multipla-2018","status":"publish","type":"post","link":"https:\/\/ubanews.com\/site\/2018\/08\/21\/semana-nacional-da-pessoa-com-deficiencia-intelectual-e-multipla-2018\/","title":{"rendered":"SEMANA NACIONAL DA PESSOA COM DEFICI\u00caNCIA INTELECTUAL E M\u00daLTIPLA 2018"},"content":{"rendered":"<p>Com o tema Fam\u00edlia e Pessoa com Defici\u00eancia, Protagonistas na Implementa\u00e7\u00e3o das Pol\u00edticas P\u00fablicas, a Apae de Ub\u00e1 deu in\u00edcio nesta segunda-feira (20) a Quadrag\u00e9sima Sexta Semana da Pessoa com Defici\u00eancia Intelectual e M\u00faltipla.<\/p>\n<p>A programa\u00e7\u00e3o \u00e9 a seguinte:<\/p>\n<p><em>Segunda-feira<\/em> (20), \u00e0s 19h, noite de palestras e troca de experi\u00eancias \u2013 parceria: Apae\/Fagoc. Palestrantes: Aline Corbelli dorigueto (Assistente Social da Apae Ub\u00e1) e Doutora Marina de Souza Maciel (Psiquiatra da Inf\u00e2ncia e Adolesc\u00eancia), audit\u00f3rio Ari Barroso, Fagoc (Faculdade Governador Ozanam Coelho). Durante o dia as atividades ocorreram normalmente e \u00e0 noite todos os funcion\u00e1rios e familiares foram convidados a participar desta capacita\u00e7\u00e3o.<\/p>\n<p><em>Ter\u00e7a-feira<\/em> (21), manh\u00e3 e tarde. Recrea\u00e7\u00e3o\/Gincana no Tabajara Esporte Clube. De 8h \u00e0s 11h e de 13h \u00e0s 17h.<\/p>\n<p><em>Quarta-feira <\/em>(22), manh\u00e3 e tarde. Brincadeiras folcl\u00f3ricas na Apae Rural. Todos os alunos dever\u00e3o comparecer no seu hor\u00e1rio normal de aula, onde ir\u00e3o participar das atividades na Apae Rural.<\/p>\n<p><em>Quinta-feira <\/em>(23), manh\u00e3, tarde e noite. Participa\u00e7\u00e3o no Encontro Esportivo em Ponte Nova.<\/p>\n<p>Discoteca com a Banda Ziriguidum. A discoteca iniciar\u00e1 \u00e0s 19h na Apae cidade. Cada aluno ter\u00e1 direito de levar um convidado.<\/p>\n<p><em>Sexta-feira<\/em> (24), Manh\u00e3 e tarde. Dia do Artista Apaeano<\/p>\n<p>Neste dia todos os alunos dever\u00e3o ir no seu hor\u00e1rio normal de aula e participar\u00e3o das atividades na Apae cidade.<\/p>\n<p><em>S\u00e1bado<\/em> (25), manh\u00e3. Todos os alunos dever\u00e3o chegar \u00e0 Apae \u00e0s 7h e 30min para o passeio.<\/p>\n<p><em>Domingo<\/em> (26) 17h. Missa em A\u00e7\u00e3o de Gra\u00e7as pelos 46 anos de Funda\u00e7\u00e3o da Apae\/Ub\u00e1, Par\u00f3quia de S\u00e3o Janu\u00e1rio. A diretora da Apae\/Ub\u00e1 Vald\u00eania Rufato atendeu \u00e0 equipe do Ub\u00e1 News.<\/p>\n<div style=\"position: relative; height: 0; padding-bottom: 56.25%;\"><iframe style=\"position: absolute; width: 100%; height: 100%; left: 0;\" data-src=\"https:\/\/www.youtube.com\/embed\/RM6HVCbbR0Q?ecver=2\" width=\"640\" height=\"360\" frameborder=\"0\" allowfullscreen=\"allowfullscreen\" src=\"data:image\/svg+xml;base64,PHN2ZyB3aWR0aD0iMSIgaGVpZ2h0PSIxIiB4bWxucz0iaHR0cDovL3d3dy53My5vcmcvMjAwMC9zdmciPjwvc3ZnPg==\" class=\"lazyload\" data-load-mode=\"1\"><\/iframe><\/div>\n","protected":false},"excerpt":{"rendered":"<p>Com o tema Fam\u00edlia e Pessoa com Defici\u00eancia, Protagonistas na<\/p>\n","protected":false},"author":2,"featured_media":6787,"comment_status":"open","ping_status":"open","sticky":false,"template":"","format":"standard","meta":{"footnotes":""},"categories":[1],"tags":[],"class_list":["post-6786","post","type-post","status-publish","format-standard","has-post-thumbnail","hentry","category-sem-categoria"],"yoast_head":"<!-- This site is optimized with the Yoast SEO plugin v27.2 - https:\/\/yoast.com\/product\/yoast-seo-wordpress\/ -->\n<title>SEMANA NACIONAL DA PESSOA COM DEFICI\u00caNCIA INTELECTUAL E M\u00daLTIPLA 2018 - Ub\u00e1 News<\/title>\n<meta name=\"robots\" content=\"index, follow, max-snippet:-1, max-image-preview:large, max-video-preview:-1\" \/>\n<link rel=\"canonical\" href=\"https:\/\/ubanews.com\/site\/2018\/08\/21\/semana-nacional-da-pessoa-com-deficiencia-intelectual-e-multipla-2018\/\" \/>\n<meta property=\"og:locale\" content=\"pt_BR\" \/>\n<meta property=\"og:type\" content=\"article\" \/>\n<meta property=\"og:title\" content=\"SEMANA NACIONAL DA PESSOA COM DEFICI\u00caNCIA INTELECTUAL E M\u00daLTIPLA 2018 - Ub\u00e1 News\" \/>\n<meta property=\"og:description\" content=\"Com o tema Fam\u00edlia e Pessoa com Defici\u00eancia, Protagonistas na\" \/>\n<meta property=\"og:url\" content=\"https:\/\/ubanews.com\/site\/2018\/08\/21\/semana-nacional-da-pessoa-com-deficiencia-intelectual-e-multipla-2018\/\" \/>\n<meta property=\"og:site_name\" content=\"Ub\u00e1 News\" \/>\n<meta property=\"article:publisher\" content=\"https:\/\/www.facebook.com\/Ub%c3%a1News-Carlos-Roberto-Sodr%c3%a9-418778301977370\" \/>\n<meta property=\"article:author\" content=\"https:\/\/www.facebook.com\/carosroberto.sodre.5\/\" \/>\n<meta property=\"article:published_time\" content=\"2018-08-21T20:28:54+00:00\" \/>\n<meta property=\"article:modified_time\" content=\"2018-09-02T01:17:41+00:00\" \/>\n<meta property=\"og:image\" content=\"https:\/\/ubanews.com\/site\/wp-content\/uploads\/2018\/08\/LOGO_SEMANA_NACIONAL_2018.jpg\" \/>\n\t<meta property=\"og:image:width\" content=\"800\" \/>\n\t<meta property=\"og:image:height\" content=\"389\" \/>\n\t<meta property=\"og:image:type\" content=\"image\/jpeg\" \/>\n<meta name=\"author\" content=\"Sodr\u00e9\" \/>\n<meta name=\"twitter:card\" content=\"summary_large_image\" \/>\n<meta name=\"twitter:label1\" content=\"Escrito por\" \/>\n\t<meta name=\"twitter:data1\" content=\"Sodr\u00e9\" \/>\n\t<meta name=\"twitter:label2\" content=\"Est. tempo de leitura\" \/>\n\t<meta name=\"twitter:data2\" content=\"1 minuto\" \/>\n<script type=\"application\/ld+json\" class=\"yoast-schema-graph\">{\"@context\":\"https:\/\/schema.org\",\"@graph\":[{\"@type\":\"Article\",\"@id\":\"https:\/\/ubanews.com\/site\/2018\/08\/21\/semana-nacional-da-pessoa-com-deficiencia-intelectual-e-multipla-2018\/#article\",\"isPartOf\":{\"@id\":\"https:\/\/ubanews.com\/site\/2018\/08\/21\/semana-nacional-da-pessoa-com-deficiencia-intelectual-e-multipla-2018\/\"},\"author\":{\"name\":\"Sodr\u00e9\",\"@id\":\"https:\/\/ubanews.com\/site\/#\/schema\/person\/d90c9e47252fbb63dcc969fe4c8b9d10\"},\"headline\":\"SEMANA NACIONAL DA PESSOA COM DEFICI\u00caNCIA INTELECTUAL E M\u00daLTIPLA 2018\",\"datePublished\":\"2018-08-21T20:28:54+00:00\",\"dateModified\":\"2018-09-02T01:17:41+00:00\",\"mainEntityOfPage\":{\"@id\":\"https:\/\/ubanews.com\/site\/2018\/08\/21\/semana-nacional-da-pessoa-com-deficiencia-intelectual-e-multipla-2018\/\"},\"wordCount\":297,\"commentCount\":0,\"publisher\":{\"@id\":\"https:\/\/ubanews.com\/site\/#organization\"},\"image\":{\"@id\":\"https:\/\/ubanews.com\/site\/2018\/08\/21\/semana-nacional-da-pessoa-com-deficiencia-intelectual-e-multipla-2018\/#primaryimage\"},\"thumbnailUrl\":\"https:\/\/ubanews.com\/site\/wp-content\/uploads\/2018\/08\/LOGO_SEMANA_NACIONAL_2018.jpg\",\"articleSection\":[\"Geral\"],\"inLanguage\":\"pt-BR\",\"potentialAction\":[{\"@type\":\"CommentAction\",\"name\":\"Comment\",\"target\":[\"https:\/\/ubanews.com\/site\/2018\/08\/21\/semana-nacional-da-pessoa-com-deficiencia-intelectual-e-multipla-2018\/#respond\"]}]},{\"@type\":\"WebPage\",\"@id\":\"https:\/\/ubanews.com\/site\/2018\/08\/21\/semana-nacional-da-pessoa-com-deficiencia-intelectual-e-multipla-2018\/\",\"url\":\"https:\/\/ubanews.com\/site\/2018\/08\/21\/semana-nacional-da-pessoa-com-deficiencia-intelectual-e-multipla-2018\/\",\"name\":\"SEMANA NACIONAL DA PESSOA COM DEFICI\u00caNCIA INTELECTUAL E M\u00daLTIPLA 2018 - Ub\u00e1 News\",\"isPartOf\":{\"@id\":\"https:\/\/ubanews.com\/site\/#website\"},\"primaryImageOfPage\":{\"@id\":\"https:\/\/ubanews.com\/site\/2018\/08\/21\/semana-nacional-da-pessoa-com-deficiencia-intelectual-e-multipla-2018\/#primaryimage\"},\"image\":{\"@id\":\"https:\/\/ubanews.com\/site\/2018\/08\/21\/semana-nacional-da-pessoa-com-deficiencia-intelectual-e-multipla-2018\/#primaryimage\"},\"thumbnailUrl\":\"https:\/\/ubanews.com\/site\/wp-content\/uploads\/2018\/08\/LOGO_SEMANA_NACIONAL_2018.jpg\",\"datePublished\":\"2018-08-21T20:28:54+00:00\",\"dateModified\":\"2018-09-02T01:17:41+00:00\",\"breadcrumb\":{\"@id\":\"https:\/\/ubanews.com\/site\/2018\/08\/21\/semana-nacional-da-pessoa-com-deficiencia-intelectual-e-multipla-2018\/#breadcrumb\"},\"inLanguage\":\"pt-BR\",\"potentialAction\":[{\"@type\":\"ReadAction\",\"target\":[\"https:\/\/ubanews.com\/site\/2018\/08\/21\/semana-nacional-da-pessoa-com-deficiencia-intelectual-e-multipla-2018\/\"]}]},{\"@type\":\"ImageObject\",\"inLanguage\":\"pt-BR\",\"@id\":\"https:\/\/ubanews.com\/site\/2018\/08\/21\/semana-nacional-da-pessoa-com-deficiencia-intelectual-e-multipla-2018\/#primaryimage\",\"url\":\"https:\/\/ubanews.com\/site\/wp-content\/uploads\/2018\/08\/LOGO_SEMANA_NACIONAL_2018.jpg\",\"contentUrl\":\"https:\/\/ubanews.com\/site\/wp-content\/uploads\/2018\/08\/LOGO_SEMANA_NACIONAL_2018.jpg\",\"width\":800,\"height\":389},{\"@type\":\"BreadcrumbList\",\"@id\":\"https:\/\/ubanews.com\/site\/2018\/08\/21\/semana-nacional-da-pessoa-com-deficiencia-intelectual-e-multipla-2018\/#breadcrumb\",\"itemListElement\":[{\"@type\":\"ListItem\",\"position\":1,\"name\":\"Home\",\"item\":\"https:\/\/ubanews.com\/site\/\"},{\"@type\":\"ListItem\",\"position\":2,\"name\":\"SEMANA NACIONAL DA PESSOA COM DEFICI\u00caNCIA INTELECTUAL E M\u00daLTIPLA 2018\"}]},{\"@type\":\"WebSite\",\"@id\":\"https:\/\/ubanews.com\/site\/#website\",\"url\":\"https:\/\/ubanews.com\/site\/\",\"name\":\"Ub\u00e1 News\",\"description\":\"\",\"publisher\":{\"@id\":\"https:\/\/ubanews.com\/site\/#organization\"},\"potentialAction\":[{\"@type\":\"SearchAction\",\"target\":{\"@type\":\"EntryPoint\",\"urlTemplate\":\"https:\/\/ubanews.com\/site\/?s={search_term_string}\"},\"query-input\":{\"@type\":\"PropertyValueSpecification\",\"valueRequired\":true,\"valueName\":\"search_term_string\"}}],\"inLanguage\":\"pt-BR\"},{\"@type\":\"Organization\",\"@id\":\"https:\/\/ubanews.com\/site\/#organization\",\"name\":\"Ub\u00e1 News\",\"url\":\"https:\/\/ubanews.com\/site\/\",\"logo\":{\"@type\":\"ImageObject\",\"inLanguage\":\"pt-BR\",\"@id\":\"https:\/\/ubanews.com\/site\/#\/schema\/logo\/image\/\",\"url\":\"https:\/\/ubanews.com\/site\/wp-content\/uploads\/2018\/01\/logoubanews.png\",\"contentUrl\":\"https:\/\/ubanews.com\/site\/wp-content\/uploads\/2018\/01\/logoubanews.png\",\"width\":261,\"height\":99,\"caption\":\"Ub\u00e1 News\"},\"image\":{\"@id\":\"https:\/\/ubanews.com\/site\/#\/schema\/logo\/image\/\"},\"sameAs\":[\"https:\/\/www.facebook.com\/Ub\u00e1News-Carlos-Roberto-Sodr\u00e9-418778301977370\"]},{\"@type\":\"Person\",\"@id\":\"https:\/\/ubanews.com\/site\/#\/schema\/person\/d90c9e47252fbb63dcc969fe4c8b9d10\",\"name\":\"Sodr\u00e9\",\"image\":{\"@type\":\"ImageObject\",\"inLanguage\":\"pt-BR\",\"@id\":\"https:\/\/secure.gravatar.com\/avatar\/5ba2793f0590b9dbfad3fdec4ee714485b3eef211c9b32ee53d414060454a56c?s=96&d=mm&r=g\",\"url\":\"https:\/\/secure.gravatar.com\/avatar\/5ba2793f0590b9dbfad3fdec4ee714485b3eef211c9b32ee53d414060454a56c?s=96&d=mm&r=g\",\"contentUrl\":\"https:\/\/secure.gravatar.com\/avatar\/5ba2793f0590b9dbfad3fdec4ee714485b3eef211c9b32ee53d414060454a56c?s=96&d=mm&r=g\",\"caption\":\"Sodr\u00e9\"},\"sameAs\":[\"https:\/\/www.facebook.com\/carosroberto.sodre.5\/\"],\"url\":\"https:\/\/ubanews.com\/site\/author\/felipe\/\"}]}<\/script>\n<!-- \/ Yoast SEO plugin. -->","yoast_head_json":{"title":"SEMANA NACIONAL DA PESSOA COM DEFICI\u00caNCIA INTELECTUAL E M\u00daLTIPLA 2018 - Ub\u00e1 News","robots":{"index":"index","follow":"follow","max-snippet":"max-snippet:-1","max-image-preview":"max-image-preview:large","max-video-preview":"max-video-preview:-1"},"canonical":"https:\/\/ubanews.com\/site\/2018\/08\/21\/semana-nacional-da-pessoa-com-deficiencia-intelectual-e-multipla-2018\/","og_locale":"pt_BR","og_type":"article","og_title":"SEMANA NACIONAL DA PESSOA COM DEFICI\u00caNCIA INTELECTUAL E M\u00daLTIPLA 2018 - Ub\u00e1 News","og_description":"Com o tema Fam\u00edlia e Pessoa com Defici\u00eancia, Protagonistas na","og_url":"https:\/\/ubanews.com\/site\/2018\/08\/21\/semana-nacional-da-pessoa-com-deficiencia-intelectual-e-multipla-2018\/","og_site_name":"Ub\u00e1 News","article_publisher":"https:\/\/www.facebook.com\/Ub%c3%a1News-Carlos-Roberto-Sodr%c3%a9-418778301977370","article_author":"https:\/\/www.facebook.com\/carosroberto.sodre.5\/","article_published_time":"2018-08-21T20:28:54+00:00","article_modified_time":"2018-09-02T01:17:41+00:00","og_image":[{"width":800,"height":389,"url":"https:\/\/ubanews.com\/site\/wp-content\/uploads\/2018\/08\/LOGO_SEMANA_NACIONAL_2018.jpg","type":"image\/jpeg"}],"author":"Sodr\u00e9","twitter_card":"summary_large_image","twitter_misc":{"Escrito por":"Sodr\u00e9","Est. tempo de leitura":"1 minuto"},"schema":{"@context":"https:\/\/schema.org","@graph":[{"@type":"Article","@id":"https:\/\/ubanews.com\/site\/2018\/08\/21\/semana-nacional-da-pessoa-com-deficiencia-intelectual-e-multipla-2018\/#article","isPartOf":{"@id":"https:\/\/ubanews.com\/site\/2018\/08\/21\/semana-nacional-da-pessoa-com-deficiencia-intelectual-e-multipla-2018\/"},"author":{"name":"Sodr\u00e9","@id":"https:\/\/ubanews.com\/site\/#\/schema\/person\/d90c9e47252fbb63dcc969fe4c8b9d10"},"headline":"SEMANA NACIONAL DA PESSOA COM DEFICI\u00caNCIA INTELECTUAL E M\u00daLTIPLA 2018","datePublished":"2018-08-21T20:28:54+00:00","dateModified":"2018-09-02T01:17:41+00:00","mainEntityOfPage":{"@id":"https:\/\/ubanews.com\/site\/2018\/08\/21\/semana-nacional-da-pessoa-com-deficiencia-intelectual-e-multipla-2018\/"},"wordCount":297,"commentCount":0,"publisher":{"@id":"https:\/\/ubanews.com\/site\/#organization"},"image":{"@id":"https:\/\/ubanews.com\/site\/2018\/08\/21\/semana-nacional-da-pessoa-com-deficiencia-intelectual-e-multipla-2018\/#primaryimage"},"thumbnailUrl":"https:\/\/ubanews.com\/site\/wp-content\/uploads\/2018\/08\/LOGO_SEMANA_NACIONAL_2018.jpg","articleSection":["Geral"],"inLanguage":"pt-BR","potentialAction":[{"@type":"CommentAction","name":"Comment","target":["https:\/\/ubanews.com\/site\/2018\/08\/21\/semana-nacional-da-pessoa-com-deficiencia-intelectual-e-multipla-2018\/#respond"]}]},{"@type":"WebPage","@id":"https:\/\/ubanews.com\/site\/2018\/08\/21\/semana-nacional-da-pessoa-com-deficiencia-intelectual-e-multipla-2018\/","url":"https:\/\/ubanews.com\/site\/2018\/08\/21\/semana-nacional-da-pessoa-com-deficiencia-intelectual-e-multipla-2018\/","name":"SEMANA NACIONAL DA PESSOA COM DEFICI\u00caNCIA INTELECTUAL E M\u00daLTIPLA 2018 - Ub\u00e1 News","isPartOf":{"@id":"https:\/\/ubanews.com\/site\/#website"},"primaryImageOfPage":{"@id":"https:\/\/ubanews.com\/site\/2018\/08\/21\/semana-nacional-da-pessoa-com-deficiencia-intelectual-e-multipla-2018\/#primaryimage"},"image":{"@id":"https:\/\/ubanews.com\/site\/2018\/08\/21\/semana-nacional-da-pessoa-com-deficiencia-intelectual-e-multipla-2018\/#primaryimage"},"thumbnailUrl":"https:\/\/ubanews.com\/site\/wp-content\/uploads\/2018\/08\/LOGO_SEMANA_NACIONAL_2018.jpg","datePublished":"2018-08-21T20:28:54+00:00","dateModified":"2018-09-02T01:17:41+00:00","breadcrumb":{"@id":"https:\/\/ubanews.com\/site\/2018\/08\/21\/semana-nacional-da-pessoa-com-deficiencia-intelectual-e-multipla-2018\/#breadcrumb"},"inLanguage":"pt-BR","potentialAction":[{"@type":"ReadAction","target":["https:\/\/ubanews.com\/site\/2018\/08\/21\/semana-nacional-da-pessoa-com-deficiencia-intelectual-e-multipla-2018\/"]}]},{"@type":"ImageObject","inLanguage":"pt-BR","@id":"https:\/\/ubanews.com\/site\/2018\/08\/21\/semana-nacional-da-pessoa-com-deficiencia-intelectual-e-multipla-2018\/#primaryimage","url":"https:\/\/ubanews.com\/site\/wp-content\/uploads\/2018\/08\/LOGO_SEMANA_NACIONAL_2018.jpg","contentUrl":"https:\/\/ubanews.com\/site\/wp-content\/uploads\/2018\/08\/LOGO_SEMANA_NACIONAL_2018.jpg","width":800,"height":389},{"@type":"BreadcrumbList","@id":"https:\/\/ubanews.com\/site\/2018\/08\/21\/semana-nacional-da-pessoa-com-deficiencia-intelectual-e-multipla-2018\/#breadcrumb","itemListElement":[{"@type":"ListItem","position":1,"name":"Home","item":"https:\/\/ubanews.com\/site\/"},{"@type":"ListItem","position":2,"name":"SEMANA NACIONAL DA PESSOA COM DEFICI\u00caNCIA INTELECTUAL E M\u00daLTIPLA 2018"}]},{"@type":"WebSite","@id":"https:\/\/ubanews.com\/site\/#website","url":"https:\/\/ubanews.com\/site\/","name":"Ub\u00e1 News","description":"","publisher":{"@id":"https:\/\/ubanews.com\/site\/#organization"},"potentialAction":[{"@type":"SearchAction","target":{"@type":"EntryPoint","urlTemplate":"https:\/\/ubanews.com\/site\/?s={search_term_string}"},"query-input":{"@type":"PropertyValueSpecification","valueRequired":true,"valueName":"search_term_string"}}],"inLanguage":"pt-BR"},{"@type":"Organization","@id":"https:\/\/ubanews.com\/site\/#organization","name":"Ub\u00e1 News","url":"https:\/\/ubanews.com\/site\/","logo":{"@type":"ImageObject","inLanguage":"pt-BR","@id":"https:\/\/ubanews.com\/site\/#\/schema\/logo\/image\/","url":"https:\/\/ubanews.com\/site\/wp-content\/uploads\/2018\/01\/logoubanews.png","contentUrl":"https:\/\/ubanews.com\/site\/wp-content\/uploads\/2018\/01\/logoubanews.png","width":261,"height":99,"caption":"Ub\u00e1 News"},"image":{"@id":"https:\/\/ubanews.com\/site\/#\/schema\/logo\/image\/"},"sameAs":["https:\/\/www.facebook.com\/Ub\u00e1News-Carlos-Roberto-Sodr\u00e9-418778301977370"]},{"@type":"Person","@id":"https:\/\/ubanews.com\/site\/#\/schema\/person\/d90c9e47252fbb63dcc969fe4c8b9d10","name":"Sodr\u00e9","image":{"@type":"ImageObject","inLanguage":"pt-BR","@id":"https:\/\/secure.gravatar.com\/avatar\/5ba2793f0590b9dbfad3fdec4ee714485b3eef211c9b32ee53d414060454a56c?s=96&d=mm&r=g","url":"https:\/\/secure.gravatar.com\/avatar\/5ba2793f0590b9dbfad3fdec4ee714485b3eef211c9b32ee53d414060454a56c?s=96&d=mm&r=g","contentUrl":"https:\/\/secure.gravatar.com\/avatar\/5ba2793f0590b9dbfad3fdec4ee714485b3eef211c9b32ee53d414060454a56c?s=96&d=mm&r=g","caption":"Sodr\u00e9"},"sameAs":["https:\/\/www.facebook.com\/carosroberto.sodre.5\/"],"url":"https:\/\/ubanews.com\/site\/author\/felipe\/"}]}},"_links":{"self":[{"href":"https:\/\/ubanews.com\/site\/wp-json\/wp\/v2\/posts\/6786","targetHints":{"allow":["GET"]}}],"collection":[{"href":"https:\/\/ubanews.com\/site\/wp-json\/wp\/v2\/posts"}],"about":[{"href":"https:\/\/ubanews.com\/site\/wp-json\/wp\/v2\/types\/post"}],"author":[{"embeddable":true,"href":"https:\/\/ubanews.com\/site\/wp-json\/wp\/v2\/users\/2"}],"replies":[{"embeddable":true,"href":"https:\/\/ubanews.com\/site\/wp-json\/wp\/v2\/comments?post=6786"}],"version-history":[{"count":0,"href":"https:\/\/ubanews.com\/site\/wp-json\/wp\/v2\/posts\/6786\/revisions"}],"wp:featuredmedia":[{"embeddable":true,"href":"https:\/\/ubanews.com\/site\/wp-json\/wp\/v2\/media\/6787"}],"wp:attachment":[{"href":"https:\/\/ubanews.com\/site\/wp-json\/wp\/v2\/media?parent=6786"}],"wp:term":[{"taxonomy":"category","embeddable":true,"href":"https:\/\/ubanews.com\/site\/wp-json\/wp\/v2\/categories?post=6786"},{"taxonomy":"post_tag","embeddable":true,"href":"https:\/\/ubanews.com\/site\/wp-json\/wp\/v2\/tags?post=6786"}],"curies":[{"name":"wp","href":"https:\/\/api.w.org\/{rel}","templated":true}]}}