{"id":6778,"date":"2018-08-21T09:10:24","date_gmt":"2018-08-21T12:10:24","guid":{"rendered":"http:\/\/ubanews.com\/site\/?p=6778"},"modified":"2018-08-25T17:51:15","modified_gmt":"2018-08-25T20:51:15","slug":"foi-encontro-o-corpo-de-juvenal-dos-santos-desaparecido-desde-nove-de-agosto","status":"publish","type":"post","link":"https:\/\/ubanews.com\/site\/2018\/08\/21\/foi-encontro-o-corpo-de-juvenal-dos-santos-desaparecido-desde-nove-de-agosto\/","title":{"rendered":"FOI ENCONTRADO O CORPO DE JUVENAL DOS SANTOS DESAPARECIDO DESDE NOVE DE AGOSTO"},"content":{"rendered":"<p>Juvenal dos Santos (54) chegou na manh\u00e3 de segunda-feira (06), no Hospital Militar, em Belo Horizonte. Acompanhado da esposa D\u00f3ris dos Santos (31). Santos iria permanecer internado para alguns exames, conforme solicitado por seu m\u00e9dico da cidade de Ub\u00e1. Impossibilitada de permanecer ao lado do marido, como gostaria, D\u00f3ris retornou ao Ub\u00e1 para cuidar da filha do casal de apenas cinco anos. Na quinta-feira (09), ela retornou para uma visita ao companheiro na capital, onde permanecia internado. Contudo, ao chegar na Capital foi informada que seu marido deixou as depend\u00eancias do HPM, \u00e0s 5h, do mesmo dia, sem deixar not\u00edcias.<\/p>\n<p>Funcion\u00e1rios da manuten\u00e7\u00e3o encontraram um corpo em cima da laje do s\u00f3t\u00e3o do 2\u00ba andar, do pr\u00e9dio da antiga Pediatria do HPM, rua Levi Coelho 51, Santa Efig\u00eania, rua em frente ao Pronto Socorro. O corpo encontrado, era do sexo masculino, estava com vestes usadas no hospital. Ao lado do corpo foi localizado um aparelho celular. Existe a suspeita que o corpo seja de um paciente do pr\u00f3prio hospital, desaparecido no dia nove de agosto 18, identificado como o nr 094.651-7, 2\u00ba Sgt PM QPR, Juvenal dos Santos, que estava internado no HPM se preparando para uma cirurgia e com abstin\u00eancia alco\u00f3lica. Per\u00edcia n\u00e3o encontrou les\u00f5es que pudessem determinar a causa da morte, bem como documentos que pudessem identificar o cad\u00e1ver.<\/p>\n<p><strong>Fonte: REDS: 2018-37078236<\/strong><\/p>\n","protected":false},"excerpt":{"rendered":"<p>Juvenal dos Santos (54) chegou na manh\u00e3 de segunda-feira (06),<\/p>\n","protected":false},"author":2,"featured_media":6779,"comment_status":"open","ping_status":"open","sticky":false,"template":"","format":"standard","meta":{"footnotes":""},"categories":[1],"tags":[],"class_list":["post-6778","post","type-post","status-publish","format-standard","has-post-thumbnail","hentry","category-sem-categoria"],"yoast_head":"<!-- This site is optimized with the Yoast SEO plugin v27.2 - https:\/\/yoast.com\/product\/yoast-seo-wordpress\/ -->\n<title>FOI ENCONTRADO O CORPO DE JUVENAL DOS SANTOS DESAPARECIDO DESDE NOVE DE AGOSTO - Ub\u00e1 News<\/title>\n<meta name=\"robots\" content=\"index, follow, max-snippet:-1, max-image-preview:large, max-video-preview:-1\" \/>\n<link rel=\"canonical\" href=\"https:\/\/ubanews.com\/site\/2018\/08\/21\/foi-encontro-o-corpo-de-juvenal-dos-santos-desaparecido-desde-nove-de-agosto\/\" \/>\n<meta property=\"og:locale\" content=\"pt_BR\" \/>\n<meta property=\"og:type\" content=\"article\" \/>\n<meta property=\"og:title\" content=\"FOI ENCONTRADO O CORPO DE JUVENAL DOS SANTOS DESAPARECIDO DESDE NOVE DE AGOSTO - Ub\u00e1 News\" \/>\n<meta property=\"og:description\" content=\"Juvenal dos Santos (54) chegou na manh\u00e3 de segunda-feira (06),\" \/>\n<meta property=\"og:url\" content=\"https:\/\/ubanews.com\/site\/2018\/08\/21\/foi-encontro-o-corpo-de-juvenal-dos-santos-desaparecido-desde-nove-de-agosto\/\" \/>\n<meta property=\"og:site_name\" content=\"Ub\u00e1 News\" \/>\n<meta property=\"article:publisher\" content=\"https:\/\/www.facebook.com\/Ub%c3%a1News-Carlos-Roberto-Sodr%c3%a9-418778301977370\" \/>\n<meta property=\"article:author\" content=\"https:\/\/www.facebook.com\/carosroberto.sodre.5\/\" \/>\n<meta property=\"article:published_time\" content=\"2018-08-21T12:10:24+00:00\" \/>\n<meta property=\"article:modified_time\" content=\"2018-08-25T20:51:15+00:00\" \/>\n<meta property=\"og:image\" content=\"https:\/\/ubanews.com\/site\/wp-content\/uploads\/2018\/08\/040-1.jpg\" \/>\n\t<meta property=\"og:image:width\" content=\"800\" \/>\n\t<meta property=\"og:image:height\" content=\"389\" \/>\n\t<meta property=\"og:image:type\" content=\"image\/jpeg\" \/>\n<meta name=\"author\" content=\"Sodr\u00e9\" \/>\n<meta name=\"twitter:card\" content=\"summary_large_image\" \/>\n<meta name=\"twitter:label1\" content=\"Escrito por\" \/>\n\t<meta name=\"twitter:data1\" content=\"Sodr\u00e9\" \/>\n\t<meta name=\"twitter:label2\" content=\"Est. tempo de leitura\" \/>\n\t<meta name=\"twitter:data2\" content=\"1 minuto\" \/>\n<script type=\"application\/ld+json\" class=\"yoast-schema-graph\">{\"@context\":\"https:\/\/schema.org\",\"@graph\":[{\"@type\":\"Article\",\"@id\":\"https:\/\/ubanews.com\/site\/2018\/08\/21\/foi-encontro-o-corpo-de-juvenal-dos-santos-desaparecido-desde-nove-de-agosto\/#article\",\"isPartOf\":{\"@id\":\"https:\/\/ubanews.com\/site\/2018\/08\/21\/foi-encontro-o-corpo-de-juvenal-dos-santos-desaparecido-desde-nove-de-agosto\/\"},\"author\":{\"name\":\"Sodr\u00e9\",\"@id\":\"https:\/\/ubanews.com\/site\/#\/schema\/person\/d90c9e47252fbb63dcc969fe4c8b9d10\"},\"headline\":\"FOI ENCONTRADO O CORPO DE JUVENAL DOS SANTOS DESAPARECIDO DESDE NOVE DE AGOSTO\",\"datePublished\":\"2018-08-21T12:10:24+00:00\",\"dateModified\":\"2018-08-25T20:51:15+00:00\",\"mainEntityOfPage\":{\"@id\":\"https:\/\/ubanews.com\/site\/2018\/08\/21\/foi-encontro-o-corpo-de-juvenal-dos-santos-desaparecido-desde-nove-de-agosto\/\"},\"wordCount\":247,\"commentCount\":0,\"publisher\":{\"@id\":\"https:\/\/ubanews.com\/site\/#organization\"},\"image\":{\"@id\":\"https:\/\/ubanews.com\/site\/2018\/08\/21\/foi-encontro-o-corpo-de-juvenal-dos-santos-desaparecido-desde-nove-de-agosto\/#primaryimage\"},\"thumbnailUrl\":\"https:\/\/ubanews.com\/site\/wp-content\/uploads\/2018\/08\/040-1.jpg\",\"articleSection\":[\"Geral\"],\"inLanguage\":\"pt-BR\",\"potentialAction\":[{\"@type\":\"CommentAction\",\"name\":\"Comment\",\"target\":[\"https:\/\/ubanews.com\/site\/2018\/08\/21\/foi-encontro-o-corpo-de-juvenal-dos-santos-desaparecido-desde-nove-de-agosto\/#respond\"]}]},{\"@type\":\"WebPage\",\"@id\":\"https:\/\/ubanews.com\/site\/2018\/08\/21\/foi-encontro-o-corpo-de-juvenal-dos-santos-desaparecido-desde-nove-de-agosto\/\",\"url\":\"https:\/\/ubanews.com\/site\/2018\/08\/21\/foi-encontro-o-corpo-de-juvenal-dos-santos-desaparecido-desde-nove-de-agosto\/\",\"name\":\"FOI ENCONTRADO O CORPO DE JUVENAL DOS SANTOS DESAPARECIDO DESDE NOVE DE AGOSTO - Ub\u00e1 News\",\"isPartOf\":{\"@id\":\"https:\/\/ubanews.com\/site\/#website\"},\"primaryImageOfPage\":{\"@id\":\"https:\/\/ubanews.com\/site\/2018\/08\/21\/foi-encontro-o-corpo-de-juvenal-dos-santos-desaparecido-desde-nove-de-agosto\/#primaryimage\"},\"image\":{\"@id\":\"https:\/\/ubanews.com\/site\/2018\/08\/21\/foi-encontro-o-corpo-de-juvenal-dos-santos-desaparecido-desde-nove-de-agosto\/#primaryimage\"},\"thumbnailUrl\":\"https:\/\/ubanews.com\/site\/wp-content\/uploads\/2018\/08\/040-1.jpg\",\"datePublished\":\"2018-08-21T12:10:24+00:00\",\"dateModified\":\"2018-08-25T20:51:15+00:00\",\"breadcrumb\":{\"@id\":\"https:\/\/ubanews.com\/site\/2018\/08\/21\/foi-encontro-o-corpo-de-juvenal-dos-santos-desaparecido-desde-nove-de-agosto\/#breadcrumb\"},\"inLanguage\":\"pt-BR\",\"potentialAction\":[{\"@type\":\"ReadAction\",\"target\":[\"https:\/\/ubanews.com\/site\/2018\/08\/21\/foi-encontro-o-corpo-de-juvenal-dos-santos-desaparecido-desde-nove-de-agosto\/\"]}]},{\"@type\":\"ImageObject\",\"inLanguage\":\"pt-BR\",\"@id\":\"https:\/\/ubanews.com\/site\/2018\/08\/21\/foi-encontro-o-corpo-de-juvenal-dos-santos-desaparecido-desde-nove-de-agosto\/#primaryimage\",\"url\":\"https:\/\/ubanews.com\/site\/wp-content\/uploads\/2018\/08\/040-1.jpg\",\"contentUrl\":\"https:\/\/ubanews.com\/site\/wp-content\/uploads\/2018\/08\/040-1.jpg\",\"width\":800,\"height\":389},{\"@type\":\"BreadcrumbList\",\"@id\":\"https:\/\/ubanews.com\/site\/2018\/08\/21\/foi-encontro-o-corpo-de-juvenal-dos-santos-desaparecido-desde-nove-de-agosto\/#breadcrumb\",\"itemListElement\":[{\"@type\":\"ListItem\",\"position\":1,\"name\":\"Home\",\"item\":\"https:\/\/ubanews.com\/site\/\"},{\"@type\":\"ListItem\",\"position\":2,\"name\":\"FOI ENCONTRADO O CORPO DE JUVENAL DOS SANTOS DESAPARECIDO DESDE NOVE DE AGOSTO\"}]},{\"@type\":\"WebSite\",\"@id\":\"https:\/\/ubanews.com\/site\/#website\",\"url\":\"https:\/\/ubanews.com\/site\/\",\"name\":\"Ub\u00e1 News\",\"description\":\"\",\"publisher\":{\"@id\":\"https:\/\/ubanews.com\/site\/#organization\"},\"potentialAction\":[{\"@type\":\"SearchAction\",\"target\":{\"@type\":\"EntryPoint\",\"urlTemplate\":\"https:\/\/ubanews.com\/site\/?s={search_term_string}\"},\"query-input\":{\"@type\":\"PropertyValueSpecification\",\"valueRequired\":true,\"valueName\":\"search_term_string\"}}],\"inLanguage\":\"pt-BR\"},{\"@type\":\"Organization\",\"@id\":\"https:\/\/ubanews.com\/site\/#organization\",\"name\":\"Ub\u00e1 News\",\"url\":\"https:\/\/ubanews.com\/site\/\",\"logo\":{\"@type\":\"ImageObject\",\"inLanguage\":\"pt-BR\",\"@id\":\"https:\/\/ubanews.com\/site\/#\/schema\/logo\/image\/\",\"url\":\"https:\/\/ubanews.com\/site\/wp-content\/uploads\/2018\/01\/logoubanews.png\",\"contentUrl\":\"https:\/\/ubanews.com\/site\/wp-content\/uploads\/2018\/01\/logoubanews.png\",\"width\":261,\"height\":99,\"caption\":\"Ub\u00e1 News\"},\"image\":{\"@id\":\"https:\/\/ubanews.com\/site\/#\/schema\/logo\/image\/\"},\"sameAs\":[\"https:\/\/www.facebook.com\/Ub\u00e1News-Carlos-Roberto-Sodr\u00e9-418778301977370\"]},{\"@type\":\"Person\",\"@id\":\"https:\/\/ubanews.com\/site\/#\/schema\/person\/d90c9e47252fbb63dcc969fe4c8b9d10\",\"name\":\"Sodr\u00e9\",\"image\":{\"@type\":\"ImageObject\",\"inLanguage\":\"pt-BR\",\"@id\":\"https:\/\/secure.gravatar.com\/avatar\/5ba2793f0590b9dbfad3fdec4ee714485b3eef211c9b32ee53d414060454a56c?s=96&d=mm&r=g\",\"url\":\"https:\/\/secure.gravatar.com\/avatar\/5ba2793f0590b9dbfad3fdec4ee714485b3eef211c9b32ee53d414060454a56c?s=96&d=mm&r=g\",\"contentUrl\":\"https:\/\/secure.gravatar.com\/avatar\/5ba2793f0590b9dbfad3fdec4ee714485b3eef211c9b32ee53d414060454a56c?s=96&d=mm&r=g\",\"caption\":\"Sodr\u00e9\"},\"sameAs\":[\"https:\/\/www.facebook.com\/carosroberto.sodre.5\/\"],\"url\":\"https:\/\/ubanews.com\/site\/author\/felipe\/\"}]}<\/script>\n<!-- \/ Yoast SEO plugin. -->","yoast_head_json":{"title":"FOI ENCONTRADO O CORPO DE JUVENAL DOS SANTOS DESAPARECIDO DESDE NOVE DE AGOSTO - Ub\u00e1 News","robots":{"index":"index","follow":"follow","max-snippet":"max-snippet:-1","max-image-preview":"max-image-preview:large","max-video-preview":"max-video-preview:-1"},"canonical":"https:\/\/ubanews.com\/site\/2018\/08\/21\/foi-encontro-o-corpo-de-juvenal-dos-santos-desaparecido-desde-nove-de-agosto\/","og_locale":"pt_BR","og_type":"article","og_title":"FOI ENCONTRADO O CORPO DE JUVENAL DOS SANTOS DESAPARECIDO DESDE NOVE DE AGOSTO - Ub\u00e1 News","og_description":"Juvenal dos Santos (54) chegou na manh\u00e3 de segunda-feira (06),","og_url":"https:\/\/ubanews.com\/site\/2018\/08\/21\/foi-encontro-o-corpo-de-juvenal-dos-santos-desaparecido-desde-nove-de-agosto\/","og_site_name":"Ub\u00e1 News","article_publisher":"https:\/\/www.facebook.com\/Ub%c3%a1News-Carlos-Roberto-Sodr%c3%a9-418778301977370","article_author":"https:\/\/www.facebook.com\/carosroberto.sodre.5\/","article_published_time":"2018-08-21T12:10:24+00:00","article_modified_time":"2018-08-25T20:51:15+00:00","og_image":[{"width":800,"height":389,"url":"https:\/\/ubanews.com\/site\/wp-content\/uploads\/2018\/08\/040-1.jpg","type":"image\/jpeg"}],"author":"Sodr\u00e9","twitter_card":"summary_large_image","twitter_misc":{"Escrito por":"Sodr\u00e9","Est. tempo de leitura":"1 minuto"},"schema":{"@context":"https:\/\/schema.org","@graph":[{"@type":"Article","@id":"https:\/\/ubanews.com\/site\/2018\/08\/21\/foi-encontro-o-corpo-de-juvenal-dos-santos-desaparecido-desde-nove-de-agosto\/#article","isPartOf":{"@id":"https:\/\/ubanews.com\/site\/2018\/08\/21\/foi-encontro-o-corpo-de-juvenal-dos-santos-desaparecido-desde-nove-de-agosto\/"},"author":{"name":"Sodr\u00e9","@id":"https:\/\/ubanews.com\/site\/#\/schema\/person\/d90c9e47252fbb63dcc969fe4c8b9d10"},"headline":"FOI ENCONTRADO O CORPO DE JUVENAL DOS SANTOS DESAPARECIDO DESDE NOVE DE AGOSTO","datePublished":"2018-08-21T12:10:24+00:00","dateModified":"2018-08-25T20:51:15+00:00","mainEntityOfPage":{"@id":"https:\/\/ubanews.com\/site\/2018\/08\/21\/foi-encontro-o-corpo-de-juvenal-dos-santos-desaparecido-desde-nove-de-agosto\/"},"wordCount":247,"commentCount":0,"publisher":{"@id":"https:\/\/ubanews.com\/site\/#organization"},"image":{"@id":"https:\/\/ubanews.com\/site\/2018\/08\/21\/foi-encontro-o-corpo-de-juvenal-dos-santos-desaparecido-desde-nove-de-agosto\/#primaryimage"},"thumbnailUrl":"https:\/\/ubanews.com\/site\/wp-content\/uploads\/2018\/08\/040-1.jpg","articleSection":["Geral"],"inLanguage":"pt-BR","potentialAction":[{"@type":"CommentAction","name":"Comment","target":["https:\/\/ubanews.com\/site\/2018\/08\/21\/foi-encontro-o-corpo-de-juvenal-dos-santos-desaparecido-desde-nove-de-agosto\/#respond"]}]},{"@type":"WebPage","@id":"https:\/\/ubanews.com\/site\/2018\/08\/21\/foi-encontro-o-corpo-de-juvenal-dos-santos-desaparecido-desde-nove-de-agosto\/","url":"https:\/\/ubanews.com\/site\/2018\/08\/21\/foi-encontro-o-corpo-de-juvenal-dos-santos-desaparecido-desde-nove-de-agosto\/","name":"FOI ENCONTRADO O CORPO DE JUVENAL DOS SANTOS DESAPARECIDO DESDE NOVE DE AGOSTO - Ub\u00e1 News","isPartOf":{"@id":"https:\/\/ubanews.com\/site\/#website"},"primaryImageOfPage":{"@id":"https:\/\/ubanews.com\/site\/2018\/08\/21\/foi-encontro-o-corpo-de-juvenal-dos-santos-desaparecido-desde-nove-de-agosto\/#primaryimage"},"image":{"@id":"https:\/\/ubanews.com\/site\/2018\/08\/21\/foi-encontro-o-corpo-de-juvenal-dos-santos-desaparecido-desde-nove-de-agosto\/#primaryimage"},"thumbnailUrl":"https:\/\/ubanews.com\/site\/wp-content\/uploads\/2018\/08\/040-1.jpg","datePublished":"2018-08-21T12:10:24+00:00","dateModified":"2018-08-25T20:51:15+00:00","breadcrumb":{"@id":"https:\/\/ubanews.com\/site\/2018\/08\/21\/foi-encontro-o-corpo-de-juvenal-dos-santos-desaparecido-desde-nove-de-agosto\/#breadcrumb"},"inLanguage":"pt-BR","potentialAction":[{"@type":"ReadAction","target":["https:\/\/ubanews.com\/site\/2018\/08\/21\/foi-encontro-o-corpo-de-juvenal-dos-santos-desaparecido-desde-nove-de-agosto\/"]}]},{"@type":"ImageObject","inLanguage":"pt-BR","@id":"https:\/\/ubanews.com\/site\/2018\/08\/21\/foi-encontro-o-corpo-de-juvenal-dos-santos-desaparecido-desde-nove-de-agosto\/#primaryimage","url":"https:\/\/ubanews.com\/site\/wp-content\/uploads\/2018\/08\/040-1.jpg","contentUrl":"https:\/\/ubanews.com\/site\/wp-content\/uploads\/2018\/08\/040-1.jpg","width":800,"height":389},{"@type":"BreadcrumbList","@id":"https:\/\/ubanews.com\/site\/2018\/08\/21\/foi-encontro-o-corpo-de-juvenal-dos-santos-desaparecido-desde-nove-de-agosto\/#breadcrumb","itemListElement":[{"@type":"ListItem","position":1,"name":"Home","item":"https:\/\/ubanews.com\/site\/"},{"@type":"ListItem","position":2,"name":"FOI ENCONTRADO O CORPO DE JUVENAL DOS SANTOS DESAPARECIDO DESDE NOVE DE AGOSTO"}]},{"@type":"WebSite","@id":"https:\/\/ubanews.com\/site\/#website","url":"https:\/\/ubanews.com\/site\/","name":"Ub\u00e1 News","description":"","publisher":{"@id":"https:\/\/ubanews.com\/site\/#organization"},"potentialAction":[{"@type":"SearchAction","target":{"@type":"EntryPoint","urlTemplate":"https:\/\/ubanews.com\/site\/?s={search_term_string}"},"query-input":{"@type":"PropertyValueSpecification","valueRequired":true,"valueName":"search_term_string"}}],"inLanguage":"pt-BR"},{"@type":"Organization","@id":"https:\/\/ubanews.com\/site\/#organization","name":"Ub\u00e1 News","url":"https:\/\/ubanews.com\/site\/","logo":{"@type":"ImageObject","inLanguage":"pt-BR","@id":"https:\/\/ubanews.com\/site\/#\/schema\/logo\/image\/","url":"https:\/\/ubanews.com\/site\/wp-content\/uploads\/2018\/01\/logoubanews.png","contentUrl":"https:\/\/ubanews.com\/site\/wp-content\/uploads\/2018\/01\/logoubanews.png","width":261,"height":99,"caption":"Ub\u00e1 News"},"image":{"@id":"https:\/\/ubanews.com\/site\/#\/schema\/logo\/image\/"},"sameAs":["https:\/\/www.facebook.com\/Ub\u00e1News-Carlos-Roberto-Sodr\u00e9-418778301977370"]},{"@type":"Person","@id":"https:\/\/ubanews.com\/site\/#\/schema\/person\/d90c9e47252fbb63dcc969fe4c8b9d10","name":"Sodr\u00e9","image":{"@type":"ImageObject","inLanguage":"pt-BR","@id":"https:\/\/secure.gravatar.com\/avatar\/5ba2793f0590b9dbfad3fdec4ee714485b3eef211c9b32ee53d414060454a56c?s=96&d=mm&r=g","url":"https:\/\/secure.gravatar.com\/avatar\/5ba2793f0590b9dbfad3fdec4ee714485b3eef211c9b32ee53d414060454a56c?s=96&d=mm&r=g","contentUrl":"https:\/\/secure.gravatar.com\/avatar\/5ba2793f0590b9dbfad3fdec4ee714485b3eef211c9b32ee53d414060454a56c?s=96&d=mm&r=g","caption":"Sodr\u00e9"},"sameAs":["https:\/\/www.facebook.com\/carosroberto.sodre.5\/"],"url":"https:\/\/ubanews.com\/site\/author\/felipe\/"}]}},"_links":{"self":[{"href":"https:\/\/ubanews.com\/site\/wp-json\/wp\/v2\/posts\/6778","targetHints":{"allow":["GET"]}}],"collection":[{"href":"https:\/\/ubanews.com\/site\/wp-json\/wp\/v2\/posts"}],"about":[{"href":"https:\/\/ubanews.com\/site\/wp-json\/wp\/v2\/types\/post"}],"author":[{"embeddable":true,"href":"https:\/\/ubanews.com\/site\/wp-json\/wp\/v2\/users\/2"}],"replies":[{"embeddable":true,"href":"https:\/\/ubanews.com\/site\/wp-json\/wp\/v2\/comments?post=6778"}],"version-history":[{"count":0,"href":"https:\/\/ubanews.com\/site\/wp-json\/wp\/v2\/posts\/6778\/revisions"}],"wp:featuredmedia":[{"embeddable":true,"href":"https:\/\/ubanews.com\/site\/wp-json\/wp\/v2\/media\/6779"}],"wp:attachment":[{"href":"https:\/\/ubanews.com\/site\/wp-json\/wp\/v2\/media?parent=6778"}],"wp:term":[{"taxonomy":"category","embeddable":true,"href":"https:\/\/ubanews.com\/site\/wp-json\/wp\/v2\/categories?post=6778"},{"taxonomy":"post_tag","embeddable":true,"href":"https:\/\/ubanews.com\/site\/wp-json\/wp\/v2\/tags?post=6778"}],"curies":[{"name":"wp","href":"https:\/\/api.w.org\/{rel}","templated":true}]}}