{"id":6704,"date":"2018-08-20T12:10:51","date_gmt":"2018-08-20T15:10:51","guid":{"rendered":"http:\/\/ubanews.com\/site\/?p=6704"},"modified":"2018-10-05T10:05:35","modified_gmt":"2018-10-05T13:05:35","slug":"trafico-ilicito-de-drogas-na-cidade-de-cataguases-leva-a-prisao-de-cinco-pessoas","status":"publish","type":"post","link":"https:\/\/ubanews.com\/site\/2018\/08\/20\/trafico-ilicito-de-drogas-na-cidade-de-cataguases-leva-a-prisao-de-cinco-pessoas\/","title":{"rendered":"TR\u00c1FICO IL\u00cdCITO DE DROGAS NA CIDADE DE CATAGUASES LEVA A PRIS\u00c3O DE CINCO PESSOAS"},"content":{"rendered":"<p>No dia 18 de agosto \u00e0s 11h55min a Policia Militar recebeu informa\u00e7\u00f5es dando conta que que uma Van placa HEH-2618, estaria com v\u00e1rios jovens em seu interior portando drogas.<\/p>\n<p>Com estas informa\u00e7\u00f5es os militares iniciaram rastreamento quando depararam com o ve\u00edculo n Av. Coronel Arthur Cruz, Bairro F\u00e1tima, sendo abordados:&nbsp; Vinicius Ferreira Ruas Coelho, Lucas Henrique Fernandes dos Santos, Igor Filipe Lopes Gama, Ramom de Souza Diniz e Pedro Henrique O. S. O. Ao ser procedida bisca pessoal foram encontrados com Vinicius 13 comprimidos de cor azul e 5 de cor cinza, aparentando serem comprimidos de ecstasy. Certa quantidade de subst\u00e2ncia esverdeada an\u00e1loga a maconha dentro de um envelope transparente, al\u00e9m de R$ 200,00.&nbsp;<\/p>\n<p>Pedro Henrique entregou aos militares 01 (um) bola de haxixe embrulhada em um<\/p>\n<p>pl\u00e1stico transparente. Ramon entregou tamb\u00e9m aso militares 03 comprimidos de ecstasy na cor azul dentro de um envelope de pl\u00e1stico transparente. Lucas Henrique entregou 01(um) comprimido de ecstasy na cor azul. Durante as buscas foram encontrados no bolso de Igor 2 micro pontos de LSD.<\/p>\n<p>Vinicius Ferreira Ruas Coelho foi preso por tr\u00e1fico de drogas. Lucas Henrique Fernandes dos Santos, Igor Filipe Lopes Gama, Ramom de Souza Diniz e Pedro Henrique O. S. O. foram presos por uso e consumo de drogas, sendo todos conduzidos at\u00e9 a Delegacia de Pol\u00edcia Civil com as subst\u00e2ncias entorpecentes e o dinheiro apreendidos.<\/p>\n<p><strong>ASSESSORIA DE COMUNICA\u00c7\u00c3O ORGANIZACIONAL<\/strong><\/p>\n<p><strong><em>Vig\u00e9simo Primeiro Batalh\u00e3o de Pol\u00edcia Militar<\/em><\/strong><\/p>\n","protected":false},"excerpt":{"rendered":"<p>No dia 18 de agosto \u00e0s 11h55min a Policia Militar<\/p>\n","protected":false},"author":2,"featured_media":6705,"comment_status":"open","ping_status":"open","sticky":false,"template":"","format":"standard","meta":{"footnotes":""},"categories":[13],"tags":[],"class_list":["post-6704","post","type-post","status-publish","format-standard","has-post-thumbnail","hentry","category-sintese-das-ocorrencias"],"yoast_head":"<!-- This site is optimized with the Yoast SEO plugin v27.2 - https:\/\/yoast.com\/product\/yoast-seo-wordpress\/ -->\n<title>TR\u00c1FICO IL\u00cdCITO DE DROGAS NA CIDADE DE CATAGUASES LEVA A PRIS\u00c3O DE CINCO PESSOAS - Ub\u00e1 News<\/title>\n<meta name=\"robots\" content=\"index, follow, max-snippet:-1, max-image-preview:large, max-video-preview:-1\" \/>\n<link rel=\"canonical\" href=\"https:\/\/ubanews.com\/site\/2018\/08\/20\/trafico-ilicito-de-drogas-na-cidade-de-cataguases-leva-a-prisao-de-cinco-pessoas\/\" \/>\n<meta property=\"og:locale\" content=\"pt_BR\" \/>\n<meta property=\"og:type\" content=\"article\" \/>\n<meta property=\"og:title\" content=\"TR\u00c1FICO IL\u00cdCITO DE DROGAS NA CIDADE DE CATAGUASES LEVA A PRIS\u00c3O DE CINCO PESSOAS - Ub\u00e1 News\" \/>\n<meta property=\"og:description\" content=\"No dia 18 de agosto \u00e0s 11h55min a Policia Militar\" \/>\n<meta property=\"og:url\" content=\"https:\/\/ubanews.com\/site\/2018\/08\/20\/trafico-ilicito-de-drogas-na-cidade-de-cataguases-leva-a-prisao-de-cinco-pessoas\/\" \/>\n<meta property=\"og:site_name\" content=\"Ub\u00e1 News\" \/>\n<meta property=\"article:publisher\" content=\"https:\/\/www.facebook.com\/Ub%c3%a1News-Carlos-Roberto-Sodr%c3%a9-418778301977370\" \/>\n<meta property=\"article:author\" content=\"https:\/\/www.facebook.com\/carosroberto.sodre.5\/\" \/>\n<meta property=\"article:published_time\" content=\"2018-08-20T15:10:51+00:00\" \/>\n<meta property=\"article:modified_time\" content=\"2018-10-05T13:05:35+00:00\" \/>\n<meta property=\"og:image\" content=\"https:\/\/ubanews.com\/site\/wp-content\/uploads\/2018\/08\/041.jpg\" \/>\n\t<meta property=\"og:image:width\" content=\"800\" \/>\n\t<meta property=\"og:image:height\" content=\"389\" \/>\n\t<meta property=\"og:image:type\" content=\"image\/jpeg\" \/>\n<meta name=\"author\" content=\"Sodr\u00e9\" \/>\n<meta name=\"twitter:card\" content=\"summary_large_image\" \/>\n<meta name=\"twitter:label1\" content=\"Escrito por\" \/>\n\t<meta name=\"twitter:data1\" content=\"Sodr\u00e9\" \/>\n\t<meta name=\"twitter:label2\" content=\"Est. tempo de leitura\" \/>\n\t<meta name=\"twitter:data2\" content=\"1 minuto\" \/>\n<script type=\"application\/ld+json\" class=\"yoast-schema-graph\">{\"@context\":\"https:\/\/schema.org\",\"@graph\":[{\"@type\":\"Article\",\"@id\":\"https:\/\/ubanews.com\/site\/2018\/08\/20\/trafico-ilicito-de-drogas-na-cidade-de-cataguases-leva-a-prisao-de-cinco-pessoas\/#article\",\"isPartOf\":{\"@id\":\"https:\/\/ubanews.com\/site\/2018\/08\/20\/trafico-ilicito-de-drogas-na-cidade-de-cataguases-leva-a-prisao-de-cinco-pessoas\/\"},\"author\":{\"name\":\"Sodr\u00e9\",\"@id\":\"https:\/\/ubanews.com\/site\/#\/schema\/person\/d90c9e47252fbb63dcc969fe4c8b9d10\"},\"headline\":\"TR\u00c1FICO IL\u00cdCITO DE DROGAS NA CIDADE DE CATAGUASES LEVA A PRIS\u00c3O DE CINCO PESSOAS\",\"datePublished\":\"2018-08-20T15:10:51+00:00\",\"dateModified\":\"2018-10-05T13:05:35+00:00\",\"mainEntityOfPage\":{\"@id\":\"https:\/\/ubanews.com\/site\/2018\/08\/20\/trafico-ilicito-de-drogas-na-cidade-de-cataguases-leva-a-prisao-de-cinco-pessoas\/\"},\"wordCount\":267,\"commentCount\":0,\"publisher\":{\"@id\":\"https:\/\/ubanews.com\/site\/#organization\"},\"image\":{\"@id\":\"https:\/\/ubanews.com\/site\/2018\/08\/20\/trafico-ilicito-de-drogas-na-cidade-de-cataguases-leva-a-prisao-de-cinco-pessoas\/#primaryimage\"},\"thumbnailUrl\":\"https:\/\/ubanews.com\/site\/wp-content\/uploads\/2018\/08\/041.jpg\",\"articleSection\":[\"S\u00edntese das Ocorr\u00eancias\"],\"inLanguage\":\"pt-BR\",\"potentialAction\":[{\"@type\":\"CommentAction\",\"name\":\"Comment\",\"target\":[\"https:\/\/ubanews.com\/site\/2018\/08\/20\/trafico-ilicito-de-drogas-na-cidade-de-cataguases-leva-a-prisao-de-cinco-pessoas\/#respond\"]}]},{\"@type\":\"WebPage\",\"@id\":\"https:\/\/ubanews.com\/site\/2018\/08\/20\/trafico-ilicito-de-drogas-na-cidade-de-cataguases-leva-a-prisao-de-cinco-pessoas\/\",\"url\":\"https:\/\/ubanews.com\/site\/2018\/08\/20\/trafico-ilicito-de-drogas-na-cidade-de-cataguases-leva-a-prisao-de-cinco-pessoas\/\",\"name\":\"TR\u00c1FICO IL\u00cdCITO DE DROGAS NA CIDADE DE CATAGUASES LEVA A PRIS\u00c3O DE CINCO PESSOAS - Ub\u00e1 News\",\"isPartOf\":{\"@id\":\"https:\/\/ubanews.com\/site\/#website\"},\"primaryImageOfPage\":{\"@id\":\"https:\/\/ubanews.com\/site\/2018\/08\/20\/trafico-ilicito-de-drogas-na-cidade-de-cataguases-leva-a-prisao-de-cinco-pessoas\/#primaryimage\"},\"image\":{\"@id\":\"https:\/\/ubanews.com\/site\/2018\/08\/20\/trafico-ilicito-de-drogas-na-cidade-de-cataguases-leva-a-prisao-de-cinco-pessoas\/#primaryimage\"},\"thumbnailUrl\":\"https:\/\/ubanews.com\/site\/wp-content\/uploads\/2018\/08\/041.jpg\",\"datePublished\":\"2018-08-20T15:10:51+00:00\",\"dateModified\":\"2018-10-05T13:05:35+00:00\",\"breadcrumb\":{\"@id\":\"https:\/\/ubanews.com\/site\/2018\/08\/20\/trafico-ilicito-de-drogas-na-cidade-de-cataguases-leva-a-prisao-de-cinco-pessoas\/#breadcrumb\"},\"inLanguage\":\"pt-BR\",\"potentialAction\":[{\"@type\":\"ReadAction\",\"target\":[\"https:\/\/ubanews.com\/site\/2018\/08\/20\/trafico-ilicito-de-drogas-na-cidade-de-cataguases-leva-a-prisao-de-cinco-pessoas\/\"]}]},{\"@type\":\"ImageObject\",\"inLanguage\":\"pt-BR\",\"@id\":\"https:\/\/ubanews.com\/site\/2018\/08\/20\/trafico-ilicito-de-drogas-na-cidade-de-cataguases-leva-a-prisao-de-cinco-pessoas\/#primaryimage\",\"url\":\"https:\/\/ubanews.com\/site\/wp-content\/uploads\/2018\/08\/041.jpg\",\"contentUrl\":\"https:\/\/ubanews.com\/site\/wp-content\/uploads\/2018\/08\/041.jpg\",\"width\":800,\"height\":389},{\"@type\":\"BreadcrumbList\",\"@id\":\"https:\/\/ubanews.com\/site\/2018\/08\/20\/trafico-ilicito-de-drogas-na-cidade-de-cataguases-leva-a-prisao-de-cinco-pessoas\/#breadcrumb\",\"itemListElement\":[{\"@type\":\"ListItem\",\"position\":1,\"name\":\"Home\",\"item\":\"https:\/\/ubanews.com\/site\/\"},{\"@type\":\"ListItem\",\"position\":2,\"name\":\"TR\u00c1FICO IL\u00cdCITO DE DROGAS NA CIDADE DE CATAGUASES LEVA A PRIS\u00c3O DE CINCO PESSOAS\"}]},{\"@type\":\"WebSite\",\"@id\":\"https:\/\/ubanews.com\/site\/#website\",\"url\":\"https:\/\/ubanews.com\/site\/\",\"name\":\"Ub\u00e1 News\",\"description\":\"\",\"publisher\":{\"@id\":\"https:\/\/ubanews.com\/site\/#organization\"},\"potentialAction\":[{\"@type\":\"SearchAction\",\"target\":{\"@type\":\"EntryPoint\",\"urlTemplate\":\"https:\/\/ubanews.com\/site\/?s={search_term_string}\"},\"query-input\":{\"@type\":\"PropertyValueSpecification\",\"valueRequired\":true,\"valueName\":\"search_term_string\"}}],\"inLanguage\":\"pt-BR\"},{\"@type\":\"Organization\",\"@id\":\"https:\/\/ubanews.com\/site\/#organization\",\"name\":\"Ub\u00e1 News\",\"url\":\"https:\/\/ubanews.com\/site\/\",\"logo\":{\"@type\":\"ImageObject\",\"inLanguage\":\"pt-BR\",\"@id\":\"https:\/\/ubanews.com\/site\/#\/schema\/logo\/image\/\",\"url\":\"https:\/\/ubanews.com\/site\/wp-content\/uploads\/2018\/01\/logoubanews.png\",\"contentUrl\":\"https:\/\/ubanews.com\/site\/wp-content\/uploads\/2018\/01\/logoubanews.png\",\"width\":261,\"height\":99,\"caption\":\"Ub\u00e1 News\"},\"image\":{\"@id\":\"https:\/\/ubanews.com\/site\/#\/schema\/logo\/image\/\"},\"sameAs\":[\"https:\/\/www.facebook.com\/Ub\u00e1News-Carlos-Roberto-Sodr\u00e9-418778301977370\"]},{\"@type\":\"Person\",\"@id\":\"https:\/\/ubanews.com\/site\/#\/schema\/person\/d90c9e47252fbb63dcc969fe4c8b9d10\",\"name\":\"Sodr\u00e9\",\"image\":{\"@type\":\"ImageObject\",\"inLanguage\":\"pt-BR\",\"@id\":\"https:\/\/secure.gravatar.com\/avatar\/5ba2793f0590b9dbfad3fdec4ee714485b3eef211c9b32ee53d414060454a56c?s=96&d=mm&r=g\",\"url\":\"https:\/\/secure.gravatar.com\/avatar\/5ba2793f0590b9dbfad3fdec4ee714485b3eef211c9b32ee53d414060454a56c?s=96&d=mm&r=g\",\"contentUrl\":\"https:\/\/secure.gravatar.com\/avatar\/5ba2793f0590b9dbfad3fdec4ee714485b3eef211c9b32ee53d414060454a56c?s=96&d=mm&r=g\",\"caption\":\"Sodr\u00e9\"},\"sameAs\":[\"https:\/\/www.facebook.com\/carosroberto.sodre.5\/\"],\"url\":\"https:\/\/ubanews.com\/site\/author\/felipe\/\"}]}<\/script>\n<!-- \/ Yoast SEO plugin. -->","yoast_head_json":{"title":"TR\u00c1FICO IL\u00cdCITO DE DROGAS NA CIDADE DE CATAGUASES LEVA A PRIS\u00c3O DE CINCO PESSOAS - Ub\u00e1 News","robots":{"index":"index","follow":"follow","max-snippet":"max-snippet:-1","max-image-preview":"max-image-preview:large","max-video-preview":"max-video-preview:-1"},"canonical":"https:\/\/ubanews.com\/site\/2018\/08\/20\/trafico-ilicito-de-drogas-na-cidade-de-cataguases-leva-a-prisao-de-cinco-pessoas\/","og_locale":"pt_BR","og_type":"article","og_title":"TR\u00c1FICO IL\u00cdCITO DE DROGAS NA CIDADE DE CATAGUASES LEVA A PRIS\u00c3O DE CINCO PESSOAS - Ub\u00e1 News","og_description":"No dia 18 de agosto \u00e0s 11h55min a Policia Militar","og_url":"https:\/\/ubanews.com\/site\/2018\/08\/20\/trafico-ilicito-de-drogas-na-cidade-de-cataguases-leva-a-prisao-de-cinco-pessoas\/","og_site_name":"Ub\u00e1 News","article_publisher":"https:\/\/www.facebook.com\/Ub%c3%a1News-Carlos-Roberto-Sodr%c3%a9-418778301977370","article_author":"https:\/\/www.facebook.com\/carosroberto.sodre.5\/","article_published_time":"2018-08-20T15:10:51+00:00","article_modified_time":"2018-10-05T13:05:35+00:00","og_image":[{"width":800,"height":389,"url":"https:\/\/ubanews.com\/site\/wp-content\/uploads\/2018\/08\/041.jpg","type":"image\/jpeg"}],"author":"Sodr\u00e9","twitter_card":"summary_large_image","twitter_misc":{"Escrito por":"Sodr\u00e9","Est. tempo de leitura":"1 minuto"},"schema":{"@context":"https:\/\/schema.org","@graph":[{"@type":"Article","@id":"https:\/\/ubanews.com\/site\/2018\/08\/20\/trafico-ilicito-de-drogas-na-cidade-de-cataguases-leva-a-prisao-de-cinco-pessoas\/#article","isPartOf":{"@id":"https:\/\/ubanews.com\/site\/2018\/08\/20\/trafico-ilicito-de-drogas-na-cidade-de-cataguases-leva-a-prisao-de-cinco-pessoas\/"},"author":{"name":"Sodr\u00e9","@id":"https:\/\/ubanews.com\/site\/#\/schema\/person\/d90c9e47252fbb63dcc969fe4c8b9d10"},"headline":"TR\u00c1FICO IL\u00cdCITO DE DROGAS NA CIDADE DE CATAGUASES LEVA A PRIS\u00c3O DE CINCO PESSOAS","datePublished":"2018-08-20T15:10:51+00:00","dateModified":"2018-10-05T13:05:35+00:00","mainEntityOfPage":{"@id":"https:\/\/ubanews.com\/site\/2018\/08\/20\/trafico-ilicito-de-drogas-na-cidade-de-cataguases-leva-a-prisao-de-cinco-pessoas\/"},"wordCount":267,"commentCount":0,"publisher":{"@id":"https:\/\/ubanews.com\/site\/#organization"},"image":{"@id":"https:\/\/ubanews.com\/site\/2018\/08\/20\/trafico-ilicito-de-drogas-na-cidade-de-cataguases-leva-a-prisao-de-cinco-pessoas\/#primaryimage"},"thumbnailUrl":"https:\/\/ubanews.com\/site\/wp-content\/uploads\/2018\/08\/041.jpg","articleSection":["S\u00edntese das Ocorr\u00eancias"],"inLanguage":"pt-BR","potentialAction":[{"@type":"CommentAction","name":"Comment","target":["https:\/\/ubanews.com\/site\/2018\/08\/20\/trafico-ilicito-de-drogas-na-cidade-de-cataguases-leva-a-prisao-de-cinco-pessoas\/#respond"]}]},{"@type":"WebPage","@id":"https:\/\/ubanews.com\/site\/2018\/08\/20\/trafico-ilicito-de-drogas-na-cidade-de-cataguases-leva-a-prisao-de-cinco-pessoas\/","url":"https:\/\/ubanews.com\/site\/2018\/08\/20\/trafico-ilicito-de-drogas-na-cidade-de-cataguases-leva-a-prisao-de-cinco-pessoas\/","name":"TR\u00c1FICO IL\u00cdCITO DE DROGAS NA CIDADE DE CATAGUASES LEVA A PRIS\u00c3O DE CINCO PESSOAS - Ub\u00e1 News","isPartOf":{"@id":"https:\/\/ubanews.com\/site\/#website"},"primaryImageOfPage":{"@id":"https:\/\/ubanews.com\/site\/2018\/08\/20\/trafico-ilicito-de-drogas-na-cidade-de-cataguases-leva-a-prisao-de-cinco-pessoas\/#primaryimage"},"image":{"@id":"https:\/\/ubanews.com\/site\/2018\/08\/20\/trafico-ilicito-de-drogas-na-cidade-de-cataguases-leva-a-prisao-de-cinco-pessoas\/#primaryimage"},"thumbnailUrl":"https:\/\/ubanews.com\/site\/wp-content\/uploads\/2018\/08\/041.jpg","datePublished":"2018-08-20T15:10:51+00:00","dateModified":"2018-10-05T13:05:35+00:00","breadcrumb":{"@id":"https:\/\/ubanews.com\/site\/2018\/08\/20\/trafico-ilicito-de-drogas-na-cidade-de-cataguases-leva-a-prisao-de-cinco-pessoas\/#breadcrumb"},"inLanguage":"pt-BR","potentialAction":[{"@type":"ReadAction","target":["https:\/\/ubanews.com\/site\/2018\/08\/20\/trafico-ilicito-de-drogas-na-cidade-de-cataguases-leva-a-prisao-de-cinco-pessoas\/"]}]},{"@type":"ImageObject","inLanguage":"pt-BR","@id":"https:\/\/ubanews.com\/site\/2018\/08\/20\/trafico-ilicito-de-drogas-na-cidade-de-cataguases-leva-a-prisao-de-cinco-pessoas\/#primaryimage","url":"https:\/\/ubanews.com\/site\/wp-content\/uploads\/2018\/08\/041.jpg","contentUrl":"https:\/\/ubanews.com\/site\/wp-content\/uploads\/2018\/08\/041.jpg","width":800,"height":389},{"@type":"BreadcrumbList","@id":"https:\/\/ubanews.com\/site\/2018\/08\/20\/trafico-ilicito-de-drogas-na-cidade-de-cataguases-leva-a-prisao-de-cinco-pessoas\/#breadcrumb","itemListElement":[{"@type":"ListItem","position":1,"name":"Home","item":"https:\/\/ubanews.com\/site\/"},{"@type":"ListItem","position":2,"name":"TR\u00c1FICO IL\u00cdCITO DE DROGAS NA CIDADE DE CATAGUASES LEVA A PRIS\u00c3O DE CINCO PESSOAS"}]},{"@type":"WebSite","@id":"https:\/\/ubanews.com\/site\/#website","url":"https:\/\/ubanews.com\/site\/","name":"Ub\u00e1 News","description":"","publisher":{"@id":"https:\/\/ubanews.com\/site\/#organization"},"potentialAction":[{"@type":"SearchAction","target":{"@type":"EntryPoint","urlTemplate":"https:\/\/ubanews.com\/site\/?s={search_term_string}"},"query-input":{"@type":"PropertyValueSpecification","valueRequired":true,"valueName":"search_term_string"}}],"inLanguage":"pt-BR"},{"@type":"Organization","@id":"https:\/\/ubanews.com\/site\/#organization","name":"Ub\u00e1 News","url":"https:\/\/ubanews.com\/site\/","logo":{"@type":"ImageObject","inLanguage":"pt-BR","@id":"https:\/\/ubanews.com\/site\/#\/schema\/logo\/image\/","url":"https:\/\/ubanews.com\/site\/wp-content\/uploads\/2018\/01\/logoubanews.png","contentUrl":"https:\/\/ubanews.com\/site\/wp-content\/uploads\/2018\/01\/logoubanews.png","width":261,"height":99,"caption":"Ub\u00e1 News"},"image":{"@id":"https:\/\/ubanews.com\/site\/#\/schema\/logo\/image\/"},"sameAs":["https:\/\/www.facebook.com\/Ub\u00e1News-Carlos-Roberto-Sodr\u00e9-418778301977370"]},{"@type":"Person","@id":"https:\/\/ubanews.com\/site\/#\/schema\/person\/d90c9e47252fbb63dcc969fe4c8b9d10","name":"Sodr\u00e9","image":{"@type":"ImageObject","inLanguage":"pt-BR","@id":"https:\/\/secure.gravatar.com\/avatar\/5ba2793f0590b9dbfad3fdec4ee714485b3eef211c9b32ee53d414060454a56c?s=96&d=mm&r=g","url":"https:\/\/secure.gravatar.com\/avatar\/5ba2793f0590b9dbfad3fdec4ee714485b3eef211c9b32ee53d414060454a56c?s=96&d=mm&r=g","contentUrl":"https:\/\/secure.gravatar.com\/avatar\/5ba2793f0590b9dbfad3fdec4ee714485b3eef211c9b32ee53d414060454a56c?s=96&d=mm&r=g","caption":"Sodr\u00e9"},"sameAs":["https:\/\/www.facebook.com\/carosroberto.sodre.5\/"],"url":"https:\/\/ubanews.com\/site\/author\/felipe\/"}]}},"_links":{"self":[{"href":"https:\/\/ubanews.com\/site\/wp-json\/wp\/v2\/posts\/6704","targetHints":{"allow":["GET"]}}],"collection":[{"href":"https:\/\/ubanews.com\/site\/wp-json\/wp\/v2\/posts"}],"about":[{"href":"https:\/\/ubanews.com\/site\/wp-json\/wp\/v2\/types\/post"}],"author":[{"embeddable":true,"href":"https:\/\/ubanews.com\/site\/wp-json\/wp\/v2\/users\/2"}],"replies":[{"embeddable":true,"href":"https:\/\/ubanews.com\/site\/wp-json\/wp\/v2\/comments?post=6704"}],"version-history":[{"count":0,"href":"https:\/\/ubanews.com\/site\/wp-json\/wp\/v2\/posts\/6704\/revisions"}],"wp:featuredmedia":[{"embeddable":true,"href":"https:\/\/ubanews.com\/site\/wp-json\/wp\/v2\/media\/6705"}],"wp:attachment":[{"href":"https:\/\/ubanews.com\/site\/wp-json\/wp\/v2\/media?parent=6704"}],"wp:term":[{"taxonomy":"category","embeddable":true,"href":"https:\/\/ubanews.com\/site\/wp-json\/wp\/v2\/categories?post=6704"},{"taxonomy":"post_tag","embeddable":true,"href":"https:\/\/ubanews.com\/site\/wp-json\/wp\/v2\/tags?post=6704"}],"curies":[{"name":"wp","href":"https:\/\/api.w.org\/{rel}","templated":true}]}}