{"id":6697,"date":"2018-08-20T09:59:40","date_gmt":"2018-08-20T12:59:40","guid":{"rendered":"http:\/\/ubanews.com\/site\/?p=6697"},"modified":"2018-08-25T17:50:58","modified_gmt":"2018-08-25T20:50:58","slug":"geografia-e-quimica-foram-as-disciplinas-deste-sabado-no-pre-enem-social-da-camara","status":"publish","type":"post","link":"https:\/\/ubanews.com\/site\/2018\/08\/20\/geografia-e-quimica-foram-as-disciplinas-deste-sabado-no-pre-enem-social-da-camara\/","title":{"rendered":"GEOGRAFIA E QU\u00cdMICA FORAM AS DISCIPLINAS DESTE S\u00c1BADO NO PR\u00c9-ENEM SOCIAL DA C\u00c2MARA"},"content":{"rendered":"<p>Neste s\u00e1bado (18), das 14h \u00e0s 18h, no Plen\u00e1rio Lincoln Rodrigues Costa, da C\u00e2mara Municipal de Ub\u00e1 (CMU), os alunos do Pr\u00e9-Enem Social tiveram aulas de Geografia e Qu\u00edmica, ministradas respectivamente, pelos professores Anderson Casazza Soares e Elder Magno Gava Ferr\u00e3o. O Pr\u00e9-Enem Social \u00e9 promovido em parceria entre a Escola do Legislativo (EL) da CMU e o Instituto Federal de Educa\u00e7\u00e3o, Ci\u00eancia e Tecnologia do Sudeste de Minas Gerais &#8211; IF Sudeste MG (campus Rio Pomba e campus avan\u00e7ado Ub\u00e1).&nbsp;<\/p>\n<p>O professor Anderson Casazza \u00e9 graduado em Geografia (UFJF\/UNEUB); Tem mais de 15 anos de experi\u00eancia profissional na Rede P\u00fablica e Particular de Ensino. Atualmente trabalha como professor e \u00e9 Gerente de Acompanhamento Estudantil no IF Sudeste MG Campus Rio Pomba, onde \u00e9 servidor h\u00e1 14 anos.<\/p>\n<p>E o professor Elder Magno Gava Ferr\u00e3o \u00e9 graduado em Farm\u00e1cia pela Faculdade de Farm\u00e1cia e Bioqu\u00edmica do Esp\u00edrito Santo. Possui complementa\u00e7\u00e3o pedag\u00f3gica em Qu\u00edmica (Licenciatura) pela UNIVEN. Especializa\u00e7\u00e3o em Agroqu\u00edmica, com \u00eanfase em Qu\u00edmica Inorg\u00e2nica pela UFV e mestrado Profissional em Sustentabilidade e Tecnologia Ambiental. Atualmente, al\u00e9m de professor, atua em projetos de extens\u00e3o na prepara\u00e7\u00e3o de alunos para as provas do Enem e desenvolve pesquisas, em parceria com a UFMG, na \u00e1rea de produ\u00e7\u00e3o de biodiesel por cat\u00e1lise alcalina pelo uso de \u00f3leo residual de fritura.<\/p>\n<p>SOBRE O IF-SUDESTE\/MG<br \/>\nO Instituto Federal de Educa\u00e7\u00e3o, Ci\u00eancia e Tecnologia do Sudeste de Minhas Gerais foi criado em dezembro de 2008, e integrou, em uma \u00fanica institui\u00e7\u00e3o, os antigos Centro Federal de Educa\u00e7\u00e3o Tecnol\u00f3gica de Rio Pomba (Cefet-RP), a Escola Agrot\u00e9cnica Federal de Barbacena e o Col\u00e9gio T\u00e9cnico Universit\u00e1rio (CTU) da UFJF. Atualmente a institui\u00e7\u00e3o \u00e9 composta por Camping localizados nas cidades de Barbacena, Bom Sucesso, Cataguases, Juiz de Fora, Manhua\u00e7u, Muria\u00e9, Rio Pomba, Santos Dumont, S\u00e3o Jo\u00e3o Del-Rei e Ub\u00e1. O munic\u00edpio de Juiz de Fora abriga, ainda, a Reitoria do instituto.<br \/>\nO IF Sudeste MG \u00e9 uma institui\u00e7\u00e3o de educa\u00e7\u00e3o superior, b\u00e1sica e profissional, pluricurricular e multicampi, especializada na oferta de educa\u00e7\u00e3o profissional e tecnol\u00f3gica nas diferentes modalidades de ensino, com base na conjuga\u00e7\u00e3o de conhecimentos t\u00e9cnicos e tecnol\u00f3gicos com as suas pr\u00e1ticas pedag\u00f3gicas. Os Institutos Federais t\u00eam por objetivo desenvolver e ofertar a educa\u00e7\u00e3o t\u00e9cnica e profissional em todos os seus n\u00edveis de modalidade e, com isso, formar e qualificar cidad\u00e3os para atuar nos diversos setores da economia, com \u00eanfase no desenvolvimento socioecon\u00f4mico local, regional e nacional. Fonte: site C\u00e2mara Municipal de Ub\u00e1.<\/p>\n<p>No intervalo, \u00e0s 16h, a equipe do Ub\u00e1 News conversou com o professor Elder e o diretor da Escola do Legislativo o vereador Edeir Pacheco da Costa.<\/p>\n<div style=\"position: relative; height: 0; padding-bottom: 56.25%;\"><iframe style=\"position: absolute; width: 100%; height: 100%; left: 0;\" data-src=\"https:\/\/www.youtube.com\/embed\/hIcawm6UVaU?ecver=2\" width=\"640\" height=\"360\" frameborder=\"0\" allowfullscreen=\"allowfullscreen\" src=\"data:image\/svg+xml;base64,PHN2ZyB3aWR0aD0iMSIgaGVpZ2h0PSIxIiB4bWxucz0iaHR0cDovL3d3dy53My5vcmcvMjAwMC9zdmciPjwvc3ZnPg==\" class=\"lazyload\" data-load-mode=\"1\"><\/iframe><\/div>\n","protected":false},"excerpt":{"rendered":"<p>Neste s\u00e1bado (18), das 14h \u00e0s 18h, no Plen\u00e1rio Lincoln<\/p>\n","protected":false},"author":2,"featured_media":6699,"comment_status":"open","ping_status":"open","sticky":false,"template":"","format":"standard","meta":{"footnotes":""},"categories":[1],"tags":[],"class_list":["post-6697","post","type-post","status-publish","format-standard","has-post-thumbnail","hentry","category-sem-categoria"],"yoast_head":"<!-- This site is optimized with the Yoast SEO plugin v27.2 - https:\/\/yoast.com\/product\/yoast-seo-wordpress\/ -->\n<title>GEOGRAFIA E QU\u00cdMICA FORAM AS DISCIPLINAS DESTE S\u00c1BADO NO PR\u00c9-ENEM SOCIAL DA C\u00c2MARA - Ub\u00e1 News<\/title>\n<meta name=\"robots\" content=\"index, follow, max-snippet:-1, max-image-preview:large, max-video-preview:-1\" \/>\n<link rel=\"canonical\" href=\"https:\/\/ubanews.com\/site\/2018\/08\/20\/geografia-e-quimica-foram-as-disciplinas-deste-sabado-no-pre-enem-social-da-camara\/\" \/>\n<meta property=\"og:locale\" content=\"pt_BR\" \/>\n<meta property=\"og:type\" content=\"article\" \/>\n<meta property=\"og:title\" content=\"GEOGRAFIA E QU\u00cdMICA FORAM AS DISCIPLINAS DESTE S\u00c1BADO NO PR\u00c9-ENEM SOCIAL DA C\u00c2MARA - Ub\u00e1 News\" \/>\n<meta property=\"og:description\" content=\"Neste s\u00e1bado (18), das 14h \u00e0s 18h, no Plen\u00e1rio Lincoln\" \/>\n<meta property=\"og:url\" content=\"https:\/\/ubanews.com\/site\/2018\/08\/20\/geografia-e-quimica-foram-as-disciplinas-deste-sabado-no-pre-enem-social-da-camara\/\" \/>\n<meta property=\"og:site_name\" content=\"Ub\u00e1 News\" \/>\n<meta property=\"article:publisher\" content=\"https:\/\/www.facebook.com\/Ub%c3%a1News-Carlos-Roberto-Sodr%c3%a9-418778301977370\" \/>\n<meta property=\"article:author\" content=\"https:\/\/www.facebook.com\/carosroberto.sodre.5\/\" \/>\n<meta property=\"article:published_time\" content=\"2018-08-20T12:59:40+00:00\" \/>\n<meta property=\"article:modified_time\" content=\"2018-08-25T20:50:58+00:00\" \/>\n<meta property=\"og:image\" content=\"https:\/\/ubanews.com\/site\/wp-content\/uploads\/2018\/08\/039.jpg\" \/>\n\t<meta property=\"og:image:width\" content=\"800\" \/>\n\t<meta property=\"og:image:height\" content=\"389\" \/>\n\t<meta property=\"og:image:type\" content=\"image\/jpeg\" \/>\n<meta name=\"author\" content=\"Sodr\u00e9\" \/>\n<meta name=\"twitter:card\" content=\"summary_large_image\" \/>\n<meta name=\"twitter:label1\" content=\"Escrito por\" \/>\n\t<meta name=\"twitter:data1\" content=\"Sodr\u00e9\" \/>\n\t<meta name=\"twitter:label2\" content=\"Est. tempo de leitura\" \/>\n\t<meta name=\"twitter:data2\" content=\"2 minutos\" \/>\n<script type=\"application\/ld+json\" class=\"yoast-schema-graph\">{\"@context\":\"https:\/\/schema.org\",\"@graph\":[{\"@type\":\"Article\",\"@id\":\"https:\/\/ubanews.com\/site\/2018\/08\/20\/geografia-e-quimica-foram-as-disciplinas-deste-sabado-no-pre-enem-social-da-camara\/#article\",\"isPartOf\":{\"@id\":\"https:\/\/ubanews.com\/site\/2018\/08\/20\/geografia-e-quimica-foram-as-disciplinas-deste-sabado-no-pre-enem-social-da-camara\/\"},\"author\":{\"name\":\"Sodr\u00e9\",\"@id\":\"https:\/\/ubanews.com\/site\/#\/schema\/person\/d90c9e47252fbb63dcc969fe4c8b9d10\"},\"headline\":\"GEOGRAFIA E QU\u00cdMICA FORAM AS DISCIPLINAS DESTE S\u00c1BADO NO PR\u00c9-ENEM SOCIAL DA C\u00c2MARA\",\"datePublished\":\"2018-08-20T12:59:40+00:00\",\"dateModified\":\"2018-08-25T20:50:58+00:00\",\"mainEntityOfPage\":{\"@id\":\"https:\/\/ubanews.com\/site\/2018\/08\/20\/geografia-e-quimica-foram-as-disciplinas-deste-sabado-no-pre-enem-social-da-camara\/\"},\"wordCount\":499,\"commentCount\":0,\"publisher\":{\"@id\":\"https:\/\/ubanews.com\/site\/#organization\"},\"image\":{\"@id\":\"https:\/\/ubanews.com\/site\/2018\/08\/20\/geografia-e-quimica-foram-as-disciplinas-deste-sabado-no-pre-enem-social-da-camara\/#primaryimage\"},\"thumbnailUrl\":\"https:\/\/ubanews.com\/site\/wp-content\/uploads\/2018\/08\/039.jpg\",\"articleSection\":[\"Geral\"],\"inLanguage\":\"pt-BR\",\"potentialAction\":[{\"@type\":\"CommentAction\",\"name\":\"Comment\",\"target\":[\"https:\/\/ubanews.com\/site\/2018\/08\/20\/geografia-e-quimica-foram-as-disciplinas-deste-sabado-no-pre-enem-social-da-camara\/#respond\"]}]},{\"@type\":\"WebPage\",\"@id\":\"https:\/\/ubanews.com\/site\/2018\/08\/20\/geografia-e-quimica-foram-as-disciplinas-deste-sabado-no-pre-enem-social-da-camara\/\",\"url\":\"https:\/\/ubanews.com\/site\/2018\/08\/20\/geografia-e-quimica-foram-as-disciplinas-deste-sabado-no-pre-enem-social-da-camara\/\",\"name\":\"GEOGRAFIA E QU\u00cdMICA FORAM AS DISCIPLINAS DESTE S\u00c1BADO NO PR\u00c9-ENEM SOCIAL DA C\u00c2MARA - Ub\u00e1 News\",\"isPartOf\":{\"@id\":\"https:\/\/ubanews.com\/site\/#website\"},\"primaryImageOfPage\":{\"@id\":\"https:\/\/ubanews.com\/site\/2018\/08\/20\/geografia-e-quimica-foram-as-disciplinas-deste-sabado-no-pre-enem-social-da-camara\/#primaryimage\"},\"image\":{\"@id\":\"https:\/\/ubanews.com\/site\/2018\/08\/20\/geografia-e-quimica-foram-as-disciplinas-deste-sabado-no-pre-enem-social-da-camara\/#primaryimage\"},\"thumbnailUrl\":\"https:\/\/ubanews.com\/site\/wp-content\/uploads\/2018\/08\/039.jpg\",\"datePublished\":\"2018-08-20T12:59:40+00:00\",\"dateModified\":\"2018-08-25T20:50:58+00:00\",\"breadcrumb\":{\"@id\":\"https:\/\/ubanews.com\/site\/2018\/08\/20\/geografia-e-quimica-foram-as-disciplinas-deste-sabado-no-pre-enem-social-da-camara\/#breadcrumb\"},\"inLanguage\":\"pt-BR\",\"potentialAction\":[{\"@type\":\"ReadAction\",\"target\":[\"https:\/\/ubanews.com\/site\/2018\/08\/20\/geografia-e-quimica-foram-as-disciplinas-deste-sabado-no-pre-enem-social-da-camara\/\"]}]},{\"@type\":\"ImageObject\",\"inLanguage\":\"pt-BR\",\"@id\":\"https:\/\/ubanews.com\/site\/2018\/08\/20\/geografia-e-quimica-foram-as-disciplinas-deste-sabado-no-pre-enem-social-da-camara\/#primaryimage\",\"url\":\"https:\/\/ubanews.com\/site\/wp-content\/uploads\/2018\/08\/039.jpg\",\"contentUrl\":\"https:\/\/ubanews.com\/site\/wp-content\/uploads\/2018\/08\/039.jpg\",\"width\":800,\"height\":389},{\"@type\":\"BreadcrumbList\",\"@id\":\"https:\/\/ubanews.com\/site\/2018\/08\/20\/geografia-e-quimica-foram-as-disciplinas-deste-sabado-no-pre-enem-social-da-camara\/#breadcrumb\",\"itemListElement\":[{\"@type\":\"ListItem\",\"position\":1,\"name\":\"Home\",\"item\":\"https:\/\/ubanews.com\/site\/\"},{\"@type\":\"ListItem\",\"position\":2,\"name\":\"GEOGRAFIA E QU\u00cdMICA FORAM AS DISCIPLINAS DESTE S\u00c1BADO NO PR\u00c9-ENEM SOCIAL DA C\u00c2MARA\"}]},{\"@type\":\"WebSite\",\"@id\":\"https:\/\/ubanews.com\/site\/#website\",\"url\":\"https:\/\/ubanews.com\/site\/\",\"name\":\"Ub\u00e1 News\",\"description\":\"\",\"publisher\":{\"@id\":\"https:\/\/ubanews.com\/site\/#organization\"},\"potentialAction\":[{\"@type\":\"SearchAction\",\"target\":{\"@type\":\"EntryPoint\",\"urlTemplate\":\"https:\/\/ubanews.com\/site\/?s={search_term_string}\"},\"query-input\":{\"@type\":\"PropertyValueSpecification\",\"valueRequired\":true,\"valueName\":\"search_term_string\"}}],\"inLanguage\":\"pt-BR\"},{\"@type\":\"Organization\",\"@id\":\"https:\/\/ubanews.com\/site\/#organization\",\"name\":\"Ub\u00e1 News\",\"url\":\"https:\/\/ubanews.com\/site\/\",\"logo\":{\"@type\":\"ImageObject\",\"inLanguage\":\"pt-BR\",\"@id\":\"https:\/\/ubanews.com\/site\/#\/schema\/logo\/image\/\",\"url\":\"https:\/\/ubanews.com\/site\/wp-content\/uploads\/2018\/01\/logoubanews.png\",\"contentUrl\":\"https:\/\/ubanews.com\/site\/wp-content\/uploads\/2018\/01\/logoubanews.png\",\"width\":261,\"height\":99,\"caption\":\"Ub\u00e1 News\"},\"image\":{\"@id\":\"https:\/\/ubanews.com\/site\/#\/schema\/logo\/image\/\"},\"sameAs\":[\"https:\/\/www.facebook.com\/Ub\u00e1News-Carlos-Roberto-Sodr\u00e9-418778301977370\"]},{\"@type\":\"Person\",\"@id\":\"https:\/\/ubanews.com\/site\/#\/schema\/person\/d90c9e47252fbb63dcc969fe4c8b9d10\",\"name\":\"Sodr\u00e9\",\"image\":{\"@type\":\"ImageObject\",\"inLanguage\":\"pt-BR\",\"@id\":\"https:\/\/secure.gravatar.com\/avatar\/5ba2793f0590b9dbfad3fdec4ee714485b3eef211c9b32ee53d414060454a56c?s=96&d=mm&r=g\",\"url\":\"https:\/\/secure.gravatar.com\/avatar\/5ba2793f0590b9dbfad3fdec4ee714485b3eef211c9b32ee53d414060454a56c?s=96&d=mm&r=g\",\"contentUrl\":\"https:\/\/secure.gravatar.com\/avatar\/5ba2793f0590b9dbfad3fdec4ee714485b3eef211c9b32ee53d414060454a56c?s=96&d=mm&r=g\",\"caption\":\"Sodr\u00e9\"},\"sameAs\":[\"https:\/\/www.facebook.com\/carosroberto.sodre.5\/\"],\"url\":\"https:\/\/ubanews.com\/site\/author\/felipe\/\"}]}<\/script>\n<!-- \/ Yoast SEO plugin. -->","yoast_head_json":{"title":"GEOGRAFIA E QU\u00cdMICA FORAM AS DISCIPLINAS DESTE S\u00c1BADO NO PR\u00c9-ENEM SOCIAL DA C\u00c2MARA - Ub\u00e1 News","robots":{"index":"index","follow":"follow","max-snippet":"max-snippet:-1","max-image-preview":"max-image-preview:large","max-video-preview":"max-video-preview:-1"},"canonical":"https:\/\/ubanews.com\/site\/2018\/08\/20\/geografia-e-quimica-foram-as-disciplinas-deste-sabado-no-pre-enem-social-da-camara\/","og_locale":"pt_BR","og_type":"article","og_title":"GEOGRAFIA E QU\u00cdMICA FORAM AS DISCIPLINAS DESTE S\u00c1BADO NO PR\u00c9-ENEM SOCIAL DA C\u00c2MARA - Ub\u00e1 News","og_description":"Neste s\u00e1bado (18), das 14h \u00e0s 18h, no Plen\u00e1rio Lincoln","og_url":"https:\/\/ubanews.com\/site\/2018\/08\/20\/geografia-e-quimica-foram-as-disciplinas-deste-sabado-no-pre-enem-social-da-camara\/","og_site_name":"Ub\u00e1 News","article_publisher":"https:\/\/www.facebook.com\/Ub%c3%a1News-Carlos-Roberto-Sodr%c3%a9-418778301977370","article_author":"https:\/\/www.facebook.com\/carosroberto.sodre.5\/","article_published_time":"2018-08-20T12:59:40+00:00","article_modified_time":"2018-08-25T20:50:58+00:00","og_image":[{"width":800,"height":389,"url":"https:\/\/ubanews.com\/site\/wp-content\/uploads\/2018\/08\/039.jpg","type":"image\/jpeg"}],"author":"Sodr\u00e9","twitter_card":"summary_large_image","twitter_misc":{"Escrito por":"Sodr\u00e9","Est. tempo de leitura":"2 minutos"},"schema":{"@context":"https:\/\/schema.org","@graph":[{"@type":"Article","@id":"https:\/\/ubanews.com\/site\/2018\/08\/20\/geografia-e-quimica-foram-as-disciplinas-deste-sabado-no-pre-enem-social-da-camara\/#article","isPartOf":{"@id":"https:\/\/ubanews.com\/site\/2018\/08\/20\/geografia-e-quimica-foram-as-disciplinas-deste-sabado-no-pre-enem-social-da-camara\/"},"author":{"name":"Sodr\u00e9","@id":"https:\/\/ubanews.com\/site\/#\/schema\/person\/d90c9e47252fbb63dcc969fe4c8b9d10"},"headline":"GEOGRAFIA E QU\u00cdMICA FORAM AS DISCIPLINAS DESTE S\u00c1BADO NO PR\u00c9-ENEM SOCIAL DA C\u00c2MARA","datePublished":"2018-08-20T12:59:40+00:00","dateModified":"2018-08-25T20:50:58+00:00","mainEntityOfPage":{"@id":"https:\/\/ubanews.com\/site\/2018\/08\/20\/geografia-e-quimica-foram-as-disciplinas-deste-sabado-no-pre-enem-social-da-camara\/"},"wordCount":499,"commentCount":0,"publisher":{"@id":"https:\/\/ubanews.com\/site\/#organization"},"image":{"@id":"https:\/\/ubanews.com\/site\/2018\/08\/20\/geografia-e-quimica-foram-as-disciplinas-deste-sabado-no-pre-enem-social-da-camara\/#primaryimage"},"thumbnailUrl":"https:\/\/ubanews.com\/site\/wp-content\/uploads\/2018\/08\/039.jpg","articleSection":["Geral"],"inLanguage":"pt-BR","potentialAction":[{"@type":"CommentAction","name":"Comment","target":["https:\/\/ubanews.com\/site\/2018\/08\/20\/geografia-e-quimica-foram-as-disciplinas-deste-sabado-no-pre-enem-social-da-camara\/#respond"]}]},{"@type":"WebPage","@id":"https:\/\/ubanews.com\/site\/2018\/08\/20\/geografia-e-quimica-foram-as-disciplinas-deste-sabado-no-pre-enem-social-da-camara\/","url":"https:\/\/ubanews.com\/site\/2018\/08\/20\/geografia-e-quimica-foram-as-disciplinas-deste-sabado-no-pre-enem-social-da-camara\/","name":"GEOGRAFIA E QU\u00cdMICA FORAM AS DISCIPLINAS DESTE S\u00c1BADO NO PR\u00c9-ENEM SOCIAL DA C\u00c2MARA - Ub\u00e1 News","isPartOf":{"@id":"https:\/\/ubanews.com\/site\/#website"},"primaryImageOfPage":{"@id":"https:\/\/ubanews.com\/site\/2018\/08\/20\/geografia-e-quimica-foram-as-disciplinas-deste-sabado-no-pre-enem-social-da-camara\/#primaryimage"},"image":{"@id":"https:\/\/ubanews.com\/site\/2018\/08\/20\/geografia-e-quimica-foram-as-disciplinas-deste-sabado-no-pre-enem-social-da-camara\/#primaryimage"},"thumbnailUrl":"https:\/\/ubanews.com\/site\/wp-content\/uploads\/2018\/08\/039.jpg","datePublished":"2018-08-20T12:59:40+00:00","dateModified":"2018-08-25T20:50:58+00:00","breadcrumb":{"@id":"https:\/\/ubanews.com\/site\/2018\/08\/20\/geografia-e-quimica-foram-as-disciplinas-deste-sabado-no-pre-enem-social-da-camara\/#breadcrumb"},"inLanguage":"pt-BR","potentialAction":[{"@type":"ReadAction","target":["https:\/\/ubanews.com\/site\/2018\/08\/20\/geografia-e-quimica-foram-as-disciplinas-deste-sabado-no-pre-enem-social-da-camara\/"]}]},{"@type":"ImageObject","inLanguage":"pt-BR","@id":"https:\/\/ubanews.com\/site\/2018\/08\/20\/geografia-e-quimica-foram-as-disciplinas-deste-sabado-no-pre-enem-social-da-camara\/#primaryimage","url":"https:\/\/ubanews.com\/site\/wp-content\/uploads\/2018\/08\/039.jpg","contentUrl":"https:\/\/ubanews.com\/site\/wp-content\/uploads\/2018\/08\/039.jpg","width":800,"height":389},{"@type":"BreadcrumbList","@id":"https:\/\/ubanews.com\/site\/2018\/08\/20\/geografia-e-quimica-foram-as-disciplinas-deste-sabado-no-pre-enem-social-da-camara\/#breadcrumb","itemListElement":[{"@type":"ListItem","position":1,"name":"Home","item":"https:\/\/ubanews.com\/site\/"},{"@type":"ListItem","position":2,"name":"GEOGRAFIA E QU\u00cdMICA FORAM AS DISCIPLINAS DESTE S\u00c1BADO NO PR\u00c9-ENEM SOCIAL DA C\u00c2MARA"}]},{"@type":"WebSite","@id":"https:\/\/ubanews.com\/site\/#website","url":"https:\/\/ubanews.com\/site\/","name":"Ub\u00e1 News","description":"","publisher":{"@id":"https:\/\/ubanews.com\/site\/#organization"},"potentialAction":[{"@type":"SearchAction","target":{"@type":"EntryPoint","urlTemplate":"https:\/\/ubanews.com\/site\/?s={search_term_string}"},"query-input":{"@type":"PropertyValueSpecification","valueRequired":true,"valueName":"search_term_string"}}],"inLanguage":"pt-BR"},{"@type":"Organization","@id":"https:\/\/ubanews.com\/site\/#organization","name":"Ub\u00e1 News","url":"https:\/\/ubanews.com\/site\/","logo":{"@type":"ImageObject","inLanguage":"pt-BR","@id":"https:\/\/ubanews.com\/site\/#\/schema\/logo\/image\/","url":"https:\/\/ubanews.com\/site\/wp-content\/uploads\/2018\/01\/logoubanews.png","contentUrl":"https:\/\/ubanews.com\/site\/wp-content\/uploads\/2018\/01\/logoubanews.png","width":261,"height":99,"caption":"Ub\u00e1 News"},"image":{"@id":"https:\/\/ubanews.com\/site\/#\/schema\/logo\/image\/"},"sameAs":["https:\/\/www.facebook.com\/Ub\u00e1News-Carlos-Roberto-Sodr\u00e9-418778301977370"]},{"@type":"Person","@id":"https:\/\/ubanews.com\/site\/#\/schema\/person\/d90c9e47252fbb63dcc969fe4c8b9d10","name":"Sodr\u00e9","image":{"@type":"ImageObject","inLanguage":"pt-BR","@id":"https:\/\/secure.gravatar.com\/avatar\/5ba2793f0590b9dbfad3fdec4ee714485b3eef211c9b32ee53d414060454a56c?s=96&d=mm&r=g","url":"https:\/\/secure.gravatar.com\/avatar\/5ba2793f0590b9dbfad3fdec4ee714485b3eef211c9b32ee53d414060454a56c?s=96&d=mm&r=g","contentUrl":"https:\/\/secure.gravatar.com\/avatar\/5ba2793f0590b9dbfad3fdec4ee714485b3eef211c9b32ee53d414060454a56c?s=96&d=mm&r=g","caption":"Sodr\u00e9"},"sameAs":["https:\/\/www.facebook.com\/carosroberto.sodre.5\/"],"url":"https:\/\/ubanews.com\/site\/author\/felipe\/"}]}},"_links":{"self":[{"href":"https:\/\/ubanews.com\/site\/wp-json\/wp\/v2\/posts\/6697","targetHints":{"allow":["GET"]}}],"collection":[{"href":"https:\/\/ubanews.com\/site\/wp-json\/wp\/v2\/posts"}],"about":[{"href":"https:\/\/ubanews.com\/site\/wp-json\/wp\/v2\/types\/post"}],"author":[{"embeddable":true,"href":"https:\/\/ubanews.com\/site\/wp-json\/wp\/v2\/users\/2"}],"replies":[{"embeddable":true,"href":"https:\/\/ubanews.com\/site\/wp-json\/wp\/v2\/comments?post=6697"}],"version-history":[{"count":0,"href":"https:\/\/ubanews.com\/site\/wp-json\/wp\/v2\/posts\/6697\/revisions"}],"wp:featuredmedia":[{"embeddable":true,"href":"https:\/\/ubanews.com\/site\/wp-json\/wp\/v2\/media\/6699"}],"wp:attachment":[{"href":"https:\/\/ubanews.com\/site\/wp-json\/wp\/v2\/media?parent=6697"}],"wp:term":[{"taxonomy":"category","embeddable":true,"href":"https:\/\/ubanews.com\/site\/wp-json\/wp\/v2\/categories?post=6697"},{"taxonomy":"post_tag","embeddable":true,"href":"https:\/\/ubanews.com\/site\/wp-json\/wp\/v2\/tags?post=6697"}],"curies":[{"name":"wp","href":"https:\/\/api.w.org\/{rel}","templated":true}]}}