{"id":6639,"date":"2018-08-18T08:32:15","date_gmt":"2018-08-18T11:32:15","guid":{"rendered":"http:\/\/ubanews.com\/site\/?p=6639"},"modified":"2018-08-25T17:50:47","modified_gmt":"2018-08-25T20:50:47","slug":"primeiro-dia-do-conexao-educativa-uba-prefeito-e-um-dos-primeiros-a-chegar","status":"publish","type":"post","link":"https:\/\/ubanews.com\/site\/2018\/08\/18\/primeiro-dia-do-conexao-educativa-uba-prefeito-e-um-dos-primeiros-a-chegar\/","title":{"rendered":"Primeiro dia do Conex\u00e3o Educativa Ub\u00e1 prefeito \u00e9 um dos primeiros a chegar"},"content":{"rendered":"<p>O prefeito Edson Teixeira Filho chegou pontualmente \u00e0s 18h e 30min para o primeiro dia de palestra e outras atividades do Conex\u00e3o Educativa Ub\u00e1 (Congresso de Educa\u00e7\u00e3o) promovido pela Secretaria de Educa\u00e7\u00e3o, com o apoio da Prefeitura Municipal. Sempre acompanhado de seu vice-prefeito Vin\u00edcius Sam\u00f4r de Lacerda, ao final do evento Dr. Edson falou com \u00e0 equipe do Ub\u00e1 News.&nbsp;<\/p>\n<p>Veja as programa\u00e7\u00f5es de todos os dias.<\/p>\n<p>17h &#8211; In\u00edcio Credenciamento<\/p>\n<p>17h30min &#8211; Momento Cultural<\/p>\n<p>M\u00e1rcio Vesoli \u2013 MG<\/p>\n<p>18h30min &#8211; Solenidade de Abertura<\/p>\n<p>19h &#8211; Confer\u00eancia de Abertura<\/p>\n<p>Professores educando com valores<\/p>\n<p>Cris Poli (apresentadora Super Nanny) \u2013 SP<\/p>\n<p>08h \u00e0s 09h &#8211; Palestra<\/p>\n<p>Professor, acredite no seu potencial enquanto ensina e enquanto avalia<\/p>\n<p>Hamilton Werneck \u2013 RJ<\/p>\n<p>9h \u00e0s 9h30min &#8211; Intervalo<\/p>\n<p>9h30min \u00e0s 12h30min &#8211; Cursos e Oficinas (turno manh\u00e3)<\/p>\n<p>ATIVIDADES SIMULT\u00c2NEAS<\/p>\n<p>CO01&nbsp;&nbsp; Conta\u00e7\u00e3o de hist\u00f3rias e o modelo leitor do Professor<\/p>\n<p>CO02&nbsp;&nbsp; M\u00fasica em sala de aula: interdisciplinaridade, l\u00fadico, corporeidade, emo\u00e7\u00f5es<\/p>\n<p>Milena Chantal \u2013 MG<\/p>\n<p>CO03 Estrutura, finalidade e aplicabilidade da tipologia e do g\u00eanero textua<\/p>\n<p>Luiz Henrique Barbosa \u2013 MG<\/p>\n<p>CO04 G\u00eaneros e Produ\u00e7\u00e3o Textual. Do planejamento de uma produ\u00e7\u00e3o textual \u00e0 escrita e reescritura.<\/p>\n<p>S\u00e9rgio Simka e Cida Simka \u2013 RJ<\/p>\n<p>CO05 Pr\u00e1ticas para a consolida\u00e7\u00e3o das fases da alfabetiza\u00e7\u00e3o: do pr\u00e9-sil\u00e1bico ao alfab\u00e9tico<\/p>\n<p>F\u00e1bio dos Santos \u2013 RJ<\/p>\n<p>CO06 Desenvolvimento psicomotor como potencializador \u00e0 aprendizagem<\/p>\n<p>F\u00e1tima Alves \u2013 RJ<\/p>\n<p>CO07 Constru\u00e7\u00e3o da logicidade: conceitos, conserva\u00e7\u00e3o de n\u00famero e quantidade atrav\u00e9s de jogos<\/p>\n<p>Ana Maria Antunes de Campos \u2013 SP<\/p>\n<p>CO08 Pr\u00e1ticas pedag\u00f3gicas e aprendizagem significativa: ensino e aprendizagem colaborativa<\/p>\n<p>Hamilton Werneck \u2013 RJ<\/p>\n<p>MR09 (Mesa Redonda) Afetividade e educa\u00e7\u00e3o emocional: forma\u00e7\u00e3o de professores, did\u00e1tica, inclus\u00e3o: contribui\u00e7\u00f5es da neuroci\u00eancia<\/p>\n<p>Eugenio Cunha \u2013 RJ<\/p>\n<p>Luc\u00edlia Panisset \u2013 MG<\/p>\n<p>12h30min \u00e0s 14h30min &#8211; Intervalo para almo\u00e7o<\/p>\n<p>14h30min \u00e0s 17h30min &#8211; Cursos e Oficinas (turno tarde)<\/p>\n<p>ATIVIDADES SIMULT\u00c2NEAS<\/p>\n<p>CO10&nbsp;&nbsp; Conta\u00e7\u00e3o de hist\u00f3rias e o modelo leitor do Professor<\/p>\n<p>CO11&nbsp;&nbsp; M\u00fasica em sala de aula: interdisciplinaridade, l\u00fadico, corporeidade, emo\u00e7\u00f5es<\/p>\n<p>Milena Chantal \u2013 MG<\/p>\n<p>CO12&nbsp;&nbsp; Estrutura, finalidade e aplicabilidade da tipologia e do g\u00eanero textual<\/p>\n<p>Luiz Henrique Barbosa \u2013 MG<\/p>\n<p>CO13&nbsp;&nbsp; G\u00eaneros e Produ\u00e7\u00e3o Textual. Do planejamento de uma produ\u00e7\u00e3o textual \u00e0 escrita e reescritura.<\/p>\n<p>S\u00e9rgio Simka e Cida Simka \u2013 RJ<\/p>\n<p>CO14 Pr\u00e1ticas para a consolida\u00e7\u00e3o das fases da alfabetiza\u00e7\u00e3o: do pr\u00e9-sil\u00e1bico ao alfab\u00e9tico<\/p>\n<p>F\u00e1bio dos Santos \u2013 RJ<\/p>\n<p>CO15&nbsp;&nbsp; Desenvolvimento psicomotor como potencializador \u00e0 aprendizagem<\/p>\n<p>F\u00e1tima Alves \u2013 RJ<\/p>\n<p>CO16&nbsp;&nbsp; Constru\u00e7\u00e3o da logicidade: conceitos, conserva\u00e7\u00e3o de n\u00famero e quantidade atrav\u00e9s de jogos<\/p>\n<p>Ana Maria Antunes de Campos \u2013 SP<\/p>\n<p>CO17&nbsp;&nbsp; Pr\u00e1ticas pedag\u00f3gicas e aprendizagem significativa: ensino e aprendizagem colaborativa<\/p>\n<p>Hamilton Werneck \u2013 RJ<\/p>\n<p>CO18 Atualiza\u00e7\u00f5es sobre os Dist\u00farbios de Aprendizagem, identifica\u00e7\u00e3o e interven\u00e7\u00e3o<\/p>\n<p>Marina Qu\u00edrico \u2013 MG<\/p>\n<p><iframe data-src=\"https:\/\/www.youtube.com\/embed\/_YbsHEhGm6E\" width=\"560\" height=\"315\" frameborder=\"0\" allowfullscreen=\"allowfullscreen\" src=\"data:image\/svg+xml;base64,PHN2ZyB3aWR0aD0iMSIgaGVpZ2h0PSIxIiB4bWxucz0iaHR0cDovL3d3dy53My5vcmcvMjAwMC9zdmciPjwvc3ZnPg==\" class=\"lazyload\" data-load-mode=\"1\"><\/iframe><\/p>\n","protected":false},"excerpt":{"rendered":"<p>O prefeito Edson Teixeira Filho chegou pontualmente \u00e0s 18h e<\/p>\n","protected":false},"author":2,"featured_media":6640,"comment_status":"open","ping_status":"open","sticky":false,"template":"","format":"standard","meta":{"footnotes":""},"categories":[1],"tags":[],"class_list":["post-6639","post","type-post","status-publish","format-standard","has-post-thumbnail","hentry","category-sem-categoria"],"yoast_head":"<!-- This site is optimized with the Yoast SEO plugin v27.2 - https:\/\/yoast.com\/product\/yoast-seo-wordpress\/ -->\n<title>Primeiro dia do Conex\u00e3o Educativa Ub\u00e1 prefeito \u00e9 um dos primeiros a chegar - Ub\u00e1 News<\/title>\n<meta name=\"robots\" content=\"index, follow, max-snippet:-1, max-image-preview:large, max-video-preview:-1\" \/>\n<link rel=\"canonical\" href=\"https:\/\/ubanews.com\/site\/2018\/08\/18\/primeiro-dia-do-conexao-educativa-uba-prefeito-e-um-dos-primeiros-a-chegar\/\" \/>\n<meta property=\"og:locale\" content=\"pt_BR\" \/>\n<meta property=\"og:type\" content=\"article\" \/>\n<meta property=\"og:title\" content=\"Primeiro dia do Conex\u00e3o Educativa Ub\u00e1 prefeito \u00e9 um dos primeiros a chegar - Ub\u00e1 News\" \/>\n<meta property=\"og:description\" content=\"O prefeito Edson Teixeira Filho chegou pontualmente \u00e0s 18h e\" \/>\n<meta property=\"og:url\" content=\"https:\/\/ubanews.com\/site\/2018\/08\/18\/primeiro-dia-do-conexao-educativa-uba-prefeito-e-um-dos-primeiros-a-chegar\/\" \/>\n<meta property=\"og:site_name\" content=\"Ub\u00e1 News\" \/>\n<meta property=\"article:publisher\" content=\"https:\/\/www.facebook.com\/Ub%c3%a1News-Carlos-Roberto-Sodr%c3%a9-418778301977370\" \/>\n<meta property=\"article:author\" content=\"https:\/\/www.facebook.com\/carosroberto.sodre.5\/\" \/>\n<meta property=\"article:published_time\" content=\"2018-08-18T11:32:15+00:00\" \/>\n<meta property=\"article:modified_time\" content=\"2018-08-25T20:50:47+00:00\" \/>\n<meta property=\"og:image\" content=\"https:\/\/ubanews.com\/site\/wp-content\/uploads\/2018\/08\/DSC_4446.jpg\" \/>\n\t<meta property=\"og:image:width\" content=\"800\" \/>\n\t<meta property=\"og:image:height\" content=\"389\" \/>\n\t<meta property=\"og:image:type\" content=\"image\/jpeg\" \/>\n<meta name=\"author\" content=\"Sodr\u00e9\" \/>\n<meta name=\"twitter:card\" content=\"summary_large_image\" \/>\n<meta name=\"twitter:label1\" content=\"Escrito por\" \/>\n\t<meta name=\"twitter:data1\" content=\"Sodr\u00e9\" \/>\n\t<meta name=\"twitter:label2\" content=\"Est. tempo de leitura\" \/>\n\t<meta name=\"twitter:data2\" content=\"3 minutos\" \/>\n<script type=\"application\/ld+json\" class=\"yoast-schema-graph\">{\"@context\":\"https:\/\/schema.org\",\"@graph\":[{\"@type\":\"Article\",\"@id\":\"https:\/\/ubanews.com\/site\/2018\/08\/18\/primeiro-dia-do-conexao-educativa-uba-prefeito-e-um-dos-primeiros-a-chegar\/#article\",\"isPartOf\":{\"@id\":\"https:\/\/ubanews.com\/site\/2018\/08\/18\/primeiro-dia-do-conexao-educativa-uba-prefeito-e-um-dos-primeiros-a-chegar\/\"},\"author\":{\"name\":\"Sodr\u00e9\",\"@id\":\"https:\/\/ubanews.com\/site\/#\/schema\/person\/d90c9e47252fbb63dcc969fe4c8b9d10\"},\"headline\":\"Primeiro dia do Conex\u00e3o Educativa Ub\u00e1 prefeito \u00e9 um dos primeiros a chegar\",\"datePublished\":\"2018-08-18T11:32:15+00:00\",\"dateModified\":\"2018-08-25T20:50:47+00:00\",\"mainEntityOfPage\":{\"@id\":\"https:\/\/ubanews.com\/site\/2018\/08\/18\/primeiro-dia-do-conexao-educativa-uba-prefeito-e-um-dos-primeiros-a-chegar\/\"},\"wordCount\":528,\"commentCount\":0,\"publisher\":{\"@id\":\"https:\/\/ubanews.com\/site\/#organization\"},\"image\":{\"@id\":\"https:\/\/ubanews.com\/site\/2018\/08\/18\/primeiro-dia-do-conexao-educativa-uba-prefeito-e-um-dos-primeiros-a-chegar\/#primaryimage\"},\"thumbnailUrl\":\"https:\/\/ubanews.com\/site\/wp-content\/uploads\/2018\/08\/DSC_4446.jpg\",\"articleSection\":[\"Geral\"],\"inLanguage\":\"pt-BR\",\"potentialAction\":[{\"@type\":\"CommentAction\",\"name\":\"Comment\",\"target\":[\"https:\/\/ubanews.com\/site\/2018\/08\/18\/primeiro-dia-do-conexao-educativa-uba-prefeito-e-um-dos-primeiros-a-chegar\/#respond\"]}]},{\"@type\":\"WebPage\",\"@id\":\"https:\/\/ubanews.com\/site\/2018\/08\/18\/primeiro-dia-do-conexao-educativa-uba-prefeito-e-um-dos-primeiros-a-chegar\/\",\"url\":\"https:\/\/ubanews.com\/site\/2018\/08\/18\/primeiro-dia-do-conexao-educativa-uba-prefeito-e-um-dos-primeiros-a-chegar\/\",\"name\":\"Primeiro dia do Conex\u00e3o Educativa Ub\u00e1 prefeito \u00e9 um dos primeiros a chegar - Ub\u00e1 News\",\"isPartOf\":{\"@id\":\"https:\/\/ubanews.com\/site\/#website\"},\"primaryImageOfPage\":{\"@id\":\"https:\/\/ubanews.com\/site\/2018\/08\/18\/primeiro-dia-do-conexao-educativa-uba-prefeito-e-um-dos-primeiros-a-chegar\/#primaryimage\"},\"image\":{\"@id\":\"https:\/\/ubanews.com\/site\/2018\/08\/18\/primeiro-dia-do-conexao-educativa-uba-prefeito-e-um-dos-primeiros-a-chegar\/#primaryimage\"},\"thumbnailUrl\":\"https:\/\/ubanews.com\/site\/wp-content\/uploads\/2018\/08\/DSC_4446.jpg\",\"datePublished\":\"2018-08-18T11:32:15+00:00\",\"dateModified\":\"2018-08-25T20:50:47+00:00\",\"breadcrumb\":{\"@id\":\"https:\/\/ubanews.com\/site\/2018\/08\/18\/primeiro-dia-do-conexao-educativa-uba-prefeito-e-um-dos-primeiros-a-chegar\/#breadcrumb\"},\"inLanguage\":\"pt-BR\",\"potentialAction\":[{\"@type\":\"ReadAction\",\"target\":[\"https:\/\/ubanews.com\/site\/2018\/08\/18\/primeiro-dia-do-conexao-educativa-uba-prefeito-e-um-dos-primeiros-a-chegar\/\"]}]},{\"@type\":\"ImageObject\",\"inLanguage\":\"pt-BR\",\"@id\":\"https:\/\/ubanews.com\/site\/2018\/08\/18\/primeiro-dia-do-conexao-educativa-uba-prefeito-e-um-dos-primeiros-a-chegar\/#primaryimage\",\"url\":\"https:\/\/ubanews.com\/site\/wp-content\/uploads\/2018\/08\/DSC_4446.jpg\",\"contentUrl\":\"https:\/\/ubanews.com\/site\/wp-content\/uploads\/2018\/08\/DSC_4446.jpg\",\"width\":800,\"height\":389},{\"@type\":\"BreadcrumbList\",\"@id\":\"https:\/\/ubanews.com\/site\/2018\/08\/18\/primeiro-dia-do-conexao-educativa-uba-prefeito-e-um-dos-primeiros-a-chegar\/#breadcrumb\",\"itemListElement\":[{\"@type\":\"ListItem\",\"position\":1,\"name\":\"Home\",\"item\":\"https:\/\/ubanews.com\/site\/\"},{\"@type\":\"ListItem\",\"position\":2,\"name\":\"Primeiro dia do Conex\u00e3o Educativa Ub\u00e1 prefeito \u00e9 um dos primeiros a chegar\"}]},{\"@type\":\"WebSite\",\"@id\":\"https:\/\/ubanews.com\/site\/#website\",\"url\":\"https:\/\/ubanews.com\/site\/\",\"name\":\"Ub\u00e1 News\",\"description\":\"\",\"publisher\":{\"@id\":\"https:\/\/ubanews.com\/site\/#organization\"},\"potentialAction\":[{\"@type\":\"SearchAction\",\"target\":{\"@type\":\"EntryPoint\",\"urlTemplate\":\"https:\/\/ubanews.com\/site\/?s={search_term_string}\"},\"query-input\":{\"@type\":\"PropertyValueSpecification\",\"valueRequired\":true,\"valueName\":\"search_term_string\"}}],\"inLanguage\":\"pt-BR\"},{\"@type\":\"Organization\",\"@id\":\"https:\/\/ubanews.com\/site\/#organization\",\"name\":\"Ub\u00e1 News\",\"url\":\"https:\/\/ubanews.com\/site\/\",\"logo\":{\"@type\":\"ImageObject\",\"inLanguage\":\"pt-BR\",\"@id\":\"https:\/\/ubanews.com\/site\/#\/schema\/logo\/image\/\",\"url\":\"https:\/\/ubanews.com\/site\/wp-content\/uploads\/2018\/01\/logoubanews.png\",\"contentUrl\":\"https:\/\/ubanews.com\/site\/wp-content\/uploads\/2018\/01\/logoubanews.png\",\"width\":261,\"height\":99,\"caption\":\"Ub\u00e1 News\"},\"image\":{\"@id\":\"https:\/\/ubanews.com\/site\/#\/schema\/logo\/image\/\"},\"sameAs\":[\"https:\/\/www.facebook.com\/Ub\u00e1News-Carlos-Roberto-Sodr\u00e9-418778301977370\"]},{\"@type\":\"Person\",\"@id\":\"https:\/\/ubanews.com\/site\/#\/schema\/person\/d90c9e47252fbb63dcc969fe4c8b9d10\",\"name\":\"Sodr\u00e9\",\"image\":{\"@type\":\"ImageObject\",\"inLanguage\":\"pt-BR\",\"@id\":\"https:\/\/secure.gravatar.com\/avatar\/5ba2793f0590b9dbfad3fdec4ee714485b3eef211c9b32ee53d414060454a56c?s=96&d=mm&r=g\",\"url\":\"https:\/\/secure.gravatar.com\/avatar\/5ba2793f0590b9dbfad3fdec4ee714485b3eef211c9b32ee53d414060454a56c?s=96&d=mm&r=g\",\"contentUrl\":\"https:\/\/secure.gravatar.com\/avatar\/5ba2793f0590b9dbfad3fdec4ee714485b3eef211c9b32ee53d414060454a56c?s=96&d=mm&r=g\",\"caption\":\"Sodr\u00e9\"},\"sameAs\":[\"https:\/\/www.facebook.com\/carosroberto.sodre.5\/\"],\"url\":\"https:\/\/ubanews.com\/site\/author\/felipe\/\"}]}<\/script>\n<!-- \/ Yoast SEO plugin. -->","yoast_head_json":{"title":"Primeiro dia do Conex\u00e3o Educativa Ub\u00e1 prefeito \u00e9 um dos primeiros a chegar - Ub\u00e1 News","robots":{"index":"index","follow":"follow","max-snippet":"max-snippet:-1","max-image-preview":"max-image-preview:large","max-video-preview":"max-video-preview:-1"},"canonical":"https:\/\/ubanews.com\/site\/2018\/08\/18\/primeiro-dia-do-conexao-educativa-uba-prefeito-e-um-dos-primeiros-a-chegar\/","og_locale":"pt_BR","og_type":"article","og_title":"Primeiro dia do Conex\u00e3o Educativa Ub\u00e1 prefeito \u00e9 um dos primeiros a chegar - Ub\u00e1 News","og_description":"O prefeito Edson Teixeira Filho chegou pontualmente \u00e0s 18h e","og_url":"https:\/\/ubanews.com\/site\/2018\/08\/18\/primeiro-dia-do-conexao-educativa-uba-prefeito-e-um-dos-primeiros-a-chegar\/","og_site_name":"Ub\u00e1 News","article_publisher":"https:\/\/www.facebook.com\/Ub%c3%a1News-Carlos-Roberto-Sodr%c3%a9-418778301977370","article_author":"https:\/\/www.facebook.com\/carosroberto.sodre.5\/","article_published_time":"2018-08-18T11:32:15+00:00","article_modified_time":"2018-08-25T20:50:47+00:00","og_image":[{"width":800,"height":389,"url":"https:\/\/ubanews.com\/site\/wp-content\/uploads\/2018\/08\/DSC_4446.jpg","type":"image\/jpeg"}],"author":"Sodr\u00e9","twitter_card":"summary_large_image","twitter_misc":{"Escrito por":"Sodr\u00e9","Est. tempo de leitura":"3 minutos"},"schema":{"@context":"https:\/\/schema.org","@graph":[{"@type":"Article","@id":"https:\/\/ubanews.com\/site\/2018\/08\/18\/primeiro-dia-do-conexao-educativa-uba-prefeito-e-um-dos-primeiros-a-chegar\/#article","isPartOf":{"@id":"https:\/\/ubanews.com\/site\/2018\/08\/18\/primeiro-dia-do-conexao-educativa-uba-prefeito-e-um-dos-primeiros-a-chegar\/"},"author":{"name":"Sodr\u00e9","@id":"https:\/\/ubanews.com\/site\/#\/schema\/person\/d90c9e47252fbb63dcc969fe4c8b9d10"},"headline":"Primeiro dia do Conex\u00e3o Educativa Ub\u00e1 prefeito \u00e9 um dos primeiros a chegar","datePublished":"2018-08-18T11:32:15+00:00","dateModified":"2018-08-25T20:50:47+00:00","mainEntityOfPage":{"@id":"https:\/\/ubanews.com\/site\/2018\/08\/18\/primeiro-dia-do-conexao-educativa-uba-prefeito-e-um-dos-primeiros-a-chegar\/"},"wordCount":528,"commentCount":0,"publisher":{"@id":"https:\/\/ubanews.com\/site\/#organization"},"image":{"@id":"https:\/\/ubanews.com\/site\/2018\/08\/18\/primeiro-dia-do-conexao-educativa-uba-prefeito-e-um-dos-primeiros-a-chegar\/#primaryimage"},"thumbnailUrl":"https:\/\/ubanews.com\/site\/wp-content\/uploads\/2018\/08\/DSC_4446.jpg","articleSection":["Geral"],"inLanguage":"pt-BR","potentialAction":[{"@type":"CommentAction","name":"Comment","target":["https:\/\/ubanews.com\/site\/2018\/08\/18\/primeiro-dia-do-conexao-educativa-uba-prefeito-e-um-dos-primeiros-a-chegar\/#respond"]}]},{"@type":"WebPage","@id":"https:\/\/ubanews.com\/site\/2018\/08\/18\/primeiro-dia-do-conexao-educativa-uba-prefeito-e-um-dos-primeiros-a-chegar\/","url":"https:\/\/ubanews.com\/site\/2018\/08\/18\/primeiro-dia-do-conexao-educativa-uba-prefeito-e-um-dos-primeiros-a-chegar\/","name":"Primeiro dia do Conex\u00e3o Educativa Ub\u00e1 prefeito \u00e9 um dos primeiros a chegar - Ub\u00e1 News","isPartOf":{"@id":"https:\/\/ubanews.com\/site\/#website"},"primaryImageOfPage":{"@id":"https:\/\/ubanews.com\/site\/2018\/08\/18\/primeiro-dia-do-conexao-educativa-uba-prefeito-e-um-dos-primeiros-a-chegar\/#primaryimage"},"image":{"@id":"https:\/\/ubanews.com\/site\/2018\/08\/18\/primeiro-dia-do-conexao-educativa-uba-prefeito-e-um-dos-primeiros-a-chegar\/#primaryimage"},"thumbnailUrl":"https:\/\/ubanews.com\/site\/wp-content\/uploads\/2018\/08\/DSC_4446.jpg","datePublished":"2018-08-18T11:32:15+00:00","dateModified":"2018-08-25T20:50:47+00:00","breadcrumb":{"@id":"https:\/\/ubanews.com\/site\/2018\/08\/18\/primeiro-dia-do-conexao-educativa-uba-prefeito-e-um-dos-primeiros-a-chegar\/#breadcrumb"},"inLanguage":"pt-BR","potentialAction":[{"@type":"ReadAction","target":["https:\/\/ubanews.com\/site\/2018\/08\/18\/primeiro-dia-do-conexao-educativa-uba-prefeito-e-um-dos-primeiros-a-chegar\/"]}]},{"@type":"ImageObject","inLanguage":"pt-BR","@id":"https:\/\/ubanews.com\/site\/2018\/08\/18\/primeiro-dia-do-conexao-educativa-uba-prefeito-e-um-dos-primeiros-a-chegar\/#primaryimage","url":"https:\/\/ubanews.com\/site\/wp-content\/uploads\/2018\/08\/DSC_4446.jpg","contentUrl":"https:\/\/ubanews.com\/site\/wp-content\/uploads\/2018\/08\/DSC_4446.jpg","width":800,"height":389},{"@type":"BreadcrumbList","@id":"https:\/\/ubanews.com\/site\/2018\/08\/18\/primeiro-dia-do-conexao-educativa-uba-prefeito-e-um-dos-primeiros-a-chegar\/#breadcrumb","itemListElement":[{"@type":"ListItem","position":1,"name":"Home","item":"https:\/\/ubanews.com\/site\/"},{"@type":"ListItem","position":2,"name":"Primeiro dia do Conex\u00e3o Educativa Ub\u00e1 prefeito \u00e9 um dos primeiros a chegar"}]},{"@type":"WebSite","@id":"https:\/\/ubanews.com\/site\/#website","url":"https:\/\/ubanews.com\/site\/","name":"Ub\u00e1 News","description":"","publisher":{"@id":"https:\/\/ubanews.com\/site\/#organization"},"potentialAction":[{"@type":"SearchAction","target":{"@type":"EntryPoint","urlTemplate":"https:\/\/ubanews.com\/site\/?s={search_term_string}"},"query-input":{"@type":"PropertyValueSpecification","valueRequired":true,"valueName":"search_term_string"}}],"inLanguage":"pt-BR"},{"@type":"Organization","@id":"https:\/\/ubanews.com\/site\/#organization","name":"Ub\u00e1 News","url":"https:\/\/ubanews.com\/site\/","logo":{"@type":"ImageObject","inLanguage":"pt-BR","@id":"https:\/\/ubanews.com\/site\/#\/schema\/logo\/image\/","url":"https:\/\/ubanews.com\/site\/wp-content\/uploads\/2018\/01\/logoubanews.png","contentUrl":"https:\/\/ubanews.com\/site\/wp-content\/uploads\/2018\/01\/logoubanews.png","width":261,"height":99,"caption":"Ub\u00e1 News"},"image":{"@id":"https:\/\/ubanews.com\/site\/#\/schema\/logo\/image\/"},"sameAs":["https:\/\/www.facebook.com\/Ub\u00e1News-Carlos-Roberto-Sodr\u00e9-418778301977370"]},{"@type":"Person","@id":"https:\/\/ubanews.com\/site\/#\/schema\/person\/d90c9e47252fbb63dcc969fe4c8b9d10","name":"Sodr\u00e9","image":{"@type":"ImageObject","inLanguage":"pt-BR","@id":"https:\/\/secure.gravatar.com\/avatar\/5ba2793f0590b9dbfad3fdec4ee714485b3eef211c9b32ee53d414060454a56c?s=96&d=mm&r=g","url":"https:\/\/secure.gravatar.com\/avatar\/5ba2793f0590b9dbfad3fdec4ee714485b3eef211c9b32ee53d414060454a56c?s=96&d=mm&r=g","contentUrl":"https:\/\/secure.gravatar.com\/avatar\/5ba2793f0590b9dbfad3fdec4ee714485b3eef211c9b32ee53d414060454a56c?s=96&d=mm&r=g","caption":"Sodr\u00e9"},"sameAs":["https:\/\/www.facebook.com\/carosroberto.sodre.5\/"],"url":"https:\/\/ubanews.com\/site\/author\/felipe\/"}]}},"_links":{"self":[{"href":"https:\/\/ubanews.com\/site\/wp-json\/wp\/v2\/posts\/6639","targetHints":{"allow":["GET"]}}],"collection":[{"href":"https:\/\/ubanews.com\/site\/wp-json\/wp\/v2\/posts"}],"about":[{"href":"https:\/\/ubanews.com\/site\/wp-json\/wp\/v2\/types\/post"}],"author":[{"embeddable":true,"href":"https:\/\/ubanews.com\/site\/wp-json\/wp\/v2\/users\/2"}],"replies":[{"embeddable":true,"href":"https:\/\/ubanews.com\/site\/wp-json\/wp\/v2\/comments?post=6639"}],"version-history":[{"count":0,"href":"https:\/\/ubanews.com\/site\/wp-json\/wp\/v2\/posts\/6639\/revisions"}],"wp:featuredmedia":[{"embeddable":true,"href":"https:\/\/ubanews.com\/site\/wp-json\/wp\/v2\/media\/6640"}],"wp:attachment":[{"href":"https:\/\/ubanews.com\/site\/wp-json\/wp\/v2\/media?parent=6639"}],"wp:term":[{"taxonomy":"category","embeddable":true,"href":"https:\/\/ubanews.com\/site\/wp-json\/wp\/v2\/categories?post=6639"},{"taxonomy":"post_tag","embeddable":true,"href":"https:\/\/ubanews.com\/site\/wp-json\/wp\/v2\/tags?post=6639"}],"curies":[{"name":"wp","href":"https:\/\/api.w.org\/{rel}","templated":true}]}}