{"id":6637,"date":"2018-08-18T08:33:00","date_gmt":"2018-08-18T11:33:00","guid":{"rendered":"http:\/\/ubanews.com\/site\/?p=6637"},"modified":"2018-08-25T17:50:53","modified_gmt":"2018-08-25T20:50:53","slug":"professora-da-rede-municipal-teve-projeto-escolhido-para-apresentar-em-um-congresso-no-estado-da-bahia","status":"publish","type":"post","link":"https:\/\/ubanews.com\/site\/2018\/08\/18\/professora-da-rede-municipal-teve-projeto-escolhido-para-apresentar-em-um-congresso-no-estado-da-bahia\/","title":{"rendered":"PROFESSORA DA REDE MUNICIPAL TEVE PROJETO ESCOLHIDO PARA APRESENTAR EM UM CONGRESSO NO ESTADO DA BAHIA"},"content":{"rendered":"<p><!--more-->A professora de Educa\u00e7\u00e3o B\u00e1sica Aline Monteze saiu muito feliz do Conex\u00e3o Educativa Ub\u00e1 (Congresso de Educa\u00e7\u00e3o) que vai de 16 a 18 de agosto Parque de Exposi\u00e7\u00f5es Irineu Gomes Filho (Horto Florestal). A educadora estava especialmente feliz pelo fato de um de seus projetos j\u00e1 executados na escola, onde trabalha, Curumim 2, no bairro Cohab, foi escolhido, passando por um rigoroso crit\u00e9rio de escola, para ser apresentado em um congresso no Estado da Bahia, nos pr\u00f3ximos meses. Aline salientou que outras colegas tamb\u00e9m tiveram outros trabalhos escolhidos, por isso ela saiu vibrando do recinto! Muito sol\u00edcita, Aline conversou com \u00e0 equipe do site Ub\u00e1 News.<\/p>\n<p><iframe data-src=\"https:\/\/www.youtube.com\/embed\/H6EH6RCPlmw\" width=\"560\" height=\"315\" frameborder=\"0\" allowfullscreen=\"allowfullscreen\" src=\"data:image\/svg+xml;base64,PHN2ZyB3aWR0aD0iMSIgaGVpZ2h0PSIxIiB4bWxucz0iaHR0cDovL3d3dy53My5vcmcvMjAwMC9zdmciPjwvc3ZnPg==\" class=\"lazyload\" data-load-mode=\"1\"><\/iframe><\/p>\n","protected":false},"excerpt":{"rendered":"","protected":false},"author":2,"featured_media":6638,"comment_status":"open","ping_status":"open","sticky":false,"template":"","format":"standard","meta":{"footnotes":""},"categories":[1],"tags":[],"class_list":["post-6637","post","type-post","status-publish","format-standard","has-post-thumbnail","hentry","category-sem-categoria"],"yoast_head":"<!-- This site is optimized with the Yoast SEO plugin v27.2 - https:\/\/yoast.com\/product\/yoast-seo-wordpress\/ -->\n<title>PROFESSORA DA REDE MUNICIPAL TEVE PROJETO ESCOLHIDO PARA APRESENTAR EM UM CONGRESSO NO ESTADO DA BAHIA - Ub\u00e1 News<\/title>\n<meta name=\"robots\" content=\"index, follow, max-snippet:-1, max-image-preview:large, max-video-preview:-1\" \/>\n<link rel=\"canonical\" href=\"https:\/\/ubanews.com\/site\/2018\/08\/18\/professora-da-rede-municipal-teve-projeto-escolhido-para-apresentar-em-um-congresso-no-estado-da-bahia\/\" \/>\n<meta property=\"og:locale\" content=\"pt_BR\" \/>\n<meta property=\"og:type\" content=\"article\" \/>\n<meta property=\"og:title\" content=\"PROFESSORA DA REDE MUNICIPAL TEVE PROJETO ESCOLHIDO PARA APRESENTAR EM UM CONGRESSO NO ESTADO DA BAHIA - Ub\u00e1 News\" \/>\n<meta property=\"og:url\" content=\"https:\/\/ubanews.com\/site\/2018\/08\/18\/professora-da-rede-municipal-teve-projeto-escolhido-para-apresentar-em-um-congresso-no-estado-da-bahia\/\" \/>\n<meta property=\"og:site_name\" content=\"Ub\u00e1 News\" \/>\n<meta property=\"article:publisher\" content=\"https:\/\/www.facebook.com\/Ub%c3%a1News-Carlos-Roberto-Sodr%c3%a9-418778301977370\" \/>\n<meta property=\"article:author\" content=\"https:\/\/www.facebook.com\/carosroberto.sodre.5\/\" \/>\n<meta property=\"article:published_time\" content=\"2018-08-18T11:33:00+00:00\" \/>\n<meta property=\"article:modified_time\" content=\"2018-08-25T20:50:53+00:00\" \/>\n<meta property=\"og:image\" content=\"https:\/\/ubanews.com\/site\/wp-content\/uploads\/2018\/08\/034-1.jpg\" \/>\n\t<meta property=\"og:image:width\" content=\"800\" \/>\n\t<meta property=\"og:image:height\" content=\"389\" \/>\n\t<meta property=\"og:image:type\" content=\"image\/jpeg\" \/>\n<meta name=\"author\" content=\"Sodr\u00e9\" \/>\n<meta name=\"twitter:card\" content=\"summary_large_image\" \/>\n<meta name=\"twitter:label1\" content=\"Escrito por\" \/>\n\t<meta name=\"twitter:data1\" content=\"Sodr\u00e9\" \/>\n\t<meta name=\"twitter:label2\" content=\"Est. tempo de leitura\" \/>\n\t<meta name=\"twitter:data2\" content=\"1 minuto\" \/>\n<script type=\"application\/ld+json\" class=\"yoast-schema-graph\">{\"@context\":\"https:\/\/schema.org\",\"@graph\":[{\"@type\":\"Article\",\"@id\":\"https:\/\/ubanews.com\/site\/2018\/08\/18\/professora-da-rede-municipal-teve-projeto-escolhido-para-apresentar-em-um-congresso-no-estado-da-bahia\/#article\",\"isPartOf\":{\"@id\":\"https:\/\/ubanews.com\/site\/2018\/08\/18\/professora-da-rede-municipal-teve-projeto-escolhido-para-apresentar-em-um-congresso-no-estado-da-bahia\/\"},\"author\":{\"name\":\"Sodr\u00e9\",\"@id\":\"https:\/\/ubanews.com\/site\/#\/schema\/person\/d90c9e47252fbb63dcc969fe4c8b9d10\"},\"headline\":\"PROFESSORA DA REDE MUNICIPAL TEVE PROJETO ESCOLHIDO PARA APRESENTAR EM UM CONGRESSO NO ESTADO DA BAHIA\",\"datePublished\":\"2018-08-18T11:33:00+00:00\",\"dateModified\":\"2018-08-25T20:50:53+00:00\",\"mainEntityOfPage\":{\"@id\":\"https:\/\/ubanews.com\/site\/2018\/08\/18\/professora-da-rede-municipal-teve-projeto-escolhido-para-apresentar-em-um-congresso-no-estado-da-bahia\/\"},\"wordCount\":127,\"commentCount\":0,\"publisher\":{\"@id\":\"https:\/\/ubanews.com\/site\/#organization\"},\"image\":{\"@id\":\"https:\/\/ubanews.com\/site\/2018\/08\/18\/professora-da-rede-municipal-teve-projeto-escolhido-para-apresentar-em-um-congresso-no-estado-da-bahia\/#primaryimage\"},\"thumbnailUrl\":\"https:\/\/ubanews.com\/site\/wp-content\/uploads\/2018\/08\/034-1.jpg\",\"articleSection\":[\"Geral\"],\"inLanguage\":\"pt-BR\",\"potentialAction\":[{\"@type\":\"CommentAction\",\"name\":\"Comment\",\"target\":[\"https:\/\/ubanews.com\/site\/2018\/08\/18\/professora-da-rede-municipal-teve-projeto-escolhido-para-apresentar-em-um-congresso-no-estado-da-bahia\/#respond\"]}]},{\"@type\":\"WebPage\",\"@id\":\"https:\/\/ubanews.com\/site\/2018\/08\/18\/professora-da-rede-municipal-teve-projeto-escolhido-para-apresentar-em-um-congresso-no-estado-da-bahia\/\",\"url\":\"https:\/\/ubanews.com\/site\/2018\/08\/18\/professora-da-rede-municipal-teve-projeto-escolhido-para-apresentar-em-um-congresso-no-estado-da-bahia\/\",\"name\":\"PROFESSORA DA REDE MUNICIPAL TEVE PROJETO ESCOLHIDO PARA APRESENTAR EM UM CONGRESSO NO ESTADO DA BAHIA - Ub\u00e1 News\",\"isPartOf\":{\"@id\":\"https:\/\/ubanews.com\/site\/#website\"},\"primaryImageOfPage\":{\"@id\":\"https:\/\/ubanews.com\/site\/2018\/08\/18\/professora-da-rede-municipal-teve-projeto-escolhido-para-apresentar-em-um-congresso-no-estado-da-bahia\/#primaryimage\"},\"image\":{\"@id\":\"https:\/\/ubanews.com\/site\/2018\/08\/18\/professora-da-rede-municipal-teve-projeto-escolhido-para-apresentar-em-um-congresso-no-estado-da-bahia\/#primaryimage\"},\"thumbnailUrl\":\"https:\/\/ubanews.com\/site\/wp-content\/uploads\/2018\/08\/034-1.jpg\",\"datePublished\":\"2018-08-18T11:33:00+00:00\",\"dateModified\":\"2018-08-25T20:50:53+00:00\",\"breadcrumb\":{\"@id\":\"https:\/\/ubanews.com\/site\/2018\/08\/18\/professora-da-rede-municipal-teve-projeto-escolhido-para-apresentar-em-um-congresso-no-estado-da-bahia\/#breadcrumb\"},\"inLanguage\":\"pt-BR\",\"potentialAction\":[{\"@type\":\"ReadAction\",\"target\":[\"https:\/\/ubanews.com\/site\/2018\/08\/18\/professora-da-rede-municipal-teve-projeto-escolhido-para-apresentar-em-um-congresso-no-estado-da-bahia\/\"]}]},{\"@type\":\"ImageObject\",\"inLanguage\":\"pt-BR\",\"@id\":\"https:\/\/ubanews.com\/site\/2018\/08\/18\/professora-da-rede-municipal-teve-projeto-escolhido-para-apresentar-em-um-congresso-no-estado-da-bahia\/#primaryimage\",\"url\":\"https:\/\/ubanews.com\/site\/wp-content\/uploads\/2018\/08\/034-1.jpg\",\"contentUrl\":\"https:\/\/ubanews.com\/site\/wp-content\/uploads\/2018\/08\/034-1.jpg\",\"width\":800,\"height\":389},{\"@type\":\"BreadcrumbList\",\"@id\":\"https:\/\/ubanews.com\/site\/2018\/08\/18\/professora-da-rede-municipal-teve-projeto-escolhido-para-apresentar-em-um-congresso-no-estado-da-bahia\/#breadcrumb\",\"itemListElement\":[{\"@type\":\"ListItem\",\"position\":1,\"name\":\"Home\",\"item\":\"https:\/\/ubanews.com\/site\/\"},{\"@type\":\"ListItem\",\"position\":2,\"name\":\"PROFESSORA DA REDE MUNICIPAL TEVE PROJETO ESCOLHIDO PARA APRESENTAR EM UM CONGRESSO NO ESTADO DA BAHIA\"}]},{\"@type\":\"WebSite\",\"@id\":\"https:\/\/ubanews.com\/site\/#website\",\"url\":\"https:\/\/ubanews.com\/site\/\",\"name\":\"Ub\u00e1 News\",\"description\":\"\",\"publisher\":{\"@id\":\"https:\/\/ubanews.com\/site\/#organization\"},\"potentialAction\":[{\"@type\":\"SearchAction\",\"target\":{\"@type\":\"EntryPoint\",\"urlTemplate\":\"https:\/\/ubanews.com\/site\/?s={search_term_string}\"},\"query-input\":{\"@type\":\"PropertyValueSpecification\",\"valueRequired\":true,\"valueName\":\"search_term_string\"}}],\"inLanguage\":\"pt-BR\"},{\"@type\":\"Organization\",\"@id\":\"https:\/\/ubanews.com\/site\/#organization\",\"name\":\"Ub\u00e1 News\",\"url\":\"https:\/\/ubanews.com\/site\/\",\"logo\":{\"@type\":\"ImageObject\",\"inLanguage\":\"pt-BR\",\"@id\":\"https:\/\/ubanews.com\/site\/#\/schema\/logo\/image\/\",\"url\":\"https:\/\/ubanews.com\/site\/wp-content\/uploads\/2018\/01\/logoubanews.png\",\"contentUrl\":\"https:\/\/ubanews.com\/site\/wp-content\/uploads\/2018\/01\/logoubanews.png\",\"width\":261,\"height\":99,\"caption\":\"Ub\u00e1 News\"},\"image\":{\"@id\":\"https:\/\/ubanews.com\/site\/#\/schema\/logo\/image\/\"},\"sameAs\":[\"https:\/\/www.facebook.com\/Ub\u00e1News-Carlos-Roberto-Sodr\u00e9-418778301977370\"]},{\"@type\":\"Person\",\"@id\":\"https:\/\/ubanews.com\/site\/#\/schema\/person\/d90c9e47252fbb63dcc969fe4c8b9d10\",\"name\":\"Sodr\u00e9\",\"image\":{\"@type\":\"ImageObject\",\"inLanguage\":\"pt-BR\",\"@id\":\"https:\/\/secure.gravatar.com\/avatar\/5ba2793f0590b9dbfad3fdec4ee714485b3eef211c9b32ee53d414060454a56c?s=96&d=mm&r=g\",\"url\":\"https:\/\/secure.gravatar.com\/avatar\/5ba2793f0590b9dbfad3fdec4ee714485b3eef211c9b32ee53d414060454a56c?s=96&d=mm&r=g\",\"contentUrl\":\"https:\/\/secure.gravatar.com\/avatar\/5ba2793f0590b9dbfad3fdec4ee714485b3eef211c9b32ee53d414060454a56c?s=96&d=mm&r=g\",\"caption\":\"Sodr\u00e9\"},\"sameAs\":[\"https:\/\/www.facebook.com\/carosroberto.sodre.5\/\"],\"url\":\"https:\/\/ubanews.com\/site\/author\/felipe\/\"}]}<\/script>\n<!-- \/ Yoast SEO plugin. -->","yoast_head_json":{"title":"PROFESSORA DA REDE MUNICIPAL TEVE PROJETO ESCOLHIDO PARA APRESENTAR EM UM CONGRESSO NO ESTADO DA BAHIA - Ub\u00e1 News","robots":{"index":"index","follow":"follow","max-snippet":"max-snippet:-1","max-image-preview":"max-image-preview:large","max-video-preview":"max-video-preview:-1"},"canonical":"https:\/\/ubanews.com\/site\/2018\/08\/18\/professora-da-rede-municipal-teve-projeto-escolhido-para-apresentar-em-um-congresso-no-estado-da-bahia\/","og_locale":"pt_BR","og_type":"article","og_title":"PROFESSORA DA REDE MUNICIPAL TEVE PROJETO ESCOLHIDO PARA APRESENTAR EM UM CONGRESSO NO ESTADO DA BAHIA - Ub\u00e1 News","og_url":"https:\/\/ubanews.com\/site\/2018\/08\/18\/professora-da-rede-municipal-teve-projeto-escolhido-para-apresentar-em-um-congresso-no-estado-da-bahia\/","og_site_name":"Ub\u00e1 News","article_publisher":"https:\/\/www.facebook.com\/Ub%c3%a1News-Carlos-Roberto-Sodr%c3%a9-418778301977370","article_author":"https:\/\/www.facebook.com\/carosroberto.sodre.5\/","article_published_time":"2018-08-18T11:33:00+00:00","article_modified_time":"2018-08-25T20:50:53+00:00","og_image":[{"width":800,"height":389,"url":"https:\/\/ubanews.com\/site\/wp-content\/uploads\/2018\/08\/034-1.jpg","type":"image\/jpeg"}],"author":"Sodr\u00e9","twitter_card":"summary_large_image","twitter_misc":{"Escrito por":"Sodr\u00e9","Est. tempo de leitura":"1 minuto"},"schema":{"@context":"https:\/\/schema.org","@graph":[{"@type":"Article","@id":"https:\/\/ubanews.com\/site\/2018\/08\/18\/professora-da-rede-municipal-teve-projeto-escolhido-para-apresentar-em-um-congresso-no-estado-da-bahia\/#article","isPartOf":{"@id":"https:\/\/ubanews.com\/site\/2018\/08\/18\/professora-da-rede-municipal-teve-projeto-escolhido-para-apresentar-em-um-congresso-no-estado-da-bahia\/"},"author":{"name":"Sodr\u00e9","@id":"https:\/\/ubanews.com\/site\/#\/schema\/person\/d90c9e47252fbb63dcc969fe4c8b9d10"},"headline":"PROFESSORA DA REDE MUNICIPAL TEVE PROJETO ESCOLHIDO PARA APRESENTAR EM UM CONGRESSO NO ESTADO DA BAHIA","datePublished":"2018-08-18T11:33:00+00:00","dateModified":"2018-08-25T20:50:53+00:00","mainEntityOfPage":{"@id":"https:\/\/ubanews.com\/site\/2018\/08\/18\/professora-da-rede-municipal-teve-projeto-escolhido-para-apresentar-em-um-congresso-no-estado-da-bahia\/"},"wordCount":127,"commentCount":0,"publisher":{"@id":"https:\/\/ubanews.com\/site\/#organization"},"image":{"@id":"https:\/\/ubanews.com\/site\/2018\/08\/18\/professora-da-rede-municipal-teve-projeto-escolhido-para-apresentar-em-um-congresso-no-estado-da-bahia\/#primaryimage"},"thumbnailUrl":"https:\/\/ubanews.com\/site\/wp-content\/uploads\/2018\/08\/034-1.jpg","articleSection":["Geral"],"inLanguage":"pt-BR","potentialAction":[{"@type":"CommentAction","name":"Comment","target":["https:\/\/ubanews.com\/site\/2018\/08\/18\/professora-da-rede-municipal-teve-projeto-escolhido-para-apresentar-em-um-congresso-no-estado-da-bahia\/#respond"]}]},{"@type":"WebPage","@id":"https:\/\/ubanews.com\/site\/2018\/08\/18\/professora-da-rede-municipal-teve-projeto-escolhido-para-apresentar-em-um-congresso-no-estado-da-bahia\/","url":"https:\/\/ubanews.com\/site\/2018\/08\/18\/professora-da-rede-municipal-teve-projeto-escolhido-para-apresentar-em-um-congresso-no-estado-da-bahia\/","name":"PROFESSORA DA REDE MUNICIPAL TEVE PROJETO ESCOLHIDO PARA APRESENTAR EM UM CONGRESSO NO ESTADO DA BAHIA - Ub\u00e1 News","isPartOf":{"@id":"https:\/\/ubanews.com\/site\/#website"},"primaryImageOfPage":{"@id":"https:\/\/ubanews.com\/site\/2018\/08\/18\/professora-da-rede-municipal-teve-projeto-escolhido-para-apresentar-em-um-congresso-no-estado-da-bahia\/#primaryimage"},"image":{"@id":"https:\/\/ubanews.com\/site\/2018\/08\/18\/professora-da-rede-municipal-teve-projeto-escolhido-para-apresentar-em-um-congresso-no-estado-da-bahia\/#primaryimage"},"thumbnailUrl":"https:\/\/ubanews.com\/site\/wp-content\/uploads\/2018\/08\/034-1.jpg","datePublished":"2018-08-18T11:33:00+00:00","dateModified":"2018-08-25T20:50:53+00:00","breadcrumb":{"@id":"https:\/\/ubanews.com\/site\/2018\/08\/18\/professora-da-rede-municipal-teve-projeto-escolhido-para-apresentar-em-um-congresso-no-estado-da-bahia\/#breadcrumb"},"inLanguage":"pt-BR","potentialAction":[{"@type":"ReadAction","target":["https:\/\/ubanews.com\/site\/2018\/08\/18\/professora-da-rede-municipal-teve-projeto-escolhido-para-apresentar-em-um-congresso-no-estado-da-bahia\/"]}]},{"@type":"ImageObject","inLanguage":"pt-BR","@id":"https:\/\/ubanews.com\/site\/2018\/08\/18\/professora-da-rede-municipal-teve-projeto-escolhido-para-apresentar-em-um-congresso-no-estado-da-bahia\/#primaryimage","url":"https:\/\/ubanews.com\/site\/wp-content\/uploads\/2018\/08\/034-1.jpg","contentUrl":"https:\/\/ubanews.com\/site\/wp-content\/uploads\/2018\/08\/034-1.jpg","width":800,"height":389},{"@type":"BreadcrumbList","@id":"https:\/\/ubanews.com\/site\/2018\/08\/18\/professora-da-rede-municipal-teve-projeto-escolhido-para-apresentar-em-um-congresso-no-estado-da-bahia\/#breadcrumb","itemListElement":[{"@type":"ListItem","position":1,"name":"Home","item":"https:\/\/ubanews.com\/site\/"},{"@type":"ListItem","position":2,"name":"PROFESSORA DA REDE MUNICIPAL TEVE PROJETO ESCOLHIDO PARA APRESENTAR EM UM CONGRESSO NO ESTADO DA BAHIA"}]},{"@type":"WebSite","@id":"https:\/\/ubanews.com\/site\/#website","url":"https:\/\/ubanews.com\/site\/","name":"Ub\u00e1 News","description":"","publisher":{"@id":"https:\/\/ubanews.com\/site\/#organization"},"potentialAction":[{"@type":"SearchAction","target":{"@type":"EntryPoint","urlTemplate":"https:\/\/ubanews.com\/site\/?s={search_term_string}"},"query-input":{"@type":"PropertyValueSpecification","valueRequired":true,"valueName":"search_term_string"}}],"inLanguage":"pt-BR"},{"@type":"Organization","@id":"https:\/\/ubanews.com\/site\/#organization","name":"Ub\u00e1 News","url":"https:\/\/ubanews.com\/site\/","logo":{"@type":"ImageObject","inLanguage":"pt-BR","@id":"https:\/\/ubanews.com\/site\/#\/schema\/logo\/image\/","url":"https:\/\/ubanews.com\/site\/wp-content\/uploads\/2018\/01\/logoubanews.png","contentUrl":"https:\/\/ubanews.com\/site\/wp-content\/uploads\/2018\/01\/logoubanews.png","width":261,"height":99,"caption":"Ub\u00e1 News"},"image":{"@id":"https:\/\/ubanews.com\/site\/#\/schema\/logo\/image\/"},"sameAs":["https:\/\/www.facebook.com\/Ub\u00e1News-Carlos-Roberto-Sodr\u00e9-418778301977370"]},{"@type":"Person","@id":"https:\/\/ubanews.com\/site\/#\/schema\/person\/d90c9e47252fbb63dcc969fe4c8b9d10","name":"Sodr\u00e9","image":{"@type":"ImageObject","inLanguage":"pt-BR","@id":"https:\/\/secure.gravatar.com\/avatar\/5ba2793f0590b9dbfad3fdec4ee714485b3eef211c9b32ee53d414060454a56c?s=96&d=mm&r=g","url":"https:\/\/secure.gravatar.com\/avatar\/5ba2793f0590b9dbfad3fdec4ee714485b3eef211c9b32ee53d414060454a56c?s=96&d=mm&r=g","contentUrl":"https:\/\/secure.gravatar.com\/avatar\/5ba2793f0590b9dbfad3fdec4ee714485b3eef211c9b32ee53d414060454a56c?s=96&d=mm&r=g","caption":"Sodr\u00e9"},"sameAs":["https:\/\/www.facebook.com\/carosroberto.sodre.5\/"],"url":"https:\/\/ubanews.com\/site\/author\/felipe\/"}]}},"_links":{"self":[{"href":"https:\/\/ubanews.com\/site\/wp-json\/wp\/v2\/posts\/6637","targetHints":{"allow":["GET"]}}],"collection":[{"href":"https:\/\/ubanews.com\/site\/wp-json\/wp\/v2\/posts"}],"about":[{"href":"https:\/\/ubanews.com\/site\/wp-json\/wp\/v2\/types\/post"}],"author":[{"embeddable":true,"href":"https:\/\/ubanews.com\/site\/wp-json\/wp\/v2\/users\/2"}],"replies":[{"embeddable":true,"href":"https:\/\/ubanews.com\/site\/wp-json\/wp\/v2\/comments?post=6637"}],"version-history":[{"count":0,"href":"https:\/\/ubanews.com\/site\/wp-json\/wp\/v2\/posts\/6637\/revisions"}],"wp:featuredmedia":[{"embeddable":true,"href":"https:\/\/ubanews.com\/site\/wp-json\/wp\/v2\/media\/6638"}],"wp:attachment":[{"href":"https:\/\/ubanews.com\/site\/wp-json\/wp\/v2\/media?parent=6637"}],"wp:term":[{"taxonomy":"category","embeddable":true,"href":"https:\/\/ubanews.com\/site\/wp-json\/wp\/v2\/categories?post=6637"},{"taxonomy":"post_tag","embeddable":true,"href":"https:\/\/ubanews.com\/site\/wp-json\/wp\/v2\/tags?post=6637"}],"curies":[{"name":"wp","href":"https:\/\/api.w.org\/{rel}","templated":true}]}}