{"id":6521,"date":"2018-08-15T11:01:54","date_gmt":"2018-08-15T14:01:54","guid":{"rendered":"http:\/\/ubanews.com\/site\/?p=6521"},"modified":"2018-08-15T11:28:21","modified_gmt":"2018-08-15T14:28:21","slug":"autor-por-varias-passagens-pela-policia-e-preso-por-trafico-de-drogas","status":"publish","type":"post","link":"https:\/\/ubanews.com\/site\/2018\/08\/15\/autor-por-varias-passagens-pela-policia-e-preso-por-trafico-de-drogas\/","title":{"rendered":"AUTOR COM V\u00c1RIAS PASSAGENS PELA POL\u00cdCIA \u00c9 PRESO POR TR\u00c1FICO DE DROGAS"},"content":{"rendered":"<p>No dia 14 de agosto \u00e0s 20h e 34min a Pol\u00edcia Militar realizava patrulhamento pela Rua S\u00e3o Jonas quando os militares visualizaram um individuo realizando o com\u00e9rcio de entorpecentes, pr\u00f3ximo a um escad\u00e3o. Diante do flagrante os militares deslocaram-se rapidamente ao se aproximarem os indiv\u00edduos ao perceberem a presen\u00e7a policial fugiram pelo escad\u00e3o, sendo perseguidos pela guarni\u00e7\u00e3o policial, tendo alguns dos autores se dividido, saindo alguns na Rua 3 e outros descendo para a Rua 2. Um dos indiv\u00edduos que trajava blusa cinza e bermuda azul, tamb\u00e9m visto durante a venda das drogas, acabou correndo para uma rua sem sa\u00edda, sendo alcan\u00e7ado e abordado pelos militares.<\/p>\n<p>Gilmar Arantes Marliere de 28 anos foi contido e ao ser feito uma varredura pela rua da fuga foi encontrada uma sacola pl\u00e1stica contendo: 45 pedras de subst\u00e2ncia entorpecente semelhante \u00e0 crack, 23 pinos pequenos de subst\u00e2ncia entorpecente semelhante \u00e0 coca\u00edna, 37 pinos m\u00e9dios de subst\u00e2ncia entorpecente semelhante \u00e0 coca\u00edna, 01 pino grande de subst\u00e2ncia entorpecente semelhante \u00e0 coca\u00edna. Ao ser procedida busca pessoal foi encontrado com Gilmar um celular Moto G preto e R$12,35.<\/p>\n<p>Gilmar Arantes Marliere foi preso e conduzido at\u00e9 a Delegacia de Pol\u00edcia Civil com as subst\u00e2ncias entorpecentes e o dinheiro apreendidos.<\/p>\n<p>Passagens policiais de Gilmar Arantes Marliere:&nbsp;Amea\u00e7a em 11\/02\/2014, 21\/02\/2016; les\u00e3o corporal em 06\/08\/2012; vias de fato\/agress\u00e3o em 05\/12\/2010, 11\/04\/2011; roubo em 09\/02\/2010; tr\u00e1fico de drogas em 24\/03\/2016, 02\/04\/2012, 09\/04\/2011.<\/p>\n<p><strong>ASSESSORIA DE COMUNICA\u00c7\u00c3O ORGANIZACIONAL<\/strong><\/p>\n<p><strong><em>Vig\u00e9simo Primeiro Batalh\u00e3o de Pol\u00edcia Militar<\/em><\/strong><\/p>\n","protected":false},"excerpt":{"rendered":"<p>No dia 14 de agosto \u00e0s 20h e 34min a<\/p>\n","protected":false},"author":2,"featured_media":6522,"comment_status":"open","ping_status":"open","sticky":false,"template":"","format":"standard","meta":{"footnotes":""},"categories":[13],"tags":[],"class_list":["post-6521","post","type-post","status-publish","format-standard","has-post-thumbnail","hentry","category-sintese-das-ocorrencias"],"yoast_head":"<!-- This site is optimized with the Yoast SEO plugin v27.2 - https:\/\/yoast.com\/product\/yoast-seo-wordpress\/ -->\n<title>AUTOR COM V\u00c1RIAS PASSAGENS PELA POL\u00cdCIA \u00c9 PRESO POR TR\u00c1FICO DE DROGAS - Ub\u00e1 News<\/title>\n<meta name=\"robots\" content=\"index, follow, max-snippet:-1, max-image-preview:large, max-video-preview:-1\" \/>\n<link rel=\"canonical\" href=\"https:\/\/ubanews.com\/site\/2018\/08\/15\/autor-por-varias-passagens-pela-policia-e-preso-por-trafico-de-drogas\/\" \/>\n<meta property=\"og:locale\" content=\"pt_BR\" \/>\n<meta property=\"og:type\" content=\"article\" \/>\n<meta property=\"og:title\" content=\"AUTOR COM V\u00c1RIAS PASSAGENS PELA POL\u00cdCIA \u00c9 PRESO POR TR\u00c1FICO DE DROGAS - Ub\u00e1 News\" \/>\n<meta property=\"og:description\" content=\"No dia 14 de agosto \u00e0s 20h e 34min a\" \/>\n<meta property=\"og:url\" content=\"https:\/\/ubanews.com\/site\/2018\/08\/15\/autor-por-varias-passagens-pela-policia-e-preso-por-trafico-de-drogas\/\" \/>\n<meta property=\"og:site_name\" content=\"Ub\u00e1 News\" \/>\n<meta property=\"article:publisher\" content=\"https:\/\/www.facebook.com\/Ub%c3%a1News-Carlos-Roberto-Sodr%c3%a9-418778301977370\" \/>\n<meta property=\"article:author\" content=\"https:\/\/www.facebook.com\/carosroberto.sodre.5\/\" \/>\n<meta property=\"article:published_time\" content=\"2018-08-15T14:01:54+00:00\" \/>\n<meta property=\"article:modified_time\" content=\"2018-08-15T14:28:21+00:00\" \/>\n<meta property=\"og:image\" content=\"https:\/\/ubanews.com\/site\/wp-content\/uploads\/2018\/08\/012.jpg\" \/>\n\t<meta property=\"og:image:width\" content=\"800\" \/>\n\t<meta property=\"og:image:height\" content=\"389\" \/>\n\t<meta property=\"og:image:type\" content=\"image\/jpeg\" \/>\n<meta name=\"author\" content=\"Sodr\u00e9\" \/>\n<meta name=\"twitter:card\" content=\"summary_large_image\" \/>\n<meta name=\"twitter:label1\" content=\"Escrito por\" \/>\n\t<meta name=\"twitter:data1\" content=\"Sodr\u00e9\" \/>\n\t<meta name=\"twitter:label2\" content=\"Est. tempo de leitura\" \/>\n\t<meta name=\"twitter:data2\" content=\"1 minuto\" \/>\n<script type=\"application\/ld+json\" class=\"yoast-schema-graph\">{\"@context\":\"https:\/\/schema.org\",\"@graph\":[{\"@type\":\"Article\",\"@id\":\"https:\/\/ubanews.com\/site\/2018\/08\/15\/autor-por-varias-passagens-pela-policia-e-preso-por-trafico-de-drogas\/#article\",\"isPartOf\":{\"@id\":\"https:\/\/ubanews.com\/site\/2018\/08\/15\/autor-por-varias-passagens-pela-policia-e-preso-por-trafico-de-drogas\/\"},\"author\":{\"name\":\"Sodr\u00e9\",\"@id\":\"https:\/\/ubanews.com\/site\/#\/schema\/person\/d90c9e47252fbb63dcc969fe4c8b9d10\"},\"headline\":\"AUTOR COM V\u00c1RIAS PASSAGENS PELA POL\u00cdCIA \u00c9 PRESO POR TR\u00c1FICO DE DROGAS\",\"datePublished\":\"2018-08-15T14:01:54+00:00\",\"dateModified\":\"2018-08-15T14:28:21+00:00\",\"mainEntityOfPage\":{\"@id\":\"https:\/\/ubanews.com\/site\/2018\/08\/15\/autor-por-varias-passagens-pela-policia-e-preso-por-trafico-de-drogas\/\"},\"wordCount\":269,\"commentCount\":0,\"publisher\":{\"@id\":\"https:\/\/ubanews.com\/site\/#organization\"},\"image\":{\"@id\":\"https:\/\/ubanews.com\/site\/2018\/08\/15\/autor-por-varias-passagens-pela-policia-e-preso-por-trafico-de-drogas\/#primaryimage\"},\"thumbnailUrl\":\"https:\/\/ubanews.com\/site\/wp-content\/uploads\/2018\/08\/012.jpg\",\"articleSection\":[\"S\u00edntese das Ocorr\u00eancias\"],\"inLanguage\":\"pt-BR\",\"potentialAction\":[{\"@type\":\"CommentAction\",\"name\":\"Comment\",\"target\":[\"https:\/\/ubanews.com\/site\/2018\/08\/15\/autor-por-varias-passagens-pela-policia-e-preso-por-trafico-de-drogas\/#respond\"]}]},{\"@type\":\"WebPage\",\"@id\":\"https:\/\/ubanews.com\/site\/2018\/08\/15\/autor-por-varias-passagens-pela-policia-e-preso-por-trafico-de-drogas\/\",\"url\":\"https:\/\/ubanews.com\/site\/2018\/08\/15\/autor-por-varias-passagens-pela-policia-e-preso-por-trafico-de-drogas\/\",\"name\":\"AUTOR COM V\u00c1RIAS PASSAGENS PELA POL\u00cdCIA \u00c9 PRESO POR TR\u00c1FICO DE DROGAS - Ub\u00e1 News\",\"isPartOf\":{\"@id\":\"https:\/\/ubanews.com\/site\/#website\"},\"primaryImageOfPage\":{\"@id\":\"https:\/\/ubanews.com\/site\/2018\/08\/15\/autor-por-varias-passagens-pela-policia-e-preso-por-trafico-de-drogas\/#primaryimage\"},\"image\":{\"@id\":\"https:\/\/ubanews.com\/site\/2018\/08\/15\/autor-por-varias-passagens-pela-policia-e-preso-por-trafico-de-drogas\/#primaryimage\"},\"thumbnailUrl\":\"https:\/\/ubanews.com\/site\/wp-content\/uploads\/2018\/08\/012.jpg\",\"datePublished\":\"2018-08-15T14:01:54+00:00\",\"dateModified\":\"2018-08-15T14:28:21+00:00\",\"breadcrumb\":{\"@id\":\"https:\/\/ubanews.com\/site\/2018\/08\/15\/autor-por-varias-passagens-pela-policia-e-preso-por-trafico-de-drogas\/#breadcrumb\"},\"inLanguage\":\"pt-BR\",\"potentialAction\":[{\"@type\":\"ReadAction\",\"target\":[\"https:\/\/ubanews.com\/site\/2018\/08\/15\/autor-por-varias-passagens-pela-policia-e-preso-por-trafico-de-drogas\/\"]}]},{\"@type\":\"ImageObject\",\"inLanguage\":\"pt-BR\",\"@id\":\"https:\/\/ubanews.com\/site\/2018\/08\/15\/autor-por-varias-passagens-pela-policia-e-preso-por-trafico-de-drogas\/#primaryimage\",\"url\":\"https:\/\/ubanews.com\/site\/wp-content\/uploads\/2018\/08\/012.jpg\",\"contentUrl\":\"https:\/\/ubanews.com\/site\/wp-content\/uploads\/2018\/08\/012.jpg\",\"width\":800,\"height\":389},{\"@type\":\"BreadcrumbList\",\"@id\":\"https:\/\/ubanews.com\/site\/2018\/08\/15\/autor-por-varias-passagens-pela-policia-e-preso-por-trafico-de-drogas\/#breadcrumb\",\"itemListElement\":[{\"@type\":\"ListItem\",\"position\":1,\"name\":\"Home\",\"item\":\"https:\/\/ubanews.com\/site\/\"},{\"@type\":\"ListItem\",\"position\":2,\"name\":\"AUTOR COM V\u00c1RIAS PASSAGENS PELA POL\u00cdCIA \u00c9 PRESO POR TR\u00c1FICO DE DROGAS\"}]},{\"@type\":\"WebSite\",\"@id\":\"https:\/\/ubanews.com\/site\/#website\",\"url\":\"https:\/\/ubanews.com\/site\/\",\"name\":\"Ub\u00e1 News\",\"description\":\"\",\"publisher\":{\"@id\":\"https:\/\/ubanews.com\/site\/#organization\"},\"potentialAction\":[{\"@type\":\"SearchAction\",\"target\":{\"@type\":\"EntryPoint\",\"urlTemplate\":\"https:\/\/ubanews.com\/site\/?s={search_term_string}\"},\"query-input\":{\"@type\":\"PropertyValueSpecification\",\"valueRequired\":true,\"valueName\":\"search_term_string\"}}],\"inLanguage\":\"pt-BR\"},{\"@type\":\"Organization\",\"@id\":\"https:\/\/ubanews.com\/site\/#organization\",\"name\":\"Ub\u00e1 News\",\"url\":\"https:\/\/ubanews.com\/site\/\",\"logo\":{\"@type\":\"ImageObject\",\"inLanguage\":\"pt-BR\",\"@id\":\"https:\/\/ubanews.com\/site\/#\/schema\/logo\/image\/\",\"url\":\"https:\/\/ubanews.com\/site\/wp-content\/uploads\/2018\/01\/logoubanews.png\",\"contentUrl\":\"https:\/\/ubanews.com\/site\/wp-content\/uploads\/2018\/01\/logoubanews.png\",\"width\":261,\"height\":99,\"caption\":\"Ub\u00e1 News\"},\"image\":{\"@id\":\"https:\/\/ubanews.com\/site\/#\/schema\/logo\/image\/\"},\"sameAs\":[\"https:\/\/www.facebook.com\/Ub\u00e1News-Carlos-Roberto-Sodr\u00e9-418778301977370\"]},{\"@type\":\"Person\",\"@id\":\"https:\/\/ubanews.com\/site\/#\/schema\/person\/d90c9e47252fbb63dcc969fe4c8b9d10\",\"name\":\"Sodr\u00e9\",\"image\":{\"@type\":\"ImageObject\",\"inLanguage\":\"pt-BR\",\"@id\":\"https:\/\/secure.gravatar.com\/avatar\/5ba2793f0590b9dbfad3fdec4ee714485b3eef211c9b32ee53d414060454a56c?s=96&d=mm&r=g\",\"url\":\"https:\/\/secure.gravatar.com\/avatar\/5ba2793f0590b9dbfad3fdec4ee714485b3eef211c9b32ee53d414060454a56c?s=96&d=mm&r=g\",\"contentUrl\":\"https:\/\/secure.gravatar.com\/avatar\/5ba2793f0590b9dbfad3fdec4ee714485b3eef211c9b32ee53d414060454a56c?s=96&d=mm&r=g\",\"caption\":\"Sodr\u00e9\"},\"sameAs\":[\"https:\/\/www.facebook.com\/carosroberto.sodre.5\/\"],\"url\":\"https:\/\/ubanews.com\/site\/author\/felipe\/\"}]}<\/script>\n<!-- \/ Yoast SEO plugin. -->","yoast_head_json":{"title":"AUTOR COM V\u00c1RIAS PASSAGENS PELA POL\u00cdCIA \u00c9 PRESO POR TR\u00c1FICO DE DROGAS - Ub\u00e1 News","robots":{"index":"index","follow":"follow","max-snippet":"max-snippet:-1","max-image-preview":"max-image-preview:large","max-video-preview":"max-video-preview:-1"},"canonical":"https:\/\/ubanews.com\/site\/2018\/08\/15\/autor-por-varias-passagens-pela-policia-e-preso-por-trafico-de-drogas\/","og_locale":"pt_BR","og_type":"article","og_title":"AUTOR COM V\u00c1RIAS PASSAGENS PELA POL\u00cdCIA \u00c9 PRESO POR TR\u00c1FICO DE DROGAS - Ub\u00e1 News","og_description":"No dia 14 de agosto \u00e0s 20h e 34min a","og_url":"https:\/\/ubanews.com\/site\/2018\/08\/15\/autor-por-varias-passagens-pela-policia-e-preso-por-trafico-de-drogas\/","og_site_name":"Ub\u00e1 News","article_publisher":"https:\/\/www.facebook.com\/Ub%c3%a1News-Carlos-Roberto-Sodr%c3%a9-418778301977370","article_author":"https:\/\/www.facebook.com\/carosroberto.sodre.5\/","article_published_time":"2018-08-15T14:01:54+00:00","article_modified_time":"2018-08-15T14:28:21+00:00","og_image":[{"width":800,"height":389,"url":"https:\/\/ubanews.com\/site\/wp-content\/uploads\/2018\/08\/012.jpg","type":"image\/jpeg"}],"author":"Sodr\u00e9","twitter_card":"summary_large_image","twitter_misc":{"Escrito por":"Sodr\u00e9","Est. tempo de leitura":"1 minuto"},"schema":{"@context":"https:\/\/schema.org","@graph":[{"@type":"Article","@id":"https:\/\/ubanews.com\/site\/2018\/08\/15\/autor-por-varias-passagens-pela-policia-e-preso-por-trafico-de-drogas\/#article","isPartOf":{"@id":"https:\/\/ubanews.com\/site\/2018\/08\/15\/autor-por-varias-passagens-pela-policia-e-preso-por-trafico-de-drogas\/"},"author":{"name":"Sodr\u00e9","@id":"https:\/\/ubanews.com\/site\/#\/schema\/person\/d90c9e47252fbb63dcc969fe4c8b9d10"},"headline":"AUTOR COM V\u00c1RIAS PASSAGENS PELA POL\u00cdCIA \u00c9 PRESO POR TR\u00c1FICO DE DROGAS","datePublished":"2018-08-15T14:01:54+00:00","dateModified":"2018-08-15T14:28:21+00:00","mainEntityOfPage":{"@id":"https:\/\/ubanews.com\/site\/2018\/08\/15\/autor-por-varias-passagens-pela-policia-e-preso-por-trafico-de-drogas\/"},"wordCount":269,"commentCount":0,"publisher":{"@id":"https:\/\/ubanews.com\/site\/#organization"},"image":{"@id":"https:\/\/ubanews.com\/site\/2018\/08\/15\/autor-por-varias-passagens-pela-policia-e-preso-por-trafico-de-drogas\/#primaryimage"},"thumbnailUrl":"https:\/\/ubanews.com\/site\/wp-content\/uploads\/2018\/08\/012.jpg","articleSection":["S\u00edntese das Ocorr\u00eancias"],"inLanguage":"pt-BR","potentialAction":[{"@type":"CommentAction","name":"Comment","target":["https:\/\/ubanews.com\/site\/2018\/08\/15\/autor-por-varias-passagens-pela-policia-e-preso-por-trafico-de-drogas\/#respond"]}]},{"@type":"WebPage","@id":"https:\/\/ubanews.com\/site\/2018\/08\/15\/autor-por-varias-passagens-pela-policia-e-preso-por-trafico-de-drogas\/","url":"https:\/\/ubanews.com\/site\/2018\/08\/15\/autor-por-varias-passagens-pela-policia-e-preso-por-trafico-de-drogas\/","name":"AUTOR COM V\u00c1RIAS PASSAGENS PELA POL\u00cdCIA \u00c9 PRESO POR TR\u00c1FICO DE DROGAS - Ub\u00e1 News","isPartOf":{"@id":"https:\/\/ubanews.com\/site\/#website"},"primaryImageOfPage":{"@id":"https:\/\/ubanews.com\/site\/2018\/08\/15\/autor-por-varias-passagens-pela-policia-e-preso-por-trafico-de-drogas\/#primaryimage"},"image":{"@id":"https:\/\/ubanews.com\/site\/2018\/08\/15\/autor-por-varias-passagens-pela-policia-e-preso-por-trafico-de-drogas\/#primaryimage"},"thumbnailUrl":"https:\/\/ubanews.com\/site\/wp-content\/uploads\/2018\/08\/012.jpg","datePublished":"2018-08-15T14:01:54+00:00","dateModified":"2018-08-15T14:28:21+00:00","breadcrumb":{"@id":"https:\/\/ubanews.com\/site\/2018\/08\/15\/autor-por-varias-passagens-pela-policia-e-preso-por-trafico-de-drogas\/#breadcrumb"},"inLanguage":"pt-BR","potentialAction":[{"@type":"ReadAction","target":["https:\/\/ubanews.com\/site\/2018\/08\/15\/autor-por-varias-passagens-pela-policia-e-preso-por-trafico-de-drogas\/"]}]},{"@type":"ImageObject","inLanguage":"pt-BR","@id":"https:\/\/ubanews.com\/site\/2018\/08\/15\/autor-por-varias-passagens-pela-policia-e-preso-por-trafico-de-drogas\/#primaryimage","url":"https:\/\/ubanews.com\/site\/wp-content\/uploads\/2018\/08\/012.jpg","contentUrl":"https:\/\/ubanews.com\/site\/wp-content\/uploads\/2018\/08\/012.jpg","width":800,"height":389},{"@type":"BreadcrumbList","@id":"https:\/\/ubanews.com\/site\/2018\/08\/15\/autor-por-varias-passagens-pela-policia-e-preso-por-trafico-de-drogas\/#breadcrumb","itemListElement":[{"@type":"ListItem","position":1,"name":"Home","item":"https:\/\/ubanews.com\/site\/"},{"@type":"ListItem","position":2,"name":"AUTOR COM V\u00c1RIAS PASSAGENS PELA POL\u00cdCIA \u00c9 PRESO POR TR\u00c1FICO DE DROGAS"}]},{"@type":"WebSite","@id":"https:\/\/ubanews.com\/site\/#website","url":"https:\/\/ubanews.com\/site\/","name":"Ub\u00e1 News","description":"","publisher":{"@id":"https:\/\/ubanews.com\/site\/#organization"},"potentialAction":[{"@type":"SearchAction","target":{"@type":"EntryPoint","urlTemplate":"https:\/\/ubanews.com\/site\/?s={search_term_string}"},"query-input":{"@type":"PropertyValueSpecification","valueRequired":true,"valueName":"search_term_string"}}],"inLanguage":"pt-BR"},{"@type":"Organization","@id":"https:\/\/ubanews.com\/site\/#organization","name":"Ub\u00e1 News","url":"https:\/\/ubanews.com\/site\/","logo":{"@type":"ImageObject","inLanguage":"pt-BR","@id":"https:\/\/ubanews.com\/site\/#\/schema\/logo\/image\/","url":"https:\/\/ubanews.com\/site\/wp-content\/uploads\/2018\/01\/logoubanews.png","contentUrl":"https:\/\/ubanews.com\/site\/wp-content\/uploads\/2018\/01\/logoubanews.png","width":261,"height":99,"caption":"Ub\u00e1 News"},"image":{"@id":"https:\/\/ubanews.com\/site\/#\/schema\/logo\/image\/"},"sameAs":["https:\/\/www.facebook.com\/Ub\u00e1News-Carlos-Roberto-Sodr\u00e9-418778301977370"]},{"@type":"Person","@id":"https:\/\/ubanews.com\/site\/#\/schema\/person\/d90c9e47252fbb63dcc969fe4c8b9d10","name":"Sodr\u00e9","image":{"@type":"ImageObject","inLanguage":"pt-BR","@id":"https:\/\/secure.gravatar.com\/avatar\/5ba2793f0590b9dbfad3fdec4ee714485b3eef211c9b32ee53d414060454a56c?s=96&d=mm&r=g","url":"https:\/\/secure.gravatar.com\/avatar\/5ba2793f0590b9dbfad3fdec4ee714485b3eef211c9b32ee53d414060454a56c?s=96&d=mm&r=g","contentUrl":"https:\/\/secure.gravatar.com\/avatar\/5ba2793f0590b9dbfad3fdec4ee714485b3eef211c9b32ee53d414060454a56c?s=96&d=mm&r=g","caption":"Sodr\u00e9"},"sameAs":["https:\/\/www.facebook.com\/carosroberto.sodre.5\/"],"url":"https:\/\/ubanews.com\/site\/author\/felipe\/"}]}},"_links":{"self":[{"href":"https:\/\/ubanews.com\/site\/wp-json\/wp\/v2\/posts\/6521","targetHints":{"allow":["GET"]}}],"collection":[{"href":"https:\/\/ubanews.com\/site\/wp-json\/wp\/v2\/posts"}],"about":[{"href":"https:\/\/ubanews.com\/site\/wp-json\/wp\/v2\/types\/post"}],"author":[{"embeddable":true,"href":"https:\/\/ubanews.com\/site\/wp-json\/wp\/v2\/users\/2"}],"replies":[{"embeddable":true,"href":"https:\/\/ubanews.com\/site\/wp-json\/wp\/v2\/comments?post=6521"}],"version-history":[{"count":0,"href":"https:\/\/ubanews.com\/site\/wp-json\/wp\/v2\/posts\/6521\/revisions"}],"wp:featuredmedia":[{"embeddable":true,"href":"https:\/\/ubanews.com\/site\/wp-json\/wp\/v2\/media\/6522"}],"wp:attachment":[{"href":"https:\/\/ubanews.com\/site\/wp-json\/wp\/v2\/media?parent=6521"}],"wp:term":[{"taxonomy":"category","embeddable":true,"href":"https:\/\/ubanews.com\/site\/wp-json\/wp\/v2\/categories?post=6521"},{"taxonomy":"post_tag","embeddable":true,"href":"https:\/\/ubanews.com\/site\/wp-json\/wp\/v2\/tags?post=6521"}],"curies":[{"name":"wp","href":"https:\/\/api.w.org\/{rel}","templated":true}]}}