{"id":6515,"date":"2018-08-15T10:45:25","date_gmt":"2018-08-15T13:45:25","guid":{"rendered":"http:\/\/ubanews.com\/site\/?p=6515"},"modified":"2018-08-20T10:01:22","modified_gmt":"2018-08-20T13:01:22","slug":"proximo-sabado-e-o-dia-d-da-campanha-de-vacinacao-contra-sarampo-e-poliomielite","status":"publish","type":"post","link":"https:\/\/ubanews.com\/site\/2018\/08\/15\/proximo-sabado-e-o-dia-d-da-campanha-de-vacinacao-contra-sarampo-e-poliomielite\/","title":{"rendered":"Pr\u00f3ximo s\u00e1bado \u00e9 o \u201cDia D\u201d da Campanha de Vacina\u00e7\u00e3o contra Sarampo e Poliomielite"},"content":{"rendered":"<p style=\"font-weight: 400;\">Acontece no pr\u00f3ximo s\u00e1bado, dia 18 de outubro, no hor\u00e1rio de 8 \u00e0s 17 horas, o \u201cDia D\u201d da Campanha de Vacina\u00e7\u00e3o contra Sarampo e Poliomielite. O objetivo \u00e9 imunizar crian\u00e7as de um ano a menores de cinco anos, contra essas doen\u00e7as.<\/p>\n<p style=\"font-weight: 400;\">A poliomielite \u00e9 uma doen\u00e7a infectocontagiosa viral aguda, caracterizada por um quadro de paralisia fl\u00e1cida, de in\u00edcio s\u00fabito. J\u00e1 o sarampo \u00e9 uma doen\u00e7a infecciosa exantem\u00e1tica aguda, transmiss\u00edvel e extremamente contagiosa, podendo evoluir com complica\u00e7\u00f5es e \u00f3bito, particularmente em crian\u00e7as desnutridas e menores de um ano de idade. A transmiss\u00e3o ocorre de pessoa a pessoa, por meio de secre\u00e7\u00f5es respirat\u00f3rias.<\/p>\n<p style=\"font-weight: 400;\">Todas as Unidades de Sa\u00fade e a Policl\u00ednica Regional estar\u00e3o abertas no per\u00edodo e para ser imunizado \u00e9 necess\u00e1rio apresentar o Cart\u00e3o de Vacina e Cart\u00e3o Nacional do SUS. Haver\u00e1 tamb\u00e9m vacina\u00e7\u00e3o na Pra\u00e7a S\u00e3o Janu\u00e1rio, no hor\u00e1rio de 8 \u00e0s 12 horas, em uma parceria da Secretaria de Sa\u00fade com &nbsp;o evento OAB Cidadania.<\/p>\n","protected":false},"excerpt":{"rendered":"<p>Acontece no pr\u00f3ximo s\u00e1bado, dia 18 de outubro, no hor\u00e1rio<\/p>\n","protected":false},"author":2,"featured_media":6516,"comment_status":"open","ping_status":"open","sticky":false,"template":"","format":"standard","meta":{"footnotes":""},"categories":[15],"tags":[],"class_list":["post-6515","post","type-post","status-publish","format-standard","has-post-thumbnail","hentry","category-prefeitura-municipal"],"yoast_head":"<!-- This site is optimized with the Yoast SEO plugin v27.2 - https:\/\/yoast.com\/product\/yoast-seo-wordpress\/ -->\n<title>Pr\u00f3ximo s\u00e1bado \u00e9 o \u201cDia D\u201d da Campanha de Vacina\u00e7\u00e3o contra Sarampo e Poliomielite - Ub\u00e1 News<\/title>\n<meta name=\"robots\" content=\"index, follow, max-snippet:-1, max-image-preview:large, max-video-preview:-1\" \/>\n<link rel=\"canonical\" href=\"https:\/\/ubanews.com\/site\/2018\/08\/15\/proximo-sabado-e-o-dia-d-da-campanha-de-vacinacao-contra-sarampo-e-poliomielite\/\" \/>\n<meta property=\"og:locale\" content=\"pt_BR\" \/>\n<meta property=\"og:type\" content=\"article\" \/>\n<meta property=\"og:title\" content=\"Pr\u00f3ximo s\u00e1bado \u00e9 o \u201cDia D\u201d da Campanha de Vacina\u00e7\u00e3o contra Sarampo e Poliomielite - Ub\u00e1 News\" \/>\n<meta property=\"og:description\" content=\"Acontece no pr\u00f3ximo s\u00e1bado, dia 18 de outubro, no hor\u00e1rio\" \/>\n<meta property=\"og:url\" content=\"https:\/\/ubanews.com\/site\/2018\/08\/15\/proximo-sabado-e-o-dia-d-da-campanha-de-vacinacao-contra-sarampo-e-poliomielite\/\" \/>\n<meta property=\"og:site_name\" content=\"Ub\u00e1 News\" \/>\n<meta property=\"article:publisher\" content=\"https:\/\/www.facebook.com\/Ub%c3%a1News-Carlos-Roberto-Sodr%c3%a9-418778301977370\" \/>\n<meta property=\"article:author\" content=\"https:\/\/www.facebook.com\/carosroberto.sodre.5\/\" \/>\n<meta property=\"article:published_time\" content=\"2018-08-15T13:45:25+00:00\" \/>\n<meta property=\"article:modified_time\" content=\"2018-08-20T13:01:22+00:00\" \/>\n<meta property=\"og:image\" content=\"https:\/\/ubanews.com\/site\/wp-content\/uploads\/2018\/08\/010.jpg\" \/>\n\t<meta property=\"og:image:width\" content=\"800\" \/>\n\t<meta property=\"og:image:height\" content=\"389\" \/>\n\t<meta property=\"og:image:type\" content=\"image\/jpeg\" \/>\n<meta name=\"author\" content=\"Sodr\u00e9\" \/>\n<meta name=\"twitter:card\" content=\"summary_large_image\" \/>\n<meta name=\"twitter:label1\" content=\"Escrito por\" \/>\n\t<meta name=\"twitter:data1\" content=\"Sodr\u00e9\" \/>\n\t<meta name=\"twitter:label2\" content=\"Est. tempo de leitura\" \/>\n\t<meta name=\"twitter:data2\" content=\"1 minuto\" \/>\n<script type=\"application\/ld+json\" class=\"yoast-schema-graph\">{\"@context\":\"https:\/\/schema.org\",\"@graph\":[{\"@type\":\"Article\",\"@id\":\"https:\/\/ubanews.com\/site\/2018\/08\/15\/proximo-sabado-e-o-dia-d-da-campanha-de-vacinacao-contra-sarampo-e-poliomielite\/#article\",\"isPartOf\":{\"@id\":\"https:\/\/ubanews.com\/site\/2018\/08\/15\/proximo-sabado-e-o-dia-d-da-campanha-de-vacinacao-contra-sarampo-e-poliomielite\/\"},\"author\":{\"name\":\"Sodr\u00e9\",\"@id\":\"https:\/\/ubanews.com\/site\/#\/schema\/person\/d90c9e47252fbb63dcc969fe4c8b9d10\"},\"headline\":\"Pr\u00f3ximo s\u00e1bado \u00e9 o \u201cDia D\u201d da Campanha de Vacina\u00e7\u00e3o contra Sarampo e Poliomielite\",\"datePublished\":\"2018-08-15T13:45:25+00:00\",\"dateModified\":\"2018-08-20T13:01:22+00:00\",\"mainEntityOfPage\":{\"@id\":\"https:\/\/ubanews.com\/site\/2018\/08\/15\/proximo-sabado-e-o-dia-d-da-campanha-de-vacinacao-contra-sarampo-e-poliomielite\/\"},\"wordCount\":197,\"commentCount\":0,\"publisher\":{\"@id\":\"https:\/\/ubanews.com\/site\/#organization\"},\"image\":{\"@id\":\"https:\/\/ubanews.com\/site\/2018\/08\/15\/proximo-sabado-e-o-dia-d-da-campanha-de-vacinacao-contra-sarampo-e-poliomielite\/#primaryimage\"},\"thumbnailUrl\":\"https:\/\/ubanews.com\/site\/wp-content\/uploads\/2018\/08\/010.jpg\",\"articleSection\":[\"Prefeitura Municipal\"],\"inLanguage\":\"pt-BR\",\"potentialAction\":[{\"@type\":\"CommentAction\",\"name\":\"Comment\",\"target\":[\"https:\/\/ubanews.com\/site\/2018\/08\/15\/proximo-sabado-e-o-dia-d-da-campanha-de-vacinacao-contra-sarampo-e-poliomielite\/#respond\"]}]},{\"@type\":\"WebPage\",\"@id\":\"https:\/\/ubanews.com\/site\/2018\/08\/15\/proximo-sabado-e-o-dia-d-da-campanha-de-vacinacao-contra-sarampo-e-poliomielite\/\",\"url\":\"https:\/\/ubanews.com\/site\/2018\/08\/15\/proximo-sabado-e-o-dia-d-da-campanha-de-vacinacao-contra-sarampo-e-poliomielite\/\",\"name\":\"Pr\u00f3ximo s\u00e1bado \u00e9 o \u201cDia D\u201d da Campanha de Vacina\u00e7\u00e3o contra Sarampo e Poliomielite - Ub\u00e1 News\",\"isPartOf\":{\"@id\":\"https:\/\/ubanews.com\/site\/#website\"},\"primaryImageOfPage\":{\"@id\":\"https:\/\/ubanews.com\/site\/2018\/08\/15\/proximo-sabado-e-o-dia-d-da-campanha-de-vacinacao-contra-sarampo-e-poliomielite\/#primaryimage\"},\"image\":{\"@id\":\"https:\/\/ubanews.com\/site\/2018\/08\/15\/proximo-sabado-e-o-dia-d-da-campanha-de-vacinacao-contra-sarampo-e-poliomielite\/#primaryimage\"},\"thumbnailUrl\":\"https:\/\/ubanews.com\/site\/wp-content\/uploads\/2018\/08\/010.jpg\",\"datePublished\":\"2018-08-15T13:45:25+00:00\",\"dateModified\":\"2018-08-20T13:01:22+00:00\",\"breadcrumb\":{\"@id\":\"https:\/\/ubanews.com\/site\/2018\/08\/15\/proximo-sabado-e-o-dia-d-da-campanha-de-vacinacao-contra-sarampo-e-poliomielite\/#breadcrumb\"},\"inLanguage\":\"pt-BR\",\"potentialAction\":[{\"@type\":\"ReadAction\",\"target\":[\"https:\/\/ubanews.com\/site\/2018\/08\/15\/proximo-sabado-e-o-dia-d-da-campanha-de-vacinacao-contra-sarampo-e-poliomielite\/\"]}]},{\"@type\":\"ImageObject\",\"inLanguage\":\"pt-BR\",\"@id\":\"https:\/\/ubanews.com\/site\/2018\/08\/15\/proximo-sabado-e-o-dia-d-da-campanha-de-vacinacao-contra-sarampo-e-poliomielite\/#primaryimage\",\"url\":\"https:\/\/ubanews.com\/site\/wp-content\/uploads\/2018\/08\/010.jpg\",\"contentUrl\":\"https:\/\/ubanews.com\/site\/wp-content\/uploads\/2018\/08\/010.jpg\",\"width\":800,\"height\":389},{\"@type\":\"BreadcrumbList\",\"@id\":\"https:\/\/ubanews.com\/site\/2018\/08\/15\/proximo-sabado-e-o-dia-d-da-campanha-de-vacinacao-contra-sarampo-e-poliomielite\/#breadcrumb\",\"itemListElement\":[{\"@type\":\"ListItem\",\"position\":1,\"name\":\"Home\",\"item\":\"https:\/\/ubanews.com\/site\/\"},{\"@type\":\"ListItem\",\"position\":2,\"name\":\"Pr\u00f3ximo s\u00e1bado \u00e9 o \u201cDia D\u201d da Campanha de Vacina\u00e7\u00e3o contra Sarampo e Poliomielite\"}]},{\"@type\":\"WebSite\",\"@id\":\"https:\/\/ubanews.com\/site\/#website\",\"url\":\"https:\/\/ubanews.com\/site\/\",\"name\":\"Ub\u00e1 News\",\"description\":\"\",\"publisher\":{\"@id\":\"https:\/\/ubanews.com\/site\/#organization\"},\"potentialAction\":[{\"@type\":\"SearchAction\",\"target\":{\"@type\":\"EntryPoint\",\"urlTemplate\":\"https:\/\/ubanews.com\/site\/?s={search_term_string}\"},\"query-input\":{\"@type\":\"PropertyValueSpecification\",\"valueRequired\":true,\"valueName\":\"search_term_string\"}}],\"inLanguage\":\"pt-BR\"},{\"@type\":\"Organization\",\"@id\":\"https:\/\/ubanews.com\/site\/#organization\",\"name\":\"Ub\u00e1 News\",\"url\":\"https:\/\/ubanews.com\/site\/\",\"logo\":{\"@type\":\"ImageObject\",\"inLanguage\":\"pt-BR\",\"@id\":\"https:\/\/ubanews.com\/site\/#\/schema\/logo\/image\/\",\"url\":\"https:\/\/ubanews.com\/site\/wp-content\/uploads\/2018\/01\/logoubanews.png\",\"contentUrl\":\"https:\/\/ubanews.com\/site\/wp-content\/uploads\/2018\/01\/logoubanews.png\",\"width\":261,\"height\":99,\"caption\":\"Ub\u00e1 News\"},\"image\":{\"@id\":\"https:\/\/ubanews.com\/site\/#\/schema\/logo\/image\/\"},\"sameAs\":[\"https:\/\/www.facebook.com\/Ub\u00e1News-Carlos-Roberto-Sodr\u00e9-418778301977370\"]},{\"@type\":\"Person\",\"@id\":\"https:\/\/ubanews.com\/site\/#\/schema\/person\/d90c9e47252fbb63dcc969fe4c8b9d10\",\"name\":\"Sodr\u00e9\",\"image\":{\"@type\":\"ImageObject\",\"inLanguage\":\"pt-BR\",\"@id\":\"https:\/\/secure.gravatar.com\/avatar\/5ba2793f0590b9dbfad3fdec4ee714485b3eef211c9b32ee53d414060454a56c?s=96&d=mm&r=g\",\"url\":\"https:\/\/secure.gravatar.com\/avatar\/5ba2793f0590b9dbfad3fdec4ee714485b3eef211c9b32ee53d414060454a56c?s=96&d=mm&r=g\",\"contentUrl\":\"https:\/\/secure.gravatar.com\/avatar\/5ba2793f0590b9dbfad3fdec4ee714485b3eef211c9b32ee53d414060454a56c?s=96&d=mm&r=g\",\"caption\":\"Sodr\u00e9\"},\"sameAs\":[\"https:\/\/www.facebook.com\/carosroberto.sodre.5\/\"],\"url\":\"https:\/\/ubanews.com\/site\/author\/felipe\/\"}]}<\/script>\n<!-- \/ Yoast SEO plugin. -->","yoast_head_json":{"title":"Pr\u00f3ximo s\u00e1bado \u00e9 o \u201cDia D\u201d da Campanha de Vacina\u00e7\u00e3o contra Sarampo e Poliomielite - Ub\u00e1 News","robots":{"index":"index","follow":"follow","max-snippet":"max-snippet:-1","max-image-preview":"max-image-preview:large","max-video-preview":"max-video-preview:-1"},"canonical":"https:\/\/ubanews.com\/site\/2018\/08\/15\/proximo-sabado-e-o-dia-d-da-campanha-de-vacinacao-contra-sarampo-e-poliomielite\/","og_locale":"pt_BR","og_type":"article","og_title":"Pr\u00f3ximo s\u00e1bado \u00e9 o \u201cDia D\u201d da Campanha de Vacina\u00e7\u00e3o contra Sarampo e Poliomielite - Ub\u00e1 News","og_description":"Acontece no pr\u00f3ximo s\u00e1bado, dia 18 de outubro, no hor\u00e1rio","og_url":"https:\/\/ubanews.com\/site\/2018\/08\/15\/proximo-sabado-e-o-dia-d-da-campanha-de-vacinacao-contra-sarampo-e-poliomielite\/","og_site_name":"Ub\u00e1 News","article_publisher":"https:\/\/www.facebook.com\/Ub%c3%a1News-Carlos-Roberto-Sodr%c3%a9-418778301977370","article_author":"https:\/\/www.facebook.com\/carosroberto.sodre.5\/","article_published_time":"2018-08-15T13:45:25+00:00","article_modified_time":"2018-08-20T13:01:22+00:00","og_image":[{"width":800,"height":389,"url":"https:\/\/ubanews.com\/site\/wp-content\/uploads\/2018\/08\/010.jpg","type":"image\/jpeg"}],"author":"Sodr\u00e9","twitter_card":"summary_large_image","twitter_misc":{"Escrito por":"Sodr\u00e9","Est. tempo de leitura":"1 minuto"},"schema":{"@context":"https:\/\/schema.org","@graph":[{"@type":"Article","@id":"https:\/\/ubanews.com\/site\/2018\/08\/15\/proximo-sabado-e-o-dia-d-da-campanha-de-vacinacao-contra-sarampo-e-poliomielite\/#article","isPartOf":{"@id":"https:\/\/ubanews.com\/site\/2018\/08\/15\/proximo-sabado-e-o-dia-d-da-campanha-de-vacinacao-contra-sarampo-e-poliomielite\/"},"author":{"name":"Sodr\u00e9","@id":"https:\/\/ubanews.com\/site\/#\/schema\/person\/d90c9e47252fbb63dcc969fe4c8b9d10"},"headline":"Pr\u00f3ximo s\u00e1bado \u00e9 o \u201cDia D\u201d da Campanha de Vacina\u00e7\u00e3o contra Sarampo e Poliomielite","datePublished":"2018-08-15T13:45:25+00:00","dateModified":"2018-08-20T13:01:22+00:00","mainEntityOfPage":{"@id":"https:\/\/ubanews.com\/site\/2018\/08\/15\/proximo-sabado-e-o-dia-d-da-campanha-de-vacinacao-contra-sarampo-e-poliomielite\/"},"wordCount":197,"commentCount":0,"publisher":{"@id":"https:\/\/ubanews.com\/site\/#organization"},"image":{"@id":"https:\/\/ubanews.com\/site\/2018\/08\/15\/proximo-sabado-e-o-dia-d-da-campanha-de-vacinacao-contra-sarampo-e-poliomielite\/#primaryimage"},"thumbnailUrl":"https:\/\/ubanews.com\/site\/wp-content\/uploads\/2018\/08\/010.jpg","articleSection":["Prefeitura Municipal"],"inLanguage":"pt-BR","potentialAction":[{"@type":"CommentAction","name":"Comment","target":["https:\/\/ubanews.com\/site\/2018\/08\/15\/proximo-sabado-e-o-dia-d-da-campanha-de-vacinacao-contra-sarampo-e-poliomielite\/#respond"]}]},{"@type":"WebPage","@id":"https:\/\/ubanews.com\/site\/2018\/08\/15\/proximo-sabado-e-o-dia-d-da-campanha-de-vacinacao-contra-sarampo-e-poliomielite\/","url":"https:\/\/ubanews.com\/site\/2018\/08\/15\/proximo-sabado-e-o-dia-d-da-campanha-de-vacinacao-contra-sarampo-e-poliomielite\/","name":"Pr\u00f3ximo s\u00e1bado \u00e9 o \u201cDia D\u201d da Campanha de Vacina\u00e7\u00e3o contra Sarampo e Poliomielite - Ub\u00e1 News","isPartOf":{"@id":"https:\/\/ubanews.com\/site\/#website"},"primaryImageOfPage":{"@id":"https:\/\/ubanews.com\/site\/2018\/08\/15\/proximo-sabado-e-o-dia-d-da-campanha-de-vacinacao-contra-sarampo-e-poliomielite\/#primaryimage"},"image":{"@id":"https:\/\/ubanews.com\/site\/2018\/08\/15\/proximo-sabado-e-o-dia-d-da-campanha-de-vacinacao-contra-sarampo-e-poliomielite\/#primaryimage"},"thumbnailUrl":"https:\/\/ubanews.com\/site\/wp-content\/uploads\/2018\/08\/010.jpg","datePublished":"2018-08-15T13:45:25+00:00","dateModified":"2018-08-20T13:01:22+00:00","breadcrumb":{"@id":"https:\/\/ubanews.com\/site\/2018\/08\/15\/proximo-sabado-e-o-dia-d-da-campanha-de-vacinacao-contra-sarampo-e-poliomielite\/#breadcrumb"},"inLanguage":"pt-BR","potentialAction":[{"@type":"ReadAction","target":["https:\/\/ubanews.com\/site\/2018\/08\/15\/proximo-sabado-e-o-dia-d-da-campanha-de-vacinacao-contra-sarampo-e-poliomielite\/"]}]},{"@type":"ImageObject","inLanguage":"pt-BR","@id":"https:\/\/ubanews.com\/site\/2018\/08\/15\/proximo-sabado-e-o-dia-d-da-campanha-de-vacinacao-contra-sarampo-e-poliomielite\/#primaryimage","url":"https:\/\/ubanews.com\/site\/wp-content\/uploads\/2018\/08\/010.jpg","contentUrl":"https:\/\/ubanews.com\/site\/wp-content\/uploads\/2018\/08\/010.jpg","width":800,"height":389},{"@type":"BreadcrumbList","@id":"https:\/\/ubanews.com\/site\/2018\/08\/15\/proximo-sabado-e-o-dia-d-da-campanha-de-vacinacao-contra-sarampo-e-poliomielite\/#breadcrumb","itemListElement":[{"@type":"ListItem","position":1,"name":"Home","item":"https:\/\/ubanews.com\/site\/"},{"@type":"ListItem","position":2,"name":"Pr\u00f3ximo s\u00e1bado \u00e9 o \u201cDia D\u201d da Campanha de Vacina\u00e7\u00e3o contra Sarampo e Poliomielite"}]},{"@type":"WebSite","@id":"https:\/\/ubanews.com\/site\/#website","url":"https:\/\/ubanews.com\/site\/","name":"Ub\u00e1 News","description":"","publisher":{"@id":"https:\/\/ubanews.com\/site\/#organization"},"potentialAction":[{"@type":"SearchAction","target":{"@type":"EntryPoint","urlTemplate":"https:\/\/ubanews.com\/site\/?s={search_term_string}"},"query-input":{"@type":"PropertyValueSpecification","valueRequired":true,"valueName":"search_term_string"}}],"inLanguage":"pt-BR"},{"@type":"Organization","@id":"https:\/\/ubanews.com\/site\/#organization","name":"Ub\u00e1 News","url":"https:\/\/ubanews.com\/site\/","logo":{"@type":"ImageObject","inLanguage":"pt-BR","@id":"https:\/\/ubanews.com\/site\/#\/schema\/logo\/image\/","url":"https:\/\/ubanews.com\/site\/wp-content\/uploads\/2018\/01\/logoubanews.png","contentUrl":"https:\/\/ubanews.com\/site\/wp-content\/uploads\/2018\/01\/logoubanews.png","width":261,"height":99,"caption":"Ub\u00e1 News"},"image":{"@id":"https:\/\/ubanews.com\/site\/#\/schema\/logo\/image\/"},"sameAs":["https:\/\/www.facebook.com\/Ub\u00e1News-Carlos-Roberto-Sodr\u00e9-418778301977370"]},{"@type":"Person","@id":"https:\/\/ubanews.com\/site\/#\/schema\/person\/d90c9e47252fbb63dcc969fe4c8b9d10","name":"Sodr\u00e9","image":{"@type":"ImageObject","inLanguage":"pt-BR","@id":"https:\/\/secure.gravatar.com\/avatar\/5ba2793f0590b9dbfad3fdec4ee714485b3eef211c9b32ee53d414060454a56c?s=96&d=mm&r=g","url":"https:\/\/secure.gravatar.com\/avatar\/5ba2793f0590b9dbfad3fdec4ee714485b3eef211c9b32ee53d414060454a56c?s=96&d=mm&r=g","contentUrl":"https:\/\/secure.gravatar.com\/avatar\/5ba2793f0590b9dbfad3fdec4ee714485b3eef211c9b32ee53d414060454a56c?s=96&d=mm&r=g","caption":"Sodr\u00e9"},"sameAs":["https:\/\/www.facebook.com\/carosroberto.sodre.5\/"],"url":"https:\/\/ubanews.com\/site\/author\/felipe\/"}]}},"_links":{"self":[{"href":"https:\/\/ubanews.com\/site\/wp-json\/wp\/v2\/posts\/6515","targetHints":{"allow":["GET"]}}],"collection":[{"href":"https:\/\/ubanews.com\/site\/wp-json\/wp\/v2\/posts"}],"about":[{"href":"https:\/\/ubanews.com\/site\/wp-json\/wp\/v2\/types\/post"}],"author":[{"embeddable":true,"href":"https:\/\/ubanews.com\/site\/wp-json\/wp\/v2\/users\/2"}],"replies":[{"embeddable":true,"href":"https:\/\/ubanews.com\/site\/wp-json\/wp\/v2\/comments?post=6515"}],"version-history":[{"count":0,"href":"https:\/\/ubanews.com\/site\/wp-json\/wp\/v2\/posts\/6515\/revisions"}],"wp:featuredmedia":[{"embeddable":true,"href":"https:\/\/ubanews.com\/site\/wp-json\/wp\/v2\/media\/6516"}],"wp:attachment":[{"href":"https:\/\/ubanews.com\/site\/wp-json\/wp\/v2\/media?parent=6515"}],"wp:term":[{"taxonomy":"category","embeddable":true,"href":"https:\/\/ubanews.com\/site\/wp-json\/wp\/v2\/categories?post=6515"},{"taxonomy":"post_tag","embeddable":true,"href":"https:\/\/ubanews.com\/site\/wp-json\/wp\/v2\/tags?post=6515"}],"curies":[{"name":"wp","href":"https:\/\/api.w.org\/{rel}","templated":true}]}}