{"id":6508,"date":"2018-08-15T09:55:19","date_gmt":"2018-08-15T12:55:19","guid":{"rendered":"http:\/\/ubanews.com\/site\/?p=6508"},"modified":"2018-08-20T10:01:16","modified_gmt":"2018-08-20T13:01:16","slug":"cursos-e-palestras-conexao-educativa-uba-no-horto-florestal","status":"publish","type":"post","link":"https:\/\/ubanews.com\/site\/2018\/08\/15\/cursos-e-palestras-conexao-educativa-uba-no-horto-florestal\/","title":{"rendered":"Cursos e palestras &#8220;Conex\u00e3o Educativa Ub\u00e1&#8221;"},"content":{"rendered":"<h3>Cursos\/Palestras<\/h3>\n<p class=\"destaque\">De 16 a 18 de agosto acontece em Ub\u00e1, no Horto Florestal, o Conex\u00e3o Educativa Ub\u00e1 &#8211; Congresso de Educa\u00e7\u00e3o. A manh\u00e3 do s\u00e1bado, encerramento do evento, contar\u00e1 com uma programa\u00e7\u00e3o que contemplar\u00e1, gratuitamente, todos os servidores da Prefeitura de Ub\u00e1, al\u00e9m dos participantes do congresso.<\/p>\n<p>A manh\u00e3, voltada para servidores, ter\u00e1 a palestra ?Eu escolho ser feliz? ministrada por Jamar Monteiro, show com Meninos de Minas e o sorteio de uma viagem com acompanhante para a cidade de Tiradentes, cortesia da Santur Viagens e Turismo.<\/p>\n<p>A Prefeitura disponibilizar\u00e1 transporte ida e volta, para os servidores participarem do evento de s\u00e1bado. Os \u00f4nibus sair\u00e3o de tr\u00eas pontos: Pra\u00e7a S\u00e3o Janu\u00e1rio, Pra\u00e7a Guido Marli\u00e8re e Pra\u00e7a Get\u00falio Vargas com partida \u00e0s 07h30. Os servidores dever\u00e3o apresentar crach\u00e1 para embarque.<\/p>\n<p>O Conex\u00e3o Educativa Ub\u00e1 &#8211; Congresso de Educa\u00e7\u00e3o tem o apoio da Prefeitura que garantiu a participa\u00e7\u00e3o de todos os profissionais da rede municipal de ensino no evento.<\/p>\n<div id=\"programacao\">\n<h5>Detalhes da programa\u00e7\u00e3o<\/h5>\n<div class=\"evento_detalhes\">\n<p class=\"prog_data\"><strong>Data:&nbsp;<\/strong>18\/08\/2018<\/p>\n<p class=\"prog_hora\"><strong>Hor\u00e1rio:&nbsp;<\/strong>08:30<\/p>\n<p class=\"prog_local\"><strong>Local:&nbsp;<\/strong>Horto Florestal<\/p>\n<p class=\"prog_desc\">Participe!<\/p>\n<p><a href=\"https:\/\/ubanews.com\/site\/wp-content\/uploads\/2018\/08\/MANH\u00c3-DO-SERVIDOR-CARTAZ.jpg\"><img decoding=\"async\" class=\"alignnone wp-image-6510 size-full lazyload\" data-src=\"https:\/\/ubanews.com\/site\/wp-content\/uploads\/2018\/08\/MANH\u00c3-DO-SERVIDOR-CARTAZ.jpg\" alt=\"\" width=\"415\" height=\"600\" data-srcset=\"https:\/\/ubanews.com\/site\/wp-content\/uploads\/2018\/08\/MANH\u00c3-DO-SERVIDOR-CARTAZ.jpg 415w, https:\/\/ubanews.com\/site\/wp-content\/uploads\/2018\/08\/MANH\u00c3-DO-SERVIDOR-CARTAZ-208x300.jpg 208w\" data-sizes=\"(max-width: 415px) 100vw, 415px\" src=\"data:image\/svg+xml;base64,PHN2ZyB3aWR0aD0iMSIgaGVpZ2h0PSIxIiB4bWxucz0iaHR0cDovL3d3dy53My5vcmcvMjAwMC9zdmciPjwvc3ZnPg==\" style=\"--smush-placeholder-width: 415px; --smush-placeholder-aspect-ratio: 415\/600;\" \/><\/a><\/p>\n<p><strong>Assessoria de Comunica\u00e7\u00e3o da Prefeitura Municipal de Ub\u00e1.<\/strong><\/p>\n<\/div>\n<\/div>\n","protected":false},"excerpt":{"rendered":"<p>Cursos\/Palestras De 16 a 18 de agosto acontece em Ub\u00e1,<\/p>\n","protected":false},"author":2,"featured_media":6511,"comment_status":"open","ping_status":"open","sticky":false,"template":"","format":"standard","meta":{"footnotes":""},"categories":[15],"tags":[],"class_list":["post-6508","post","type-post","status-publish","format-standard","has-post-thumbnail","hentry","category-prefeitura-municipal"],"yoast_head":"<!-- This site is optimized with the Yoast SEO plugin v27.2 - https:\/\/yoast.com\/product\/yoast-seo-wordpress\/ -->\n<title>Cursos e palestras &quot;Conex\u00e3o Educativa Ub\u00e1&quot; - Ub\u00e1 News<\/title>\n<meta name=\"robots\" content=\"index, follow, max-snippet:-1, max-image-preview:large, max-video-preview:-1\" \/>\n<link rel=\"canonical\" href=\"https:\/\/ubanews.com\/site\/2018\/08\/15\/cursos-e-palestras-conexao-educativa-uba-no-horto-florestal\/\" \/>\n<meta property=\"og:locale\" content=\"pt_BR\" \/>\n<meta property=\"og:type\" content=\"article\" \/>\n<meta property=\"og:title\" content=\"Cursos e palestras &quot;Conex\u00e3o Educativa Ub\u00e1&quot; - Ub\u00e1 News\" \/>\n<meta property=\"og:description\" content=\"Cursos\/Palestras De 16 a 18 de agosto acontece em Ub\u00e1,\" \/>\n<meta property=\"og:url\" content=\"https:\/\/ubanews.com\/site\/2018\/08\/15\/cursos-e-palestras-conexao-educativa-uba-no-horto-florestal\/\" \/>\n<meta property=\"og:site_name\" content=\"Ub\u00e1 News\" \/>\n<meta property=\"article:publisher\" content=\"https:\/\/www.facebook.com\/Ub%c3%a1News-Carlos-Roberto-Sodr%c3%a9-418778301977370\" \/>\n<meta property=\"article:author\" content=\"https:\/\/www.facebook.com\/carosroberto.sodre.5\/\" \/>\n<meta property=\"article:published_time\" content=\"2018-08-15T12:55:19+00:00\" \/>\n<meta property=\"article:modified_time\" content=\"2018-08-20T13:01:16+00:00\" \/>\n<meta property=\"og:image\" content=\"https:\/\/ubanews.com\/site\/wp-content\/uploads\/2018\/08\/0091.jpg\" \/>\n\t<meta property=\"og:image:width\" content=\"800\" \/>\n\t<meta property=\"og:image:height\" content=\"389\" \/>\n\t<meta property=\"og:image:type\" content=\"image\/jpeg\" \/>\n<meta name=\"author\" content=\"Sodr\u00e9\" \/>\n<meta name=\"twitter:card\" content=\"summary_large_image\" \/>\n<meta name=\"twitter:label1\" content=\"Escrito por\" \/>\n\t<meta name=\"twitter:data1\" content=\"Sodr\u00e9\" \/>\n\t<meta name=\"twitter:label2\" content=\"Est. tempo de leitura\" \/>\n\t<meta name=\"twitter:data2\" content=\"1 minuto\" \/>\n<script type=\"application\/ld+json\" class=\"yoast-schema-graph\">{\"@context\":\"https:\/\/schema.org\",\"@graph\":[{\"@type\":\"Article\",\"@id\":\"https:\/\/ubanews.com\/site\/2018\/08\/15\/cursos-e-palestras-conexao-educativa-uba-no-horto-florestal\/#article\",\"isPartOf\":{\"@id\":\"https:\/\/ubanews.com\/site\/2018\/08\/15\/cursos-e-palestras-conexao-educativa-uba-no-horto-florestal\/\"},\"author\":{\"name\":\"Sodr\u00e9\",\"@id\":\"https:\/\/ubanews.com\/site\/#\/schema\/person\/d90c9e47252fbb63dcc969fe4c8b9d10\"},\"headline\":\"Cursos e palestras &#8220;Conex\u00e3o Educativa Ub\u00e1&#8221;\",\"datePublished\":\"2018-08-15T12:55:19+00:00\",\"dateModified\":\"2018-08-20T13:01:16+00:00\",\"mainEntityOfPage\":{\"@id\":\"https:\/\/ubanews.com\/site\/2018\/08\/15\/cursos-e-palestras-conexao-educativa-uba-no-horto-florestal\/\"},\"wordCount\":205,\"commentCount\":0,\"publisher\":{\"@id\":\"https:\/\/ubanews.com\/site\/#organization\"},\"image\":{\"@id\":\"https:\/\/ubanews.com\/site\/2018\/08\/15\/cursos-e-palestras-conexao-educativa-uba-no-horto-florestal\/#primaryimage\"},\"thumbnailUrl\":\"https:\/\/ubanews.com\/site\/wp-content\/uploads\/2018\/08\/0091.jpg\",\"articleSection\":[\"Prefeitura Municipal\"],\"inLanguage\":\"pt-BR\",\"potentialAction\":[{\"@type\":\"CommentAction\",\"name\":\"Comment\",\"target\":[\"https:\/\/ubanews.com\/site\/2018\/08\/15\/cursos-e-palestras-conexao-educativa-uba-no-horto-florestal\/#respond\"]}]},{\"@type\":\"WebPage\",\"@id\":\"https:\/\/ubanews.com\/site\/2018\/08\/15\/cursos-e-palestras-conexao-educativa-uba-no-horto-florestal\/\",\"url\":\"https:\/\/ubanews.com\/site\/2018\/08\/15\/cursos-e-palestras-conexao-educativa-uba-no-horto-florestal\/\",\"name\":\"Cursos e palestras \\\"Conex\u00e3o Educativa Ub\u00e1\\\" - Ub\u00e1 News\",\"isPartOf\":{\"@id\":\"https:\/\/ubanews.com\/site\/#website\"},\"primaryImageOfPage\":{\"@id\":\"https:\/\/ubanews.com\/site\/2018\/08\/15\/cursos-e-palestras-conexao-educativa-uba-no-horto-florestal\/#primaryimage\"},\"image\":{\"@id\":\"https:\/\/ubanews.com\/site\/2018\/08\/15\/cursos-e-palestras-conexao-educativa-uba-no-horto-florestal\/#primaryimage\"},\"thumbnailUrl\":\"https:\/\/ubanews.com\/site\/wp-content\/uploads\/2018\/08\/0091.jpg\",\"datePublished\":\"2018-08-15T12:55:19+00:00\",\"dateModified\":\"2018-08-20T13:01:16+00:00\",\"breadcrumb\":{\"@id\":\"https:\/\/ubanews.com\/site\/2018\/08\/15\/cursos-e-palestras-conexao-educativa-uba-no-horto-florestal\/#breadcrumb\"},\"inLanguage\":\"pt-BR\",\"potentialAction\":[{\"@type\":\"ReadAction\",\"target\":[\"https:\/\/ubanews.com\/site\/2018\/08\/15\/cursos-e-palestras-conexao-educativa-uba-no-horto-florestal\/\"]}]},{\"@type\":\"ImageObject\",\"inLanguage\":\"pt-BR\",\"@id\":\"https:\/\/ubanews.com\/site\/2018\/08\/15\/cursos-e-palestras-conexao-educativa-uba-no-horto-florestal\/#primaryimage\",\"url\":\"https:\/\/ubanews.com\/site\/wp-content\/uploads\/2018\/08\/0091.jpg\",\"contentUrl\":\"https:\/\/ubanews.com\/site\/wp-content\/uploads\/2018\/08\/0091.jpg\",\"width\":800,\"height\":389},{\"@type\":\"BreadcrumbList\",\"@id\":\"https:\/\/ubanews.com\/site\/2018\/08\/15\/cursos-e-palestras-conexao-educativa-uba-no-horto-florestal\/#breadcrumb\",\"itemListElement\":[{\"@type\":\"ListItem\",\"position\":1,\"name\":\"Home\",\"item\":\"https:\/\/ubanews.com\/site\/\"},{\"@type\":\"ListItem\",\"position\":2,\"name\":\"Cursos e palestras &#8220;Conex\u00e3o Educativa Ub\u00e1&#8221;\"}]},{\"@type\":\"WebSite\",\"@id\":\"https:\/\/ubanews.com\/site\/#website\",\"url\":\"https:\/\/ubanews.com\/site\/\",\"name\":\"Ub\u00e1 News\",\"description\":\"\",\"publisher\":{\"@id\":\"https:\/\/ubanews.com\/site\/#organization\"},\"potentialAction\":[{\"@type\":\"SearchAction\",\"target\":{\"@type\":\"EntryPoint\",\"urlTemplate\":\"https:\/\/ubanews.com\/site\/?s={search_term_string}\"},\"query-input\":{\"@type\":\"PropertyValueSpecification\",\"valueRequired\":true,\"valueName\":\"search_term_string\"}}],\"inLanguage\":\"pt-BR\"},{\"@type\":\"Organization\",\"@id\":\"https:\/\/ubanews.com\/site\/#organization\",\"name\":\"Ub\u00e1 News\",\"url\":\"https:\/\/ubanews.com\/site\/\",\"logo\":{\"@type\":\"ImageObject\",\"inLanguage\":\"pt-BR\",\"@id\":\"https:\/\/ubanews.com\/site\/#\/schema\/logo\/image\/\",\"url\":\"https:\/\/ubanews.com\/site\/wp-content\/uploads\/2018\/01\/logoubanews.png\",\"contentUrl\":\"https:\/\/ubanews.com\/site\/wp-content\/uploads\/2018\/01\/logoubanews.png\",\"width\":261,\"height\":99,\"caption\":\"Ub\u00e1 News\"},\"image\":{\"@id\":\"https:\/\/ubanews.com\/site\/#\/schema\/logo\/image\/\"},\"sameAs\":[\"https:\/\/www.facebook.com\/Ub\u00e1News-Carlos-Roberto-Sodr\u00e9-418778301977370\"]},{\"@type\":\"Person\",\"@id\":\"https:\/\/ubanews.com\/site\/#\/schema\/person\/d90c9e47252fbb63dcc969fe4c8b9d10\",\"name\":\"Sodr\u00e9\",\"image\":{\"@type\":\"ImageObject\",\"inLanguage\":\"pt-BR\",\"@id\":\"https:\/\/secure.gravatar.com\/avatar\/5ba2793f0590b9dbfad3fdec4ee714485b3eef211c9b32ee53d414060454a56c?s=96&d=mm&r=g\",\"url\":\"https:\/\/secure.gravatar.com\/avatar\/5ba2793f0590b9dbfad3fdec4ee714485b3eef211c9b32ee53d414060454a56c?s=96&d=mm&r=g\",\"contentUrl\":\"https:\/\/secure.gravatar.com\/avatar\/5ba2793f0590b9dbfad3fdec4ee714485b3eef211c9b32ee53d414060454a56c?s=96&d=mm&r=g\",\"caption\":\"Sodr\u00e9\"},\"sameAs\":[\"https:\/\/www.facebook.com\/carosroberto.sodre.5\/\"],\"url\":\"https:\/\/ubanews.com\/site\/author\/felipe\/\"}]}<\/script>\n<!-- \/ Yoast SEO plugin. -->","yoast_head_json":{"title":"Cursos e palestras \"Conex\u00e3o Educativa Ub\u00e1\" - Ub\u00e1 News","robots":{"index":"index","follow":"follow","max-snippet":"max-snippet:-1","max-image-preview":"max-image-preview:large","max-video-preview":"max-video-preview:-1"},"canonical":"https:\/\/ubanews.com\/site\/2018\/08\/15\/cursos-e-palestras-conexao-educativa-uba-no-horto-florestal\/","og_locale":"pt_BR","og_type":"article","og_title":"Cursos e palestras \"Conex\u00e3o Educativa Ub\u00e1\" - Ub\u00e1 News","og_description":"Cursos\/Palestras De 16 a 18 de agosto acontece em Ub\u00e1,","og_url":"https:\/\/ubanews.com\/site\/2018\/08\/15\/cursos-e-palestras-conexao-educativa-uba-no-horto-florestal\/","og_site_name":"Ub\u00e1 News","article_publisher":"https:\/\/www.facebook.com\/Ub%c3%a1News-Carlos-Roberto-Sodr%c3%a9-418778301977370","article_author":"https:\/\/www.facebook.com\/carosroberto.sodre.5\/","article_published_time":"2018-08-15T12:55:19+00:00","article_modified_time":"2018-08-20T13:01:16+00:00","og_image":[{"width":800,"height":389,"url":"https:\/\/ubanews.com\/site\/wp-content\/uploads\/2018\/08\/0091.jpg","type":"image\/jpeg"}],"author":"Sodr\u00e9","twitter_card":"summary_large_image","twitter_misc":{"Escrito por":"Sodr\u00e9","Est. tempo de leitura":"1 minuto"},"schema":{"@context":"https:\/\/schema.org","@graph":[{"@type":"Article","@id":"https:\/\/ubanews.com\/site\/2018\/08\/15\/cursos-e-palestras-conexao-educativa-uba-no-horto-florestal\/#article","isPartOf":{"@id":"https:\/\/ubanews.com\/site\/2018\/08\/15\/cursos-e-palestras-conexao-educativa-uba-no-horto-florestal\/"},"author":{"name":"Sodr\u00e9","@id":"https:\/\/ubanews.com\/site\/#\/schema\/person\/d90c9e47252fbb63dcc969fe4c8b9d10"},"headline":"Cursos e palestras &#8220;Conex\u00e3o Educativa Ub\u00e1&#8221;","datePublished":"2018-08-15T12:55:19+00:00","dateModified":"2018-08-20T13:01:16+00:00","mainEntityOfPage":{"@id":"https:\/\/ubanews.com\/site\/2018\/08\/15\/cursos-e-palestras-conexao-educativa-uba-no-horto-florestal\/"},"wordCount":205,"commentCount":0,"publisher":{"@id":"https:\/\/ubanews.com\/site\/#organization"},"image":{"@id":"https:\/\/ubanews.com\/site\/2018\/08\/15\/cursos-e-palestras-conexao-educativa-uba-no-horto-florestal\/#primaryimage"},"thumbnailUrl":"https:\/\/ubanews.com\/site\/wp-content\/uploads\/2018\/08\/0091.jpg","articleSection":["Prefeitura Municipal"],"inLanguage":"pt-BR","potentialAction":[{"@type":"CommentAction","name":"Comment","target":["https:\/\/ubanews.com\/site\/2018\/08\/15\/cursos-e-palestras-conexao-educativa-uba-no-horto-florestal\/#respond"]}]},{"@type":"WebPage","@id":"https:\/\/ubanews.com\/site\/2018\/08\/15\/cursos-e-palestras-conexao-educativa-uba-no-horto-florestal\/","url":"https:\/\/ubanews.com\/site\/2018\/08\/15\/cursos-e-palestras-conexao-educativa-uba-no-horto-florestal\/","name":"Cursos e palestras \"Conex\u00e3o Educativa Ub\u00e1\" - Ub\u00e1 News","isPartOf":{"@id":"https:\/\/ubanews.com\/site\/#website"},"primaryImageOfPage":{"@id":"https:\/\/ubanews.com\/site\/2018\/08\/15\/cursos-e-palestras-conexao-educativa-uba-no-horto-florestal\/#primaryimage"},"image":{"@id":"https:\/\/ubanews.com\/site\/2018\/08\/15\/cursos-e-palestras-conexao-educativa-uba-no-horto-florestal\/#primaryimage"},"thumbnailUrl":"https:\/\/ubanews.com\/site\/wp-content\/uploads\/2018\/08\/0091.jpg","datePublished":"2018-08-15T12:55:19+00:00","dateModified":"2018-08-20T13:01:16+00:00","breadcrumb":{"@id":"https:\/\/ubanews.com\/site\/2018\/08\/15\/cursos-e-palestras-conexao-educativa-uba-no-horto-florestal\/#breadcrumb"},"inLanguage":"pt-BR","potentialAction":[{"@type":"ReadAction","target":["https:\/\/ubanews.com\/site\/2018\/08\/15\/cursos-e-palestras-conexao-educativa-uba-no-horto-florestal\/"]}]},{"@type":"ImageObject","inLanguage":"pt-BR","@id":"https:\/\/ubanews.com\/site\/2018\/08\/15\/cursos-e-palestras-conexao-educativa-uba-no-horto-florestal\/#primaryimage","url":"https:\/\/ubanews.com\/site\/wp-content\/uploads\/2018\/08\/0091.jpg","contentUrl":"https:\/\/ubanews.com\/site\/wp-content\/uploads\/2018\/08\/0091.jpg","width":800,"height":389},{"@type":"BreadcrumbList","@id":"https:\/\/ubanews.com\/site\/2018\/08\/15\/cursos-e-palestras-conexao-educativa-uba-no-horto-florestal\/#breadcrumb","itemListElement":[{"@type":"ListItem","position":1,"name":"Home","item":"https:\/\/ubanews.com\/site\/"},{"@type":"ListItem","position":2,"name":"Cursos e palestras &#8220;Conex\u00e3o Educativa Ub\u00e1&#8221;"}]},{"@type":"WebSite","@id":"https:\/\/ubanews.com\/site\/#website","url":"https:\/\/ubanews.com\/site\/","name":"Ub\u00e1 News","description":"","publisher":{"@id":"https:\/\/ubanews.com\/site\/#organization"},"potentialAction":[{"@type":"SearchAction","target":{"@type":"EntryPoint","urlTemplate":"https:\/\/ubanews.com\/site\/?s={search_term_string}"},"query-input":{"@type":"PropertyValueSpecification","valueRequired":true,"valueName":"search_term_string"}}],"inLanguage":"pt-BR"},{"@type":"Organization","@id":"https:\/\/ubanews.com\/site\/#organization","name":"Ub\u00e1 News","url":"https:\/\/ubanews.com\/site\/","logo":{"@type":"ImageObject","inLanguage":"pt-BR","@id":"https:\/\/ubanews.com\/site\/#\/schema\/logo\/image\/","url":"https:\/\/ubanews.com\/site\/wp-content\/uploads\/2018\/01\/logoubanews.png","contentUrl":"https:\/\/ubanews.com\/site\/wp-content\/uploads\/2018\/01\/logoubanews.png","width":261,"height":99,"caption":"Ub\u00e1 News"},"image":{"@id":"https:\/\/ubanews.com\/site\/#\/schema\/logo\/image\/"},"sameAs":["https:\/\/www.facebook.com\/Ub\u00e1News-Carlos-Roberto-Sodr\u00e9-418778301977370"]},{"@type":"Person","@id":"https:\/\/ubanews.com\/site\/#\/schema\/person\/d90c9e47252fbb63dcc969fe4c8b9d10","name":"Sodr\u00e9","image":{"@type":"ImageObject","inLanguage":"pt-BR","@id":"https:\/\/secure.gravatar.com\/avatar\/5ba2793f0590b9dbfad3fdec4ee714485b3eef211c9b32ee53d414060454a56c?s=96&d=mm&r=g","url":"https:\/\/secure.gravatar.com\/avatar\/5ba2793f0590b9dbfad3fdec4ee714485b3eef211c9b32ee53d414060454a56c?s=96&d=mm&r=g","contentUrl":"https:\/\/secure.gravatar.com\/avatar\/5ba2793f0590b9dbfad3fdec4ee714485b3eef211c9b32ee53d414060454a56c?s=96&d=mm&r=g","caption":"Sodr\u00e9"},"sameAs":["https:\/\/www.facebook.com\/carosroberto.sodre.5\/"],"url":"https:\/\/ubanews.com\/site\/author\/felipe\/"}]}},"_links":{"self":[{"href":"https:\/\/ubanews.com\/site\/wp-json\/wp\/v2\/posts\/6508","targetHints":{"allow":["GET"]}}],"collection":[{"href":"https:\/\/ubanews.com\/site\/wp-json\/wp\/v2\/posts"}],"about":[{"href":"https:\/\/ubanews.com\/site\/wp-json\/wp\/v2\/types\/post"}],"author":[{"embeddable":true,"href":"https:\/\/ubanews.com\/site\/wp-json\/wp\/v2\/users\/2"}],"replies":[{"embeddable":true,"href":"https:\/\/ubanews.com\/site\/wp-json\/wp\/v2\/comments?post=6508"}],"version-history":[{"count":0,"href":"https:\/\/ubanews.com\/site\/wp-json\/wp\/v2\/posts\/6508\/revisions"}],"wp:featuredmedia":[{"embeddable":true,"href":"https:\/\/ubanews.com\/site\/wp-json\/wp\/v2\/media\/6511"}],"wp:attachment":[{"href":"https:\/\/ubanews.com\/site\/wp-json\/wp\/v2\/media?parent=6508"}],"wp:term":[{"taxonomy":"category","embeddable":true,"href":"https:\/\/ubanews.com\/site\/wp-json\/wp\/v2\/categories?post=6508"},{"taxonomy":"post_tag","embeddable":true,"href":"https:\/\/ubanews.com\/site\/wp-json\/wp\/v2\/tags?post=6508"}],"curies":[{"name":"wp","href":"https:\/\/api.w.org\/{rel}","templated":true}]}}