{"id":6502,"date":"2018-08-14T16:33:21","date_gmt":"2018-08-14T19:33:21","guid":{"rendered":"http:\/\/ubanews.com\/site\/?p=6502"},"modified":"2018-08-20T10:00:59","modified_gmt":"2018-08-20T13:00:59","slug":"continua-desaparecido-sargento-aposentado-da-policia-militar-desde-a-semana-passada","status":"publish","type":"post","link":"https:\/\/ubanews.com\/site\/2018\/08\/14\/continua-desaparecido-sargento-aposentado-da-policia-militar-desde-a-semana-passada\/","title":{"rendered":"Continua desaparecido sargento aposentado da Pol\u00edcia Militar desde a semana passada"},"content":{"rendered":"<p>Juvenal dos Santos (54) chegou na manh\u00e3 de segunda-feira (06), no Hospital Militar, em Belo Horizonte. Acompanhado da esposa D\u00f3ris dos Santos (31). Santos iria permanecer internado para alguns exames, conforme solicitado por seu m\u00e9dico da cidade de Ub\u00e1. Impossibilitada de permanecer ao lado do marido, como gostaria, D\u00f3ris retornou ao Ub\u00e1 para cuidar da filha do casal de apenas cinco anos. Na quinta-feira (09), ela entrou no \u00f4nibus \u00e0s 6h, para uma visita ao companheiro na capital, onde permanecia internado. Contudo, ao chegar na Capital foi informada que seu marido deixou as depend\u00eancias do HPM, \u00e0s 5h, do mesmo dia, sem deixar not\u00edcias. Conversamos, por telefone, com a senhora D\u00f3ris dos Santos e ela nos disse: \u201cs\u00f3 retorno a Ub\u00e1 quando encontrar o meu marido, tenho certeza que vamos encontr\u00e1-lo\u201d. Tamb\u00e9m por telefone, a nossa equipe conversou com a Subtenente Pomp\u00e9ia: \u201ca Pol\u00edcia Militar estar mobilizada em todo o Estado de Minas Gerais com o objetivo de encontrar nosso companheiro Sargento Santos\u201d.<\/p>\n","protected":false},"excerpt":{"rendered":"<p>Juvenal dos Santos (54) chegou na manh\u00e3 de segunda-feira (06),<\/p>\n","protected":false},"author":2,"featured_media":6501,"comment_status":"open","ping_status":"open","sticky":false,"template":"","format":"standard","meta":{"footnotes":""},"categories":[1],"tags":[],"class_list":["post-6502","post","type-post","status-publish","format-standard","has-post-thumbnail","hentry","category-sem-categoria"],"yoast_head":"<!-- This site is optimized with the Yoast SEO plugin v27.2 - https:\/\/yoast.com\/product\/yoast-seo-wordpress\/ -->\n<title>Continua desaparecido sargento aposentado da Pol\u00edcia Militar desde a semana passada - Ub\u00e1 News<\/title>\n<meta name=\"robots\" content=\"index, follow, max-snippet:-1, max-image-preview:large, max-video-preview:-1\" \/>\n<link rel=\"canonical\" href=\"https:\/\/ubanews.com\/site\/2018\/08\/14\/continua-desaparecido-sargento-aposentado-da-policia-militar-desde-a-semana-passada\/\" \/>\n<meta property=\"og:locale\" content=\"pt_BR\" \/>\n<meta property=\"og:type\" content=\"article\" \/>\n<meta property=\"og:title\" content=\"Continua desaparecido sargento aposentado da Pol\u00edcia Militar desde a semana passada - Ub\u00e1 News\" \/>\n<meta property=\"og:description\" content=\"Juvenal dos Santos (54) chegou na manh\u00e3 de segunda-feira (06),\" \/>\n<meta property=\"og:url\" content=\"https:\/\/ubanews.com\/site\/2018\/08\/14\/continua-desaparecido-sargento-aposentado-da-policia-militar-desde-a-semana-passada\/\" \/>\n<meta property=\"og:site_name\" content=\"Ub\u00e1 News\" \/>\n<meta property=\"article:publisher\" content=\"https:\/\/www.facebook.com\/Ub%c3%a1News-Carlos-Roberto-Sodr%c3%a9-418778301977370\" \/>\n<meta property=\"article:author\" content=\"https:\/\/www.facebook.com\/carosroberto.sodre.5\/\" \/>\n<meta property=\"article:published_time\" content=\"2018-08-14T19:33:21+00:00\" \/>\n<meta property=\"article:modified_time\" content=\"2018-08-20T13:00:59+00:00\" \/>\n<meta property=\"og:image\" content=\"https:\/\/ubanews.com\/site\/wp-content\/uploads\/2018\/08\/009-1.jpg\" \/>\n\t<meta property=\"og:image:width\" content=\"800\" \/>\n\t<meta property=\"og:image:height\" content=\"389\" \/>\n\t<meta property=\"og:image:type\" content=\"image\/jpeg\" \/>\n<meta name=\"author\" content=\"Sodr\u00e9\" \/>\n<meta name=\"twitter:card\" content=\"summary_large_image\" \/>\n<meta name=\"twitter:label1\" content=\"Escrito por\" \/>\n\t<meta name=\"twitter:data1\" content=\"Sodr\u00e9\" \/>\n\t<meta name=\"twitter:label2\" content=\"Est. tempo de leitura\" \/>\n\t<meta name=\"twitter:data2\" content=\"1 minuto\" \/>\n<script type=\"application\/ld+json\" class=\"yoast-schema-graph\">{\"@context\":\"https:\/\/schema.org\",\"@graph\":[{\"@type\":\"Article\",\"@id\":\"https:\/\/ubanews.com\/site\/2018\/08\/14\/continua-desaparecido-sargento-aposentado-da-policia-militar-desde-a-semana-passada\/#article\",\"isPartOf\":{\"@id\":\"https:\/\/ubanews.com\/site\/2018\/08\/14\/continua-desaparecido-sargento-aposentado-da-policia-militar-desde-a-semana-passada\/\"},\"author\":{\"name\":\"Sodr\u00e9\",\"@id\":\"https:\/\/ubanews.com\/site\/#\/schema\/person\/d90c9e47252fbb63dcc969fe4c8b9d10\"},\"headline\":\"Continua desaparecido sargento aposentado da Pol\u00edcia Militar desde a semana passada\",\"datePublished\":\"2018-08-14T19:33:21+00:00\",\"dateModified\":\"2018-08-20T13:00:59+00:00\",\"mainEntityOfPage\":{\"@id\":\"https:\/\/ubanews.com\/site\/2018\/08\/14\/continua-desaparecido-sargento-aposentado-da-policia-militar-desde-a-semana-passada\/\"},\"wordCount\":181,\"commentCount\":0,\"publisher\":{\"@id\":\"https:\/\/ubanews.com\/site\/#organization\"},\"image\":{\"@id\":\"https:\/\/ubanews.com\/site\/2018\/08\/14\/continua-desaparecido-sargento-aposentado-da-policia-militar-desde-a-semana-passada\/#primaryimage\"},\"thumbnailUrl\":\"https:\/\/ubanews.com\/site\/wp-content\/uploads\/2018\/08\/009-1.jpg\",\"articleSection\":[\"Geral\"],\"inLanguage\":\"pt-BR\",\"potentialAction\":[{\"@type\":\"CommentAction\",\"name\":\"Comment\",\"target\":[\"https:\/\/ubanews.com\/site\/2018\/08\/14\/continua-desaparecido-sargento-aposentado-da-policia-militar-desde-a-semana-passada\/#respond\"]}]},{\"@type\":\"WebPage\",\"@id\":\"https:\/\/ubanews.com\/site\/2018\/08\/14\/continua-desaparecido-sargento-aposentado-da-policia-militar-desde-a-semana-passada\/\",\"url\":\"https:\/\/ubanews.com\/site\/2018\/08\/14\/continua-desaparecido-sargento-aposentado-da-policia-militar-desde-a-semana-passada\/\",\"name\":\"Continua desaparecido sargento aposentado da Pol\u00edcia Militar desde a semana passada - Ub\u00e1 News\",\"isPartOf\":{\"@id\":\"https:\/\/ubanews.com\/site\/#website\"},\"primaryImageOfPage\":{\"@id\":\"https:\/\/ubanews.com\/site\/2018\/08\/14\/continua-desaparecido-sargento-aposentado-da-policia-militar-desde-a-semana-passada\/#primaryimage\"},\"image\":{\"@id\":\"https:\/\/ubanews.com\/site\/2018\/08\/14\/continua-desaparecido-sargento-aposentado-da-policia-militar-desde-a-semana-passada\/#primaryimage\"},\"thumbnailUrl\":\"https:\/\/ubanews.com\/site\/wp-content\/uploads\/2018\/08\/009-1.jpg\",\"datePublished\":\"2018-08-14T19:33:21+00:00\",\"dateModified\":\"2018-08-20T13:00:59+00:00\",\"breadcrumb\":{\"@id\":\"https:\/\/ubanews.com\/site\/2018\/08\/14\/continua-desaparecido-sargento-aposentado-da-policia-militar-desde-a-semana-passada\/#breadcrumb\"},\"inLanguage\":\"pt-BR\",\"potentialAction\":[{\"@type\":\"ReadAction\",\"target\":[\"https:\/\/ubanews.com\/site\/2018\/08\/14\/continua-desaparecido-sargento-aposentado-da-policia-militar-desde-a-semana-passada\/\"]}]},{\"@type\":\"ImageObject\",\"inLanguage\":\"pt-BR\",\"@id\":\"https:\/\/ubanews.com\/site\/2018\/08\/14\/continua-desaparecido-sargento-aposentado-da-policia-militar-desde-a-semana-passada\/#primaryimage\",\"url\":\"https:\/\/ubanews.com\/site\/wp-content\/uploads\/2018\/08\/009-1.jpg\",\"contentUrl\":\"https:\/\/ubanews.com\/site\/wp-content\/uploads\/2018\/08\/009-1.jpg\",\"width\":800,\"height\":389},{\"@type\":\"BreadcrumbList\",\"@id\":\"https:\/\/ubanews.com\/site\/2018\/08\/14\/continua-desaparecido-sargento-aposentado-da-policia-militar-desde-a-semana-passada\/#breadcrumb\",\"itemListElement\":[{\"@type\":\"ListItem\",\"position\":1,\"name\":\"Home\",\"item\":\"https:\/\/ubanews.com\/site\/\"},{\"@type\":\"ListItem\",\"position\":2,\"name\":\"Continua desaparecido sargento aposentado da Pol\u00edcia Militar desde a semana passada\"}]},{\"@type\":\"WebSite\",\"@id\":\"https:\/\/ubanews.com\/site\/#website\",\"url\":\"https:\/\/ubanews.com\/site\/\",\"name\":\"Ub\u00e1 News\",\"description\":\"\",\"publisher\":{\"@id\":\"https:\/\/ubanews.com\/site\/#organization\"},\"potentialAction\":[{\"@type\":\"SearchAction\",\"target\":{\"@type\":\"EntryPoint\",\"urlTemplate\":\"https:\/\/ubanews.com\/site\/?s={search_term_string}\"},\"query-input\":{\"@type\":\"PropertyValueSpecification\",\"valueRequired\":true,\"valueName\":\"search_term_string\"}}],\"inLanguage\":\"pt-BR\"},{\"@type\":\"Organization\",\"@id\":\"https:\/\/ubanews.com\/site\/#organization\",\"name\":\"Ub\u00e1 News\",\"url\":\"https:\/\/ubanews.com\/site\/\",\"logo\":{\"@type\":\"ImageObject\",\"inLanguage\":\"pt-BR\",\"@id\":\"https:\/\/ubanews.com\/site\/#\/schema\/logo\/image\/\",\"url\":\"https:\/\/ubanews.com\/site\/wp-content\/uploads\/2018\/01\/logoubanews.png\",\"contentUrl\":\"https:\/\/ubanews.com\/site\/wp-content\/uploads\/2018\/01\/logoubanews.png\",\"width\":261,\"height\":99,\"caption\":\"Ub\u00e1 News\"},\"image\":{\"@id\":\"https:\/\/ubanews.com\/site\/#\/schema\/logo\/image\/\"},\"sameAs\":[\"https:\/\/www.facebook.com\/Ub\u00e1News-Carlos-Roberto-Sodr\u00e9-418778301977370\"]},{\"@type\":\"Person\",\"@id\":\"https:\/\/ubanews.com\/site\/#\/schema\/person\/d90c9e47252fbb63dcc969fe4c8b9d10\",\"name\":\"Sodr\u00e9\",\"image\":{\"@type\":\"ImageObject\",\"inLanguage\":\"pt-BR\",\"@id\":\"https:\/\/secure.gravatar.com\/avatar\/5ba2793f0590b9dbfad3fdec4ee714485b3eef211c9b32ee53d414060454a56c?s=96&d=mm&r=g\",\"url\":\"https:\/\/secure.gravatar.com\/avatar\/5ba2793f0590b9dbfad3fdec4ee714485b3eef211c9b32ee53d414060454a56c?s=96&d=mm&r=g\",\"contentUrl\":\"https:\/\/secure.gravatar.com\/avatar\/5ba2793f0590b9dbfad3fdec4ee714485b3eef211c9b32ee53d414060454a56c?s=96&d=mm&r=g\",\"caption\":\"Sodr\u00e9\"},\"sameAs\":[\"https:\/\/www.facebook.com\/carosroberto.sodre.5\/\"],\"url\":\"https:\/\/ubanews.com\/site\/author\/felipe\/\"}]}<\/script>\n<!-- \/ Yoast SEO plugin. -->","yoast_head_json":{"title":"Continua desaparecido sargento aposentado da Pol\u00edcia Militar desde a semana passada - Ub\u00e1 News","robots":{"index":"index","follow":"follow","max-snippet":"max-snippet:-1","max-image-preview":"max-image-preview:large","max-video-preview":"max-video-preview:-1"},"canonical":"https:\/\/ubanews.com\/site\/2018\/08\/14\/continua-desaparecido-sargento-aposentado-da-policia-militar-desde-a-semana-passada\/","og_locale":"pt_BR","og_type":"article","og_title":"Continua desaparecido sargento aposentado da Pol\u00edcia Militar desde a semana passada - Ub\u00e1 News","og_description":"Juvenal dos Santos (54) chegou na manh\u00e3 de segunda-feira (06),","og_url":"https:\/\/ubanews.com\/site\/2018\/08\/14\/continua-desaparecido-sargento-aposentado-da-policia-militar-desde-a-semana-passada\/","og_site_name":"Ub\u00e1 News","article_publisher":"https:\/\/www.facebook.com\/Ub%c3%a1News-Carlos-Roberto-Sodr%c3%a9-418778301977370","article_author":"https:\/\/www.facebook.com\/carosroberto.sodre.5\/","article_published_time":"2018-08-14T19:33:21+00:00","article_modified_time":"2018-08-20T13:00:59+00:00","og_image":[{"width":800,"height":389,"url":"https:\/\/ubanews.com\/site\/wp-content\/uploads\/2018\/08\/009-1.jpg","type":"image\/jpeg"}],"author":"Sodr\u00e9","twitter_card":"summary_large_image","twitter_misc":{"Escrito por":"Sodr\u00e9","Est. tempo de leitura":"1 minuto"},"schema":{"@context":"https:\/\/schema.org","@graph":[{"@type":"Article","@id":"https:\/\/ubanews.com\/site\/2018\/08\/14\/continua-desaparecido-sargento-aposentado-da-policia-militar-desde-a-semana-passada\/#article","isPartOf":{"@id":"https:\/\/ubanews.com\/site\/2018\/08\/14\/continua-desaparecido-sargento-aposentado-da-policia-militar-desde-a-semana-passada\/"},"author":{"name":"Sodr\u00e9","@id":"https:\/\/ubanews.com\/site\/#\/schema\/person\/d90c9e47252fbb63dcc969fe4c8b9d10"},"headline":"Continua desaparecido sargento aposentado da Pol\u00edcia Militar desde a semana passada","datePublished":"2018-08-14T19:33:21+00:00","dateModified":"2018-08-20T13:00:59+00:00","mainEntityOfPage":{"@id":"https:\/\/ubanews.com\/site\/2018\/08\/14\/continua-desaparecido-sargento-aposentado-da-policia-militar-desde-a-semana-passada\/"},"wordCount":181,"commentCount":0,"publisher":{"@id":"https:\/\/ubanews.com\/site\/#organization"},"image":{"@id":"https:\/\/ubanews.com\/site\/2018\/08\/14\/continua-desaparecido-sargento-aposentado-da-policia-militar-desde-a-semana-passada\/#primaryimage"},"thumbnailUrl":"https:\/\/ubanews.com\/site\/wp-content\/uploads\/2018\/08\/009-1.jpg","articleSection":["Geral"],"inLanguage":"pt-BR","potentialAction":[{"@type":"CommentAction","name":"Comment","target":["https:\/\/ubanews.com\/site\/2018\/08\/14\/continua-desaparecido-sargento-aposentado-da-policia-militar-desde-a-semana-passada\/#respond"]}]},{"@type":"WebPage","@id":"https:\/\/ubanews.com\/site\/2018\/08\/14\/continua-desaparecido-sargento-aposentado-da-policia-militar-desde-a-semana-passada\/","url":"https:\/\/ubanews.com\/site\/2018\/08\/14\/continua-desaparecido-sargento-aposentado-da-policia-militar-desde-a-semana-passada\/","name":"Continua desaparecido sargento aposentado da Pol\u00edcia Militar desde a semana passada - Ub\u00e1 News","isPartOf":{"@id":"https:\/\/ubanews.com\/site\/#website"},"primaryImageOfPage":{"@id":"https:\/\/ubanews.com\/site\/2018\/08\/14\/continua-desaparecido-sargento-aposentado-da-policia-militar-desde-a-semana-passada\/#primaryimage"},"image":{"@id":"https:\/\/ubanews.com\/site\/2018\/08\/14\/continua-desaparecido-sargento-aposentado-da-policia-militar-desde-a-semana-passada\/#primaryimage"},"thumbnailUrl":"https:\/\/ubanews.com\/site\/wp-content\/uploads\/2018\/08\/009-1.jpg","datePublished":"2018-08-14T19:33:21+00:00","dateModified":"2018-08-20T13:00:59+00:00","breadcrumb":{"@id":"https:\/\/ubanews.com\/site\/2018\/08\/14\/continua-desaparecido-sargento-aposentado-da-policia-militar-desde-a-semana-passada\/#breadcrumb"},"inLanguage":"pt-BR","potentialAction":[{"@type":"ReadAction","target":["https:\/\/ubanews.com\/site\/2018\/08\/14\/continua-desaparecido-sargento-aposentado-da-policia-militar-desde-a-semana-passada\/"]}]},{"@type":"ImageObject","inLanguage":"pt-BR","@id":"https:\/\/ubanews.com\/site\/2018\/08\/14\/continua-desaparecido-sargento-aposentado-da-policia-militar-desde-a-semana-passada\/#primaryimage","url":"https:\/\/ubanews.com\/site\/wp-content\/uploads\/2018\/08\/009-1.jpg","contentUrl":"https:\/\/ubanews.com\/site\/wp-content\/uploads\/2018\/08\/009-1.jpg","width":800,"height":389},{"@type":"BreadcrumbList","@id":"https:\/\/ubanews.com\/site\/2018\/08\/14\/continua-desaparecido-sargento-aposentado-da-policia-militar-desde-a-semana-passada\/#breadcrumb","itemListElement":[{"@type":"ListItem","position":1,"name":"Home","item":"https:\/\/ubanews.com\/site\/"},{"@type":"ListItem","position":2,"name":"Continua desaparecido sargento aposentado da Pol\u00edcia Militar desde a semana passada"}]},{"@type":"WebSite","@id":"https:\/\/ubanews.com\/site\/#website","url":"https:\/\/ubanews.com\/site\/","name":"Ub\u00e1 News","description":"","publisher":{"@id":"https:\/\/ubanews.com\/site\/#organization"},"potentialAction":[{"@type":"SearchAction","target":{"@type":"EntryPoint","urlTemplate":"https:\/\/ubanews.com\/site\/?s={search_term_string}"},"query-input":{"@type":"PropertyValueSpecification","valueRequired":true,"valueName":"search_term_string"}}],"inLanguage":"pt-BR"},{"@type":"Organization","@id":"https:\/\/ubanews.com\/site\/#organization","name":"Ub\u00e1 News","url":"https:\/\/ubanews.com\/site\/","logo":{"@type":"ImageObject","inLanguage":"pt-BR","@id":"https:\/\/ubanews.com\/site\/#\/schema\/logo\/image\/","url":"https:\/\/ubanews.com\/site\/wp-content\/uploads\/2018\/01\/logoubanews.png","contentUrl":"https:\/\/ubanews.com\/site\/wp-content\/uploads\/2018\/01\/logoubanews.png","width":261,"height":99,"caption":"Ub\u00e1 News"},"image":{"@id":"https:\/\/ubanews.com\/site\/#\/schema\/logo\/image\/"},"sameAs":["https:\/\/www.facebook.com\/Ub\u00e1News-Carlos-Roberto-Sodr\u00e9-418778301977370"]},{"@type":"Person","@id":"https:\/\/ubanews.com\/site\/#\/schema\/person\/d90c9e47252fbb63dcc969fe4c8b9d10","name":"Sodr\u00e9","image":{"@type":"ImageObject","inLanguage":"pt-BR","@id":"https:\/\/secure.gravatar.com\/avatar\/5ba2793f0590b9dbfad3fdec4ee714485b3eef211c9b32ee53d414060454a56c?s=96&d=mm&r=g","url":"https:\/\/secure.gravatar.com\/avatar\/5ba2793f0590b9dbfad3fdec4ee714485b3eef211c9b32ee53d414060454a56c?s=96&d=mm&r=g","contentUrl":"https:\/\/secure.gravatar.com\/avatar\/5ba2793f0590b9dbfad3fdec4ee714485b3eef211c9b32ee53d414060454a56c?s=96&d=mm&r=g","caption":"Sodr\u00e9"},"sameAs":["https:\/\/www.facebook.com\/carosroberto.sodre.5\/"],"url":"https:\/\/ubanews.com\/site\/author\/felipe\/"}]}},"_links":{"self":[{"href":"https:\/\/ubanews.com\/site\/wp-json\/wp\/v2\/posts\/6502","targetHints":{"allow":["GET"]}}],"collection":[{"href":"https:\/\/ubanews.com\/site\/wp-json\/wp\/v2\/posts"}],"about":[{"href":"https:\/\/ubanews.com\/site\/wp-json\/wp\/v2\/types\/post"}],"author":[{"embeddable":true,"href":"https:\/\/ubanews.com\/site\/wp-json\/wp\/v2\/users\/2"}],"replies":[{"embeddable":true,"href":"https:\/\/ubanews.com\/site\/wp-json\/wp\/v2\/comments?post=6502"}],"version-history":[{"count":0,"href":"https:\/\/ubanews.com\/site\/wp-json\/wp\/v2\/posts\/6502\/revisions"}],"wp:featuredmedia":[{"embeddable":true,"href":"https:\/\/ubanews.com\/site\/wp-json\/wp\/v2\/media\/6501"}],"wp:attachment":[{"href":"https:\/\/ubanews.com\/site\/wp-json\/wp\/v2\/media?parent=6502"}],"wp:term":[{"taxonomy":"category","embeddable":true,"href":"https:\/\/ubanews.com\/site\/wp-json\/wp\/v2\/categories?post=6502"},{"taxonomy":"post_tag","embeddable":true,"href":"https:\/\/ubanews.com\/site\/wp-json\/wp\/v2\/tags?post=6502"}],"curies":[{"name":"wp","href":"https:\/\/api.w.org\/{rel}","templated":true}]}}