{"id":6493,"date":"2018-08-14T15:31:27","date_gmt":"2018-08-14T18:31:27","guid":{"rendered":"http:\/\/ubanews.com\/site\/?p=6493"},"modified":"2018-08-14T15:31:27","modified_gmt":"2018-08-14T18:31:27","slug":"ubaense-vai-a-piracicaba-sp-e-ganha-campeonato-de-luta-de-braco","status":"publish","type":"post","link":"https:\/\/ubanews.com\/site\/2018\/08\/14\/ubaense-vai-a-piracicaba-sp-e-ganha-campeonato-de-luta-de-braco\/","title":{"rendered":"Ubaense vai a Piracicaba-SP e ganha campeonato de \u201cLuta de Bra\u00e7o\u201d"},"content":{"rendered":"<p>Luis Ant\u00f4nio Rodrigues Emiliano de 18 anos&nbsp;esteve em Piracicaba-SP no dia 28 de julho para participar de um campeonato que teve 238 atletas dos sete estados brasileiros, de n\u00edvel alto e advers\u00e1rios mais experientes em \u2018Luta de Bra\u00e7o\u2019. Uma disputada bem acirrada ficando em segundo lugar no bra\u00e7o direito e esquerdo. Com sete t\u00edtulos na sua carreira e essa citada \u00e9 mais uma para sua prateleira de trof\u00e9us. Hoje ele \u00e9 vice campe\u00e3o<\/p>\n<p>Luis agradece primeiramente a Deus por essa conquista e todos os seus parceiros: Loja Victory suplementos, Dr Isabela Pereira nutricionista, Dr J\u00fanior Centro est\u00e9tico Luci Tavares, Academia espa\u00e7o FIT, ALS suspens\u00f5es, Duetto planejados, SR farinha, Emp\u00f3rio da serra, DNA digital, Cor e Arte Pinturas, Parati turismo, MC m\u00f3veis, Serralheria Bela Vista, W\u00e2mea material el\u00e9trico e hidr\u00e1ulico<\/p>\n<p>Com grande meta era o primeiro campeonato Brasileiro e conseguir ser vice campe\u00e3o, continuar com o foco at\u00e9 conseguir a classifica\u00e7\u00e3o para o campeonato mundial. Este que \u00e9 \u00fanico atleta da cidade e j\u00e1 campe\u00e3o mineiro.<\/p>\n<p>&nbsp;<\/p>\n","protected":false},"excerpt":{"rendered":"<p>Luis Ant\u00f4nio Rodrigues Emiliano de 18 anos&nbsp;esteve em Piracicaba-SP no<\/p>\n","protected":false},"author":2,"featured_media":6494,"comment_status":"open","ping_status":"open","sticky":false,"template":"","format":"standard","meta":{"footnotes":""},"categories":[1],"tags":[],"class_list":["post-6493","post","type-post","status-publish","format-standard","has-post-thumbnail","hentry","category-sem-categoria"],"yoast_head":"<!-- This site is optimized with the Yoast SEO plugin v27.2 - https:\/\/yoast.com\/product\/yoast-seo-wordpress\/ -->\n<title>Ubaense vai a Piracicaba-SP e ganha campeonato de \u201cLuta de Bra\u00e7o\u201d - Ub\u00e1 News<\/title>\n<meta name=\"robots\" content=\"index, follow, max-snippet:-1, max-image-preview:large, max-video-preview:-1\" \/>\n<link rel=\"canonical\" href=\"https:\/\/ubanews.com\/site\/2018\/08\/14\/ubaense-vai-a-piracicaba-sp-e-ganha-campeonato-de-luta-de-braco\/\" \/>\n<meta property=\"og:locale\" content=\"pt_BR\" \/>\n<meta property=\"og:type\" content=\"article\" \/>\n<meta property=\"og:title\" content=\"Ubaense vai a Piracicaba-SP e ganha campeonato de \u201cLuta de Bra\u00e7o\u201d - Ub\u00e1 News\" \/>\n<meta property=\"og:description\" content=\"Luis Ant\u00f4nio Rodrigues Emiliano de 18 anos&nbsp;esteve em Piracicaba-SP no\" \/>\n<meta property=\"og:url\" content=\"https:\/\/ubanews.com\/site\/2018\/08\/14\/ubaense-vai-a-piracicaba-sp-e-ganha-campeonato-de-luta-de-braco\/\" \/>\n<meta property=\"og:site_name\" content=\"Ub\u00e1 News\" \/>\n<meta property=\"article:publisher\" content=\"https:\/\/www.facebook.com\/Ub%c3%a1News-Carlos-Roberto-Sodr%c3%a9-418778301977370\" \/>\n<meta property=\"article:author\" content=\"https:\/\/www.facebook.com\/carosroberto.sodre.5\/\" \/>\n<meta property=\"article:published_time\" content=\"2018-08-14T18:31:27+00:00\" \/>\n<meta property=\"og:image\" content=\"https:\/\/ubanews.com\/site\/wp-content\/uploads\/2018\/08\/DSC_3737.jpg\" \/>\n\t<meta property=\"og:image:width\" content=\"800\" \/>\n\t<meta property=\"og:image:height\" content=\"389\" \/>\n\t<meta property=\"og:image:type\" content=\"image\/jpeg\" \/>\n<meta name=\"author\" content=\"Sodr\u00e9\" \/>\n<meta name=\"twitter:card\" content=\"summary_large_image\" \/>\n<meta name=\"twitter:label1\" content=\"Escrito por\" \/>\n\t<meta name=\"twitter:data1\" content=\"Sodr\u00e9\" \/>\n\t<meta name=\"twitter:label2\" content=\"Est. tempo de leitura\" \/>\n\t<meta name=\"twitter:data2\" content=\"1 minuto\" \/>\n<script type=\"application\/ld+json\" class=\"yoast-schema-graph\">{\"@context\":\"https:\/\/schema.org\",\"@graph\":[{\"@type\":\"Article\",\"@id\":\"https:\/\/ubanews.com\/site\/2018\/08\/14\/ubaense-vai-a-piracicaba-sp-e-ganha-campeonato-de-luta-de-braco\/#article\",\"isPartOf\":{\"@id\":\"https:\/\/ubanews.com\/site\/2018\/08\/14\/ubaense-vai-a-piracicaba-sp-e-ganha-campeonato-de-luta-de-braco\/\"},\"author\":{\"name\":\"Sodr\u00e9\",\"@id\":\"https:\/\/ubanews.com\/site\/#\/schema\/person\/d90c9e47252fbb63dcc969fe4c8b9d10\"},\"headline\":\"Ubaense vai a Piracicaba-SP e ganha campeonato de \u201cLuta de Bra\u00e7o\u201d\",\"datePublished\":\"2018-08-14T18:31:27+00:00\",\"mainEntityOfPage\":{\"@id\":\"https:\/\/ubanews.com\/site\/2018\/08\/14\/ubaense-vai-a-piracicaba-sp-e-ganha-campeonato-de-luta-de-braco\/\"},\"wordCount\":194,\"commentCount\":0,\"publisher\":{\"@id\":\"https:\/\/ubanews.com\/site\/#organization\"},\"image\":{\"@id\":\"https:\/\/ubanews.com\/site\/2018\/08\/14\/ubaense-vai-a-piracicaba-sp-e-ganha-campeonato-de-luta-de-braco\/#primaryimage\"},\"thumbnailUrl\":\"https:\/\/ubanews.com\/site\/wp-content\/uploads\/2018\/08\/DSC_3737.jpg\",\"articleSection\":[\"Geral\"],\"inLanguage\":\"pt-BR\",\"potentialAction\":[{\"@type\":\"CommentAction\",\"name\":\"Comment\",\"target\":[\"https:\/\/ubanews.com\/site\/2018\/08\/14\/ubaense-vai-a-piracicaba-sp-e-ganha-campeonato-de-luta-de-braco\/#respond\"]}]},{\"@type\":\"WebPage\",\"@id\":\"https:\/\/ubanews.com\/site\/2018\/08\/14\/ubaense-vai-a-piracicaba-sp-e-ganha-campeonato-de-luta-de-braco\/\",\"url\":\"https:\/\/ubanews.com\/site\/2018\/08\/14\/ubaense-vai-a-piracicaba-sp-e-ganha-campeonato-de-luta-de-braco\/\",\"name\":\"Ubaense vai a Piracicaba-SP e ganha campeonato de \u201cLuta de Bra\u00e7o\u201d - Ub\u00e1 News\",\"isPartOf\":{\"@id\":\"https:\/\/ubanews.com\/site\/#website\"},\"primaryImageOfPage\":{\"@id\":\"https:\/\/ubanews.com\/site\/2018\/08\/14\/ubaense-vai-a-piracicaba-sp-e-ganha-campeonato-de-luta-de-braco\/#primaryimage\"},\"image\":{\"@id\":\"https:\/\/ubanews.com\/site\/2018\/08\/14\/ubaense-vai-a-piracicaba-sp-e-ganha-campeonato-de-luta-de-braco\/#primaryimage\"},\"thumbnailUrl\":\"https:\/\/ubanews.com\/site\/wp-content\/uploads\/2018\/08\/DSC_3737.jpg\",\"datePublished\":\"2018-08-14T18:31:27+00:00\",\"breadcrumb\":{\"@id\":\"https:\/\/ubanews.com\/site\/2018\/08\/14\/ubaense-vai-a-piracicaba-sp-e-ganha-campeonato-de-luta-de-braco\/#breadcrumb\"},\"inLanguage\":\"pt-BR\",\"potentialAction\":[{\"@type\":\"ReadAction\",\"target\":[\"https:\/\/ubanews.com\/site\/2018\/08\/14\/ubaense-vai-a-piracicaba-sp-e-ganha-campeonato-de-luta-de-braco\/\"]}]},{\"@type\":\"ImageObject\",\"inLanguage\":\"pt-BR\",\"@id\":\"https:\/\/ubanews.com\/site\/2018\/08\/14\/ubaense-vai-a-piracicaba-sp-e-ganha-campeonato-de-luta-de-braco\/#primaryimage\",\"url\":\"https:\/\/ubanews.com\/site\/wp-content\/uploads\/2018\/08\/DSC_3737.jpg\",\"contentUrl\":\"https:\/\/ubanews.com\/site\/wp-content\/uploads\/2018\/08\/DSC_3737.jpg\",\"width\":800,\"height\":389},{\"@type\":\"BreadcrumbList\",\"@id\":\"https:\/\/ubanews.com\/site\/2018\/08\/14\/ubaense-vai-a-piracicaba-sp-e-ganha-campeonato-de-luta-de-braco\/#breadcrumb\",\"itemListElement\":[{\"@type\":\"ListItem\",\"position\":1,\"name\":\"Home\",\"item\":\"https:\/\/ubanews.com\/site\/\"},{\"@type\":\"ListItem\",\"position\":2,\"name\":\"Ubaense vai a Piracicaba-SP e ganha campeonato de \u201cLuta de Bra\u00e7o\u201d\"}]},{\"@type\":\"WebSite\",\"@id\":\"https:\/\/ubanews.com\/site\/#website\",\"url\":\"https:\/\/ubanews.com\/site\/\",\"name\":\"Ub\u00e1 News\",\"description\":\"\",\"publisher\":{\"@id\":\"https:\/\/ubanews.com\/site\/#organization\"},\"potentialAction\":[{\"@type\":\"SearchAction\",\"target\":{\"@type\":\"EntryPoint\",\"urlTemplate\":\"https:\/\/ubanews.com\/site\/?s={search_term_string}\"},\"query-input\":{\"@type\":\"PropertyValueSpecification\",\"valueRequired\":true,\"valueName\":\"search_term_string\"}}],\"inLanguage\":\"pt-BR\"},{\"@type\":\"Organization\",\"@id\":\"https:\/\/ubanews.com\/site\/#organization\",\"name\":\"Ub\u00e1 News\",\"url\":\"https:\/\/ubanews.com\/site\/\",\"logo\":{\"@type\":\"ImageObject\",\"inLanguage\":\"pt-BR\",\"@id\":\"https:\/\/ubanews.com\/site\/#\/schema\/logo\/image\/\",\"url\":\"https:\/\/ubanews.com\/site\/wp-content\/uploads\/2018\/01\/logoubanews.png\",\"contentUrl\":\"https:\/\/ubanews.com\/site\/wp-content\/uploads\/2018\/01\/logoubanews.png\",\"width\":261,\"height\":99,\"caption\":\"Ub\u00e1 News\"},\"image\":{\"@id\":\"https:\/\/ubanews.com\/site\/#\/schema\/logo\/image\/\"},\"sameAs\":[\"https:\/\/www.facebook.com\/Ub\u00e1News-Carlos-Roberto-Sodr\u00e9-418778301977370\"]},{\"@type\":\"Person\",\"@id\":\"https:\/\/ubanews.com\/site\/#\/schema\/person\/d90c9e47252fbb63dcc969fe4c8b9d10\",\"name\":\"Sodr\u00e9\",\"image\":{\"@type\":\"ImageObject\",\"inLanguage\":\"pt-BR\",\"@id\":\"https:\/\/secure.gravatar.com\/avatar\/5ba2793f0590b9dbfad3fdec4ee714485b3eef211c9b32ee53d414060454a56c?s=96&d=mm&r=g\",\"url\":\"https:\/\/secure.gravatar.com\/avatar\/5ba2793f0590b9dbfad3fdec4ee714485b3eef211c9b32ee53d414060454a56c?s=96&d=mm&r=g\",\"contentUrl\":\"https:\/\/secure.gravatar.com\/avatar\/5ba2793f0590b9dbfad3fdec4ee714485b3eef211c9b32ee53d414060454a56c?s=96&d=mm&r=g\",\"caption\":\"Sodr\u00e9\"},\"sameAs\":[\"https:\/\/www.facebook.com\/carosroberto.sodre.5\/\"],\"url\":\"https:\/\/ubanews.com\/site\/author\/felipe\/\"}]}<\/script>\n<!-- \/ Yoast SEO plugin. -->","yoast_head_json":{"title":"Ubaense vai a Piracicaba-SP e ganha campeonato de \u201cLuta de Bra\u00e7o\u201d - Ub\u00e1 News","robots":{"index":"index","follow":"follow","max-snippet":"max-snippet:-1","max-image-preview":"max-image-preview:large","max-video-preview":"max-video-preview:-1"},"canonical":"https:\/\/ubanews.com\/site\/2018\/08\/14\/ubaense-vai-a-piracicaba-sp-e-ganha-campeonato-de-luta-de-braco\/","og_locale":"pt_BR","og_type":"article","og_title":"Ubaense vai a Piracicaba-SP e ganha campeonato de \u201cLuta de Bra\u00e7o\u201d - Ub\u00e1 News","og_description":"Luis Ant\u00f4nio Rodrigues Emiliano de 18 anos&nbsp;esteve em Piracicaba-SP no","og_url":"https:\/\/ubanews.com\/site\/2018\/08\/14\/ubaense-vai-a-piracicaba-sp-e-ganha-campeonato-de-luta-de-braco\/","og_site_name":"Ub\u00e1 News","article_publisher":"https:\/\/www.facebook.com\/Ub%c3%a1News-Carlos-Roberto-Sodr%c3%a9-418778301977370","article_author":"https:\/\/www.facebook.com\/carosroberto.sodre.5\/","article_published_time":"2018-08-14T18:31:27+00:00","og_image":[{"width":800,"height":389,"url":"https:\/\/ubanews.com\/site\/wp-content\/uploads\/2018\/08\/DSC_3737.jpg","type":"image\/jpeg"}],"author":"Sodr\u00e9","twitter_card":"summary_large_image","twitter_misc":{"Escrito por":"Sodr\u00e9","Est. tempo de leitura":"1 minuto"},"schema":{"@context":"https:\/\/schema.org","@graph":[{"@type":"Article","@id":"https:\/\/ubanews.com\/site\/2018\/08\/14\/ubaense-vai-a-piracicaba-sp-e-ganha-campeonato-de-luta-de-braco\/#article","isPartOf":{"@id":"https:\/\/ubanews.com\/site\/2018\/08\/14\/ubaense-vai-a-piracicaba-sp-e-ganha-campeonato-de-luta-de-braco\/"},"author":{"name":"Sodr\u00e9","@id":"https:\/\/ubanews.com\/site\/#\/schema\/person\/d90c9e47252fbb63dcc969fe4c8b9d10"},"headline":"Ubaense vai a Piracicaba-SP e ganha campeonato de \u201cLuta de Bra\u00e7o\u201d","datePublished":"2018-08-14T18:31:27+00:00","mainEntityOfPage":{"@id":"https:\/\/ubanews.com\/site\/2018\/08\/14\/ubaense-vai-a-piracicaba-sp-e-ganha-campeonato-de-luta-de-braco\/"},"wordCount":194,"commentCount":0,"publisher":{"@id":"https:\/\/ubanews.com\/site\/#organization"},"image":{"@id":"https:\/\/ubanews.com\/site\/2018\/08\/14\/ubaense-vai-a-piracicaba-sp-e-ganha-campeonato-de-luta-de-braco\/#primaryimage"},"thumbnailUrl":"https:\/\/ubanews.com\/site\/wp-content\/uploads\/2018\/08\/DSC_3737.jpg","articleSection":["Geral"],"inLanguage":"pt-BR","potentialAction":[{"@type":"CommentAction","name":"Comment","target":["https:\/\/ubanews.com\/site\/2018\/08\/14\/ubaense-vai-a-piracicaba-sp-e-ganha-campeonato-de-luta-de-braco\/#respond"]}]},{"@type":"WebPage","@id":"https:\/\/ubanews.com\/site\/2018\/08\/14\/ubaense-vai-a-piracicaba-sp-e-ganha-campeonato-de-luta-de-braco\/","url":"https:\/\/ubanews.com\/site\/2018\/08\/14\/ubaense-vai-a-piracicaba-sp-e-ganha-campeonato-de-luta-de-braco\/","name":"Ubaense vai a Piracicaba-SP e ganha campeonato de \u201cLuta de Bra\u00e7o\u201d - Ub\u00e1 News","isPartOf":{"@id":"https:\/\/ubanews.com\/site\/#website"},"primaryImageOfPage":{"@id":"https:\/\/ubanews.com\/site\/2018\/08\/14\/ubaense-vai-a-piracicaba-sp-e-ganha-campeonato-de-luta-de-braco\/#primaryimage"},"image":{"@id":"https:\/\/ubanews.com\/site\/2018\/08\/14\/ubaense-vai-a-piracicaba-sp-e-ganha-campeonato-de-luta-de-braco\/#primaryimage"},"thumbnailUrl":"https:\/\/ubanews.com\/site\/wp-content\/uploads\/2018\/08\/DSC_3737.jpg","datePublished":"2018-08-14T18:31:27+00:00","breadcrumb":{"@id":"https:\/\/ubanews.com\/site\/2018\/08\/14\/ubaense-vai-a-piracicaba-sp-e-ganha-campeonato-de-luta-de-braco\/#breadcrumb"},"inLanguage":"pt-BR","potentialAction":[{"@type":"ReadAction","target":["https:\/\/ubanews.com\/site\/2018\/08\/14\/ubaense-vai-a-piracicaba-sp-e-ganha-campeonato-de-luta-de-braco\/"]}]},{"@type":"ImageObject","inLanguage":"pt-BR","@id":"https:\/\/ubanews.com\/site\/2018\/08\/14\/ubaense-vai-a-piracicaba-sp-e-ganha-campeonato-de-luta-de-braco\/#primaryimage","url":"https:\/\/ubanews.com\/site\/wp-content\/uploads\/2018\/08\/DSC_3737.jpg","contentUrl":"https:\/\/ubanews.com\/site\/wp-content\/uploads\/2018\/08\/DSC_3737.jpg","width":800,"height":389},{"@type":"BreadcrumbList","@id":"https:\/\/ubanews.com\/site\/2018\/08\/14\/ubaense-vai-a-piracicaba-sp-e-ganha-campeonato-de-luta-de-braco\/#breadcrumb","itemListElement":[{"@type":"ListItem","position":1,"name":"Home","item":"https:\/\/ubanews.com\/site\/"},{"@type":"ListItem","position":2,"name":"Ubaense vai a Piracicaba-SP e ganha campeonato de \u201cLuta de Bra\u00e7o\u201d"}]},{"@type":"WebSite","@id":"https:\/\/ubanews.com\/site\/#website","url":"https:\/\/ubanews.com\/site\/","name":"Ub\u00e1 News","description":"","publisher":{"@id":"https:\/\/ubanews.com\/site\/#organization"},"potentialAction":[{"@type":"SearchAction","target":{"@type":"EntryPoint","urlTemplate":"https:\/\/ubanews.com\/site\/?s={search_term_string}"},"query-input":{"@type":"PropertyValueSpecification","valueRequired":true,"valueName":"search_term_string"}}],"inLanguage":"pt-BR"},{"@type":"Organization","@id":"https:\/\/ubanews.com\/site\/#organization","name":"Ub\u00e1 News","url":"https:\/\/ubanews.com\/site\/","logo":{"@type":"ImageObject","inLanguage":"pt-BR","@id":"https:\/\/ubanews.com\/site\/#\/schema\/logo\/image\/","url":"https:\/\/ubanews.com\/site\/wp-content\/uploads\/2018\/01\/logoubanews.png","contentUrl":"https:\/\/ubanews.com\/site\/wp-content\/uploads\/2018\/01\/logoubanews.png","width":261,"height":99,"caption":"Ub\u00e1 News"},"image":{"@id":"https:\/\/ubanews.com\/site\/#\/schema\/logo\/image\/"},"sameAs":["https:\/\/www.facebook.com\/Ub\u00e1News-Carlos-Roberto-Sodr\u00e9-418778301977370"]},{"@type":"Person","@id":"https:\/\/ubanews.com\/site\/#\/schema\/person\/d90c9e47252fbb63dcc969fe4c8b9d10","name":"Sodr\u00e9","image":{"@type":"ImageObject","inLanguage":"pt-BR","@id":"https:\/\/secure.gravatar.com\/avatar\/5ba2793f0590b9dbfad3fdec4ee714485b3eef211c9b32ee53d414060454a56c?s=96&d=mm&r=g","url":"https:\/\/secure.gravatar.com\/avatar\/5ba2793f0590b9dbfad3fdec4ee714485b3eef211c9b32ee53d414060454a56c?s=96&d=mm&r=g","contentUrl":"https:\/\/secure.gravatar.com\/avatar\/5ba2793f0590b9dbfad3fdec4ee714485b3eef211c9b32ee53d414060454a56c?s=96&d=mm&r=g","caption":"Sodr\u00e9"},"sameAs":["https:\/\/www.facebook.com\/carosroberto.sodre.5\/"],"url":"https:\/\/ubanews.com\/site\/author\/felipe\/"}]}},"_links":{"self":[{"href":"https:\/\/ubanews.com\/site\/wp-json\/wp\/v2\/posts\/6493","targetHints":{"allow":["GET"]}}],"collection":[{"href":"https:\/\/ubanews.com\/site\/wp-json\/wp\/v2\/posts"}],"about":[{"href":"https:\/\/ubanews.com\/site\/wp-json\/wp\/v2\/types\/post"}],"author":[{"embeddable":true,"href":"https:\/\/ubanews.com\/site\/wp-json\/wp\/v2\/users\/2"}],"replies":[{"embeddable":true,"href":"https:\/\/ubanews.com\/site\/wp-json\/wp\/v2\/comments?post=6493"}],"version-history":[{"count":0,"href":"https:\/\/ubanews.com\/site\/wp-json\/wp\/v2\/posts\/6493\/revisions"}],"wp:featuredmedia":[{"embeddable":true,"href":"https:\/\/ubanews.com\/site\/wp-json\/wp\/v2\/media\/6494"}],"wp:attachment":[{"href":"https:\/\/ubanews.com\/site\/wp-json\/wp\/v2\/media?parent=6493"}],"wp:term":[{"taxonomy":"category","embeddable":true,"href":"https:\/\/ubanews.com\/site\/wp-json\/wp\/v2\/categories?post=6493"},{"taxonomy":"post_tag","embeddable":true,"href":"https:\/\/ubanews.com\/site\/wp-json\/wp\/v2\/tags?post=6493"}],"curies":[{"name":"wp","href":"https:\/\/api.w.org\/{rel}","templated":true}]}}