{"id":6483,"date":"2018-08-14T13:00:21","date_gmt":"2018-08-14T16:00:21","guid":{"rendered":"http:\/\/ubanews.com\/site\/?p=6483"},"modified":"2018-08-20T10:00:51","modified_gmt":"2018-08-20T13:00:51","slug":"construcao-da-rede-de-drenagem-pluvial-ira-iniciar-a-partir-do-dia-14-de-agosto-no-bairro-sao-domingos","status":"publish","type":"post","link":"https:\/\/ubanews.com\/site\/2018\/08\/14\/construcao-da-rede-de-drenagem-pluvial-ira-iniciar-a-partir-do-dia-14-de-agosto-no-bairro-sao-domingos\/","title":{"rendered":"CONSTRU\u00c7\u00c3O DA REDE DE DRENAGEM PLUVIAL IR\u00c1 INICIAR A PARTIR DO DIA 14 DE AGOSTO NOS BAIRROS S\u00c3O DOMINGOS E ELDORADO"},"content":{"rendered":"<p><!--more-->A Prefeitura Municipal ir\u00e1 iniciar a constru\u00e7\u00e3o de uma Rede de Drenagem Pluvial no Bairro S\u00e3o Domingos para captar \u00e1guas do bairro citado e Eldorado. Alguns transtornos certamente ir\u00e3o surgir para motoristas, pedestres, ciclistas, motociclistas nas pr\u00f3ximas semanas na via principal, Cel. Otaviano da Rocha. Quem poder evitar em trafegar por vias das proximidades do bairro, ir\u00e1 descomplicar para muitos que moram ali por perto. Um investimento aproximado de R$1.200,000,00 (Um milh\u00e3o e duzentos mil reais) de recursos pr\u00f3prios, em uma \u00e1rea de 1.200m (um mil e duzentos metros). \u201c\u00c9 importante que voc\u00ea, ubaense, saiba que essas interven\u00e7\u00f5es visam construir uma cidade sustent\u00e1vel, mais segura, acess\u00edvel e agrad\u00e1vel \u00e0 comunidade\u201d. Destacou o prefeito Edson Teixeira Filho em entrevista coletiva \u00e0 imprensa na tarde desta segunda-feira, \u00e0s 15h, no Sal\u00e3o Vermelho da Prefeitura.<\/p>\n<p><a href=\"https:\/\/ubanews.com\/site\/wp-content\/uploads\/2018\/08\/008-1.jpg\"><img decoding=\"async\" class=\"alignnone wp-image-6484 size-full lazyload\" data-src=\"https:\/\/ubanews.com\/site\/wp-content\/uploads\/2018\/08\/008-1.jpg\" alt=\"\" width=\"800\" height=\"389\" data-srcset=\"https:\/\/ubanews.com\/site\/wp-content\/uploads\/2018\/08\/008-1.jpg 800w, https:\/\/ubanews.com\/site\/wp-content\/uploads\/2018\/08\/008-1-300x146.jpg 300w, https:\/\/ubanews.com\/site\/wp-content\/uploads\/2018\/08\/008-1-768x373.jpg 768w\" data-sizes=\"(max-width: 800px) 100vw, 800px\" src=\"data:image\/svg+xml;base64,PHN2ZyB3aWR0aD0iMSIgaGVpZ2h0PSIxIiB4bWxucz0iaHR0cDovL3d3dy53My5vcmcvMjAwMC9zdmciPjwvc3ZnPg==\" style=\"--smush-placeholder-width: 800px; --smush-placeholder-aspect-ratio: 800\/389;\" \/><\/a><\/p>\n<p>A expectativa \u00e9 de que com a constru\u00e7\u00e3o desta Rede de Drenagem Pluvial vai melhorar o escoamento das \u00e1guas da chuva, reduzindo o risco de inunda\u00e7\u00f5es. Ao da coletiva de imprensa prefeito Edson e vice-prefeito Vin\u00edcius falaram \u00e0 imprensa!!!<\/p>\n<div style=\"position: relative; height: 0; padding-bottom: 56.25%;\"><iframe style=\"position: absolute; width: 100%; height: 100%; left: 0;\" data-src=\"https:\/\/www.youtube.com\/embed\/iaEBBmCMeng?ecver=2\" width=\"640\" height=\"360\" frameborder=\"0\" allowfullscreen=\"allowfullscreen\" src=\"data:image\/svg+xml;base64,PHN2ZyB3aWR0aD0iMSIgaGVpZ2h0PSIxIiB4bWxucz0iaHR0cDovL3d3dy53My5vcmcvMjAwMC9zdmciPjwvc3ZnPg==\" class=\"lazyload\" data-load-mode=\"1\"><\/iframe><\/div>\n<div>&nbsp;<\/div>\n<div style=\"position: relative; height: 0; padding-bottom: 56.25%;\"><iframe style=\"position: absolute; width: 100%; height: 100%; left: 0;\" data-src=\"https:\/\/www.youtube.com\/embed\/nHEWEa7fkVY?ecver=2\" width=\"640\" height=\"360\" frameborder=\"0\" allowfullscreen=\"allowfullscreen\" src=\"data:image\/svg+xml;base64,PHN2ZyB3aWR0aD0iMSIgaGVpZ2h0PSIxIiB4bWxucz0iaHR0cDovL3d3dy53My5vcmcvMjAwMC9zdmciPjwvc3ZnPg==\" class=\"lazyload\" data-load-mode=\"1\"><\/iframe><\/div>\n","protected":false},"excerpt":{"rendered":"","protected":false},"author":2,"featured_media":6485,"comment_status":"open","ping_status":"open","sticky":false,"template":"","format":"standard","meta":{"footnotes":""},"categories":[15],"tags":[],"class_list":["post-6483","post","type-post","status-publish","format-standard","has-post-thumbnail","hentry","category-prefeitura-municipal"],"yoast_head":"<!-- This site is optimized with the Yoast SEO plugin v27.2 - https:\/\/yoast.com\/product\/yoast-seo-wordpress\/ -->\n<title>CONSTRU\u00c7\u00c3O DA REDE DE DRENAGEM PLUVIAL IR\u00c1 INICIAR A PARTIR DO DIA 14 DE AGOSTO NOS BAIRROS S\u00c3O DOMINGOS E ELDORADO - Ub\u00e1 News<\/title>\n<meta name=\"robots\" content=\"index, follow, max-snippet:-1, max-image-preview:large, max-video-preview:-1\" \/>\n<link rel=\"canonical\" href=\"https:\/\/ubanews.com\/site\/2018\/08\/14\/construcao-da-rede-de-drenagem-pluvial-ira-iniciar-a-partir-do-dia-14-de-agosto-no-bairro-sao-domingos\/\" \/>\n<meta property=\"og:locale\" content=\"pt_BR\" \/>\n<meta property=\"og:type\" content=\"article\" \/>\n<meta property=\"og:title\" content=\"CONSTRU\u00c7\u00c3O DA REDE DE DRENAGEM PLUVIAL IR\u00c1 INICIAR A PARTIR DO DIA 14 DE AGOSTO NOS BAIRROS S\u00c3O DOMINGOS E ELDORADO - Ub\u00e1 News\" \/>\n<meta property=\"og:url\" content=\"https:\/\/ubanews.com\/site\/2018\/08\/14\/construcao-da-rede-de-drenagem-pluvial-ira-iniciar-a-partir-do-dia-14-de-agosto-no-bairro-sao-domingos\/\" \/>\n<meta property=\"og:site_name\" content=\"Ub\u00e1 News\" \/>\n<meta property=\"article:publisher\" content=\"https:\/\/www.facebook.com\/Ub%c3%a1News-Carlos-Roberto-Sodr%c3%a9-418778301977370\" \/>\n<meta property=\"article:author\" content=\"https:\/\/www.facebook.com\/carosroberto.sodre.5\/\" \/>\n<meta property=\"article:published_time\" content=\"2018-08-14T16:00:21+00:00\" \/>\n<meta property=\"article:modified_time\" content=\"2018-08-20T13:00:51+00:00\" \/>\n<meta property=\"og:image\" content=\"https:\/\/ubanews.com\/site\/wp-content\/uploads\/2018\/08\/009.jpg\" \/>\n\t<meta property=\"og:image:width\" content=\"800\" \/>\n\t<meta property=\"og:image:height\" content=\"389\" \/>\n\t<meta property=\"og:image:type\" content=\"image\/jpeg\" \/>\n<meta name=\"author\" content=\"Sodr\u00e9\" \/>\n<meta name=\"twitter:card\" content=\"summary_large_image\" \/>\n<meta name=\"twitter:label1\" content=\"Escrito por\" \/>\n\t<meta name=\"twitter:data1\" content=\"Sodr\u00e9\" \/>\n\t<meta name=\"twitter:label2\" content=\"Est. tempo de leitura\" \/>\n\t<meta name=\"twitter:data2\" content=\"1 minuto\" \/>\n<script type=\"application\/ld+json\" class=\"yoast-schema-graph\">{\"@context\":\"https:\/\/schema.org\",\"@graph\":[{\"@type\":\"Article\",\"@id\":\"https:\/\/ubanews.com\/site\/2018\/08\/14\/construcao-da-rede-de-drenagem-pluvial-ira-iniciar-a-partir-do-dia-14-de-agosto-no-bairro-sao-domingos\/#article\",\"isPartOf\":{\"@id\":\"https:\/\/ubanews.com\/site\/2018\/08\/14\/construcao-da-rede-de-drenagem-pluvial-ira-iniciar-a-partir-do-dia-14-de-agosto-no-bairro-sao-domingos\/\"},\"author\":{\"name\":\"Sodr\u00e9\",\"@id\":\"https:\/\/ubanews.com\/site\/#\/schema\/person\/d90c9e47252fbb63dcc969fe4c8b9d10\"},\"headline\":\"CONSTRU\u00c7\u00c3O DA REDE DE DRENAGEM PLUVIAL IR\u00c1 INICIAR A PARTIR DO DIA 14 DE AGOSTO NOS BAIRROS S\u00c3O DOMINGOS E ELDORADO\",\"datePublished\":\"2018-08-14T16:00:21+00:00\",\"dateModified\":\"2018-08-20T13:00:51+00:00\",\"mainEntityOfPage\":{\"@id\":\"https:\/\/ubanews.com\/site\/2018\/08\/14\/construcao-da-rede-de-drenagem-pluvial-ira-iniciar-a-partir-do-dia-14-de-agosto-no-bairro-sao-domingos\/\"},\"wordCount\":203,\"commentCount\":0,\"publisher\":{\"@id\":\"https:\/\/ubanews.com\/site\/#organization\"},\"image\":{\"@id\":\"https:\/\/ubanews.com\/site\/2018\/08\/14\/construcao-da-rede-de-drenagem-pluvial-ira-iniciar-a-partir-do-dia-14-de-agosto-no-bairro-sao-domingos\/#primaryimage\"},\"thumbnailUrl\":\"https:\/\/ubanews.com\/site\/wp-content\/uploads\/2018\/08\/009.jpg\",\"articleSection\":[\"Prefeitura Municipal\"],\"inLanguage\":\"pt-BR\",\"potentialAction\":[{\"@type\":\"CommentAction\",\"name\":\"Comment\",\"target\":[\"https:\/\/ubanews.com\/site\/2018\/08\/14\/construcao-da-rede-de-drenagem-pluvial-ira-iniciar-a-partir-do-dia-14-de-agosto-no-bairro-sao-domingos\/#respond\"]}]},{\"@type\":\"WebPage\",\"@id\":\"https:\/\/ubanews.com\/site\/2018\/08\/14\/construcao-da-rede-de-drenagem-pluvial-ira-iniciar-a-partir-do-dia-14-de-agosto-no-bairro-sao-domingos\/\",\"url\":\"https:\/\/ubanews.com\/site\/2018\/08\/14\/construcao-da-rede-de-drenagem-pluvial-ira-iniciar-a-partir-do-dia-14-de-agosto-no-bairro-sao-domingos\/\",\"name\":\"CONSTRU\u00c7\u00c3O DA REDE DE DRENAGEM PLUVIAL IR\u00c1 INICIAR A PARTIR DO DIA 14 DE AGOSTO NOS BAIRROS S\u00c3O DOMINGOS E ELDORADO - Ub\u00e1 News\",\"isPartOf\":{\"@id\":\"https:\/\/ubanews.com\/site\/#website\"},\"primaryImageOfPage\":{\"@id\":\"https:\/\/ubanews.com\/site\/2018\/08\/14\/construcao-da-rede-de-drenagem-pluvial-ira-iniciar-a-partir-do-dia-14-de-agosto-no-bairro-sao-domingos\/#primaryimage\"},\"image\":{\"@id\":\"https:\/\/ubanews.com\/site\/2018\/08\/14\/construcao-da-rede-de-drenagem-pluvial-ira-iniciar-a-partir-do-dia-14-de-agosto-no-bairro-sao-domingos\/#primaryimage\"},\"thumbnailUrl\":\"https:\/\/ubanews.com\/site\/wp-content\/uploads\/2018\/08\/009.jpg\",\"datePublished\":\"2018-08-14T16:00:21+00:00\",\"dateModified\":\"2018-08-20T13:00:51+00:00\",\"breadcrumb\":{\"@id\":\"https:\/\/ubanews.com\/site\/2018\/08\/14\/construcao-da-rede-de-drenagem-pluvial-ira-iniciar-a-partir-do-dia-14-de-agosto-no-bairro-sao-domingos\/#breadcrumb\"},\"inLanguage\":\"pt-BR\",\"potentialAction\":[{\"@type\":\"ReadAction\",\"target\":[\"https:\/\/ubanews.com\/site\/2018\/08\/14\/construcao-da-rede-de-drenagem-pluvial-ira-iniciar-a-partir-do-dia-14-de-agosto-no-bairro-sao-domingos\/\"]}]},{\"@type\":\"ImageObject\",\"inLanguage\":\"pt-BR\",\"@id\":\"https:\/\/ubanews.com\/site\/2018\/08\/14\/construcao-da-rede-de-drenagem-pluvial-ira-iniciar-a-partir-do-dia-14-de-agosto-no-bairro-sao-domingos\/#primaryimage\",\"url\":\"https:\/\/ubanews.com\/site\/wp-content\/uploads\/2018\/08\/009.jpg\",\"contentUrl\":\"https:\/\/ubanews.com\/site\/wp-content\/uploads\/2018\/08\/009.jpg\",\"width\":800,\"height\":389},{\"@type\":\"BreadcrumbList\",\"@id\":\"https:\/\/ubanews.com\/site\/2018\/08\/14\/construcao-da-rede-de-drenagem-pluvial-ira-iniciar-a-partir-do-dia-14-de-agosto-no-bairro-sao-domingos\/#breadcrumb\",\"itemListElement\":[{\"@type\":\"ListItem\",\"position\":1,\"name\":\"Home\",\"item\":\"https:\/\/ubanews.com\/site\/\"},{\"@type\":\"ListItem\",\"position\":2,\"name\":\"CONSTRU\u00c7\u00c3O DA REDE DE DRENAGEM PLUVIAL IR\u00c1 INICIAR A PARTIR DO DIA 14 DE AGOSTO NOS BAIRROS S\u00c3O DOMINGOS E ELDORADO\"}]},{\"@type\":\"WebSite\",\"@id\":\"https:\/\/ubanews.com\/site\/#website\",\"url\":\"https:\/\/ubanews.com\/site\/\",\"name\":\"Ub\u00e1 News\",\"description\":\"\",\"publisher\":{\"@id\":\"https:\/\/ubanews.com\/site\/#organization\"},\"potentialAction\":[{\"@type\":\"SearchAction\",\"target\":{\"@type\":\"EntryPoint\",\"urlTemplate\":\"https:\/\/ubanews.com\/site\/?s={search_term_string}\"},\"query-input\":{\"@type\":\"PropertyValueSpecification\",\"valueRequired\":true,\"valueName\":\"search_term_string\"}}],\"inLanguage\":\"pt-BR\"},{\"@type\":\"Organization\",\"@id\":\"https:\/\/ubanews.com\/site\/#organization\",\"name\":\"Ub\u00e1 News\",\"url\":\"https:\/\/ubanews.com\/site\/\",\"logo\":{\"@type\":\"ImageObject\",\"inLanguage\":\"pt-BR\",\"@id\":\"https:\/\/ubanews.com\/site\/#\/schema\/logo\/image\/\",\"url\":\"https:\/\/ubanews.com\/site\/wp-content\/uploads\/2018\/01\/logoubanews.png\",\"contentUrl\":\"https:\/\/ubanews.com\/site\/wp-content\/uploads\/2018\/01\/logoubanews.png\",\"width\":261,\"height\":99,\"caption\":\"Ub\u00e1 News\"},\"image\":{\"@id\":\"https:\/\/ubanews.com\/site\/#\/schema\/logo\/image\/\"},\"sameAs\":[\"https:\/\/www.facebook.com\/Ub\u00e1News-Carlos-Roberto-Sodr\u00e9-418778301977370\"]},{\"@type\":\"Person\",\"@id\":\"https:\/\/ubanews.com\/site\/#\/schema\/person\/d90c9e47252fbb63dcc969fe4c8b9d10\",\"name\":\"Sodr\u00e9\",\"image\":{\"@type\":\"ImageObject\",\"inLanguage\":\"pt-BR\",\"@id\":\"https:\/\/secure.gravatar.com\/avatar\/5ba2793f0590b9dbfad3fdec4ee714485b3eef211c9b32ee53d414060454a56c?s=96&d=mm&r=g\",\"url\":\"https:\/\/secure.gravatar.com\/avatar\/5ba2793f0590b9dbfad3fdec4ee714485b3eef211c9b32ee53d414060454a56c?s=96&d=mm&r=g\",\"contentUrl\":\"https:\/\/secure.gravatar.com\/avatar\/5ba2793f0590b9dbfad3fdec4ee714485b3eef211c9b32ee53d414060454a56c?s=96&d=mm&r=g\",\"caption\":\"Sodr\u00e9\"},\"sameAs\":[\"https:\/\/www.facebook.com\/carosroberto.sodre.5\/\"],\"url\":\"https:\/\/ubanews.com\/site\/author\/felipe\/\"}]}<\/script>\n<!-- \/ Yoast SEO plugin. -->","yoast_head_json":{"title":"CONSTRU\u00c7\u00c3O DA REDE DE DRENAGEM PLUVIAL IR\u00c1 INICIAR A PARTIR DO DIA 14 DE AGOSTO NOS BAIRROS S\u00c3O DOMINGOS E ELDORADO - Ub\u00e1 News","robots":{"index":"index","follow":"follow","max-snippet":"max-snippet:-1","max-image-preview":"max-image-preview:large","max-video-preview":"max-video-preview:-1"},"canonical":"https:\/\/ubanews.com\/site\/2018\/08\/14\/construcao-da-rede-de-drenagem-pluvial-ira-iniciar-a-partir-do-dia-14-de-agosto-no-bairro-sao-domingos\/","og_locale":"pt_BR","og_type":"article","og_title":"CONSTRU\u00c7\u00c3O DA REDE DE DRENAGEM PLUVIAL IR\u00c1 INICIAR A PARTIR DO DIA 14 DE AGOSTO NOS BAIRROS S\u00c3O DOMINGOS E ELDORADO - Ub\u00e1 News","og_url":"https:\/\/ubanews.com\/site\/2018\/08\/14\/construcao-da-rede-de-drenagem-pluvial-ira-iniciar-a-partir-do-dia-14-de-agosto-no-bairro-sao-domingos\/","og_site_name":"Ub\u00e1 News","article_publisher":"https:\/\/www.facebook.com\/Ub%c3%a1News-Carlos-Roberto-Sodr%c3%a9-418778301977370","article_author":"https:\/\/www.facebook.com\/carosroberto.sodre.5\/","article_published_time":"2018-08-14T16:00:21+00:00","article_modified_time":"2018-08-20T13:00:51+00:00","og_image":[{"width":800,"height":389,"url":"https:\/\/ubanews.com\/site\/wp-content\/uploads\/2018\/08\/009.jpg","type":"image\/jpeg"}],"author":"Sodr\u00e9","twitter_card":"summary_large_image","twitter_misc":{"Escrito por":"Sodr\u00e9","Est. tempo de leitura":"1 minuto"},"schema":{"@context":"https:\/\/schema.org","@graph":[{"@type":"Article","@id":"https:\/\/ubanews.com\/site\/2018\/08\/14\/construcao-da-rede-de-drenagem-pluvial-ira-iniciar-a-partir-do-dia-14-de-agosto-no-bairro-sao-domingos\/#article","isPartOf":{"@id":"https:\/\/ubanews.com\/site\/2018\/08\/14\/construcao-da-rede-de-drenagem-pluvial-ira-iniciar-a-partir-do-dia-14-de-agosto-no-bairro-sao-domingos\/"},"author":{"name":"Sodr\u00e9","@id":"https:\/\/ubanews.com\/site\/#\/schema\/person\/d90c9e47252fbb63dcc969fe4c8b9d10"},"headline":"CONSTRU\u00c7\u00c3O DA REDE DE DRENAGEM PLUVIAL IR\u00c1 INICIAR A PARTIR DO DIA 14 DE AGOSTO NOS BAIRROS S\u00c3O DOMINGOS E ELDORADO","datePublished":"2018-08-14T16:00:21+00:00","dateModified":"2018-08-20T13:00:51+00:00","mainEntityOfPage":{"@id":"https:\/\/ubanews.com\/site\/2018\/08\/14\/construcao-da-rede-de-drenagem-pluvial-ira-iniciar-a-partir-do-dia-14-de-agosto-no-bairro-sao-domingos\/"},"wordCount":203,"commentCount":0,"publisher":{"@id":"https:\/\/ubanews.com\/site\/#organization"},"image":{"@id":"https:\/\/ubanews.com\/site\/2018\/08\/14\/construcao-da-rede-de-drenagem-pluvial-ira-iniciar-a-partir-do-dia-14-de-agosto-no-bairro-sao-domingos\/#primaryimage"},"thumbnailUrl":"https:\/\/ubanews.com\/site\/wp-content\/uploads\/2018\/08\/009.jpg","articleSection":["Prefeitura Municipal"],"inLanguage":"pt-BR","potentialAction":[{"@type":"CommentAction","name":"Comment","target":["https:\/\/ubanews.com\/site\/2018\/08\/14\/construcao-da-rede-de-drenagem-pluvial-ira-iniciar-a-partir-do-dia-14-de-agosto-no-bairro-sao-domingos\/#respond"]}]},{"@type":"WebPage","@id":"https:\/\/ubanews.com\/site\/2018\/08\/14\/construcao-da-rede-de-drenagem-pluvial-ira-iniciar-a-partir-do-dia-14-de-agosto-no-bairro-sao-domingos\/","url":"https:\/\/ubanews.com\/site\/2018\/08\/14\/construcao-da-rede-de-drenagem-pluvial-ira-iniciar-a-partir-do-dia-14-de-agosto-no-bairro-sao-domingos\/","name":"CONSTRU\u00c7\u00c3O DA REDE DE DRENAGEM PLUVIAL IR\u00c1 INICIAR A PARTIR DO DIA 14 DE AGOSTO NOS BAIRROS S\u00c3O DOMINGOS E ELDORADO - Ub\u00e1 News","isPartOf":{"@id":"https:\/\/ubanews.com\/site\/#website"},"primaryImageOfPage":{"@id":"https:\/\/ubanews.com\/site\/2018\/08\/14\/construcao-da-rede-de-drenagem-pluvial-ira-iniciar-a-partir-do-dia-14-de-agosto-no-bairro-sao-domingos\/#primaryimage"},"image":{"@id":"https:\/\/ubanews.com\/site\/2018\/08\/14\/construcao-da-rede-de-drenagem-pluvial-ira-iniciar-a-partir-do-dia-14-de-agosto-no-bairro-sao-domingos\/#primaryimage"},"thumbnailUrl":"https:\/\/ubanews.com\/site\/wp-content\/uploads\/2018\/08\/009.jpg","datePublished":"2018-08-14T16:00:21+00:00","dateModified":"2018-08-20T13:00:51+00:00","breadcrumb":{"@id":"https:\/\/ubanews.com\/site\/2018\/08\/14\/construcao-da-rede-de-drenagem-pluvial-ira-iniciar-a-partir-do-dia-14-de-agosto-no-bairro-sao-domingos\/#breadcrumb"},"inLanguage":"pt-BR","potentialAction":[{"@type":"ReadAction","target":["https:\/\/ubanews.com\/site\/2018\/08\/14\/construcao-da-rede-de-drenagem-pluvial-ira-iniciar-a-partir-do-dia-14-de-agosto-no-bairro-sao-domingos\/"]}]},{"@type":"ImageObject","inLanguage":"pt-BR","@id":"https:\/\/ubanews.com\/site\/2018\/08\/14\/construcao-da-rede-de-drenagem-pluvial-ira-iniciar-a-partir-do-dia-14-de-agosto-no-bairro-sao-domingos\/#primaryimage","url":"https:\/\/ubanews.com\/site\/wp-content\/uploads\/2018\/08\/009.jpg","contentUrl":"https:\/\/ubanews.com\/site\/wp-content\/uploads\/2018\/08\/009.jpg","width":800,"height":389},{"@type":"BreadcrumbList","@id":"https:\/\/ubanews.com\/site\/2018\/08\/14\/construcao-da-rede-de-drenagem-pluvial-ira-iniciar-a-partir-do-dia-14-de-agosto-no-bairro-sao-domingos\/#breadcrumb","itemListElement":[{"@type":"ListItem","position":1,"name":"Home","item":"https:\/\/ubanews.com\/site\/"},{"@type":"ListItem","position":2,"name":"CONSTRU\u00c7\u00c3O DA REDE DE DRENAGEM PLUVIAL IR\u00c1 INICIAR A PARTIR DO DIA 14 DE AGOSTO NOS BAIRROS S\u00c3O DOMINGOS E ELDORADO"}]},{"@type":"WebSite","@id":"https:\/\/ubanews.com\/site\/#website","url":"https:\/\/ubanews.com\/site\/","name":"Ub\u00e1 News","description":"","publisher":{"@id":"https:\/\/ubanews.com\/site\/#organization"},"potentialAction":[{"@type":"SearchAction","target":{"@type":"EntryPoint","urlTemplate":"https:\/\/ubanews.com\/site\/?s={search_term_string}"},"query-input":{"@type":"PropertyValueSpecification","valueRequired":true,"valueName":"search_term_string"}}],"inLanguage":"pt-BR"},{"@type":"Organization","@id":"https:\/\/ubanews.com\/site\/#organization","name":"Ub\u00e1 News","url":"https:\/\/ubanews.com\/site\/","logo":{"@type":"ImageObject","inLanguage":"pt-BR","@id":"https:\/\/ubanews.com\/site\/#\/schema\/logo\/image\/","url":"https:\/\/ubanews.com\/site\/wp-content\/uploads\/2018\/01\/logoubanews.png","contentUrl":"https:\/\/ubanews.com\/site\/wp-content\/uploads\/2018\/01\/logoubanews.png","width":261,"height":99,"caption":"Ub\u00e1 News"},"image":{"@id":"https:\/\/ubanews.com\/site\/#\/schema\/logo\/image\/"},"sameAs":["https:\/\/www.facebook.com\/Ub\u00e1News-Carlos-Roberto-Sodr\u00e9-418778301977370"]},{"@type":"Person","@id":"https:\/\/ubanews.com\/site\/#\/schema\/person\/d90c9e47252fbb63dcc969fe4c8b9d10","name":"Sodr\u00e9","image":{"@type":"ImageObject","inLanguage":"pt-BR","@id":"https:\/\/secure.gravatar.com\/avatar\/5ba2793f0590b9dbfad3fdec4ee714485b3eef211c9b32ee53d414060454a56c?s=96&d=mm&r=g","url":"https:\/\/secure.gravatar.com\/avatar\/5ba2793f0590b9dbfad3fdec4ee714485b3eef211c9b32ee53d414060454a56c?s=96&d=mm&r=g","contentUrl":"https:\/\/secure.gravatar.com\/avatar\/5ba2793f0590b9dbfad3fdec4ee714485b3eef211c9b32ee53d414060454a56c?s=96&d=mm&r=g","caption":"Sodr\u00e9"},"sameAs":["https:\/\/www.facebook.com\/carosroberto.sodre.5\/"],"url":"https:\/\/ubanews.com\/site\/author\/felipe\/"}]}},"_links":{"self":[{"href":"https:\/\/ubanews.com\/site\/wp-json\/wp\/v2\/posts\/6483","targetHints":{"allow":["GET"]}}],"collection":[{"href":"https:\/\/ubanews.com\/site\/wp-json\/wp\/v2\/posts"}],"about":[{"href":"https:\/\/ubanews.com\/site\/wp-json\/wp\/v2\/types\/post"}],"author":[{"embeddable":true,"href":"https:\/\/ubanews.com\/site\/wp-json\/wp\/v2\/users\/2"}],"replies":[{"embeddable":true,"href":"https:\/\/ubanews.com\/site\/wp-json\/wp\/v2\/comments?post=6483"}],"version-history":[{"count":0,"href":"https:\/\/ubanews.com\/site\/wp-json\/wp\/v2\/posts\/6483\/revisions"}],"wp:featuredmedia":[{"embeddable":true,"href":"https:\/\/ubanews.com\/site\/wp-json\/wp\/v2\/media\/6485"}],"wp:attachment":[{"href":"https:\/\/ubanews.com\/site\/wp-json\/wp\/v2\/media?parent=6483"}],"wp:term":[{"taxonomy":"category","embeddable":true,"href":"https:\/\/ubanews.com\/site\/wp-json\/wp\/v2\/categories?post=6483"},{"taxonomy":"post_tag","embeddable":true,"href":"https:\/\/ubanews.com\/site\/wp-json\/wp\/v2\/tags?post=6483"}],"curies":[{"name":"wp","href":"https:\/\/api.w.org\/{rel}","templated":true}]}}