{"id":6479,"date":"2018-08-14T12:02:29","date_gmt":"2018-08-14T15:02:29","guid":{"rendered":"http:\/\/ubanews.com\/site\/?p=6479"},"modified":"2018-08-14T12:13:01","modified_gmt":"2018-08-14T15:13:01","slug":"policia-militar-prende-cidadao-infrator-por-furto-em-estabelecimento-comercial","status":"publish","type":"post","link":"https:\/\/ubanews.com\/site\/2018\/08\/14\/policia-militar-prende-cidadao-infrator-por-furto-em-estabelecimento-comercial\/","title":{"rendered":"POL\u00cdCIA MILITAR PRENDE CIDAD\u00c3O INFRATOR POR FURTO EM ESTABELECIMENTO COMERCIAL"},"content":{"rendered":"<p>No dia 13 de agosto \u00e0s 20h e 48min a Pol\u00edcia Militar realizava patrulhamento pela P\u00e7a S\u00e3o Janu\u00e1rio quando os militares depararam com uma ocorr\u00eancia de furto em andamento a um estabelecimento comercial. O gerente de uma farm\u00e1cia relatou que Leandro Luiz Leite Vila\u00e7a de 37 anos furtou alguns objetos do estabelecimento.<\/p>\n<p>De imediato os militares alcan\u00e7aram Leandro que estava alguns metros a frente que ao ser abordado e ser procedida busca pessoal foram encontrados em sua mochila: 4 frascos de antiss\u00e9ptico bucal e 14 pacotes de biscoito.<\/p>\n<p>Ainda segundo relato do gerente, Leandro vem praticando furtos no estabelecimento com frequ\u00eancia di\u00e1ria, totalizando mais de 10 furtos, sempre com o mesmo modus operantes, e acrescentou que Leandro aproveita-se de sua defici\u00eancia surdo\/mudo para esbo\u00e7ar nervosismo intimidando as atendentes que ficam receosas de aborda-lo e serem agredidas.<\/p>\n<p>Leandro Luiz Leite Vila\u00e7a foi preso e conduzido at\u00e9 a Delegacia de Pol\u00edcia Civil.<\/p>\n<p><strong>Passagens policiais de Leandro Luiz Leite Vila\u00e7a<\/strong><\/p>\n<p>Uso e consumo de drogas em 28\/12\/2008, Furto em 23\/011\/2017, 18\/07\/2012, 06\/12\/2012, 14\/03\/2010, vias de fato\/agress\u00e3o 30\/04\/2009, amea\u00e7a em 02\/12\/2009, 23\/02\/2010, viola\u00e7\u00e3o de domicilio 28\/02\/2011, perturba\u00e7\u00e3o da tranquilidade em 03\/02\/2015.<\/p>\n","protected":false},"excerpt":{"rendered":"<p>No dia 13 de agosto \u00e0s 20h e 48min a<\/p>\n","protected":false},"author":2,"featured_media":6482,"comment_status":"open","ping_status":"open","sticky":false,"template":"","format":"standard","meta":{"footnotes":""},"categories":[13],"tags":[],"class_list":["post-6479","post","type-post","status-publish","format-standard","has-post-thumbnail","hentry","category-sintese-das-ocorrencias"],"yoast_head":"<!-- This site is optimized with the Yoast SEO plugin v27.2 - https:\/\/yoast.com\/product\/yoast-seo-wordpress\/ -->\n<title>POL\u00cdCIA MILITAR PRENDE CIDAD\u00c3O INFRATOR POR FURTO EM ESTABELECIMENTO COMERCIAL - Ub\u00e1 News<\/title>\n<meta name=\"robots\" content=\"index, follow, max-snippet:-1, max-image-preview:large, max-video-preview:-1\" \/>\n<link rel=\"canonical\" href=\"https:\/\/ubanews.com\/site\/2018\/08\/14\/policia-militar-prende-cidadao-infrator-por-furto-em-estabelecimento-comercial\/\" \/>\n<meta property=\"og:locale\" content=\"pt_BR\" \/>\n<meta property=\"og:type\" content=\"article\" \/>\n<meta property=\"og:title\" content=\"POL\u00cdCIA MILITAR PRENDE CIDAD\u00c3O INFRATOR POR FURTO EM ESTABELECIMENTO COMERCIAL - Ub\u00e1 News\" \/>\n<meta property=\"og:description\" content=\"No dia 13 de agosto \u00e0s 20h e 48min a\" \/>\n<meta property=\"og:url\" content=\"https:\/\/ubanews.com\/site\/2018\/08\/14\/policia-militar-prende-cidadao-infrator-por-furto-em-estabelecimento-comercial\/\" \/>\n<meta property=\"og:site_name\" content=\"Ub\u00e1 News\" \/>\n<meta property=\"article:publisher\" content=\"https:\/\/www.facebook.com\/Ub%c3%a1News-Carlos-Roberto-Sodr%c3%a9-418778301977370\" \/>\n<meta property=\"article:author\" content=\"https:\/\/www.facebook.com\/carosroberto.sodre.5\/\" \/>\n<meta property=\"article:published_time\" content=\"2018-08-14T15:02:29+00:00\" \/>\n<meta property=\"article:modified_time\" content=\"2018-08-14T15:13:01+00:00\" \/>\n<meta property=\"og:image\" content=\"https:\/\/ubanews.com\/site\/wp-content\/uploads\/2018\/08\/Preso-1.jpg\" \/>\n\t<meta property=\"og:image:width\" content=\"800\" \/>\n\t<meta property=\"og:image:height\" content=\"389\" \/>\n\t<meta property=\"og:image:type\" content=\"image\/jpeg\" \/>\n<meta name=\"author\" content=\"Sodr\u00e9\" \/>\n<meta name=\"twitter:card\" content=\"summary_large_image\" \/>\n<meta name=\"twitter:label1\" content=\"Escrito por\" \/>\n\t<meta name=\"twitter:data1\" content=\"Sodr\u00e9\" \/>\n\t<meta name=\"twitter:label2\" content=\"Est. tempo de leitura\" \/>\n\t<meta name=\"twitter:data2\" content=\"1 minuto\" \/>\n<script type=\"application\/ld+json\" class=\"yoast-schema-graph\">{\"@context\":\"https:\/\/schema.org\",\"@graph\":[{\"@type\":\"Article\",\"@id\":\"https:\/\/ubanews.com\/site\/2018\/08\/14\/policia-militar-prende-cidadao-infrator-por-furto-em-estabelecimento-comercial\/#article\",\"isPartOf\":{\"@id\":\"https:\/\/ubanews.com\/site\/2018\/08\/14\/policia-militar-prende-cidadao-infrator-por-furto-em-estabelecimento-comercial\/\"},\"author\":{\"name\":\"Sodr\u00e9\",\"@id\":\"https:\/\/ubanews.com\/site\/#\/schema\/person\/d90c9e47252fbb63dcc969fe4c8b9d10\"},\"headline\":\"POL\u00cdCIA MILITAR PRENDE CIDAD\u00c3O INFRATOR POR FURTO EM ESTABELECIMENTO COMERCIAL\",\"datePublished\":\"2018-08-14T15:02:29+00:00\",\"dateModified\":\"2018-08-14T15:13:01+00:00\",\"mainEntityOfPage\":{\"@id\":\"https:\/\/ubanews.com\/site\/2018\/08\/14\/policia-militar-prende-cidadao-infrator-por-furto-em-estabelecimento-comercial\/\"},\"wordCount\":206,\"commentCount\":0,\"publisher\":{\"@id\":\"https:\/\/ubanews.com\/site\/#organization\"},\"image\":{\"@id\":\"https:\/\/ubanews.com\/site\/2018\/08\/14\/policia-militar-prende-cidadao-infrator-por-furto-em-estabelecimento-comercial\/#primaryimage\"},\"thumbnailUrl\":\"https:\/\/ubanews.com\/site\/wp-content\/uploads\/2018\/08\/Preso-1.jpg\",\"articleSection\":[\"S\u00edntese das Ocorr\u00eancias\"],\"inLanguage\":\"pt-BR\",\"potentialAction\":[{\"@type\":\"CommentAction\",\"name\":\"Comment\",\"target\":[\"https:\/\/ubanews.com\/site\/2018\/08\/14\/policia-militar-prende-cidadao-infrator-por-furto-em-estabelecimento-comercial\/#respond\"]}]},{\"@type\":\"WebPage\",\"@id\":\"https:\/\/ubanews.com\/site\/2018\/08\/14\/policia-militar-prende-cidadao-infrator-por-furto-em-estabelecimento-comercial\/\",\"url\":\"https:\/\/ubanews.com\/site\/2018\/08\/14\/policia-militar-prende-cidadao-infrator-por-furto-em-estabelecimento-comercial\/\",\"name\":\"POL\u00cdCIA MILITAR PRENDE CIDAD\u00c3O INFRATOR POR FURTO EM ESTABELECIMENTO COMERCIAL - Ub\u00e1 News\",\"isPartOf\":{\"@id\":\"https:\/\/ubanews.com\/site\/#website\"},\"primaryImageOfPage\":{\"@id\":\"https:\/\/ubanews.com\/site\/2018\/08\/14\/policia-militar-prende-cidadao-infrator-por-furto-em-estabelecimento-comercial\/#primaryimage\"},\"image\":{\"@id\":\"https:\/\/ubanews.com\/site\/2018\/08\/14\/policia-militar-prende-cidadao-infrator-por-furto-em-estabelecimento-comercial\/#primaryimage\"},\"thumbnailUrl\":\"https:\/\/ubanews.com\/site\/wp-content\/uploads\/2018\/08\/Preso-1.jpg\",\"datePublished\":\"2018-08-14T15:02:29+00:00\",\"dateModified\":\"2018-08-14T15:13:01+00:00\",\"breadcrumb\":{\"@id\":\"https:\/\/ubanews.com\/site\/2018\/08\/14\/policia-militar-prende-cidadao-infrator-por-furto-em-estabelecimento-comercial\/#breadcrumb\"},\"inLanguage\":\"pt-BR\",\"potentialAction\":[{\"@type\":\"ReadAction\",\"target\":[\"https:\/\/ubanews.com\/site\/2018\/08\/14\/policia-militar-prende-cidadao-infrator-por-furto-em-estabelecimento-comercial\/\"]}]},{\"@type\":\"ImageObject\",\"inLanguage\":\"pt-BR\",\"@id\":\"https:\/\/ubanews.com\/site\/2018\/08\/14\/policia-militar-prende-cidadao-infrator-por-furto-em-estabelecimento-comercial\/#primaryimage\",\"url\":\"https:\/\/ubanews.com\/site\/wp-content\/uploads\/2018\/08\/Preso-1.jpg\",\"contentUrl\":\"https:\/\/ubanews.com\/site\/wp-content\/uploads\/2018\/08\/Preso-1.jpg\",\"width\":800,\"height\":389},{\"@type\":\"BreadcrumbList\",\"@id\":\"https:\/\/ubanews.com\/site\/2018\/08\/14\/policia-militar-prende-cidadao-infrator-por-furto-em-estabelecimento-comercial\/#breadcrumb\",\"itemListElement\":[{\"@type\":\"ListItem\",\"position\":1,\"name\":\"Home\",\"item\":\"https:\/\/ubanews.com\/site\/\"},{\"@type\":\"ListItem\",\"position\":2,\"name\":\"POL\u00cdCIA MILITAR PRENDE CIDAD\u00c3O INFRATOR POR FURTO EM ESTABELECIMENTO COMERCIAL\"}]},{\"@type\":\"WebSite\",\"@id\":\"https:\/\/ubanews.com\/site\/#website\",\"url\":\"https:\/\/ubanews.com\/site\/\",\"name\":\"Ub\u00e1 News\",\"description\":\"\",\"publisher\":{\"@id\":\"https:\/\/ubanews.com\/site\/#organization\"},\"potentialAction\":[{\"@type\":\"SearchAction\",\"target\":{\"@type\":\"EntryPoint\",\"urlTemplate\":\"https:\/\/ubanews.com\/site\/?s={search_term_string}\"},\"query-input\":{\"@type\":\"PropertyValueSpecification\",\"valueRequired\":true,\"valueName\":\"search_term_string\"}}],\"inLanguage\":\"pt-BR\"},{\"@type\":\"Organization\",\"@id\":\"https:\/\/ubanews.com\/site\/#organization\",\"name\":\"Ub\u00e1 News\",\"url\":\"https:\/\/ubanews.com\/site\/\",\"logo\":{\"@type\":\"ImageObject\",\"inLanguage\":\"pt-BR\",\"@id\":\"https:\/\/ubanews.com\/site\/#\/schema\/logo\/image\/\",\"url\":\"https:\/\/ubanews.com\/site\/wp-content\/uploads\/2018\/01\/logoubanews.png\",\"contentUrl\":\"https:\/\/ubanews.com\/site\/wp-content\/uploads\/2018\/01\/logoubanews.png\",\"width\":261,\"height\":99,\"caption\":\"Ub\u00e1 News\"},\"image\":{\"@id\":\"https:\/\/ubanews.com\/site\/#\/schema\/logo\/image\/\"},\"sameAs\":[\"https:\/\/www.facebook.com\/Ub\u00e1News-Carlos-Roberto-Sodr\u00e9-418778301977370\"]},{\"@type\":\"Person\",\"@id\":\"https:\/\/ubanews.com\/site\/#\/schema\/person\/d90c9e47252fbb63dcc969fe4c8b9d10\",\"name\":\"Sodr\u00e9\",\"image\":{\"@type\":\"ImageObject\",\"inLanguage\":\"pt-BR\",\"@id\":\"https:\/\/secure.gravatar.com\/avatar\/5ba2793f0590b9dbfad3fdec4ee714485b3eef211c9b32ee53d414060454a56c?s=96&d=mm&r=g\",\"url\":\"https:\/\/secure.gravatar.com\/avatar\/5ba2793f0590b9dbfad3fdec4ee714485b3eef211c9b32ee53d414060454a56c?s=96&d=mm&r=g\",\"contentUrl\":\"https:\/\/secure.gravatar.com\/avatar\/5ba2793f0590b9dbfad3fdec4ee714485b3eef211c9b32ee53d414060454a56c?s=96&d=mm&r=g\",\"caption\":\"Sodr\u00e9\"},\"sameAs\":[\"https:\/\/www.facebook.com\/carosroberto.sodre.5\/\"],\"url\":\"https:\/\/ubanews.com\/site\/author\/felipe\/\"}]}<\/script>\n<!-- \/ Yoast SEO plugin. -->","yoast_head_json":{"title":"POL\u00cdCIA MILITAR PRENDE CIDAD\u00c3O INFRATOR POR FURTO EM ESTABELECIMENTO COMERCIAL - Ub\u00e1 News","robots":{"index":"index","follow":"follow","max-snippet":"max-snippet:-1","max-image-preview":"max-image-preview:large","max-video-preview":"max-video-preview:-1"},"canonical":"https:\/\/ubanews.com\/site\/2018\/08\/14\/policia-militar-prende-cidadao-infrator-por-furto-em-estabelecimento-comercial\/","og_locale":"pt_BR","og_type":"article","og_title":"POL\u00cdCIA MILITAR PRENDE CIDAD\u00c3O INFRATOR POR FURTO EM ESTABELECIMENTO COMERCIAL - Ub\u00e1 News","og_description":"No dia 13 de agosto \u00e0s 20h e 48min a","og_url":"https:\/\/ubanews.com\/site\/2018\/08\/14\/policia-militar-prende-cidadao-infrator-por-furto-em-estabelecimento-comercial\/","og_site_name":"Ub\u00e1 News","article_publisher":"https:\/\/www.facebook.com\/Ub%c3%a1News-Carlos-Roberto-Sodr%c3%a9-418778301977370","article_author":"https:\/\/www.facebook.com\/carosroberto.sodre.5\/","article_published_time":"2018-08-14T15:02:29+00:00","article_modified_time":"2018-08-14T15:13:01+00:00","og_image":[{"width":800,"height":389,"url":"https:\/\/ubanews.com\/site\/wp-content\/uploads\/2018\/08\/Preso-1.jpg","type":"image\/jpeg"}],"author":"Sodr\u00e9","twitter_card":"summary_large_image","twitter_misc":{"Escrito por":"Sodr\u00e9","Est. tempo de leitura":"1 minuto"},"schema":{"@context":"https:\/\/schema.org","@graph":[{"@type":"Article","@id":"https:\/\/ubanews.com\/site\/2018\/08\/14\/policia-militar-prende-cidadao-infrator-por-furto-em-estabelecimento-comercial\/#article","isPartOf":{"@id":"https:\/\/ubanews.com\/site\/2018\/08\/14\/policia-militar-prende-cidadao-infrator-por-furto-em-estabelecimento-comercial\/"},"author":{"name":"Sodr\u00e9","@id":"https:\/\/ubanews.com\/site\/#\/schema\/person\/d90c9e47252fbb63dcc969fe4c8b9d10"},"headline":"POL\u00cdCIA MILITAR PRENDE CIDAD\u00c3O INFRATOR POR FURTO EM ESTABELECIMENTO COMERCIAL","datePublished":"2018-08-14T15:02:29+00:00","dateModified":"2018-08-14T15:13:01+00:00","mainEntityOfPage":{"@id":"https:\/\/ubanews.com\/site\/2018\/08\/14\/policia-militar-prende-cidadao-infrator-por-furto-em-estabelecimento-comercial\/"},"wordCount":206,"commentCount":0,"publisher":{"@id":"https:\/\/ubanews.com\/site\/#organization"},"image":{"@id":"https:\/\/ubanews.com\/site\/2018\/08\/14\/policia-militar-prende-cidadao-infrator-por-furto-em-estabelecimento-comercial\/#primaryimage"},"thumbnailUrl":"https:\/\/ubanews.com\/site\/wp-content\/uploads\/2018\/08\/Preso-1.jpg","articleSection":["S\u00edntese das Ocorr\u00eancias"],"inLanguage":"pt-BR","potentialAction":[{"@type":"CommentAction","name":"Comment","target":["https:\/\/ubanews.com\/site\/2018\/08\/14\/policia-militar-prende-cidadao-infrator-por-furto-em-estabelecimento-comercial\/#respond"]}]},{"@type":"WebPage","@id":"https:\/\/ubanews.com\/site\/2018\/08\/14\/policia-militar-prende-cidadao-infrator-por-furto-em-estabelecimento-comercial\/","url":"https:\/\/ubanews.com\/site\/2018\/08\/14\/policia-militar-prende-cidadao-infrator-por-furto-em-estabelecimento-comercial\/","name":"POL\u00cdCIA MILITAR PRENDE CIDAD\u00c3O INFRATOR POR FURTO EM ESTABELECIMENTO COMERCIAL - Ub\u00e1 News","isPartOf":{"@id":"https:\/\/ubanews.com\/site\/#website"},"primaryImageOfPage":{"@id":"https:\/\/ubanews.com\/site\/2018\/08\/14\/policia-militar-prende-cidadao-infrator-por-furto-em-estabelecimento-comercial\/#primaryimage"},"image":{"@id":"https:\/\/ubanews.com\/site\/2018\/08\/14\/policia-militar-prende-cidadao-infrator-por-furto-em-estabelecimento-comercial\/#primaryimage"},"thumbnailUrl":"https:\/\/ubanews.com\/site\/wp-content\/uploads\/2018\/08\/Preso-1.jpg","datePublished":"2018-08-14T15:02:29+00:00","dateModified":"2018-08-14T15:13:01+00:00","breadcrumb":{"@id":"https:\/\/ubanews.com\/site\/2018\/08\/14\/policia-militar-prende-cidadao-infrator-por-furto-em-estabelecimento-comercial\/#breadcrumb"},"inLanguage":"pt-BR","potentialAction":[{"@type":"ReadAction","target":["https:\/\/ubanews.com\/site\/2018\/08\/14\/policia-militar-prende-cidadao-infrator-por-furto-em-estabelecimento-comercial\/"]}]},{"@type":"ImageObject","inLanguage":"pt-BR","@id":"https:\/\/ubanews.com\/site\/2018\/08\/14\/policia-militar-prende-cidadao-infrator-por-furto-em-estabelecimento-comercial\/#primaryimage","url":"https:\/\/ubanews.com\/site\/wp-content\/uploads\/2018\/08\/Preso-1.jpg","contentUrl":"https:\/\/ubanews.com\/site\/wp-content\/uploads\/2018\/08\/Preso-1.jpg","width":800,"height":389},{"@type":"BreadcrumbList","@id":"https:\/\/ubanews.com\/site\/2018\/08\/14\/policia-militar-prende-cidadao-infrator-por-furto-em-estabelecimento-comercial\/#breadcrumb","itemListElement":[{"@type":"ListItem","position":1,"name":"Home","item":"https:\/\/ubanews.com\/site\/"},{"@type":"ListItem","position":2,"name":"POL\u00cdCIA MILITAR PRENDE CIDAD\u00c3O INFRATOR POR FURTO EM ESTABELECIMENTO COMERCIAL"}]},{"@type":"WebSite","@id":"https:\/\/ubanews.com\/site\/#website","url":"https:\/\/ubanews.com\/site\/","name":"Ub\u00e1 News","description":"","publisher":{"@id":"https:\/\/ubanews.com\/site\/#organization"},"potentialAction":[{"@type":"SearchAction","target":{"@type":"EntryPoint","urlTemplate":"https:\/\/ubanews.com\/site\/?s={search_term_string}"},"query-input":{"@type":"PropertyValueSpecification","valueRequired":true,"valueName":"search_term_string"}}],"inLanguage":"pt-BR"},{"@type":"Organization","@id":"https:\/\/ubanews.com\/site\/#organization","name":"Ub\u00e1 News","url":"https:\/\/ubanews.com\/site\/","logo":{"@type":"ImageObject","inLanguage":"pt-BR","@id":"https:\/\/ubanews.com\/site\/#\/schema\/logo\/image\/","url":"https:\/\/ubanews.com\/site\/wp-content\/uploads\/2018\/01\/logoubanews.png","contentUrl":"https:\/\/ubanews.com\/site\/wp-content\/uploads\/2018\/01\/logoubanews.png","width":261,"height":99,"caption":"Ub\u00e1 News"},"image":{"@id":"https:\/\/ubanews.com\/site\/#\/schema\/logo\/image\/"},"sameAs":["https:\/\/www.facebook.com\/Ub\u00e1News-Carlos-Roberto-Sodr\u00e9-418778301977370"]},{"@type":"Person","@id":"https:\/\/ubanews.com\/site\/#\/schema\/person\/d90c9e47252fbb63dcc969fe4c8b9d10","name":"Sodr\u00e9","image":{"@type":"ImageObject","inLanguage":"pt-BR","@id":"https:\/\/secure.gravatar.com\/avatar\/5ba2793f0590b9dbfad3fdec4ee714485b3eef211c9b32ee53d414060454a56c?s=96&d=mm&r=g","url":"https:\/\/secure.gravatar.com\/avatar\/5ba2793f0590b9dbfad3fdec4ee714485b3eef211c9b32ee53d414060454a56c?s=96&d=mm&r=g","contentUrl":"https:\/\/secure.gravatar.com\/avatar\/5ba2793f0590b9dbfad3fdec4ee714485b3eef211c9b32ee53d414060454a56c?s=96&d=mm&r=g","caption":"Sodr\u00e9"},"sameAs":["https:\/\/www.facebook.com\/carosroberto.sodre.5\/"],"url":"https:\/\/ubanews.com\/site\/author\/felipe\/"}]}},"_links":{"self":[{"href":"https:\/\/ubanews.com\/site\/wp-json\/wp\/v2\/posts\/6479","targetHints":{"allow":["GET"]}}],"collection":[{"href":"https:\/\/ubanews.com\/site\/wp-json\/wp\/v2\/posts"}],"about":[{"href":"https:\/\/ubanews.com\/site\/wp-json\/wp\/v2\/types\/post"}],"author":[{"embeddable":true,"href":"https:\/\/ubanews.com\/site\/wp-json\/wp\/v2\/users\/2"}],"replies":[{"embeddable":true,"href":"https:\/\/ubanews.com\/site\/wp-json\/wp\/v2\/comments?post=6479"}],"version-history":[{"count":0,"href":"https:\/\/ubanews.com\/site\/wp-json\/wp\/v2\/posts\/6479\/revisions"}],"wp:featuredmedia":[{"embeddable":true,"href":"https:\/\/ubanews.com\/site\/wp-json\/wp\/v2\/media\/6482"}],"wp:attachment":[{"href":"https:\/\/ubanews.com\/site\/wp-json\/wp\/v2\/media?parent=6479"}],"wp:term":[{"taxonomy":"category","embeddable":true,"href":"https:\/\/ubanews.com\/site\/wp-json\/wp\/v2\/categories?post=6479"},{"taxonomy":"post_tag","embeddable":true,"href":"https:\/\/ubanews.com\/site\/wp-json\/wp\/v2\/tags?post=6479"}],"curies":[{"name":"wp","href":"https:\/\/api.w.org\/{rel}","templated":true}]}}