{"id":6472,"date":"2018-08-13T12:03:56","date_gmt":"2018-08-13T15:03:56","guid":{"rendered":"http:\/\/ubanews.com\/site\/?p=6472"},"modified":"2018-08-13T12:03:56","modified_gmt":"2018-08-13T15:03:56","slug":"policia-militar-prende-um-autor-por-trafico-ilicito-de-drogas-e-outro-estar-foragido","status":"publish","type":"post","link":"https:\/\/ubanews.com\/site\/2018\/08\/13\/policia-militar-prende-um-autor-por-trafico-ilicito-de-drogas-e-outro-estar-foragido\/","title":{"rendered":"POL\u00cdCIA MILITAR PRENDE UM AUTOR POR TR\u00c1FICO IL\u00cdCITO DE DROGAS E OUTRO ESTAR FORAGIDO"},"content":{"rendered":"<p>No dia 11 de agosto \u00e0s 20h, Policiais receberam informa\u00e7\u00f5es dando conta de que teriam alguns indiv\u00edduos efetuando tr\u00e1fico de drogas em uma obra localizada na Rua Geraldo Lamarca.<\/p>\n<p>De imediato os militares foram at\u00e9 o endere\u00e7o, onde visualizaram um indiv\u00edduo moreno, trajando blusa de frio escura e bermuda listrada, em cima da laje observando a movimenta\u00e7\u00e3o da rua e com um embrulho pl\u00e1stico na m\u00e3o. A guarni\u00e7\u00e3o cercou o local e adentraram no im\u00f3vel, quando Rafael Almeida dos Santos de 27 anos, apelido \u201cTafinha\u201d, ao perceber a presen\u00e7a Policial come\u00e7ou a fugir sentido aos fundos da obra, contudo Tafinha percebeu que estava cercado quando jogou algo no ch\u00e3o. Tafinha foi abordado, sendo o objeto dispensado por Tafinha recolhido pelos militares se tratando de 2 embrulhos pl\u00e1sticos contendo em seu interior, 76 pinos de subst\u00e2ncia semelhante a coca\u00edna.<\/p>\n<p>Rafael Almeida dos Santos, apelido \u201cTafinha\u201d foi preso por tr\u00e1fico de drogas, sendo conduzido at\u00e9 a Delegacia de Policia Civil com a subst\u00e2ncia entorpecente apreendida.<\/p>\n<p>Passagens policiais de Rafael Almeida dos Santos: Vias de Fato agress\u00e3o em 22\/11\/2013, em 08\/05\/2014, em 16\/04\/2018, em 03\/02\/2013, em 19\/02\/2018, em 22\/02\/2018, em 27\/02\/2018, furto em 15\/04\/2012, tr\u00e1fico de drogas 17\/08\/2012, amea\u00e7a em 15\/11\/2014, em 19\/05\/2018, em 28\/07\/2009, em 07\/05\/2018, em 26\/01\/2014, tentativa de homic\u00eddio 27\/09\/2015, disparo de arma de fogo em 22\/07\/2012, em 08\/08\/2014, les\u00e3o corporal em 11\/09\/2013, em 03\/06\/2014, em 21\/10\/2011<\/p>\n<p>No outro dia, 12 de agosto \u00e0s 10h,&nbsp; a Policia Militar realizava patrulhamento pela Av. S\u00e3o Jonas, quando os Militares avistaram um indiv\u00edduo que trajava blusa preta no escad\u00e3o que liga as ruas 4 e 6 (S\u00e3o Jonas), com uma arma na cintura, um r\u00e1dio comunicador na m\u00e3o e uma sacola na outra m\u00e3o. O cidad\u00e3o infrator ao perceber a chegada da guarni\u00e7\u00e3o policial, empreendeu fuga pulando o port\u00e3o de uma casa localizada no beco. Logo em seguida, os militares visualizaram uma sacola e um r\u00e1dio HT comunicador sendo jogados pela janela da casa. O material foi apreendido pelos militares se tratando de 01 r\u00e1dio modelo HT e 01 sacola com 49 buchas de substancia an\u00e1loga a maconha, 15 pedras de substancia an\u00e1loga a crack, 45 pinos de substancia an\u00e1loga coca\u00edna, 02 cord\u00f5es de prata e R$ 255,00.<\/p>\n<p>Ainda em dilig\u00eancias, ap\u00f3s conseguirem acesso a casa, os militares continuaram seguindo o caminho que o infrator percorreu durante a fuga e pr\u00f3ximo a janela por onde foi arremessado os materiais, dentro de uma caixa, foi localizado um rev\u00f3lver calibre .38 com 06 muni\u00e7\u00f5es intactas. O infrator conseguiu fugir, mas foi identificado.<\/p>\n<p>As subst\u00e2ncias entorpecentes, o r\u00e1dio HT, os cord\u00f5es, o dinheiro, o revolver e as muni\u00e7\u00f5es foram apreendidas e encaminhadas para Delegacia de Pol\u00edcia Civil.<\/p>\n","protected":false},"excerpt":{"rendered":"<p>No dia 11 de agosto \u00e0s 20h, Policiais receberam informa\u00e7\u00f5es<\/p>\n","protected":false},"author":2,"featured_media":0,"comment_status":"open","ping_status":"open","sticky":false,"template":"","format":"standard","meta":{"footnotes":""},"categories":[13],"tags":[],"class_list":["post-6472","post","type-post","status-publish","format-standard","hentry","category-sintese-das-ocorrencias"],"yoast_head":"<!-- This site is optimized with the Yoast SEO plugin v27.2 - https:\/\/yoast.com\/product\/yoast-seo-wordpress\/ -->\n<title>POL\u00cdCIA MILITAR PRENDE UM AUTOR POR TR\u00c1FICO IL\u00cdCITO DE DROGAS E OUTRO ESTAR FORAGIDO - Ub\u00e1 News<\/title>\n<meta name=\"robots\" content=\"index, follow, max-snippet:-1, max-image-preview:large, max-video-preview:-1\" \/>\n<link rel=\"canonical\" href=\"https:\/\/ubanews.com\/site\/2018\/08\/13\/policia-militar-prende-um-autor-por-trafico-ilicito-de-drogas-e-outro-estar-foragido\/\" \/>\n<meta property=\"og:locale\" content=\"pt_BR\" \/>\n<meta property=\"og:type\" content=\"article\" \/>\n<meta property=\"og:title\" content=\"POL\u00cdCIA MILITAR PRENDE UM AUTOR POR TR\u00c1FICO IL\u00cdCITO DE DROGAS E OUTRO ESTAR FORAGIDO - Ub\u00e1 News\" \/>\n<meta property=\"og:description\" content=\"No dia 11 de agosto \u00e0s 20h, Policiais receberam informa\u00e7\u00f5es\" \/>\n<meta property=\"og:url\" content=\"https:\/\/ubanews.com\/site\/2018\/08\/13\/policia-militar-prende-um-autor-por-trafico-ilicito-de-drogas-e-outro-estar-foragido\/\" \/>\n<meta property=\"og:site_name\" content=\"Ub\u00e1 News\" \/>\n<meta property=\"article:publisher\" content=\"https:\/\/www.facebook.com\/Ub%c3%a1News-Carlos-Roberto-Sodr%c3%a9-418778301977370\" \/>\n<meta property=\"article:author\" content=\"https:\/\/www.facebook.com\/carosroberto.sodre.5\/\" \/>\n<meta property=\"article:published_time\" content=\"2018-08-13T15:03:56+00:00\" \/>\n<meta name=\"author\" content=\"Sodr\u00e9\" \/>\n<meta name=\"twitter:card\" content=\"summary_large_image\" \/>\n<meta name=\"twitter:label1\" content=\"Escrito por\" \/>\n\t<meta name=\"twitter:data1\" content=\"Sodr\u00e9\" \/>\n\t<meta name=\"twitter:label2\" content=\"Est. tempo de leitura\" \/>\n\t<meta name=\"twitter:data2\" content=\"2 minutos\" \/>\n<script type=\"application\/ld+json\" class=\"yoast-schema-graph\">{\"@context\":\"https:\/\/schema.org\",\"@graph\":[{\"@type\":\"Article\",\"@id\":\"https:\/\/ubanews.com\/site\/2018\/08\/13\/policia-militar-prende-um-autor-por-trafico-ilicito-de-drogas-e-outro-estar-foragido\/#article\",\"isPartOf\":{\"@id\":\"https:\/\/ubanews.com\/site\/2018\/08\/13\/policia-militar-prende-um-autor-por-trafico-ilicito-de-drogas-e-outro-estar-foragido\/\"},\"author\":{\"name\":\"Sodr\u00e9\",\"@id\":\"https:\/\/ubanews.com\/site\/#\/schema\/person\/d90c9e47252fbb63dcc969fe4c8b9d10\"},\"headline\":\"POL\u00cdCIA MILITAR PRENDE UM AUTOR POR TR\u00c1FICO IL\u00cdCITO DE DROGAS E OUTRO ESTAR FORAGIDO\",\"datePublished\":\"2018-08-13T15:03:56+00:00\",\"mainEntityOfPage\":{\"@id\":\"https:\/\/ubanews.com\/site\/2018\/08\/13\/policia-militar-prende-um-autor-por-trafico-ilicito-de-drogas-e-outro-estar-foragido\/\"},\"wordCount\":473,\"commentCount\":0,\"publisher\":{\"@id\":\"https:\/\/ubanews.com\/site\/#organization\"},\"articleSection\":[\"S\u00edntese das Ocorr\u00eancias\"],\"inLanguage\":\"pt-BR\",\"potentialAction\":[{\"@type\":\"CommentAction\",\"name\":\"Comment\",\"target\":[\"https:\/\/ubanews.com\/site\/2018\/08\/13\/policia-militar-prende-um-autor-por-trafico-ilicito-de-drogas-e-outro-estar-foragido\/#respond\"]}]},{\"@type\":\"WebPage\",\"@id\":\"https:\/\/ubanews.com\/site\/2018\/08\/13\/policia-militar-prende-um-autor-por-trafico-ilicito-de-drogas-e-outro-estar-foragido\/\",\"url\":\"https:\/\/ubanews.com\/site\/2018\/08\/13\/policia-militar-prende-um-autor-por-trafico-ilicito-de-drogas-e-outro-estar-foragido\/\",\"name\":\"POL\u00cdCIA MILITAR PRENDE UM AUTOR POR TR\u00c1FICO IL\u00cdCITO DE DROGAS E OUTRO ESTAR FORAGIDO - Ub\u00e1 News\",\"isPartOf\":{\"@id\":\"https:\/\/ubanews.com\/site\/#website\"},\"datePublished\":\"2018-08-13T15:03:56+00:00\",\"breadcrumb\":{\"@id\":\"https:\/\/ubanews.com\/site\/2018\/08\/13\/policia-militar-prende-um-autor-por-trafico-ilicito-de-drogas-e-outro-estar-foragido\/#breadcrumb\"},\"inLanguage\":\"pt-BR\",\"potentialAction\":[{\"@type\":\"ReadAction\",\"target\":[\"https:\/\/ubanews.com\/site\/2018\/08\/13\/policia-militar-prende-um-autor-por-trafico-ilicito-de-drogas-e-outro-estar-foragido\/\"]}]},{\"@type\":\"BreadcrumbList\",\"@id\":\"https:\/\/ubanews.com\/site\/2018\/08\/13\/policia-militar-prende-um-autor-por-trafico-ilicito-de-drogas-e-outro-estar-foragido\/#breadcrumb\",\"itemListElement\":[{\"@type\":\"ListItem\",\"position\":1,\"name\":\"Home\",\"item\":\"https:\/\/ubanews.com\/site\/\"},{\"@type\":\"ListItem\",\"position\":2,\"name\":\"POL\u00cdCIA MILITAR PRENDE UM AUTOR POR TR\u00c1FICO IL\u00cdCITO DE DROGAS E OUTRO ESTAR FORAGIDO\"}]},{\"@type\":\"WebSite\",\"@id\":\"https:\/\/ubanews.com\/site\/#website\",\"url\":\"https:\/\/ubanews.com\/site\/\",\"name\":\"Ub\u00e1 News\",\"description\":\"\",\"publisher\":{\"@id\":\"https:\/\/ubanews.com\/site\/#organization\"},\"potentialAction\":[{\"@type\":\"SearchAction\",\"target\":{\"@type\":\"EntryPoint\",\"urlTemplate\":\"https:\/\/ubanews.com\/site\/?s={search_term_string}\"},\"query-input\":{\"@type\":\"PropertyValueSpecification\",\"valueRequired\":true,\"valueName\":\"search_term_string\"}}],\"inLanguage\":\"pt-BR\"},{\"@type\":\"Organization\",\"@id\":\"https:\/\/ubanews.com\/site\/#organization\",\"name\":\"Ub\u00e1 News\",\"url\":\"https:\/\/ubanews.com\/site\/\",\"logo\":{\"@type\":\"ImageObject\",\"inLanguage\":\"pt-BR\",\"@id\":\"https:\/\/ubanews.com\/site\/#\/schema\/logo\/image\/\",\"url\":\"https:\/\/ubanews.com\/site\/wp-content\/uploads\/2018\/01\/logoubanews.png\",\"contentUrl\":\"https:\/\/ubanews.com\/site\/wp-content\/uploads\/2018\/01\/logoubanews.png\",\"width\":261,\"height\":99,\"caption\":\"Ub\u00e1 News\"},\"image\":{\"@id\":\"https:\/\/ubanews.com\/site\/#\/schema\/logo\/image\/\"},\"sameAs\":[\"https:\/\/www.facebook.com\/Ub\u00e1News-Carlos-Roberto-Sodr\u00e9-418778301977370\"]},{\"@type\":\"Person\",\"@id\":\"https:\/\/ubanews.com\/site\/#\/schema\/person\/d90c9e47252fbb63dcc969fe4c8b9d10\",\"name\":\"Sodr\u00e9\",\"image\":{\"@type\":\"ImageObject\",\"inLanguage\":\"pt-BR\",\"@id\":\"https:\/\/secure.gravatar.com\/avatar\/5ba2793f0590b9dbfad3fdec4ee714485b3eef211c9b32ee53d414060454a56c?s=96&d=mm&r=g\",\"url\":\"https:\/\/secure.gravatar.com\/avatar\/5ba2793f0590b9dbfad3fdec4ee714485b3eef211c9b32ee53d414060454a56c?s=96&d=mm&r=g\",\"contentUrl\":\"https:\/\/secure.gravatar.com\/avatar\/5ba2793f0590b9dbfad3fdec4ee714485b3eef211c9b32ee53d414060454a56c?s=96&d=mm&r=g\",\"caption\":\"Sodr\u00e9\"},\"sameAs\":[\"https:\/\/www.facebook.com\/carosroberto.sodre.5\/\"],\"url\":\"https:\/\/ubanews.com\/site\/author\/felipe\/\"}]}<\/script>\n<!-- \/ Yoast SEO plugin. -->","yoast_head_json":{"title":"POL\u00cdCIA MILITAR PRENDE UM AUTOR POR TR\u00c1FICO IL\u00cdCITO DE DROGAS E OUTRO ESTAR FORAGIDO - Ub\u00e1 News","robots":{"index":"index","follow":"follow","max-snippet":"max-snippet:-1","max-image-preview":"max-image-preview:large","max-video-preview":"max-video-preview:-1"},"canonical":"https:\/\/ubanews.com\/site\/2018\/08\/13\/policia-militar-prende-um-autor-por-trafico-ilicito-de-drogas-e-outro-estar-foragido\/","og_locale":"pt_BR","og_type":"article","og_title":"POL\u00cdCIA MILITAR PRENDE UM AUTOR POR TR\u00c1FICO IL\u00cdCITO DE DROGAS E OUTRO ESTAR FORAGIDO - Ub\u00e1 News","og_description":"No dia 11 de agosto \u00e0s 20h, Policiais receberam informa\u00e7\u00f5es","og_url":"https:\/\/ubanews.com\/site\/2018\/08\/13\/policia-militar-prende-um-autor-por-trafico-ilicito-de-drogas-e-outro-estar-foragido\/","og_site_name":"Ub\u00e1 News","article_publisher":"https:\/\/www.facebook.com\/Ub%c3%a1News-Carlos-Roberto-Sodr%c3%a9-418778301977370","article_author":"https:\/\/www.facebook.com\/carosroberto.sodre.5\/","article_published_time":"2018-08-13T15:03:56+00:00","author":"Sodr\u00e9","twitter_card":"summary_large_image","twitter_misc":{"Escrito por":"Sodr\u00e9","Est. tempo de leitura":"2 minutos"},"schema":{"@context":"https:\/\/schema.org","@graph":[{"@type":"Article","@id":"https:\/\/ubanews.com\/site\/2018\/08\/13\/policia-militar-prende-um-autor-por-trafico-ilicito-de-drogas-e-outro-estar-foragido\/#article","isPartOf":{"@id":"https:\/\/ubanews.com\/site\/2018\/08\/13\/policia-militar-prende-um-autor-por-trafico-ilicito-de-drogas-e-outro-estar-foragido\/"},"author":{"name":"Sodr\u00e9","@id":"https:\/\/ubanews.com\/site\/#\/schema\/person\/d90c9e47252fbb63dcc969fe4c8b9d10"},"headline":"POL\u00cdCIA MILITAR PRENDE UM AUTOR POR TR\u00c1FICO IL\u00cdCITO DE DROGAS E OUTRO ESTAR FORAGIDO","datePublished":"2018-08-13T15:03:56+00:00","mainEntityOfPage":{"@id":"https:\/\/ubanews.com\/site\/2018\/08\/13\/policia-militar-prende-um-autor-por-trafico-ilicito-de-drogas-e-outro-estar-foragido\/"},"wordCount":473,"commentCount":0,"publisher":{"@id":"https:\/\/ubanews.com\/site\/#organization"},"articleSection":["S\u00edntese das Ocorr\u00eancias"],"inLanguage":"pt-BR","potentialAction":[{"@type":"CommentAction","name":"Comment","target":["https:\/\/ubanews.com\/site\/2018\/08\/13\/policia-militar-prende-um-autor-por-trafico-ilicito-de-drogas-e-outro-estar-foragido\/#respond"]}]},{"@type":"WebPage","@id":"https:\/\/ubanews.com\/site\/2018\/08\/13\/policia-militar-prende-um-autor-por-trafico-ilicito-de-drogas-e-outro-estar-foragido\/","url":"https:\/\/ubanews.com\/site\/2018\/08\/13\/policia-militar-prende-um-autor-por-trafico-ilicito-de-drogas-e-outro-estar-foragido\/","name":"POL\u00cdCIA MILITAR PRENDE UM AUTOR POR TR\u00c1FICO IL\u00cdCITO DE DROGAS E OUTRO ESTAR FORAGIDO - Ub\u00e1 News","isPartOf":{"@id":"https:\/\/ubanews.com\/site\/#website"},"datePublished":"2018-08-13T15:03:56+00:00","breadcrumb":{"@id":"https:\/\/ubanews.com\/site\/2018\/08\/13\/policia-militar-prende-um-autor-por-trafico-ilicito-de-drogas-e-outro-estar-foragido\/#breadcrumb"},"inLanguage":"pt-BR","potentialAction":[{"@type":"ReadAction","target":["https:\/\/ubanews.com\/site\/2018\/08\/13\/policia-militar-prende-um-autor-por-trafico-ilicito-de-drogas-e-outro-estar-foragido\/"]}]},{"@type":"BreadcrumbList","@id":"https:\/\/ubanews.com\/site\/2018\/08\/13\/policia-militar-prende-um-autor-por-trafico-ilicito-de-drogas-e-outro-estar-foragido\/#breadcrumb","itemListElement":[{"@type":"ListItem","position":1,"name":"Home","item":"https:\/\/ubanews.com\/site\/"},{"@type":"ListItem","position":2,"name":"POL\u00cdCIA MILITAR PRENDE UM AUTOR POR TR\u00c1FICO IL\u00cdCITO DE DROGAS E OUTRO ESTAR FORAGIDO"}]},{"@type":"WebSite","@id":"https:\/\/ubanews.com\/site\/#website","url":"https:\/\/ubanews.com\/site\/","name":"Ub\u00e1 News","description":"","publisher":{"@id":"https:\/\/ubanews.com\/site\/#organization"},"potentialAction":[{"@type":"SearchAction","target":{"@type":"EntryPoint","urlTemplate":"https:\/\/ubanews.com\/site\/?s={search_term_string}"},"query-input":{"@type":"PropertyValueSpecification","valueRequired":true,"valueName":"search_term_string"}}],"inLanguage":"pt-BR"},{"@type":"Organization","@id":"https:\/\/ubanews.com\/site\/#organization","name":"Ub\u00e1 News","url":"https:\/\/ubanews.com\/site\/","logo":{"@type":"ImageObject","inLanguage":"pt-BR","@id":"https:\/\/ubanews.com\/site\/#\/schema\/logo\/image\/","url":"https:\/\/ubanews.com\/site\/wp-content\/uploads\/2018\/01\/logoubanews.png","contentUrl":"https:\/\/ubanews.com\/site\/wp-content\/uploads\/2018\/01\/logoubanews.png","width":261,"height":99,"caption":"Ub\u00e1 News"},"image":{"@id":"https:\/\/ubanews.com\/site\/#\/schema\/logo\/image\/"},"sameAs":["https:\/\/www.facebook.com\/Ub\u00e1News-Carlos-Roberto-Sodr\u00e9-418778301977370"]},{"@type":"Person","@id":"https:\/\/ubanews.com\/site\/#\/schema\/person\/d90c9e47252fbb63dcc969fe4c8b9d10","name":"Sodr\u00e9","image":{"@type":"ImageObject","inLanguage":"pt-BR","@id":"https:\/\/secure.gravatar.com\/avatar\/5ba2793f0590b9dbfad3fdec4ee714485b3eef211c9b32ee53d414060454a56c?s=96&d=mm&r=g","url":"https:\/\/secure.gravatar.com\/avatar\/5ba2793f0590b9dbfad3fdec4ee714485b3eef211c9b32ee53d414060454a56c?s=96&d=mm&r=g","contentUrl":"https:\/\/secure.gravatar.com\/avatar\/5ba2793f0590b9dbfad3fdec4ee714485b3eef211c9b32ee53d414060454a56c?s=96&d=mm&r=g","caption":"Sodr\u00e9"},"sameAs":["https:\/\/www.facebook.com\/carosroberto.sodre.5\/"],"url":"https:\/\/ubanews.com\/site\/author\/felipe\/"}]}},"_links":{"self":[{"href":"https:\/\/ubanews.com\/site\/wp-json\/wp\/v2\/posts\/6472","targetHints":{"allow":["GET"]}}],"collection":[{"href":"https:\/\/ubanews.com\/site\/wp-json\/wp\/v2\/posts"}],"about":[{"href":"https:\/\/ubanews.com\/site\/wp-json\/wp\/v2\/types\/post"}],"author":[{"embeddable":true,"href":"https:\/\/ubanews.com\/site\/wp-json\/wp\/v2\/users\/2"}],"replies":[{"embeddable":true,"href":"https:\/\/ubanews.com\/site\/wp-json\/wp\/v2\/comments?post=6472"}],"version-history":[{"count":0,"href":"https:\/\/ubanews.com\/site\/wp-json\/wp\/v2\/posts\/6472\/revisions"}],"wp:attachment":[{"href":"https:\/\/ubanews.com\/site\/wp-json\/wp\/v2\/media?parent=6472"}],"wp:term":[{"taxonomy":"category","embeddable":true,"href":"https:\/\/ubanews.com\/site\/wp-json\/wp\/v2\/categories?post=6472"},{"taxonomy":"post_tag","embeddable":true,"href":"https:\/\/ubanews.com\/site\/wp-json\/wp\/v2\/tags?post=6472"}],"curies":[{"name":"wp","href":"https:\/\/api.w.org\/{rel}","templated":true}]}}