{"id":6416,"date":"2018-08-11T23:49:46","date_gmt":"2018-08-12T02:49:46","guid":{"rendered":"http:\/\/ubanews.com\/site\/?p=6416"},"modified":"2018-08-20T10:00:32","modified_gmt":"2018-08-20T13:00:32","slug":"candidatos-com-foco-nas-aulas-e-de-olho-nas-provas-do-enem","status":"publish","type":"post","link":"https:\/\/ubanews.com\/site\/2018\/08\/11\/candidatos-com-foco-nas-aulas-e-de-olho-nas-provas-do-enem\/","title":{"rendered":"CANDIDATOS COM FOCO NAS AULAS E DE OLHO NAS PROVAS DO ENEM"},"content":{"rendered":"<p><a href=\"https:\/\/ubanews.com\/site\/wp-content\/uploads\/2018\/08\/DSC_3782.jpg\"><img decoding=\"async\" class=\"alignnone size-medium wp-image-6417 lazyload\" data-src=\"https:\/\/ubanews.com\/site\/wp-content\/uploads\/2018\/08\/DSC_3782-300x171.jpg\" alt=\"\" width=\"300\" height=\"171\" data-srcset=\"https:\/\/ubanews.com\/site\/wp-content\/uploads\/2018\/08\/DSC_3782-300x171.jpg 300w, https:\/\/ubanews.com\/site\/wp-content\/uploads\/2018\/08\/DSC_3782-768x439.jpg 768w, https:\/\/ubanews.com\/site\/wp-content\/uploads\/2018\/08\/DSC_3782.jpg 800w\" data-sizes=\"(max-width: 300px) 100vw, 300px\" src=\"data:image\/svg+xml;base64,PHN2ZyB3aWR0aD0iMSIgaGVpZ2h0PSIxIiB4bWxucz0iaHR0cDovL3d3dy53My5vcmcvMjAwMC9zdmciPjwvc3ZnPg==\" style=\"--smush-placeholder-width: 300px; --smush-placeholder-aspect-ratio: 300\/171;\" \/><\/a> <a href=\"https:\/\/ubanews.com\/site\/wp-content\/uploads\/2018\/08\/DSC_3784-copiar.jpg\"><img decoding=\"async\" class=\"alignnone size-medium wp-image-6418 lazyload\" data-src=\"https:\/\/ubanews.com\/site\/wp-content\/uploads\/2018\/08\/DSC_3784-copiar-300x171.jpg\" alt=\"\" width=\"300\" height=\"171\" data-srcset=\"https:\/\/ubanews.com\/site\/wp-content\/uploads\/2018\/08\/DSC_3784-copiar-300x171.jpg 300w, https:\/\/ubanews.com\/site\/wp-content\/uploads\/2018\/08\/DSC_3784-copiar-768x439.jpg 768w, https:\/\/ubanews.com\/site\/wp-content\/uploads\/2018\/08\/DSC_3784-copiar.jpg 800w\" data-sizes=\"(max-width: 300px) 100vw, 300px\" src=\"data:image\/svg+xml;base64,PHN2ZyB3aWR0aD0iMSIgaGVpZ2h0PSIxIiB4bWxucz0iaHR0cDovL3d3dy53My5vcmcvMjAwMC9zdmciPjwvc3ZnPg==\" style=\"--smush-placeholder-width: 300px; --smush-placeholder-aspect-ratio: 300\/171;\" \/><\/a> <a href=\"https:\/\/ubanews.com\/site\/wp-content\/uploads\/2018\/08\/DSC_3792-copiar.jpg\"><img decoding=\"async\" class=\"alignnone size-medium wp-image-6419 lazyload\" data-src=\"https:\/\/ubanews.com\/site\/wp-content\/uploads\/2018\/08\/DSC_3792-copiar-300x171.jpg\" alt=\"\" width=\"300\" height=\"171\" data-srcset=\"https:\/\/ubanews.com\/site\/wp-content\/uploads\/2018\/08\/DSC_3792-copiar-300x171.jpg 300w, https:\/\/ubanews.com\/site\/wp-content\/uploads\/2018\/08\/DSC_3792-copiar-768x439.jpg 768w, https:\/\/ubanews.com\/site\/wp-content\/uploads\/2018\/08\/DSC_3792-copiar.jpg 800w\" data-sizes=\"(max-width: 300px) 100vw, 300px\" src=\"data:image\/svg+xml;base64,PHN2ZyB3aWR0aD0iMSIgaGVpZ2h0PSIxIiB4bWxucz0iaHR0cDovL3d3dy53My5vcmcvMjAwMC9zdmciPjwvc3ZnPg==\" style=\"--smush-placeholder-width: 300px; --smush-placeholder-aspect-ratio: 300\/171;\" \/><\/a> <a href=\"https:\/\/ubanews.com\/site\/wp-content\/uploads\/2018\/08\/DSC_3796-copiar.jpg\"><img decoding=\"async\" class=\"alignnone size-medium wp-image-6420 lazyload\" data-src=\"https:\/\/ubanews.com\/site\/wp-content\/uploads\/2018\/08\/DSC_3796-copiar-300x171.jpg\" alt=\"\" width=\"300\" height=\"171\" data-srcset=\"https:\/\/ubanews.com\/site\/wp-content\/uploads\/2018\/08\/DSC_3796-copiar-300x171.jpg 300w, https:\/\/ubanews.com\/site\/wp-content\/uploads\/2018\/08\/DSC_3796-copiar-768x439.jpg 768w, https:\/\/ubanews.com\/site\/wp-content\/uploads\/2018\/08\/DSC_3796-copiar.jpg 800w\" data-sizes=\"(max-width: 300px) 100vw, 300px\" src=\"data:image\/svg+xml;base64,PHN2ZyB3aWR0aD0iMSIgaGVpZ2h0PSIxIiB4bWxucz0iaHR0cDovL3d3dy53My5vcmcvMjAwMC9zdmciPjwvc3ZnPg==\" style=\"--smush-placeholder-width: 300px; --smush-placeholder-aspect-ratio: 300\/171;\" \/><\/a> <a href=\"https:\/\/ubanews.com\/site\/wp-content\/uploads\/2018\/08\/DSC_3800-copiar.jpg\"><img decoding=\"async\" class=\"alignnone size-medium wp-image-6421 lazyload\" data-src=\"https:\/\/ubanews.com\/site\/wp-content\/uploads\/2018\/08\/DSC_3800-copiar-300x171.jpg\" alt=\"\" width=\"300\" height=\"171\" data-srcset=\"https:\/\/ubanews.com\/site\/wp-content\/uploads\/2018\/08\/DSC_3800-copiar-300x171.jpg 300w, https:\/\/ubanews.com\/site\/wp-content\/uploads\/2018\/08\/DSC_3800-copiar-768x439.jpg 768w, https:\/\/ubanews.com\/site\/wp-content\/uploads\/2018\/08\/DSC_3800-copiar.jpg 800w\" data-sizes=\"(max-width: 300px) 100vw, 300px\" src=\"data:image\/svg+xml;base64,PHN2ZyB3aWR0aD0iMSIgaGVpZ2h0PSIxIiB4bWxucz0iaHR0cDovL3d3dy53My5vcmcvMjAwMC9zdmciPjwvc3ZnPg==\" style=\"--smush-placeholder-width: 300px; --smush-placeholder-aspect-ratio: 300\/171;\" \/><\/a>&nbsp;<a href=\"https:\/\/ubanews.com\/site\/wp-content\/uploads\/2018\/08\/007-1.jpg\"><img decoding=\"async\" class=\"alignnone size-medium wp-image-6423 lazyload\" data-src=\"https:\/\/ubanews.com\/site\/wp-content\/uploads\/2018\/08\/007-1-300x171.jpg\" alt=\"\" width=\"300\" height=\"171\" data-srcset=\"https:\/\/ubanews.com\/site\/wp-content\/uploads\/2018\/08\/007-1-300x171.jpg 300w, https:\/\/ubanews.com\/site\/wp-content\/uploads\/2018\/08\/007-1-768x439.jpg 768w, https:\/\/ubanews.com\/site\/wp-content\/uploads\/2018\/08\/007-1.jpg 800w\" data-sizes=\"(max-width: 300px) 100vw, 300px\" src=\"data:image\/svg+xml;base64,PHN2ZyB3aWR0aD0iMSIgaGVpZ2h0PSIxIiB4bWxucz0iaHR0cDovL3d3dy53My5vcmcvMjAwMC9zdmciPjwvc3ZnPg==\" style=\"--smush-placeholder-width: 300px; --smush-placeholder-aspect-ratio: 300\/171;\" \/>&nbsp;<\/a><\/p>\n<p>O Plen\u00e1rio da C\u00e2mara Municipal esteve mais uma vez repleto de alunos (as), buscando uma chance nas aulas do Pr\u00e9-enem Social. Esta \u00e9 mais uma oportunidade oferecida pelo Poder Legislativo aos estudantes da Rede P\u00fablica de Ensino. Este foi o segundo encontro, uma vez que as aulas tiveram seu in\u00edcio no s\u00e1bado dia 04. At\u00e9 o dia 27 de outubro ser\u00e1 assim, de 14h \u00e0s 18h dois professores universit\u00e1rios ir\u00e3o ministrar aulas de maneira volunt\u00e1ria para 244 jovens de todas as idades, visando a prova do Exame Nacional do Ensino M\u00e9dio nos dias 03 e 10 de novembro.<\/p>\n<p>O primeiro professor deste s\u00e1bado foi de geografia. Tivemos o cuidado de mostrar o seu curr\u00edculo, que inclusive \u00e9 de admirar. Tanto do primeiro quanto do segundo professor.<\/p>\n<p><em>Anderson Casazza Soares<\/em> \u00e9 graduado em Geografia (UFJF\/UNEUB); Tem mais de 15 anos de vasta experi\u00eancia profissional na rede p\u00fablica e particular de ensino (Col\u00e9gio Regina Coeli, Col\u00e9gio Objetivo, Rede Pit\u00e1goras de Ensino, Cursinho Alvo Vestibulares, Cursinho Meta Vestibulares, Cursinho \u00caxitus,&nbsp; E. E. Borges de Moraes, entre outros); Atualmente atua como gerente de acompanhamento estudantil no IF Sudeste MG campus Rio Pomba e \u00e9 servidor neste campus por 14 anos.<\/p>\n<p><em>Gilson Soares Toledo<\/em> \u00e9 licenciado em Hist\u00f3ria, Mestre em Extens\u00e3o Rural, Doutorando em Estudos de Linguagem (Universidade Federal Fluminense-UFF) com \u00eanfase em sociolingu\u00edstica interacional, analisando as popula\u00e7\u00f5es rurais da Zona da Mata de MG. Atua como professor na Educa\u00e7\u00e3o B\u00e1sica e Superior, al\u00e9m de coordenar projetos de extens\u00e3o e chefiar o gabinete do IF Sudeste MG Campus Avan\u00e7ado Ub\u00e1.<\/p>\n<p>O pr\u00f3ximo s\u00e1bado (18) ser\u00e3o ministradas aulas de geografia e portugu\u00eas. \u00c0s 16h, no intervalo, os professores Anderson e Gilson conversaram com \u00e0 equipe do site Ub\u00e1 News!<\/p>\n<div style=\"position: relative; height: 0; padding-bottom: 56.25%;\"><iframe style=\"position: absolute; width: 100%; height: 100%; left: 0;\" data-src=\"https:\/\/www.youtube.com\/embed\/oanehx6s5Uw?ecver=2\" width=\"640\" height=\"360\" frameborder=\"0\" allowfullscreen=\"allowfullscreen\" src=\"data:image\/svg+xml;base64,PHN2ZyB3aWR0aD0iMSIgaGVpZ2h0PSIxIiB4bWxucz0iaHR0cDovL3d3dy53My5vcmcvMjAwMC9zdmciPjwvc3ZnPg==\" class=\"lazyload\" data-load-mode=\"1\"><\/iframe>&nbsp;<\/div>\n","protected":false},"excerpt":{"rendered":"<p>&nbsp;&nbsp; O Plen\u00e1rio da C\u00e2mara Municipal esteve mais uma vez<\/p>\n","protected":false},"author":2,"featured_media":6422,"comment_status":"open","ping_status":"open","sticky":false,"template":"","format":"standard","meta":{"footnotes":""},"categories":[16],"tags":[],"class_list":["post-6416","post","type-post","status-publish","format-standard","has-post-thumbnail","hentry","category-camara-municipal"],"yoast_head":"<!-- This site is optimized with the Yoast SEO plugin v27.2 - https:\/\/yoast.com\/product\/yoast-seo-wordpress\/ -->\n<title>CANDIDATOS COM FOCO NAS AULAS E DE OLHO NAS PROVAS DO ENEM - Ub\u00e1 News<\/title>\n<meta name=\"robots\" content=\"index, follow, max-snippet:-1, max-image-preview:large, max-video-preview:-1\" \/>\n<link rel=\"canonical\" href=\"https:\/\/ubanews.com\/site\/2018\/08\/11\/candidatos-com-foco-nas-aulas-e-de-olho-nas-provas-do-enem\/\" \/>\n<meta property=\"og:locale\" content=\"pt_BR\" \/>\n<meta property=\"og:type\" content=\"article\" \/>\n<meta property=\"og:title\" content=\"CANDIDATOS COM FOCO NAS AULAS E DE OLHO NAS PROVAS DO ENEM - Ub\u00e1 News\" \/>\n<meta property=\"og:description\" content=\"&nbsp;&nbsp; O Plen\u00e1rio da C\u00e2mara Municipal esteve mais uma vez\" \/>\n<meta property=\"og:url\" content=\"https:\/\/ubanews.com\/site\/2018\/08\/11\/candidatos-com-foco-nas-aulas-e-de-olho-nas-provas-do-enem\/\" \/>\n<meta property=\"og:site_name\" content=\"Ub\u00e1 News\" \/>\n<meta property=\"article:publisher\" content=\"https:\/\/www.facebook.com\/Ub%c3%a1News-Carlos-Roberto-Sodr%c3%a9-418778301977370\" \/>\n<meta property=\"article:author\" content=\"https:\/\/www.facebook.com\/carosroberto.sodre.5\/\" \/>\n<meta property=\"article:published_time\" content=\"2018-08-12T02:49:46+00:00\" \/>\n<meta property=\"article:modified_time\" content=\"2018-08-20T13:00:32+00:00\" \/>\n<meta property=\"og:image\" content=\"https:\/\/ubanews.com\/site\/wp-content\/uploads\/2018\/08\/DSC_3803-copiar.jpg\" \/>\n\t<meta property=\"og:image:width\" content=\"800\" \/>\n\t<meta property=\"og:image:height\" content=\"389\" \/>\n\t<meta property=\"og:image:type\" content=\"image\/jpeg\" \/>\n<meta name=\"author\" content=\"Sodr\u00e9\" \/>\n<meta name=\"twitter:card\" content=\"summary_large_image\" \/>\n<meta name=\"twitter:label1\" content=\"Escrito por\" \/>\n\t<meta name=\"twitter:data1\" content=\"Sodr\u00e9\" \/>\n\t<meta name=\"twitter:label2\" content=\"Est. tempo de leitura\" \/>\n\t<meta name=\"twitter:data2\" content=\"2 minutos\" \/>\n<script type=\"application\/ld+json\" class=\"yoast-schema-graph\">{\"@context\":\"https:\/\/schema.org\",\"@graph\":[{\"@type\":\"Article\",\"@id\":\"https:\/\/ubanews.com\/site\/2018\/08\/11\/candidatos-com-foco-nas-aulas-e-de-olho-nas-provas-do-enem\/#article\",\"isPartOf\":{\"@id\":\"https:\/\/ubanews.com\/site\/2018\/08\/11\/candidatos-com-foco-nas-aulas-e-de-olho-nas-provas-do-enem\/\"},\"author\":{\"name\":\"Sodr\u00e9\",\"@id\":\"https:\/\/ubanews.com\/site\/#\/schema\/person\/d90c9e47252fbb63dcc969fe4c8b9d10\"},\"headline\":\"CANDIDATOS COM FOCO NAS AULAS E DE OLHO NAS PROVAS DO ENEM\",\"datePublished\":\"2018-08-12T02:49:46+00:00\",\"dateModified\":\"2018-08-20T13:00:32+00:00\",\"mainEntityOfPage\":{\"@id\":\"https:\/\/ubanews.com\/site\/2018\/08\/11\/candidatos-com-foco-nas-aulas-e-de-olho-nas-provas-do-enem\/\"},\"wordCount\":316,\"commentCount\":0,\"publisher\":{\"@id\":\"https:\/\/ubanews.com\/site\/#organization\"},\"image\":{\"@id\":\"https:\/\/ubanews.com\/site\/2018\/08\/11\/candidatos-com-foco-nas-aulas-e-de-olho-nas-provas-do-enem\/#primaryimage\"},\"thumbnailUrl\":\"https:\/\/ubanews.com\/site\/wp-content\/uploads\/2018\/08\/DSC_3803-copiar.jpg\",\"articleSection\":[\"C\u00e2mara Municipal\"],\"inLanguage\":\"pt-BR\",\"potentialAction\":[{\"@type\":\"CommentAction\",\"name\":\"Comment\",\"target\":[\"https:\/\/ubanews.com\/site\/2018\/08\/11\/candidatos-com-foco-nas-aulas-e-de-olho-nas-provas-do-enem\/#respond\"]}]},{\"@type\":\"WebPage\",\"@id\":\"https:\/\/ubanews.com\/site\/2018\/08\/11\/candidatos-com-foco-nas-aulas-e-de-olho-nas-provas-do-enem\/\",\"url\":\"https:\/\/ubanews.com\/site\/2018\/08\/11\/candidatos-com-foco-nas-aulas-e-de-olho-nas-provas-do-enem\/\",\"name\":\"CANDIDATOS COM FOCO NAS AULAS E DE OLHO NAS PROVAS DO ENEM - Ub\u00e1 News\",\"isPartOf\":{\"@id\":\"https:\/\/ubanews.com\/site\/#website\"},\"primaryImageOfPage\":{\"@id\":\"https:\/\/ubanews.com\/site\/2018\/08\/11\/candidatos-com-foco-nas-aulas-e-de-olho-nas-provas-do-enem\/#primaryimage\"},\"image\":{\"@id\":\"https:\/\/ubanews.com\/site\/2018\/08\/11\/candidatos-com-foco-nas-aulas-e-de-olho-nas-provas-do-enem\/#primaryimage\"},\"thumbnailUrl\":\"https:\/\/ubanews.com\/site\/wp-content\/uploads\/2018\/08\/DSC_3803-copiar.jpg\",\"datePublished\":\"2018-08-12T02:49:46+00:00\",\"dateModified\":\"2018-08-20T13:00:32+00:00\",\"breadcrumb\":{\"@id\":\"https:\/\/ubanews.com\/site\/2018\/08\/11\/candidatos-com-foco-nas-aulas-e-de-olho-nas-provas-do-enem\/#breadcrumb\"},\"inLanguage\":\"pt-BR\",\"potentialAction\":[{\"@type\":\"ReadAction\",\"target\":[\"https:\/\/ubanews.com\/site\/2018\/08\/11\/candidatos-com-foco-nas-aulas-e-de-olho-nas-provas-do-enem\/\"]}]},{\"@type\":\"ImageObject\",\"inLanguage\":\"pt-BR\",\"@id\":\"https:\/\/ubanews.com\/site\/2018\/08\/11\/candidatos-com-foco-nas-aulas-e-de-olho-nas-provas-do-enem\/#primaryimage\",\"url\":\"https:\/\/ubanews.com\/site\/wp-content\/uploads\/2018\/08\/DSC_3803-copiar.jpg\",\"contentUrl\":\"https:\/\/ubanews.com\/site\/wp-content\/uploads\/2018\/08\/DSC_3803-copiar.jpg\",\"width\":800,\"height\":389},{\"@type\":\"BreadcrumbList\",\"@id\":\"https:\/\/ubanews.com\/site\/2018\/08\/11\/candidatos-com-foco-nas-aulas-e-de-olho-nas-provas-do-enem\/#breadcrumb\",\"itemListElement\":[{\"@type\":\"ListItem\",\"position\":1,\"name\":\"Home\",\"item\":\"https:\/\/ubanews.com\/site\/\"},{\"@type\":\"ListItem\",\"position\":2,\"name\":\"CANDIDATOS COM FOCO NAS AULAS E DE OLHO NAS PROVAS DO ENEM\"}]},{\"@type\":\"WebSite\",\"@id\":\"https:\/\/ubanews.com\/site\/#website\",\"url\":\"https:\/\/ubanews.com\/site\/\",\"name\":\"Ub\u00e1 News\",\"description\":\"\",\"publisher\":{\"@id\":\"https:\/\/ubanews.com\/site\/#organization\"},\"potentialAction\":[{\"@type\":\"SearchAction\",\"target\":{\"@type\":\"EntryPoint\",\"urlTemplate\":\"https:\/\/ubanews.com\/site\/?s={search_term_string}\"},\"query-input\":{\"@type\":\"PropertyValueSpecification\",\"valueRequired\":true,\"valueName\":\"search_term_string\"}}],\"inLanguage\":\"pt-BR\"},{\"@type\":\"Organization\",\"@id\":\"https:\/\/ubanews.com\/site\/#organization\",\"name\":\"Ub\u00e1 News\",\"url\":\"https:\/\/ubanews.com\/site\/\",\"logo\":{\"@type\":\"ImageObject\",\"inLanguage\":\"pt-BR\",\"@id\":\"https:\/\/ubanews.com\/site\/#\/schema\/logo\/image\/\",\"url\":\"https:\/\/ubanews.com\/site\/wp-content\/uploads\/2018\/01\/logoubanews.png\",\"contentUrl\":\"https:\/\/ubanews.com\/site\/wp-content\/uploads\/2018\/01\/logoubanews.png\",\"width\":261,\"height\":99,\"caption\":\"Ub\u00e1 News\"},\"image\":{\"@id\":\"https:\/\/ubanews.com\/site\/#\/schema\/logo\/image\/\"},\"sameAs\":[\"https:\/\/www.facebook.com\/Ub\u00e1News-Carlos-Roberto-Sodr\u00e9-418778301977370\"]},{\"@type\":\"Person\",\"@id\":\"https:\/\/ubanews.com\/site\/#\/schema\/person\/d90c9e47252fbb63dcc969fe4c8b9d10\",\"name\":\"Sodr\u00e9\",\"image\":{\"@type\":\"ImageObject\",\"inLanguage\":\"pt-BR\",\"@id\":\"https:\/\/secure.gravatar.com\/avatar\/5ba2793f0590b9dbfad3fdec4ee714485b3eef211c9b32ee53d414060454a56c?s=96&d=mm&r=g\",\"url\":\"https:\/\/secure.gravatar.com\/avatar\/5ba2793f0590b9dbfad3fdec4ee714485b3eef211c9b32ee53d414060454a56c?s=96&d=mm&r=g\",\"contentUrl\":\"https:\/\/secure.gravatar.com\/avatar\/5ba2793f0590b9dbfad3fdec4ee714485b3eef211c9b32ee53d414060454a56c?s=96&d=mm&r=g\",\"caption\":\"Sodr\u00e9\"},\"sameAs\":[\"https:\/\/www.facebook.com\/carosroberto.sodre.5\/\"],\"url\":\"https:\/\/ubanews.com\/site\/author\/felipe\/\"}]}<\/script>\n<!-- \/ Yoast SEO plugin. -->","yoast_head_json":{"title":"CANDIDATOS COM FOCO NAS AULAS E DE OLHO NAS PROVAS DO ENEM - Ub\u00e1 News","robots":{"index":"index","follow":"follow","max-snippet":"max-snippet:-1","max-image-preview":"max-image-preview:large","max-video-preview":"max-video-preview:-1"},"canonical":"https:\/\/ubanews.com\/site\/2018\/08\/11\/candidatos-com-foco-nas-aulas-e-de-olho-nas-provas-do-enem\/","og_locale":"pt_BR","og_type":"article","og_title":"CANDIDATOS COM FOCO NAS AULAS E DE OLHO NAS PROVAS DO ENEM - Ub\u00e1 News","og_description":"&nbsp;&nbsp; O Plen\u00e1rio da C\u00e2mara Municipal esteve mais uma vez","og_url":"https:\/\/ubanews.com\/site\/2018\/08\/11\/candidatos-com-foco-nas-aulas-e-de-olho-nas-provas-do-enem\/","og_site_name":"Ub\u00e1 News","article_publisher":"https:\/\/www.facebook.com\/Ub%c3%a1News-Carlos-Roberto-Sodr%c3%a9-418778301977370","article_author":"https:\/\/www.facebook.com\/carosroberto.sodre.5\/","article_published_time":"2018-08-12T02:49:46+00:00","article_modified_time":"2018-08-20T13:00:32+00:00","og_image":[{"width":800,"height":389,"url":"https:\/\/ubanews.com\/site\/wp-content\/uploads\/2018\/08\/DSC_3803-copiar.jpg","type":"image\/jpeg"}],"author":"Sodr\u00e9","twitter_card":"summary_large_image","twitter_misc":{"Escrito por":"Sodr\u00e9","Est. tempo de leitura":"2 minutos"},"schema":{"@context":"https:\/\/schema.org","@graph":[{"@type":"Article","@id":"https:\/\/ubanews.com\/site\/2018\/08\/11\/candidatos-com-foco-nas-aulas-e-de-olho-nas-provas-do-enem\/#article","isPartOf":{"@id":"https:\/\/ubanews.com\/site\/2018\/08\/11\/candidatos-com-foco-nas-aulas-e-de-olho-nas-provas-do-enem\/"},"author":{"name":"Sodr\u00e9","@id":"https:\/\/ubanews.com\/site\/#\/schema\/person\/d90c9e47252fbb63dcc969fe4c8b9d10"},"headline":"CANDIDATOS COM FOCO NAS AULAS E DE OLHO NAS PROVAS DO ENEM","datePublished":"2018-08-12T02:49:46+00:00","dateModified":"2018-08-20T13:00:32+00:00","mainEntityOfPage":{"@id":"https:\/\/ubanews.com\/site\/2018\/08\/11\/candidatos-com-foco-nas-aulas-e-de-olho-nas-provas-do-enem\/"},"wordCount":316,"commentCount":0,"publisher":{"@id":"https:\/\/ubanews.com\/site\/#organization"},"image":{"@id":"https:\/\/ubanews.com\/site\/2018\/08\/11\/candidatos-com-foco-nas-aulas-e-de-olho-nas-provas-do-enem\/#primaryimage"},"thumbnailUrl":"https:\/\/ubanews.com\/site\/wp-content\/uploads\/2018\/08\/DSC_3803-copiar.jpg","articleSection":["C\u00e2mara Municipal"],"inLanguage":"pt-BR","potentialAction":[{"@type":"CommentAction","name":"Comment","target":["https:\/\/ubanews.com\/site\/2018\/08\/11\/candidatos-com-foco-nas-aulas-e-de-olho-nas-provas-do-enem\/#respond"]}]},{"@type":"WebPage","@id":"https:\/\/ubanews.com\/site\/2018\/08\/11\/candidatos-com-foco-nas-aulas-e-de-olho-nas-provas-do-enem\/","url":"https:\/\/ubanews.com\/site\/2018\/08\/11\/candidatos-com-foco-nas-aulas-e-de-olho-nas-provas-do-enem\/","name":"CANDIDATOS COM FOCO NAS AULAS E DE OLHO NAS PROVAS DO ENEM - Ub\u00e1 News","isPartOf":{"@id":"https:\/\/ubanews.com\/site\/#website"},"primaryImageOfPage":{"@id":"https:\/\/ubanews.com\/site\/2018\/08\/11\/candidatos-com-foco-nas-aulas-e-de-olho-nas-provas-do-enem\/#primaryimage"},"image":{"@id":"https:\/\/ubanews.com\/site\/2018\/08\/11\/candidatos-com-foco-nas-aulas-e-de-olho-nas-provas-do-enem\/#primaryimage"},"thumbnailUrl":"https:\/\/ubanews.com\/site\/wp-content\/uploads\/2018\/08\/DSC_3803-copiar.jpg","datePublished":"2018-08-12T02:49:46+00:00","dateModified":"2018-08-20T13:00:32+00:00","breadcrumb":{"@id":"https:\/\/ubanews.com\/site\/2018\/08\/11\/candidatos-com-foco-nas-aulas-e-de-olho-nas-provas-do-enem\/#breadcrumb"},"inLanguage":"pt-BR","potentialAction":[{"@type":"ReadAction","target":["https:\/\/ubanews.com\/site\/2018\/08\/11\/candidatos-com-foco-nas-aulas-e-de-olho-nas-provas-do-enem\/"]}]},{"@type":"ImageObject","inLanguage":"pt-BR","@id":"https:\/\/ubanews.com\/site\/2018\/08\/11\/candidatos-com-foco-nas-aulas-e-de-olho-nas-provas-do-enem\/#primaryimage","url":"https:\/\/ubanews.com\/site\/wp-content\/uploads\/2018\/08\/DSC_3803-copiar.jpg","contentUrl":"https:\/\/ubanews.com\/site\/wp-content\/uploads\/2018\/08\/DSC_3803-copiar.jpg","width":800,"height":389},{"@type":"BreadcrumbList","@id":"https:\/\/ubanews.com\/site\/2018\/08\/11\/candidatos-com-foco-nas-aulas-e-de-olho-nas-provas-do-enem\/#breadcrumb","itemListElement":[{"@type":"ListItem","position":1,"name":"Home","item":"https:\/\/ubanews.com\/site\/"},{"@type":"ListItem","position":2,"name":"CANDIDATOS COM FOCO NAS AULAS E DE OLHO NAS PROVAS DO ENEM"}]},{"@type":"WebSite","@id":"https:\/\/ubanews.com\/site\/#website","url":"https:\/\/ubanews.com\/site\/","name":"Ub\u00e1 News","description":"","publisher":{"@id":"https:\/\/ubanews.com\/site\/#organization"},"potentialAction":[{"@type":"SearchAction","target":{"@type":"EntryPoint","urlTemplate":"https:\/\/ubanews.com\/site\/?s={search_term_string}"},"query-input":{"@type":"PropertyValueSpecification","valueRequired":true,"valueName":"search_term_string"}}],"inLanguage":"pt-BR"},{"@type":"Organization","@id":"https:\/\/ubanews.com\/site\/#organization","name":"Ub\u00e1 News","url":"https:\/\/ubanews.com\/site\/","logo":{"@type":"ImageObject","inLanguage":"pt-BR","@id":"https:\/\/ubanews.com\/site\/#\/schema\/logo\/image\/","url":"https:\/\/ubanews.com\/site\/wp-content\/uploads\/2018\/01\/logoubanews.png","contentUrl":"https:\/\/ubanews.com\/site\/wp-content\/uploads\/2018\/01\/logoubanews.png","width":261,"height":99,"caption":"Ub\u00e1 News"},"image":{"@id":"https:\/\/ubanews.com\/site\/#\/schema\/logo\/image\/"},"sameAs":["https:\/\/www.facebook.com\/Ub\u00e1News-Carlos-Roberto-Sodr\u00e9-418778301977370"]},{"@type":"Person","@id":"https:\/\/ubanews.com\/site\/#\/schema\/person\/d90c9e47252fbb63dcc969fe4c8b9d10","name":"Sodr\u00e9","image":{"@type":"ImageObject","inLanguage":"pt-BR","@id":"https:\/\/secure.gravatar.com\/avatar\/5ba2793f0590b9dbfad3fdec4ee714485b3eef211c9b32ee53d414060454a56c?s=96&d=mm&r=g","url":"https:\/\/secure.gravatar.com\/avatar\/5ba2793f0590b9dbfad3fdec4ee714485b3eef211c9b32ee53d414060454a56c?s=96&d=mm&r=g","contentUrl":"https:\/\/secure.gravatar.com\/avatar\/5ba2793f0590b9dbfad3fdec4ee714485b3eef211c9b32ee53d414060454a56c?s=96&d=mm&r=g","caption":"Sodr\u00e9"},"sameAs":["https:\/\/www.facebook.com\/carosroberto.sodre.5\/"],"url":"https:\/\/ubanews.com\/site\/author\/felipe\/"}]}},"_links":{"self":[{"href":"https:\/\/ubanews.com\/site\/wp-json\/wp\/v2\/posts\/6416","targetHints":{"allow":["GET"]}}],"collection":[{"href":"https:\/\/ubanews.com\/site\/wp-json\/wp\/v2\/posts"}],"about":[{"href":"https:\/\/ubanews.com\/site\/wp-json\/wp\/v2\/types\/post"}],"author":[{"embeddable":true,"href":"https:\/\/ubanews.com\/site\/wp-json\/wp\/v2\/users\/2"}],"replies":[{"embeddable":true,"href":"https:\/\/ubanews.com\/site\/wp-json\/wp\/v2\/comments?post=6416"}],"version-history":[{"count":0,"href":"https:\/\/ubanews.com\/site\/wp-json\/wp\/v2\/posts\/6416\/revisions"}],"wp:featuredmedia":[{"embeddable":true,"href":"https:\/\/ubanews.com\/site\/wp-json\/wp\/v2\/media\/6422"}],"wp:attachment":[{"href":"https:\/\/ubanews.com\/site\/wp-json\/wp\/v2\/media?parent=6416"}],"wp:term":[{"taxonomy":"category","embeddable":true,"href":"https:\/\/ubanews.com\/site\/wp-json\/wp\/v2\/categories?post=6416"},{"taxonomy":"post_tag","embeddable":true,"href":"https:\/\/ubanews.com\/site\/wp-json\/wp\/v2\/tags?post=6416"}],"curies":[{"name":"wp","href":"https:\/\/api.w.org\/{rel}","templated":true}]}}