{"id":6397,"date":"2018-08-11T05:45:26","date_gmt":"2018-08-11T08:45:26","guid":{"rendered":"http:\/\/ubanews.com\/site\/?p=6397"},"modified":"2018-08-10T17:51:43","modified_gmt":"2018-08-10T20:51:43","slug":"faltam-so-dez-para-o-centenario-da-escola-estadual-raul-soares","status":"publish","type":"post","link":"https:\/\/ubanews.com\/site\/2018\/08\/11\/faltam-so-dez-para-o-centenario-da-escola-estadual-raul-soares\/","title":{"rendered":"FALTAM S\u00d3 DEZ PARA O CENTEN\u00c1RIO DA ESCOLA ESTADUAL RAUL SOARES"},"content":{"rendered":"<p>\u00c9 dif\u00edcil medir a import\u00e2ncia da Escola Estadual Raul Soares para a forma\u00e7\u00e3o de tantos jovens e adultos do munic\u00edpio e de munic\u00edpios vizinhos. Muitos dos que passaram e passam por essas salas, p\u00e1tios, audit\u00f3rio, quadra, cantina, biblioteca e todos os cantos, sendo ao todo 18.000 (dezoito mil) metros quadrados de \u00e1rea s\u00e3o seres humanos que ter\u00e3o o orgulho de um dia dizer, assim como eu, por exemplo, podemos arrancar do fundo do peito de dizer: \u201ceu fiz ou fa\u00e7o parte dessa hist\u00f3ria de sucesso\u201d. Viva o Raulz\u00e3o.<\/p>\n<p>Durante o delicioso almo\u00e7o servido no Centro Esportivo Ubaense, no dia 08 de julho, como parte das comemora\u00e7\u00f5es a equipe do Ub\u00e1 News conversou com v\u00e1rias autoridades, alunos, educadores e com exclusividade vamos mostrar tudo nos dias 11\/18 de agosto.<\/p>\n<p>Escola Estadual Raul Soares, tamb\u00e9m conhecida como Raulz\u00e3o, foi criada em 14 de agosto de 1928, por\u00e9m suas atividades come\u00e7aram mesmo no ano seguinte. Ocasi\u00e3o em que teve como sede um antigo pr\u00e9dio na rua Treze de Maio. Fundado em um per\u00edodo marcado por grandes mudan\u00e7as pol\u00edticas, econ\u00f4micas, sociais e culturais, o Col\u00e9gio Raul Soares iniciou suas atividades ainda no Governo de Washington Luiz. Cen\u00e1rio marcado pela estrutura de oligarquias cafeeira que deu lugar a era Vargas, iniciada pela Revolu\u00e7\u00e3o de 1930. A hist\u00f3ria do Col\u00e9gio foi marcada por seu fechamento por quest\u00f5es pol\u00edticas em 25 de fevereiro de 1943, voltando a ser reaberto em 21 de abril de 1947. Tamb\u00e9m funcionou por um determinado per\u00edodo em um pr\u00e9dio na Avenida Raul Soares, sendo transferido para o seu pr\u00e9dio pr\u00f3prio a pra\u00e7a Get\u00falio Vargas no ano de 1961, onde permanece at\u00e9 a presente data. A solenidade de inaugura\u00e7\u00e3o contou com a presen\u00e7a de importantes autoridades da \u00e9poca. Como Governador do Estado Magalh\u00e3es Pinto e Vice-Governador Cl\u00f3vis Salgado. Nos dias atuais, sob a denomina\u00e7\u00e3o de Escola Estadual Raul Soares, s\u00e3o oferecidos \u00e0 popula\u00e7\u00e3o al\u00e9m do Ensino Regular, a Educa\u00e7\u00e3o de Jovens e Adultos os cursos de Inform\u00e1tica, Log\u00edstica, Recursos Humanos e Secretariado da Rede Estadual de Educa\u00e7\u00e3o Profissional. E o projeto Eleva\u00e7\u00e3o da Escolaridade Metodologia Telessala. A escola, que neste de 2018 completa 90 anos de sua cria\u00e7\u00e3o, possui cerca de dois mil alunos e \u00e9 considerada uma institui\u00e7\u00e3o de refer\u00eancia Trig\u00e9sima Oitava Superintend\u00eancia Regional de Ensino e pela Secretaria de Estado de Educa\u00e7\u00e3o pelos excelentes resultados pelos seus alunos e pela contribui\u00e7\u00e3o na forma\u00e7\u00e3o de verdadeiros cidad\u00e3os. \u00c9 por essas e outras que deixamos aqui a nossa homenagem a essa institui\u00e7\u00e3o que tanto influenciou na forma\u00e7\u00e3o hist\u00f3rica da nossa cidade. Parab\u00e9ns Raulz\u00e3o!!!<\/p>\n<p>Dentro da programa\u00e7\u00e3o de anivers\u00e1rio da escola, domingo dia 08 de julho foi servido um almo\u00e7o no Centro Esportivo Ubaense.<\/p>\n<p>Texto extra\u00eddo de uma bel\u00edssima produ\u00e7\u00e3o da equipe da Barletta Schiavon<\/p>\n<p><iframe data-src=\"https:\/\/www.youtube.com\/embed\/9jz3BY7Np7g\" width=\"560\" height=\"315\" frameborder=\"0\" allowfullscreen=\"allowfullscreen\" src=\"data:image\/svg+xml;base64,PHN2ZyB3aWR0aD0iMSIgaGVpZ2h0PSIxIiB4bWxucz0iaHR0cDovL3d3dy53My5vcmcvMjAwMC9zdmciPjwvc3ZnPg==\" class=\"lazyload\" data-load-mode=\"1\"><\/iframe>&nbsp;<\/p>\n","protected":false},"excerpt":{"rendered":"<p>\u00c9 dif\u00edcil medir a import\u00e2ncia da Escola Estadual Raul Soares<\/p>\n","protected":false},"author":2,"featured_media":5481,"comment_status":"open","ping_status":"open","sticky":false,"template":"","format":"standard","meta":{"footnotes":""},"categories":[1],"tags":[],"class_list":["post-6397","post","type-post","status-publish","format-standard","has-post-thumbnail","hentry","category-sem-categoria"],"yoast_head":"<!-- This site is optimized with the Yoast SEO plugin v27.2 - https:\/\/yoast.com\/product\/yoast-seo-wordpress\/ -->\n<title>FALTAM S\u00d3 DEZ PARA O CENTEN\u00c1RIO DA ESCOLA ESTADUAL RAUL SOARES - Ub\u00e1 News<\/title>\n<meta name=\"robots\" content=\"index, follow, max-snippet:-1, max-image-preview:large, max-video-preview:-1\" \/>\n<link rel=\"canonical\" href=\"https:\/\/ubanews.com\/site\/2018\/08\/11\/faltam-so-dez-para-o-centenario-da-escola-estadual-raul-soares\/\" \/>\n<meta property=\"og:locale\" content=\"pt_BR\" \/>\n<meta property=\"og:type\" content=\"article\" \/>\n<meta property=\"og:title\" content=\"FALTAM S\u00d3 DEZ PARA O CENTEN\u00c1RIO DA ESCOLA ESTADUAL RAUL SOARES - Ub\u00e1 News\" \/>\n<meta property=\"og:description\" content=\"\u00c9 dif\u00edcil medir a import\u00e2ncia da Escola Estadual Raul Soares\" \/>\n<meta property=\"og:url\" content=\"https:\/\/ubanews.com\/site\/2018\/08\/11\/faltam-so-dez-para-o-centenario-da-escola-estadual-raul-soares\/\" \/>\n<meta property=\"og:site_name\" content=\"Ub\u00e1 News\" \/>\n<meta property=\"article:publisher\" content=\"https:\/\/www.facebook.com\/Ub%c3%a1News-Carlos-Roberto-Sodr%c3%a9-418778301977370\" \/>\n<meta property=\"article:author\" content=\"https:\/\/www.facebook.com\/carosroberto.sodre.5\/\" \/>\n<meta property=\"article:published_time\" content=\"2018-08-11T08:45:26+00:00\" \/>\n<meta property=\"og:image\" content=\"https:\/\/ubanews.com\/site\/wp-content\/uploads\/2018\/07\/DSC_0444-Capa.jpg\" \/>\n\t<meta property=\"og:image:width\" content=\"800\" \/>\n\t<meta property=\"og:image:height\" content=\"389\" \/>\n\t<meta property=\"og:image:type\" content=\"image\/jpeg\" \/>\n<meta name=\"author\" content=\"Sodr\u00e9\" \/>\n<meta name=\"twitter:card\" content=\"summary_large_image\" \/>\n<meta name=\"twitter:label1\" content=\"Escrito por\" \/>\n\t<meta name=\"twitter:data1\" content=\"Sodr\u00e9\" \/>\n\t<meta name=\"twitter:label2\" content=\"Est. tempo de leitura\" \/>\n\t<meta name=\"twitter:data2\" content=\"3 minutos\" \/>\n<script type=\"application\/ld+json\" class=\"yoast-schema-graph\">{\"@context\":\"https:\/\/schema.org\",\"@graph\":[{\"@type\":\"Article\",\"@id\":\"https:\/\/ubanews.com\/site\/2018\/08\/11\/faltam-so-dez-para-o-centenario-da-escola-estadual-raul-soares\/#article\",\"isPartOf\":{\"@id\":\"https:\/\/ubanews.com\/site\/2018\/08\/11\/faltam-so-dez-para-o-centenario-da-escola-estadual-raul-soares\/\"},\"author\":{\"name\":\"Sodr\u00e9\",\"@id\":\"https:\/\/ubanews.com\/site\/#\/schema\/person\/d90c9e47252fbb63dcc969fe4c8b9d10\"},\"headline\":\"FALTAM S\u00d3 DEZ PARA O CENTEN\u00c1RIO DA ESCOLA ESTADUAL RAUL SOARES\",\"datePublished\":\"2018-08-11T08:45:26+00:00\",\"mainEntityOfPage\":{\"@id\":\"https:\/\/ubanews.com\/site\/2018\/08\/11\/faltam-so-dez-para-o-centenario-da-escola-estadual-raul-soares\/\"},\"wordCount\":518,\"commentCount\":0,\"publisher\":{\"@id\":\"https:\/\/ubanews.com\/site\/#organization\"},\"image\":{\"@id\":\"https:\/\/ubanews.com\/site\/2018\/08\/11\/faltam-so-dez-para-o-centenario-da-escola-estadual-raul-soares\/#primaryimage\"},\"thumbnailUrl\":\"https:\/\/ubanews.com\/site\/wp-content\/uploads\/2018\/07\/DSC_0444-Capa.jpg\",\"articleSection\":[\"Geral\"],\"inLanguage\":\"pt-BR\",\"potentialAction\":[{\"@type\":\"CommentAction\",\"name\":\"Comment\",\"target\":[\"https:\/\/ubanews.com\/site\/2018\/08\/11\/faltam-so-dez-para-o-centenario-da-escola-estadual-raul-soares\/#respond\"]}]},{\"@type\":\"WebPage\",\"@id\":\"https:\/\/ubanews.com\/site\/2018\/08\/11\/faltam-so-dez-para-o-centenario-da-escola-estadual-raul-soares\/\",\"url\":\"https:\/\/ubanews.com\/site\/2018\/08\/11\/faltam-so-dez-para-o-centenario-da-escola-estadual-raul-soares\/\",\"name\":\"FALTAM S\u00d3 DEZ PARA O CENTEN\u00c1RIO DA ESCOLA ESTADUAL RAUL SOARES - Ub\u00e1 News\",\"isPartOf\":{\"@id\":\"https:\/\/ubanews.com\/site\/#website\"},\"primaryImageOfPage\":{\"@id\":\"https:\/\/ubanews.com\/site\/2018\/08\/11\/faltam-so-dez-para-o-centenario-da-escola-estadual-raul-soares\/#primaryimage\"},\"image\":{\"@id\":\"https:\/\/ubanews.com\/site\/2018\/08\/11\/faltam-so-dez-para-o-centenario-da-escola-estadual-raul-soares\/#primaryimage\"},\"thumbnailUrl\":\"https:\/\/ubanews.com\/site\/wp-content\/uploads\/2018\/07\/DSC_0444-Capa.jpg\",\"datePublished\":\"2018-08-11T08:45:26+00:00\",\"breadcrumb\":{\"@id\":\"https:\/\/ubanews.com\/site\/2018\/08\/11\/faltam-so-dez-para-o-centenario-da-escola-estadual-raul-soares\/#breadcrumb\"},\"inLanguage\":\"pt-BR\",\"potentialAction\":[{\"@type\":\"ReadAction\",\"target\":[\"https:\/\/ubanews.com\/site\/2018\/08\/11\/faltam-so-dez-para-o-centenario-da-escola-estadual-raul-soares\/\"]}]},{\"@type\":\"ImageObject\",\"inLanguage\":\"pt-BR\",\"@id\":\"https:\/\/ubanews.com\/site\/2018\/08\/11\/faltam-so-dez-para-o-centenario-da-escola-estadual-raul-soares\/#primaryimage\",\"url\":\"https:\/\/ubanews.com\/site\/wp-content\/uploads\/2018\/07\/DSC_0444-Capa.jpg\",\"contentUrl\":\"https:\/\/ubanews.com\/site\/wp-content\/uploads\/2018\/07\/DSC_0444-Capa.jpg\",\"width\":800,\"height\":389},{\"@type\":\"BreadcrumbList\",\"@id\":\"https:\/\/ubanews.com\/site\/2018\/08\/11\/faltam-so-dez-para-o-centenario-da-escola-estadual-raul-soares\/#breadcrumb\",\"itemListElement\":[{\"@type\":\"ListItem\",\"position\":1,\"name\":\"Home\",\"item\":\"https:\/\/ubanews.com\/site\/\"},{\"@type\":\"ListItem\",\"position\":2,\"name\":\"FALTAM S\u00d3 DEZ PARA O CENTEN\u00c1RIO DA ESCOLA ESTADUAL RAUL SOARES\"}]},{\"@type\":\"WebSite\",\"@id\":\"https:\/\/ubanews.com\/site\/#website\",\"url\":\"https:\/\/ubanews.com\/site\/\",\"name\":\"Ub\u00e1 News\",\"description\":\"\",\"publisher\":{\"@id\":\"https:\/\/ubanews.com\/site\/#organization\"},\"potentialAction\":[{\"@type\":\"SearchAction\",\"target\":{\"@type\":\"EntryPoint\",\"urlTemplate\":\"https:\/\/ubanews.com\/site\/?s={search_term_string}\"},\"query-input\":{\"@type\":\"PropertyValueSpecification\",\"valueRequired\":true,\"valueName\":\"search_term_string\"}}],\"inLanguage\":\"pt-BR\"},{\"@type\":\"Organization\",\"@id\":\"https:\/\/ubanews.com\/site\/#organization\",\"name\":\"Ub\u00e1 News\",\"url\":\"https:\/\/ubanews.com\/site\/\",\"logo\":{\"@type\":\"ImageObject\",\"inLanguage\":\"pt-BR\",\"@id\":\"https:\/\/ubanews.com\/site\/#\/schema\/logo\/image\/\",\"url\":\"https:\/\/ubanews.com\/site\/wp-content\/uploads\/2018\/01\/logoubanews.png\",\"contentUrl\":\"https:\/\/ubanews.com\/site\/wp-content\/uploads\/2018\/01\/logoubanews.png\",\"width\":261,\"height\":99,\"caption\":\"Ub\u00e1 News\"},\"image\":{\"@id\":\"https:\/\/ubanews.com\/site\/#\/schema\/logo\/image\/\"},\"sameAs\":[\"https:\/\/www.facebook.com\/Ub\u00e1News-Carlos-Roberto-Sodr\u00e9-418778301977370\"]},{\"@type\":\"Person\",\"@id\":\"https:\/\/ubanews.com\/site\/#\/schema\/person\/d90c9e47252fbb63dcc969fe4c8b9d10\",\"name\":\"Sodr\u00e9\",\"image\":{\"@type\":\"ImageObject\",\"inLanguage\":\"pt-BR\",\"@id\":\"https:\/\/secure.gravatar.com\/avatar\/5ba2793f0590b9dbfad3fdec4ee714485b3eef211c9b32ee53d414060454a56c?s=96&d=mm&r=g\",\"url\":\"https:\/\/secure.gravatar.com\/avatar\/5ba2793f0590b9dbfad3fdec4ee714485b3eef211c9b32ee53d414060454a56c?s=96&d=mm&r=g\",\"contentUrl\":\"https:\/\/secure.gravatar.com\/avatar\/5ba2793f0590b9dbfad3fdec4ee714485b3eef211c9b32ee53d414060454a56c?s=96&d=mm&r=g\",\"caption\":\"Sodr\u00e9\"},\"sameAs\":[\"https:\/\/www.facebook.com\/carosroberto.sodre.5\/\"],\"url\":\"https:\/\/ubanews.com\/site\/author\/felipe\/\"}]}<\/script>\n<!-- \/ Yoast SEO plugin. -->","yoast_head_json":{"title":"FALTAM S\u00d3 DEZ PARA O CENTEN\u00c1RIO DA ESCOLA ESTADUAL RAUL SOARES - Ub\u00e1 News","robots":{"index":"index","follow":"follow","max-snippet":"max-snippet:-1","max-image-preview":"max-image-preview:large","max-video-preview":"max-video-preview:-1"},"canonical":"https:\/\/ubanews.com\/site\/2018\/08\/11\/faltam-so-dez-para-o-centenario-da-escola-estadual-raul-soares\/","og_locale":"pt_BR","og_type":"article","og_title":"FALTAM S\u00d3 DEZ PARA O CENTEN\u00c1RIO DA ESCOLA ESTADUAL RAUL SOARES - Ub\u00e1 News","og_description":"\u00c9 dif\u00edcil medir a import\u00e2ncia da Escola Estadual Raul Soares","og_url":"https:\/\/ubanews.com\/site\/2018\/08\/11\/faltam-so-dez-para-o-centenario-da-escola-estadual-raul-soares\/","og_site_name":"Ub\u00e1 News","article_publisher":"https:\/\/www.facebook.com\/Ub%c3%a1News-Carlos-Roberto-Sodr%c3%a9-418778301977370","article_author":"https:\/\/www.facebook.com\/carosroberto.sodre.5\/","article_published_time":"2018-08-11T08:45:26+00:00","og_image":[{"width":800,"height":389,"url":"https:\/\/ubanews.com\/site\/wp-content\/uploads\/2018\/07\/DSC_0444-Capa.jpg","type":"image\/jpeg"}],"author":"Sodr\u00e9","twitter_card":"summary_large_image","twitter_misc":{"Escrito por":"Sodr\u00e9","Est. tempo de leitura":"3 minutos"},"schema":{"@context":"https:\/\/schema.org","@graph":[{"@type":"Article","@id":"https:\/\/ubanews.com\/site\/2018\/08\/11\/faltam-so-dez-para-o-centenario-da-escola-estadual-raul-soares\/#article","isPartOf":{"@id":"https:\/\/ubanews.com\/site\/2018\/08\/11\/faltam-so-dez-para-o-centenario-da-escola-estadual-raul-soares\/"},"author":{"name":"Sodr\u00e9","@id":"https:\/\/ubanews.com\/site\/#\/schema\/person\/d90c9e47252fbb63dcc969fe4c8b9d10"},"headline":"FALTAM S\u00d3 DEZ PARA O CENTEN\u00c1RIO DA ESCOLA ESTADUAL RAUL SOARES","datePublished":"2018-08-11T08:45:26+00:00","mainEntityOfPage":{"@id":"https:\/\/ubanews.com\/site\/2018\/08\/11\/faltam-so-dez-para-o-centenario-da-escola-estadual-raul-soares\/"},"wordCount":518,"commentCount":0,"publisher":{"@id":"https:\/\/ubanews.com\/site\/#organization"},"image":{"@id":"https:\/\/ubanews.com\/site\/2018\/08\/11\/faltam-so-dez-para-o-centenario-da-escola-estadual-raul-soares\/#primaryimage"},"thumbnailUrl":"https:\/\/ubanews.com\/site\/wp-content\/uploads\/2018\/07\/DSC_0444-Capa.jpg","articleSection":["Geral"],"inLanguage":"pt-BR","potentialAction":[{"@type":"CommentAction","name":"Comment","target":["https:\/\/ubanews.com\/site\/2018\/08\/11\/faltam-so-dez-para-o-centenario-da-escola-estadual-raul-soares\/#respond"]}]},{"@type":"WebPage","@id":"https:\/\/ubanews.com\/site\/2018\/08\/11\/faltam-so-dez-para-o-centenario-da-escola-estadual-raul-soares\/","url":"https:\/\/ubanews.com\/site\/2018\/08\/11\/faltam-so-dez-para-o-centenario-da-escola-estadual-raul-soares\/","name":"FALTAM S\u00d3 DEZ PARA O CENTEN\u00c1RIO DA ESCOLA ESTADUAL RAUL SOARES - Ub\u00e1 News","isPartOf":{"@id":"https:\/\/ubanews.com\/site\/#website"},"primaryImageOfPage":{"@id":"https:\/\/ubanews.com\/site\/2018\/08\/11\/faltam-so-dez-para-o-centenario-da-escola-estadual-raul-soares\/#primaryimage"},"image":{"@id":"https:\/\/ubanews.com\/site\/2018\/08\/11\/faltam-so-dez-para-o-centenario-da-escola-estadual-raul-soares\/#primaryimage"},"thumbnailUrl":"https:\/\/ubanews.com\/site\/wp-content\/uploads\/2018\/07\/DSC_0444-Capa.jpg","datePublished":"2018-08-11T08:45:26+00:00","breadcrumb":{"@id":"https:\/\/ubanews.com\/site\/2018\/08\/11\/faltam-so-dez-para-o-centenario-da-escola-estadual-raul-soares\/#breadcrumb"},"inLanguage":"pt-BR","potentialAction":[{"@type":"ReadAction","target":["https:\/\/ubanews.com\/site\/2018\/08\/11\/faltam-so-dez-para-o-centenario-da-escola-estadual-raul-soares\/"]}]},{"@type":"ImageObject","inLanguage":"pt-BR","@id":"https:\/\/ubanews.com\/site\/2018\/08\/11\/faltam-so-dez-para-o-centenario-da-escola-estadual-raul-soares\/#primaryimage","url":"https:\/\/ubanews.com\/site\/wp-content\/uploads\/2018\/07\/DSC_0444-Capa.jpg","contentUrl":"https:\/\/ubanews.com\/site\/wp-content\/uploads\/2018\/07\/DSC_0444-Capa.jpg","width":800,"height":389},{"@type":"BreadcrumbList","@id":"https:\/\/ubanews.com\/site\/2018\/08\/11\/faltam-so-dez-para-o-centenario-da-escola-estadual-raul-soares\/#breadcrumb","itemListElement":[{"@type":"ListItem","position":1,"name":"Home","item":"https:\/\/ubanews.com\/site\/"},{"@type":"ListItem","position":2,"name":"FALTAM S\u00d3 DEZ PARA O CENTEN\u00c1RIO DA ESCOLA ESTADUAL RAUL SOARES"}]},{"@type":"WebSite","@id":"https:\/\/ubanews.com\/site\/#website","url":"https:\/\/ubanews.com\/site\/","name":"Ub\u00e1 News","description":"","publisher":{"@id":"https:\/\/ubanews.com\/site\/#organization"},"potentialAction":[{"@type":"SearchAction","target":{"@type":"EntryPoint","urlTemplate":"https:\/\/ubanews.com\/site\/?s={search_term_string}"},"query-input":{"@type":"PropertyValueSpecification","valueRequired":true,"valueName":"search_term_string"}}],"inLanguage":"pt-BR"},{"@type":"Organization","@id":"https:\/\/ubanews.com\/site\/#organization","name":"Ub\u00e1 News","url":"https:\/\/ubanews.com\/site\/","logo":{"@type":"ImageObject","inLanguage":"pt-BR","@id":"https:\/\/ubanews.com\/site\/#\/schema\/logo\/image\/","url":"https:\/\/ubanews.com\/site\/wp-content\/uploads\/2018\/01\/logoubanews.png","contentUrl":"https:\/\/ubanews.com\/site\/wp-content\/uploads\/2018\/01\/logoubanews.png","width":261,"height":99,"caption":"Ub\u00e1 News"},"image":{"@id":"https:\/\/ubanews.com\/site\/#\/schema\/logo\/image\/"},"sameAs":["https:\/\/www.facebook.com\/Ub\u00e1News-Carlos-Roberto-Sodr\u00e9-418778301977370"]},{"@type":"Person","@id":"https:\/\/ubanews.com\/site\/#\/schema\/person\/d90c9e47252fbb63dcc969fe4c8b9d10","name":"Sodr\u00e9","image":{"@type":"ImageObject","inLanguage":"pt-BR","@id":"https:\/\/secure.gravatar.com\/avatar\/5ba2793f0590b9dbfad3fdec4ee714485b3eef211c9b32ee53d414060454a56c?s=96&d=mm&r=g","url":"https:\/\/secure.gravatar.com\/avatar\/5ba2793f0590b9dbfad3fdec4ee714485b3eef211c9b32ee53d414060454a56c?s=96&d=mm&r=g","contentUrl":"https:\/\/secure.gravatar.com\/avatar\/5ba2793f0590b9dbfad3fdec4ee714485b3eef211c9b32ee53d414060454a56c?s=96&d=mm&r=g","caption":"Sodr\u00e9"},"sameAs":["https:\/\/www.facebook.com\/carosroberto.sodre.5\/"],"url":"https:\/\/ubanews.com\/site\/author\/felipe\/"}]}},"_links":{"self":[{"href":"https:\/\/ubanews.com\/site\/wp-json\/wp\/v2\/posts\/6397","targetHints":{"allow":["GET"]}}],"collection":[{"href":"https:\/\/ubanews.com\/site\/wp-json\/wp\/v2\/posts"}],"about":[{"href":"https:\/\/ubanews.com\/site\/wp-json\/wp\/v2\/types\/post"}],"author":[{"embeddable":true,"href":"https:\/\/ubanews.com\/site\/wp-json\/wp\/v2\/users\/2"}],"replies":[{"embeddable":true,"href":"https:\/\/ubanews.com\/site\/wp-json\/wp\/v2\/comments?post=6397"}],"version-history":[{"count":0,"href":"https:\/\/ubanews.com\/site\/wp-json\/wp\/v2\/posts\/6397\/revisions"}],"wp:featuredmedia":[{"embeddable":true,"href":"https:\/\/ubanews.com\/site\/wp-json\/wp\/v2\/media\/5481"}],"wp:attachment":[{"href":"https:\/\/ubanews.com\/site\/wp-json\/wp\/v2\/media?parent=6397"}],"wp:term":[{"taxonomy":"category","embeddable":true,"href":"https:\/\/ubanews.com\/site\/wp-json\/wp\/v2\/categories?post=6397"},{"taxonomy":"post_tag","embeddable":true,"href":"https:\/\/ubanews.com\/site\/wp-json\/wp\/v2\/tags?post=6397"}],"curies":[{"name":"wp","href":"https:\/\/api.w.org\/{rel}","templated":true}]}}