{"id":6265,"date":"2018-08-09T08:51:08","date_gmt":"2018-08-09T11:51:08","guid":{"rendered":"http:\/\/ubanews.com\/site\/?p=6265"},"modified":"2018-08-20T10:02:12","modified_gmt":"2018-08-20T13:02:12","slug":"coordenador-geral-do-grupo-asas-agradece-pelo-apoio-de-todos-e-pede-foco-e-determinacao","status":"publish","type":"post","link":"https:\/\/ubanews.com\/site\/2018\/08\/09\/coordenador-geral-do-grupo-asas-agradece-pelo-apoio-de-todos-e-pede-foco-e-determinacao\/","title":{"rendered":"COORDENADOR GERAL DO GRUPO ASAS AGRADECE PELO APOIO DE TODOS E PEDE FOCO E DETERMINA\u00c7\u00c3O"},"content":{"rendered":"<p>No Grupo Asas (Amigos Sempre Amigos) n\u00e3o tem um chefe ou algu\u00e9m que manda, por\u00e9m entre os membros tem uma pessoa que goza do respeito e admira\u00e7\u00e3o de todos. Trata-se de J\u00falio C\u00e9zar Rocha da Silva. A voz desse homem ecoa entre todos, passando pelos t\u00edmpanos, percorrendo nos cora\u00e7\u00f5es de maneira leve e suave, chegando ao ponto de ningu\u00e9m questionar uma s\u00f3 sugest\u00e3o ou opini\u00e3o que venha desse abnegado pelo pr\u00f3ximo, por Ub\u00e1 e por sua comunidade. Chega a impressionar sua dedica\u00e7\u00e3o. Importante ressaltar que todas as suas opini\u00f5es chegam naturalmente, nunca de maneira coercitiva. Sem nenhuma pretens\u00e3o pol\u00edtica partid\u00e1ria, J\u00falio \u00e9 um desses caras que todos tiram o chap\u00e9u! Antes da cerim\u00f4nia de comemora\u00e7\u00e3o de anivers\u00e1rio do Asas, o coordenador geral conversou com a nossa reportagem!<\/p>\n<p><iframe data-src=\"https:\/\/www.youtube.com\/embed\/Lnsohimc0Yc\" width=\"560\" height=\"315\" frameborder=\"0\" allowfullscreen=\"allowfullscreen\" src=\"data:image\/svg+xml;base64,PHN2ZyB3aWR0aD0iMSIgaGVpZ2h0PSIxIiB4bWxucz0iaHR0cDovL3d3dy53My5vcmcvMjAwMC9zdmciPjwvc3ZnPg==\" class=\"lazyload\" data-load-mode=\"1\"><\/iframe>&nbsp;<\/p>\n","protected":false},"excerpt":{"rendered":"<p>No Grupo Asas (Amigos Sempre Amigos) n\u00e3o tem um chefe<\/p>\n","protected":false},"author":2,"featured_media":6266,"comment_status":"open","ping_status":"open","sticky":false,"template":"","format":"standard","meta":{"footnotes":""},"categories":[1],"tags":[],"class_list":["post-6265","post","type-post","status-publish","format-standard","has-post-thumbnail","hentry","category-sem-categoria"],"yoast_head":"<!-- This site is optimized with the Yoast SEO plugin v27.2 - https:\/\/yoast.com\/product\/yoast-seo-wordpress\/ -->\n<title>COORDENADOR GERAL DO GRUPO ASAS AGRADECE PELO APOIO DE TODOS E PEDE FOCO E DETERMINA\u00c7\u00c3O - Ub\u00e1 News<\/title>\n<meta name=\"robots\" content=\"index, follow, max-snippet:-1, max-image-preview:large, max-video-preview:-1\" \/>\n<link rel=\"canonical\" href=\"https:\/\/ubanews.com\/site\/2018\/08\/09\/coordenador-geral-do-grupo-asas-agradece-pelo-apoio-de-todos-e-pede-foco-e-determinacao\/\" \/>\n<meta property=\"og:locale\" content=\"pt_BR\" \/>\n<meta property=\"og:type\" content=\"article\" \/>\n<meta property=\"og:title\" content=\"COORDENADOR GERAL DO GRUPO ASAS AGRADECE PELO APOIO DE TODOS E PEDE FOCO E DETERMINA\u00c7\u00c3O - Ub\u00e1 News\" \/>\n<meta property=\"og:description\" content=\"No Grupo Asas (Amigos Sempre Amigos) n\u00e3o tem um chefe\" \/>\n<meta property=\"og:url\" content=\"https:\/\/ubanews.com\/site\/2018\/08\/09\/coordenador-geral-do-grupo-asas-agradece-pelo-apoio-de-todos-e-pede-foco-e-determinacao\/\" \/>\n<meta property=\"og:site_name\" content=\"Ub\u00e1 News\" \/>\n<meta property=\"article:publisher\" content=\"https:\/\/www.facebook.com\/Ub%c3%a1News-Carlos-Roberto-Sodr%c3%a9-418778301977370\" \/>\n<meta property=\"article:author\" content=\"https:\/\/www.facebook.com\/carosroberto.sodre.5\/\" \/>\n<meta property=\"article:published_time\" content=\"2018-08-09T11:51:08+00:00\" \/>\n<meta property=\"article:modified_time\" content=\"2018-08-20T13:02:12+00:00\" \/>\n<meta property=\"og:image\" content=\"https:\/\/ubanews.com\/site\/wp-content\/uploads\/2018\/08\/006.jpg\" \/>\n\t<meta property=\"og:image:width\" content=\"800\" \/>\n\t<meta property=\"og:image:height\" content=\"389\" \/>\n\t<meta property=\"og:image:type\" content=\"image\/jpeg\" \/>\n<meta name=\"author\" content=\"Sodr\u00e9\" \/>\n<meta name=\"twitter:card\" content=\"summary_large_image\" \/>\n<meta name=\"twitter:label1\" content=\"Escrito por\" \/>\n\t<meta name=\"twitter:data1\" content=\"Sodr\u00e9\" \/>\n\t<meta name=\"twitter:label2\" content=\"Est. tempo de leitura\" \/>\n\t<meta name=\"twitter:data2\" content=\"1 minuto\" \/>\n<script type=\"application\/ld+json\" class=\"yoast-schema-graph\">{\"@context\":\"https:\/\/schema.org\",\"@graph\":[{\"@type\":\"Article\",\"@id\":\"https:\/\/ubanews.com\/site\/2018\/08\/09\/coordenador-geral-do-grupo-asas-agradece-pelo-apoio-de-todos-e-pede-foco-e-determinacao\/#article\",\"isPartOf\":{\"@id\":\"https:\/\/ubanews.com\/site\/2018\/08\/09\/coordenador-geral-do-grupo-asas-agradece-pelo-apoio-de-todos-e-pede-foco-e-determinacao\/\"},\"author\":{\"name\":\"Sodr\u00e9\",\"@id\":\"https:\/\/ubanews.com\/site\/#\/schema\/person\/d90c9e47252fbb63dcc969fe4c8b9d10\"},\"headline\":\"COORDENADOR GERAL DO GRUPO ASAS AGRADECE PELO APOIO DE TODOS E PEDE FOCO E DETERMINA\u00c7\u00c3O\",\"datePublished\":\"2018-08-09T11:51:08+00:00\",\"dateModified\":\"2018-08-20T13:02:12+00:00\",\"mainEntityOfPage\":{\"@id\":\"https:\/\/ubanews.com\/site\/2018\/08\/09\/coordenador-geral-do-grupo-asas-agradece-pelo-apoio-de-todos-e-pede-foco-e-determinacao\/\"},\"wordCount\":165,\"commentCount\":0,\"publisher\":{\"@id\":\"https:\/\/ubanews.com\/site\/#organization\"},\"image\":{\"@id\":\"https:\/\/ubanews.com\/site\/2018\/08\/09\/coordenador-geral-do-grupo-asas-agradece-pelo-apoio-de-todos-e-pede-foco-e-determinacao\/#primaryimage\"},\"thumbnailUrl\":\"https:\/\/ubanews.com\/site\/wp-content\/uploads\/2018\/08\/006.jpg\",\"articleSection\":[\"Geral\"],\"inLanguage\":\"pt-BR\",\"potentialAction\":[{\"@type\":\"CommentAction\",\"name\":\"Comment\",\"target\":[\"https:\/\/ubanews.com\/site\/2018\/08\/09\/coordenador-geral-do-grupo-asas-agradece-pelo-apoio-de-todos-e-pede-foco-e-determinacao\/#respond\"]}]},{\"@type\":\"WebPage\",\"@id\":\"https:\/\/ubanews.com\/site\/2018\/08\/09\/coordenador-geral-do-grupo-asas-agradece-pelo-apoio-de-todos-e-pede-foco-e-determinacao\/\",\"url\":\"https:\/\/ubanews.com\/site\/2018\/08\/09\/coordenador-geral-do-grupo-asas-agradece-pelo-apoio-de-todos-e-pede-foco-e-determinacao\/\",\"name\":\"COORDENADOR GERAL DO GRUPO ASAS AGRADECE PELO APOIO DE TODOS E PEDE FOCO E DETERMINA\u00c7\u00c3O - Ub\u00e1 News\",\"isPartOf\":{\"@id\":\"https:\/\/ubanews.com\/site\/#website\"},\"primaryImageOfPage\":{\"@id\":\"https:\/\/ubanews.com\/site\/2018\/08\/09\/coordenador-geral-do-grupo-asas-agradece-pelo-apoio-de-todos-e-pede-foco-e-determinacao\/#primaryimage\"},\"image\":{\"@id\":\"https:\/\/ubanews.com\/site\/2018\/08\/09\/coordenador-geral-do-grupo-asas-agradece-pelo-apoio-de-todos-e-pede-foco-e-determinacao\/#primaryimage\"},\"thumbnailUrl\":\"https:\/\/ubanews.com\/site\/wp-content\/uploads\/2018\/08\/006.jpg\",\"datePublished\":\"2018-08-09T11:51:08+00:00\",\"dateModified\":\"2018-08-20T13:02:12+00:00\",\"breadcrumb\":{\"@id\":\"https:\/\/ubanews.com\/site\/2018\/08\/09\/coordenador-geral-do-grupo-asas-agradece-pelo-apoio-de-todos-e-pede-foco-e-determinacao\/#breadcrumb\"},\"inLanguage\":\"pt-BR\",\"potentialAction\":[{\"@type\":\"ReadAction\",\"target\":[\"https:\/\/ubanews.com\/site\/2018\/08\/09\/coordenador-geral-do-grupo-asas-agradece-pelo-apoio-de-todos-e-pede-foco-e-determinacao\/\"]}]},{\"@type\":\"ImageObject\",\"inLanguage\":\"pt-BR\",\"@id\":\"https:\/\/ubanews.com\/site\/2018\/08\/09\/coordenador-geral-do-grupo-asas-agradece-pelo-apoio-de-todos-e-pede-foco-e-determinacao\/#primaryimage\",\"url\":\"https:\/\/ubanews.com\/site\/wp-content\/uploads\/2018\/08\/006.jpg\",\"contentUrl\":\"https:\/\/ubanews.com\/site\/wp-content\/uploads\/2018\/08\/006.jpg\",\"width\":800,\"height\":389},{\"@type\":\"BreadcrumbList\",\"@id\":\"https:\/\/ubanews.com\/site\/2018\/08\/09\/coordenador-geral-do-grupo-asas-agradece-pelo-apoio-de-todos-e-pede-foco-e-determinacao\/#breadcrumb\",\"itemListElement\":[{\"@type\":\"ListItem\",\"position\":1,\"name\":\"Home\",\"item\":\"https:\/\/ubanews.com\/site\/\"},{\"@type\":\"ListItem\",\"position\":2,\"name\":\"COORDENADOR GERAL DO GRUPO ASAS AGRADECE PELO APOIO DE TODOS E PEDE FOCO E DETERMINA\u00c7\u00c3O\"}]},{\"@type\":\"WebSite\",\"@id\":\"https:\/\/ubanews.com\/site\/#website\",\"url\":\"https:\/\/ubanews.com\/site\/\",\"name\":\"Ub\u00e1 News\",\"description\":\"\",\"publisher\":{\"@id\":\"https:\/\/ubanews.com\/site\/#organization\"},\"potentialAction\":[{\"@type\":\"SearchAction\",\"target\":{\"@type\":\"EntryPoint\",\"urlTemplate\":\"https:\/\/ubanews.com\/site\/?s={search_term_string}\"},\"query-input\":{\"@type\":\"PropertyValueSpecification\",\"valueRequired\":true,\"valueName\":\"search_term_string\"}}],\"inLanguage\":\"pt-BR\"},{\"@type\":\"Organization\",\"@id\":\"https:\/\/ubanews.com\/site\/#organization\",\"name\":\"Ub\u00e1 News\",\"url\":\"https:\/\/ubanews.com\/site\/\",\"logo\":{\"@type\":\"ImageObject\",\"inLanguage\":\"pt-BR\",\"@id\":\"https:\/\/ubanews.com\/site\/#\/schema\/logo\/image\/\",\"url\":\"https:\/\/ubanews.com\/site\/wp-content\/uploads\/2018\/01\/logoubanews.png\",\"contentUrl\":\"https:\/\/ubanews.com\/site\/wp-content\/uploads\/2018\/01\/logoubanews.png\",\"width\":261,\"height\":99,\"caption\":\"Ub\u00e1 News\"},\"image\":{\"@id\":\"https:\/\/ubanews.com\/site\/#\/schema\/logo\/image\/\"},\"sameAs\":[\"https:\/\/www.facebook.com\/Ub\u00e1News-Carlos-Roberto-Sodr\u00e9-418778301977370\"]},{\"@type\":\"Person\",\"@id\":\"https:\/\/ubanews.com\/site\/#\/schema\/person\/d90c9e47252fbb63dcc969fe4c8b9d10\",\"name\":\"Sodr\u00e9\",\"image\":{\"@type\":\"ImageObject\",\"inLanguage\":\"pt-BR\",\"@id\":\"https:\/\/secure.gravatar.com\/avatar\/5ba2793f0590b9dbfad3fdec4ee714485b3eef211c9b32ee53d414060454a56c?s=96&d=mm&r=g\",\"url\":\"https:\/\/secure.gravatar.com\/avatar\/5ba2793f0590b9dbfad3fdec4ee714485b3eef211c9b32ee53d414060454a56c?s=96&d=mm&r=g\",\"contentUrl\":\"https:\/\/secure.gravatar.com\/avatar\/5ba2793f0590b9dbfad3fdec4ee714485b3eef211c9b32ee53d414060454a56c?s=96&d=mm&r=g\",\"caption\":\"Sodr\u00e9\"},\"sameAs\":[\"https:\/\/www.facebook.com\/carosroberto.sodre.5\/\"],\"url\":\"https:\/\/ubanews.com\/site\/author\/felipe\/\"}]}<\/script>\n<!-- \/ Yoast SEO plugin. -->","yoast_head_json":{"title":"COORDENADOR GERAL DO GRUPO ASAS AGRADECE PELO APOIO DE TODOS E PEDE FOCO E DETERMINA\u00c7\u00c3O - Ub\u00e1 News","robots":{"index":"index","follow":"follow","max-snippet":"max-snippet:-1","max-image-preview":"max-image-preview:large","max-video-preview":"max-video-preview:-1"},"canonical":"https:\/\/ubanews.com\/site\/2018\/08\/09\/coordenador-geral-do-grupo-asas-agradece-pelo-apoio-de-todos-e-pede-foco-e-determinacao\/","og_locale":"pt_BR","og_type":"article","og_title":"COORDENADOR GERAL DO GRUPO ASAS AGRADECE PELO APOIO DE TODOS E PEDE FOCO E DETERMINA\u00c7\u00c3O - Ub\u00e1 News","og_description":"No Grupo Asas (Amigos Sempre Amigos) n\u00e3o tem um chefe","og_url":"https:\/\/ubanews.com\/site\/2018\/08\/09\/coordenador-geral-do-grupo-asas-agradece-pelo-apoio-de-todos-e-pede-foco-e-determinacao\/","og_site_name":"Ub\u00e1 News","article_publisher":"https:\/\/www.facebook.com\/Ub%c3%a1News-Carlos-Roberto-Sodr%c3%a9-418778301977370","article_author":"https:\/\/www.facebook.com\/carosroberto.sodre.5\/","article_published_time":"2018-08-09T11:51:08+00:00","article_modified_time":"2018-08-20T13:02:12+00:00","og_image":[{"width":800,"height":389,"url":"https:\/\/ubanews.com\/site\/wp-content\/uploads\/2018\/08\/006.jpg","type":"image\/jpeg"}],"author":"Sodr\u00e9","twitter_card":"summary_large_image","twitter_misc":{"Escrito por":"Sodr\u00e9","Est. tempo de leitura":"1 minuto"},"schema":{"@context":"https:\/\/schema.org","@graph":[{"@type":"Article","@id":"https:\/\/ubanews.com\/site\/2018\/08\/09\/coordenador-geral-do-grupo-asas-agradece-pelo-apoio-de-todos-e-pede-foco-e-determinacao\/#article","isPartOf":{"@id":"https:\/\/ubanews.com\/site\/2018\/08\/09\/coordenador-geral-do-grupo-asas-agradece-pelo-apoio-de-todos-e-pede-foco-e-determinacao\/"},"author":{"name":"Sodr\u00e9","@id":"https:\/\/ubanews.com\/site\/#\/schema\/person\/d90c9e47252fbb63dcc969fe4c8b9d10"},"headline":"COORDENADOR GERAL DO GRUPO ASAS AGRADECE PELO APOIO DE TODOS E PEDE FOCO E DETERMINA\u00c7\u00c3O","datePublished":"2018-08-09T11:51:08+00:00","dateModified":"2018-08-20T13:02:12+00:00","mainEntityOfPage":{"@id":"https:\/\/ubanews.com\/site\/2018\/08\/09\/coordenador-geral-do-grupo-asas-agradece-pelo-apoio-de-todos-e-pede-foco-e-determinacao\/"},"wordCount":165,"commentCount":0,"publisher":{"@id":"https:\/\/ubanews.com\/site\/#organization"},"image":{"@id":"https:\/\/ubanews.com\/site\/2018\/08\/09\/coordenador-geral-do-grupo-asas-agradece-pelo-apoio-de-todos-e-pede-foco-e-determinacao\/#primaryimage"},"thumbnailUrl":"https:\/\/ubanews.com\/site\/wp-content\/uploads\/2018\/08\/006.jpg","articleSection":["Geral"],"inLanguage":"pt-BR","potentialAction":[{"@type":"CommentAction","name":"Comment","target":["https:\/\/ubanews.com\/site\/2018\/08\/09\/coordenador-geral-do-grupo-asas-agradece-pelo-apoio-de-todos-e-pede-foco-e-determinacao\/#respond"]}]},{"@type":"WebPage","@id":"https:\/\/ubanews.com\/site\/2018\/08\/09\/coordenador-geral-do-grupo-asas-agradece-pelo-apoio-de-todos-e-pede-foco-e-determinacao\/","url":"https:\/\/ubanews.com\/site\/2018\/08\/09\/coordenador-geral-do-grupo-asas-agradece-pelo-apoio-de-todos-e-pede-foco-e-determinacao\/","name":"COORDENADOR GERAL DO GRUPO ASAS AGRADECE PELO APOIO DE TODOS E PEDE FOCO E DETERMINA\u00c7\u00c3O - Ub\u00e1 News","isPartOf":{"@id":"https:\/\/ubanews.com\/site\/#website"},"primaryImageOfPage":{"@id":"https:\/\/ubanews.com\/site\/2018\/08\/09\/coordenador-geral-do-grupo-asas-agradece-pelo-apoio-de-todos-e-pede-foco-e-determinacao\/#primaryimage"},"image":{"@id":"https:\/\/ubanews.com\/site\/2018\/08\/09\/coordenador-geral-do-grupo-asas-agradece-pelo-apoio-de-todos-e-pede-foco-e-determinacao\/#primaryimage"},"thumbnailUrl":"https:\/\/ubanews.com\/site\/wp-content\/uploads\/2018\/08\/006.jpg","datePublished":"2018-08-09T11:51:08+00:00","dateModified":"2018-08-20T13:02:12+00:00","breadcrumb":{"@id":"https:\/\/ubanews.com\/site\/2018\/08\/09\/coordenador-geral-do-grupo-asas-agradece-pelo-apoio-de-todos-e-pede-foco-e-determinacao\/#breadcrumb"},"inLanguage":"pt-BR","potentialAction":[{"@type":"ReadAction","target":["https:\/\/ubanews.com\/site\/2018\/08\/09\/coordenador-geral-do-grupo-asas-agradece-pelo-apoio-de-todos-e-pede-foco-e-determinacao\/"]}]},{"@type":"ImageObject","inLanguage":"pt-BR","@id":"https:\/\/ubanews.com\/site\/2018\/08\/09\/coordenador-geral-do-grupo-asas-agradece-pelo-apoio-de-todos-e-pede-foco-e-determinacao\/#primaryimage","url":"https:\/\/ubanews.com\/site\/wp-content\/uploads\/2018\/08\/006.jpg","contentUrl":"https:\/\/ubanews.com\/site\/wp-content\/uploads\/2018\/08\/006.jpg","width":800,"height":389},{"@type":"BreadcrumbList","@id":"https:\/\/ubanews.com\/site\/2018\/08\/09\/coordenador-geral-do-grupo-asas-agradece-pelo-apoio-de-todos-e-pede-foco-e-determinacao\/#breadcrumb","itemListElement":[{"@type":"ListItem","position":1,"name":"Home","item":"https:\/\/ubanews.com\/site\/"},{"@type":"ListItem","position":2,"name":"COORDENADOR GERAL DO GRUPO ASAS AGRADECE PELO APOIO DE TODOS E PEDE FOCO E DETERMINA\u00c7\u00c3O"}]},{"@type":"WebSite","@id":"https:\/\/ubanews.com\/site\/#website","url":"https:\/\/ubanews.com\/site\/","name":"Ub\u00e1 News","description":"","publisher":{"@id":"https:\/\/ubanews.com\/site\/#organization"},"potentialAction":[{"@type":"SearchAction","target":{"@type":"EntryPoint","urlTemplate":"https:\/\/ubanews.com\/site\/?s={search_term_string}"},"query-input":{"@type":"PropertyValueSpecification","valueRequired":true,"valueName":"search_term_string"}}],"inLanguage":"pt-BR"},{"@type":"Organization","@id":"https:\/\/ubanews.com\/site\/#organization","name":"Ub\u00e1 News","url":"https:\/\/ubanews.com\/site\/","logo":{"@type":"ImageObject","inLanguage":"pt-BR","@id":"https:\/\/ubanews.com\/site\/#\/schema\/logo\/image\/","url":"https:\/\/ubanews.com\/site\/wp-content\/uploads\/2018\/01\/logoubanews.png","contentUrl":"https:\/\/ubanews.com\/site\/wp-content\/uploads\/2018\/01\/logoubanews.png","width":261,"height":99,"caption":"Ub\u00e1 News"},"image":{"@id":"https:\/\/ubanews.com\/site\/#\/schema\/logo\/image\/"},"sameAs":["https:\/\/www.facebook.com\/Ub\u00e1News-Carlos-Roberto-Sodr\u00e9-418778301977370"]},{"@type":"Person","@id":"https:\/\/ubanews.com\/site\/#\/schema\/person\/d90c9e47252fbb63dcc969fe4c8b9d10","name":"Sodr\u00e9","image":{"@type":"ImageObject","inLanguage":"pt-BR","@id":"https:\/\/secure.gravatar.com\/avatar\/5ba2793f0590b9dbfad3fdec4ee714485b3eef211c9b32ee53d414060454a56c?s=96&d=mm&r=g","url":"https:\/\/secure.gravatar.com\/avatar\/5ba2793f0590b9dbfad3fdec4ee714485b3eef211c9b32ee53d414060454a56c?s=96&d=mm&r=g","contentUrl":"https:\/\/secure.gravatar.com\/avatar\/5ba2793f0590b9dbfad3fdec4ee714485b3eef211c9b32ee53d414060454a56c?s=96&d=mm&r=g","caption":"Sodr\u00e9"},"sameAs":["https:\/\/www.facebook.com\/carosroberto.sodre.5\/"],"url":"https:\/\/ubanews.com\/site\/author\/felipe\/"}]}},"_links":{"self":[{"href":"https:\/\/ubanews.com\/site\/wp-json\/wp\/v2\/posts\/6265","targetHints":{"allow":["GET"]}}],"collection":[{"href":"https:\/\/ubanews.com\/site\/wp-json\/wp\/v2\/posts"}],"about":[{"href":"https:\/\/ubanews.com\/site\/wp-json\/wp\/v2\/types\/post"}],"author":[{"embeddable":true,"href":"https:\/\/ubanews.com\/site\/wp-json\/wp\/v2\/users\/2"}],"replies":[{"embeddable":true,"href":"https:\/\/ubanews.com\/site\/wp-json\/wp\/v2\/comments?post=6265"}],"version-history":[{"count":0,"href":"https:\/\/ubanews.com\/site\/wp-json\/wp\/v2\/posts\/6265\/revisions"}],"wp:featuredmedia":[{"embeddable":true,"href":"https:\/\/ubanews.com\/site\/wp-json\/wp\/v2\/media\/6266"}],"wp:attachment":[{"href":"https:\/\/ubanews.com\/site\/wp-json\/wp\/v2\/media?parent=6265"}],"wp:term":[{"taxonomy":"category","embeddable":true,"href":"https:\/\/ubanews.com\/site\/wp-json\/wp\/v2\/categories?post=6265"},{"taxonomy":"post_tag","embeddable":true,"href":"https:\/\/ubanews.com\/site\/wp-json\/wp\/v2\/tags?post=6265"}],"curies":[{"name":"wp","href":"https:\/\/api.w.org\/{rel}","templated":true}]}}