{"id":6259,"date":"2018-08-09T08:43:11","date_gmt":"2018-08-09T11:43:11","guid":{"rendered":"http:\/\/ubanews.com\/site\/?p=6259"},"modified":"2018-08-20T10:02:07","modified_gmt":"2018-08-20T13:02:07","slug":"dependente-quimico-agradece-ao-asas-pela-oportunidade-de-poder-continuar-a-caminhada","status":"publish","type":"post","link":"https:\/\/ubanews.com\/site\/2018\/08\/09\/dependente-quimico-agradece-ao-asas-pela-oportunidade-de-poder-continuar-a-caminhada\/","title":{"rendered":"DEPENDENTE QU\u00cdMICO AGRADECE AO ASAS PELA OPORTUNIDADE DE PODER CONTINUAR A CAMINHADA"},"content":{"rendered":"<p>Chegou a arrancar as janelas da casa para trocar em drogas. Perdeu a fam\u00edlia e os amigos e quase a vida. A realidade de Gilberto Rodrigues Barbosa (38) n\u00e3o foi diferente de muitos milhares de dependentes qu\u00edmicos espalhados pelo mundo a fora. Ele reconhece que chegou ao fundo do po\u00e7o. Gilberto demonstra um carinho enorme pelo pai, senhor Luiz. Mas \u00e9 muito grato tamb\u00e9m a todos do Grupo Asas (Amigos Sempre Amigos). Uma vez dependente qu\u00edmico, sempre dependente qu\u00edmico! Gilberto recuperou tudo. A fam\u00edlia, os amigos, a autoestima, o trabalho, a vontade de viver. Gilberto est\u00e1 no sexto per\u00edodo de psicologia na Fagoc (Faculdade Governador Ozanam Coelho). Feliz e sorridente com a oportunidade que a vida lhe deu, Gilberto atendeu \u00e0 imprensa!<\/p>\n<p><iframe data-src=\"https:\/\/www.youtube.com\/embed\/1Q-Fge5WGs4\" width=\"560\" height=\"315\" frameborder=\"0\" allowfullscreen=\"allowfullscreen\" src=\"data:image\/svg+xml;base64,PHN2ZyB3aWR0aD0iMSIgaGVpZ2h0PSIxIiB4bWxucz0iaHR0cDovL3d3dy53My5vcmcvMjAwMC9zdmciPjwvc3ZnPg==\" class=\"lazyload\" data-load-mode=\"1\"><\/iframe>&nbsp;<\/p>\n","protected":false},"excerpt":{"rendered":"<p>Chegou a arrancar as janelas da casa para trocar em<\/p>\n","protected":false},"author":2,"featured_media":6263,"comment_status":"open","ping_status":"open","sticky":false,"template":"","format":"standard","meta":{"footnotes":""},"categories":[1],"tags":[],"class_list":["post-6259","post","type-post","status-publish","format-standard","has-post-thumbnail","hentry","category-sem-categoria"],"yoast_head":"<!-- This site is optimized with the Yoast SEO plugin v27.2 - https:\/\/yoast.com\/product\/yoast-seo-wordpress\/ -->\n<title>DEPENDENTE QU\u00cdMICO AGRADECE AO ASAS PELA OPORTUNIDADE DE PODER CONTINUAR A CAMINHADA - Ub\u00e1 News<\/title>\n<meta name=\"robots\" content=\"index, follow, max-snippet:-1, max-image-preview:large, max-video-preview:-1\" \/>\n<link rel=\"canonical\" href=\"https:\/\/ubanews.com\/site\/2018\/08\/09\/dependente-quimico-agradece-ao-asas-pela-oportunidade-de-poder-continuar-a-caminhada\/\" \/>\n<meta property=\"og:locale\" content=\"pt_BR\" \/>\n<meta property=\"og:type\" content=\"article\" \/>\n<meta property=\"og:title\" content=\"DEPENDENTE QU\u00cdMICO AGRADECE AO ASAS PELA OPORTUNIDADE DE PODER CONTINUAR A CAMINHADA - Ub\u00e1 News\" \/>\n<meta property=\"og:description\" content=\"Chegou a arrancar as janelas da casa para trocar em\" \/>\n<meta property=\"og:url\" content=\"https:\/\/ubanews.com\/site\/2018\/08\/09\/dependente-quimico-agradece-ao-asas-pela-oportunidade-de-poder-continuar-a-caminhada\/\" \/>\n<meta property=\"og:site_name\" content=\"Ub\u00e1 News\" \/>\n<meta property=\"article:publisher\" content=\"https:\/\/www.facebook.com\/Ub%c3%a1News-Carlos-Roberto-Sodr%c3%a9-418778301977370\" \/>\n<meta property=\"article:author\" content=\"https:\/\/www.facebook.com\/carosroberto.sodre.5\/\" \/>\n<meta property=\"article:published_time\" content=\"2018-08-09T11:43:11+00:00\" \/>\n<meta property=\"article:modified_time\" content=\"2018-08-20T13:02:07+00:00\" \/>\n<meta property=\"og:image\" content=\"https:\/\/ubanews.com\/site\/wp-content\/uploads\/2018\/08\/DSC_3310.jpg\" \/>\n\t<meta property=\"og:image:width\" content=\"800\" \/>\n\t<meta property=\"og:image:height\" content=\"389\" \/>\n\t<meta property=\"og:image:type\" content=\"image\/jpeg\" \/>\n<meta name=\"author\" content=\"Sodr\u00e9\" \/>\n<meta name=\"twitter:card\" content=\"summary_large_image\" \/>\n<meta name=\"twitter:label1\" content=\"Escrito por\" \/>\n\t<meta name=\"twitter:data1\" content=\"Sodr\u00e9\" \/>\n\t<meta name=\"twitter:label2\" content=\"Est. tempo de leitura\" \/>\n\t<meta name=\"twitter:data2\" content=\"1 minuto\" \/>\n<script type=\"application\/ld+json\" class=\"yoast-schema-graph\">{\"@context\":\"https:\/\/schema.org\",\"@graph\":[{\"@type\":\"Article\",\"@id\":\"https:\/\/ubanews.com\/site\/2018\/08\/09\/dependente-quimico-agradece-ao-asas-pela-oportunidade-de-poder-continuar-a-caminhada\/#article\",\"isPartOf\":{\"@id\":\"https:\/\/ubanews.com\/site\/2018\/08\/09\/dependente-quimico-agradece-ao-asas-pela-oportunidade-de-poder-continuar-a-caminhada\/\"},\"author\":{\"name\":\"Sodr\u00e9\",\"@id\":\"https:\/\/ubanews.com\/site\/#\/schema\/person\/d90c9e47252fbb63dcc969fe4c8b9d10\"},\"headline\":\"DEPENDENTE QU\u00cdMICO AGRADECE AO ASAS PELA OPORTUNIDADE DE PODER CONTINUAR A CAMINHADA\",\"datePublished\":\"2018-08-09T11:43:11+00:00\",\"dateModified\":\"2018-08-20T13:02:07+00:00\",\"mainEntityOfPage\":{\"@id\":\"https:\/\/ubanews.com\/site\/2018\/08\/09\/dependente-quimico-agradece-ao-asas-pela-oportunidade-de-poder-continuar-a-caminhada\/\"},\"wordCount\":142,\"commentCount\":0,\"publisher\":{\"@id\":\"https:\/\/ubanews.com\/site\/#organization\"},\"image\":{\"@id\":\"https:\/\/ubanews.com\/site\/2018\/08\/09\/dependente-quimico-agradece-ao-asas-pela-oportunidade-de-poder-continuar-a-caminhada\/#primaryimage\"},\"thumbnailUrl\":\"https:\/\/ubanews.com\/site\/wp-content\/uploads\/2018\/08\/DSC_3310.jpg\",\"articleSection\":[\"Geral\"],\"inLanguage\":\"pt-BR\",\"potentialAction\":[{\"@type\":\"CommentAction\",\"name\":\"Comment\",\"target\":[\"https:\/\/ubanews.com\/site\/2018\/08\/09\/dependente-quimico-agradece-ao-asas-pela-oportunidade-de-poder-continuar-a-caminhada\/#respond\"]}]},{\"@type\":\"WebPage\",\"@id\":\"https:\/\/ubanews.com\/site\/2018\/08\/09\/dependente-quimico-agradece-ao-asas-pela-oportunidade-de-poder-continuar-a-caminhada\/\",\"url\":\"https:\/\/ubanews.com\/site\/2018\/08\/09\/dependente-quimico-agradece-ao-asas-pela-oportunidade-de-poder-continuar-a-caminhada\/\",\"name\":\"DEPENDENTE QU\u00cdMICO AGRADECE AO ASAS PELA OPORTUNIDADE DE PODER CONTINUAR A CAMINHADA - Ub\u00e1 News\",\"isPartOf\":{\"@id\":\"https:\/\/ubanews.com\/site\/#website\"},\"primaryImageOfPage\":{\"@id\":\"https:\/\/ubanews.com\/site\/2018\/08\/09\/dependente-quimico-agradece-ao-asas-pela-oportunidade-de-poder-continuar-a-caminhada\/#primaryimage\"},\"image\":{\"@id\":\"https:\/\/ubanews.com\/site\/2018\/08\/09\/dependente-quimico-agradece-ao-asas-pela-oportunidade-de-poder-continuar-a-caminhada\/#primaryimage\"},\"thumbnailUrl\":\"https:\/\/ubanews.com\/site\/wp-content\/uploads\/2018\/08\/DSC_3310.jpg\",\"datePublished\":\"2018-08-09T11:43:11+00:00\",\"dateModified\":\"2018-08-20T13:02:07+00:00\",\"breadcrumb\":{\"@id\":\"https:\/\/ubanews.com\/site\/2018\/08\/09\/dependente-quimico-agradece-ao-asas-pela-oportunidade-de-poder-continuar-a-caminhada\/#breadcrumb\"},\"inLanguage\":\"pt-BR\",\"potentialAction\":[{\"@type\":\"ReadAction\",\"target\":[\"https:\/\/ubanews.com\/site\/2018\/08\/09\/dependente-quimico-agradece-ao-asas-pela-oportunidade-de-poder-continuar-a-caminhada\/\"]}]},{\"@type\":\"ImageObject\",\"inLanguage\":\"pt-BR\",\"@id\":\"https:\/\/ubanews.com\/site\/2018\/08\/09\/dependente-quimico-agradece-ao-asas-pela-oportunidade-de-poder-continuar-a-caminhada\/#primaryimage\",\"url\":\"https:\/\/ubanews.com\/site\/wp-content\/uploads\/2018\/08\/DSC_3310.jpg\",\"contentUrl\":\"https:\/\/ubanews.com\/site\/wp-content\/uploads\/2018\/08\/DSC_3310.jpg\",\"width\":800,\"height\":389},{\"@type\":\"BreadcrumbList\",\"@id\":\"https:\/\/ubanews.com\/site\/2018\/08\/09\/dependente-quimico-agradece-ao-asas-pela-oportunidade-de-poder-continuar-a-caminhada\/#breadcrumb\",\"itemListElement\":[{\"@type\":\"ListItem\",\"position\":1,\"name\":\"Home\",\"item\":\"https:\/\/ubanews.com\/site\/\"},{\"@type\":\"ListItem\",\"position\":2,\"name\":\"DEPENDENTE QU\u00cdMICO AGRADECE AO ASAS PELA OPORTUNIDADE DE PODER CONTINUAR A CAMINHADA\"}]},{\"@type\":\"WebSite\",\"@id\":\"https:\/\/ubanews.com\/site\/#website\",\"url\":\"https:\/\/ubanews.com\/site\/\",\"name\":\"Ub\u00e1 News\",\"description\":\"\",\"publisher\":{\"@id\":\"https:\/\/ubanews.com\/site\/#organization\"},\"potentialAction\":[{\"@type\":\"SearchAction\",\"target\":{\"@type\":\"EntryPoint\",\"urlTemplate\":\"https:\/\/ubanews.com\/site\/?s={search_term_string}\"},\"query-input\":{\"@type\":\"PropertyValueSpecification\",\"valueRequired\":true,\"valueName\":\"search_term_string\"}}],\"inLanguage\":\"pt-BR\"},{\"@type\":\"Organization\",\"@id\":\"https:\/\/ubanews.com\/site\/#organization\",\"name\":\"Ub\u00e1 News\",\"url\":\"https:\/\/ubanews.com\/site\/\",\"logo\":{\"@type\":\"ImageObject\",\"inLanguage\":\"pt-BR\",\"@id\":\"https:\/\/ubanews.com\/site\/#\/schema\/logo\/image\/\",\"url\":\"https:\/\/ubanews.com\/site\/wp-content\/uploads\/2018\/01\/logoubanews.png\",\"contentUrl\":\"https:\/\/ubanews.com\/site\/wp-content\/uploads\/2018\/01\/logoubanews.png\",\"width\":261,\"height\":99,\"caption\":\"Ub\u00e1 News\"},\"image\":{\"@id\":\"https:\/\/ubanews.com\/site\/#\/schema\/logo\/image\/\"},\"sameAs\":[\"https:\/\/www.facebook.com\/Ub\u00e1News-Carlos-Roberto-Sodr\u00e9-418778301977370\"]},{\"@type\":\"Person\",\"@id\":\"https:\/\/ubanews.com\/site\/#\/schema\/person\/d90c9e47252fbb63dcc969fe4c8b9d10\",\"name\":\"Sodr\u00e9\",\"image\":{\"@type\":\"ImageObject\",\"inLanguage\":\"pt-BR\",\"@id\":\"https:\/\/secure.gravatar.com\/avatar\/5ba2793f0590b9dbfad3fdec4ee714485b3eef211c9b32ee53d414060454a56c?s=96&d=mm&r=g\",\"url\":\"https:\/\/secure.gravatar.com\/avatar\/5ba2793f0590b9dbfad3fdec4ee714485b3eef211c9b32ee53d414060454a56c?s=96&d=mm&r=g\",\"contentUrl\":\"https:\/\/secure.gravatar.com\/avatar\/5ba2793f0590b9dbfad3fdec4ee714485b3eef211c9b32ee53d414060454a56c?s=96&d=mm&r=g\",\"caption\":\"Sodr\u00e9\"},\"sameAs\":[\"https:\/\/www.facebook.com\/carosroberto.sodre.5\/\"],\"url\":\"https:\/\/ubanews.com\/site\/author\/felipe\/\"}]}<\/script>\n<!-- \/ Yoast SEO plugin. -->","yoast_head_json":{"title":"DEPENDENTE QU\u00cdMICO AGRADECE AO ASAS PELA OPORTUNIDADE DE PODER CONTINUAR A CAMINHADA - Ub\u00e1 News","robots":{"index":"index","follow":"follow","max-snippet":"max-snippet:-1","max-image-preview":"max-image-preview:large","max-video-preview":"max-video-preview:-1"},"canonical":"https:\/\/ubanews.com\/site\/2018\/08\/09\/dependente-quimico-agradece-ao-asas-pela-oportunidade-de-poder-continuar-a-caminhada\/","og_locale":"pt_BR","og_type":"article","og_title":"DEPENDENTE QU\u00cdMICO AGRADECE AO ASAS PELA OPORTUNIDADE DE PODER CONTINUAR A CAMINHADA - Ub\u00e1 News","og_description":"Chegou a arrancar as janelas da casa para trocar em","og_url":"https:\/\/ubanews.com\/site\/2018\/08\/09\/dependente-quimico-agradece-ao-asas-pela-oportunidade-de-poder-continuar-a-caminhada\/","og_site_name":"Ub\u00e1 News","article_publisher":"https:\/\/www.facebook.com\/Ub%c3%a1News-Carlos-Roberto-Sodr%c3%a9-418778301977370","article_author":"https:\/\/www.facebook.com\/carosroberto.sodre.5\/","article_published_time":"2018-08-09T11:43:11+00:00","article_modified_time":"2018-08-20T13:02:07+00:00","og_image":[{"width":800,"height":389,"url":"https:\/\/ubanews.com\/site\/wp-content\/uploads\/2018\/08\/DSC_3310.jpg","type":"image\/jpeg"}],"author":"Sodr\u00e9","twitter_card":"summary_large_image","twitter_misc":{"Escrito por":"Sodr\u00e9","Est. tempo de leitura":"1 minuto"},"schema":{"@context":"https:\/\/schema.org","@graph":[{"@type":"Article","@id":"https:\/\/ubanews.com\/site\/2018\/08\/09\/dependente-quimico-agradece-ao-asas-pela-oportunidade-de-poder-continuar-a-caminhada\/#article","isPartOf":{"@id":"https:\/\/ubanews.com\/site\/2018\/08\/09\/dependente-quimico-agradece-ao-asas-pela-oportunidade-de-poder-continuar-a-caminhada\/"},"author":{"name":"Sodr\u00e9","@id":"https:\/\/ubanews.com\/site\/#\/schema\/person\/d90c9e47252fbb63dcc969fe4c8b9d10"},"headline":"DEPENDENTE QU\u00cdMICO AGRADECE AO ASAS PELA OPORTUNIDADE DE PODER CONTINUAR A CAMINHADA","datePublished":"2018-08-09T11:43:11+00:00","dateModified":"2018-08-20T13:02:07+00:00","mainEntityOfPage":{"@id":"https:\/\/ubanews.com\/site\/2018\/08\/09\/dependente-quimico-agradece-ao-asas-pela-oportunidade-de-poder-continuar-a-caminhada\/"},"wordCount":142,"commentCount":0,"publisher":{"@id":"https:\/\/ubanews.com\/site\/#organization"},"image":{"@id":"https:\/\/ubanews.com\/site\/2018\/08\/09\/dependente-quimico-agradece-ao-asas-pela-oportunidade-de-poder-continuar-a-caminhada\/#primaryimage"},"thumbnailUrl":"https:\/\/ubanews.com\/site\/wp-content\/uploads\/2018\/08\/DSC_3310.jpg","articleSection":["Geral"],"inLanguage":"pt-BR","potentialAction":[{"@type":"CommentAction","name":"Comment","target":["https:\/\/ubanews.com\/site\/2018\/08\/09\/dependente-quimico-agradece-ao-asas-pela-oportunidade-de-poder-continuar-a-caminhada\/#respond"]}]},{"@type":"WebPage","@id":"https:\/\/ubanews.com\/site\/2018\/08\/09\/dependente-quimico-agradece-ao-asas-pela-oportunidade-de-poder-continuar-a-caminhada\/","url":"https:\/\/ubanews.com\/site\/2018\/08\/09\/dependente-quimico-agradece-ao-asas-pela-oportunidade-de-poder-continuar-a-caminhada\/","name":"DEPENDENTE QU\u00cdMICO AGRADECE AO ASAS PELA OPORTUNIDADE DE PODER CONTINUAR A CAMINHADA - Ub\u00e1 News","isPartOf":{"@id":"https:\/\/ubanews.com\/site\/#website"},"primaryImageOfPage":{"@id":"https:\/\/ubanews.com\/site\/2018\/08\/09\/dependente-quimico-agradece-ao-asas-pela-oportunidade-de-poder-continuar-a-caminhada\/#primaryimage"},"image":{"@id":"https:\/\/ubanews.com\/site\/2018\/08\/09\/dependente-quimico-agradece-ao-asas-pela-oportunidade-de-poder-continuar-a-caminhada\/#primaryimage"},"thumbnailUrl":"https:\/\/ubanews.com\/site\/wp-content\/uploads\/2018\/08\/DSC_3310.jpg","datePublished":"2018-08-09T11:43:11+00:00","dateModified":"2018-08-20T13:02:07+00:00","breadcrumb":{"@id":"https:\/\/ubanews.com\/site\/2018\/08\/09\/dependente-quimico-agradece-ao-asas-pela-oportunidade-de-poder-continuar-a-caminhada\/#breadcrumb"},"inLanguage":"pt-BR","potentialAction":[{"@type":"ReadAction","target":["https:\/\/ubanews.com\/site\/2018\/08\/09\/dependente-quimico-agradece-ao-asas-pela-oportunidade-de-poder-continuar-a-caminhada\/"]}]},{"@type":"ImageObject","inLanguage":"pt-BR","@id":"https:\/\/ubanews.com\/site\/2018\/08\/09\/dependente-quimico-agradece-ao-asas-pela-oportunidade-de-poder-continuar-a-caminhada\/#primaryimage","url":"https:\/\/ubanews.com\/site\/wp-content\/uploads\/2018\/08\/DSC_3310.jpg","contentUrl":"https:\/\/ubanews.com\/site\/wp-content\/uploads\/2018\/08\/DSC_3310.jpg","width":800,"height":389},{"@type":"BreadcrumbList","@id":"https:\/\/ubanews.com\/site\/2018\/08\/09\/dependente-quimico-agradece-ao-asas-pela-oportunidade-de-poder-continuar-a-caminhada\/#breadcrumb","itemListElement":[{"@type":"ListItem","position":1,"name":"Home","item":"https:\/\/ubanews.com\/site\/"},{"@type":"ListItem","position":2,"name":"DEPENDENTE QU\u00cdMICO AGRADECE AO ASAS PELA OPORTUNIDADE DE PODER CONTINUAR A CAMINHADA"}]},{"@type":"WebSite","@id":"https:\/\/ubanews.com\/site\/#website","url":"https:\/\/ubanews.com\/site\/","name":"Ub\u00e1 News","description":"","publisher":{"@id":"https:\/\/ubanews.com\/site\/#organization"},"potentialAction":[{"@type":"SearchAction","target":{"@type":"EntryPoint","urlTemplate":"https:\/\/ubanews.com\/site\/?s={search_term_string}"},"query-input":{"@type":"PropertyValueSpecification","valueRequired":true,"valueName":"search_term_string"}}],"inLanguage":"pt-BR"},{"@type":"Organization","@id":"https:\/\/ubanews.com\/site\/#organization","name":"Ub\u00e1 News","url":"https:\/\/ubanews.com\/site\/","logo":{"@type":"ImageObject","inLanguage":"pt-BR","@id":"https:\/\/ubanews.com\/site\/#\/schema\/logo\/image\/","url":"https:\/\/ubanews.com\/site\/wp-content\/uploads\/2018\/01\/logoubanews.png","contentUrl":"https:\/\/ubanews.com\/site\/wp-content\/uploads\/2018\/01\/logoubanews.png","width":261,"height":99,"caption":"Ub\u00e1 News"},"image":{"@id":"https:\/\/ubanews.com\/site\/#\/schema\/logo\/image\/"},"sameAs":["https:\/\/www.facebook.com\/Ub\u00e1News-Carlos-Roberto-Sodr\u00e9-418778301977370"]},{"@type":"Person","@id":"https:\/\/ubanews.com\/site\/#\/schema\/person\/d90c9e47252fbb63dcc969fe4c8b9d10","name":"Sodr\u00e9","image":{"@type":"ImageObject","inLanguage":"pt-BR","@id":"https:\/\/secure.gravatar.com\/avatar\/5ba2793f0590b9dbfad3fdec4ee714485b3eef211c9b32ee53d414060454a56c?s=96&d=mm&r=g","url":"https:\/\/secure.gravatar.com\/avatar\/5ba2793f0590b9dbfad3fdec4ee714485b3eef211c9b32ee53d414060454a56c?s=96&d=mm&r=g","contentUrl":"https:\/\/secure.gravatar.com\/avatar\/5ba2793f0590b9dbfad3fdec4ee714485b3eef211c9b32ee53d414060454a56c?s=96&d=mm&r=g","caption":"Sodr\u00e9"},"sameAs":["https:\/\/www.facebook.com\/carosroberto.sodre.5\/"],"url":"https:\/\/ubanews.com\/site\/author\/felipe\/"}]}},"_links":{"self":[{"href":"https:\/\/ubanews.com\/site\/wp-json\/wp\/v2\/posts\/6259","targetHints":{"allow":["GET"]}}],"collection":[{"href":"https:\/\/ubanews.com\/site\/wp-json\/wp\/v2\/posts"}],"about":[{"href":"https:\/\/ubanews.com\/site\/wp-json\/wp\/v2\/types\/post"}],"author":[{"embeddable":true,"href":"https:\/\/ubanews.com\/site\/wp-json\/wp\/v2\/users\/2"}],"replies":[{"embeddable":true,"href":"https:\/\/ubanews.com\/site\/wp-json\/wp\/v2\/comments?post=6259"}],"version-history":[{"count":0,"href":"https:\/\/ubanews.com\/site\/wp-json\/wp\/v2\/posts\/6259\/revisions"}],"wp:featuredmedia":[{"embeddable":true,"href":"https:\/\/ubanews.com\/site\/wp-json\/wp\/v2\/media\/6263"}],"wp:attachment":[{"href":"https:\/\/ubanews.com\/site\/wp-json\/wp\/v2\/media?parent=6259"}],"wp:term":[{"taxonomy":"category","embeddable":true,"href":"https:\/\/ubanews.com\/site\/wp-json\/wp\/v2\/categories?post=6259"},{"taxonomy":"post_tag","embeddable":true,"href":"https:\/\/ubanews.com\/site\/wp-json\/wp\/v2\/tags?post=6259"}],"curies":[{"name":"wp","href":"https:\/\/api.w.org\/{rel}","templated":true}]}}