{"id":6216,"date":"2018-08-07T12:17:30","date_gmt":"2018-08-07T15:17:30","guid":{"rendered":"http:\/\/ubanews.com\/site\/?p=6216"},"modified":"2018-08-07T12:17:30","modified_gmt":"2018-08-07T15:17:30","slug":"tentativa-de-homicidio-na-parte-alta-do-bairro-eldorado","status":"publish","type":"post","link":"https:\/\/ubanews.com\/site\/2018\/08\/07\/tentativa-de-homicidio-na-parte-alta-do-bairro-eldorado\/","title":{"rendered":"TENTATIVA DE HOMIC\u00cdDIO NA PARTE ALTA DO BAIRRO ELDORADO"},"content":{"rendered":"<p>No dia 06 de agosto \u00e0s 14h e 37min a Pol\u00edcia Militar recebeu liga\u00e7\u00f5es, via 190, informando que havia ocorrido v\u00e1rios disparos na Rua Ant\u00f4nio Frederico Ozanan, parte alta do Bairro Eldorado.<\/p>\n<p>De imediato as viaturas deslocaram-se para o endere\u00e7o, onde foram colhidas novas informa\u00e7\u00f5es e os militares fizeram contato com Alex Sander De Souza Bertolato de 20 anos, apelido &#8220;Timtim&#8221;, o qual relatou que estava pr\u00f3ximo \u00e0 sua resid\u00eancia na Rua Ant\u00f4nio Frederico Ozanan, na companhia de sua companheira, quando percebeu que dois indiv\u00edduos chegaram em uma motocicleta Yamaha\/Fazer, 250, preta, e ao perceber que o carona sacou de uma arma de fogo, tipo pistola. Alex Sander tentou entrar em sua resid\u00eancia, por\u00e9m a porta estava trancada, momento em que os autores efetuaram v\u00e1rios disparos, e ele ent\u00e3o fugiu para a rua Vicente Leite atrav\u00e9s de um barranco, e ap\u00f3s cair na laje de uma casa, onde continuou correndo ao ver que os autores continuaram acompanhando-o e efetuando disparos at\u00e9 entrar em uma casa alheia, s\u00f3 saindo de l\u00e1 com a chegada da equipe policial.<\/p>\n<p>Os autores do crime foram identificados, sendo eles: &nbsp;Felipe Marques de Paiva, 19 anos, apelido &#8220;Felipinho\u201d, e Paulo Henrique Pereira Dias de 18 anos, apelido &#8220;Paulinho&#8221;.<\/p>\n<p>Da a\u00e7\u00e3o criminosa culminou em 4 v\u00edtimas:<\/p>\n<p><strong>Alex Sander de Souza Bertolato de 20 anos,<\/strong> apelido Timtim, apresentava uma poss\u00edvel les\u00e3o no p\u00e9 direito devido \u00e0 queda em uma laje, e aparentemente uma les\u00e3o de disparo em um dos dedos do p\u00e9 direito.<\/p>\n<p><strong>Ana Carolina Am\u00e2ncio Braz de 18 anos<\/strong>, companheira de Alex Sander, que confirmou a vers\u00e3o de Timtim, e estava com escoria\u00e7\u00f5es nas pernas e dores nas m\u00e3os que sofreu durante a fuga dos cidad\u00e3os infratores no momento dos disparos.<\/p>\n<p><strong>Um senhor de 71 anos<\/strong> que informou estar na esquina Rua Vicente Leite com Rua Claudionor Proc\u00f3pio De S\u00e1, quando ouviu disparos semelhantes a tiros sentiu algo em sua perna, percebendo que um dos disparos atingiu sua perna direita.<\/p>\n<p><strong>Uma crian\u00e7a de 3 anos<\/strong>, que segundo sua m\u00e3e, ao ouvir os disparos foi para o port\u00e3o e acabou sendo atingida por um tiro de rasp\u00e3o no ombro direito<\/p>\n<p>No endere\u00e7o havia uma marca no port\u00e3o aparentemente proveniente de disparo de arma de fogo, al\u00e9m de 4 c\u00e1psulas de cal.380, e dois proj\u00e9teis, aparentemente do mesmo calibre, que foram recolhidos pelo perito. Transeuntes entregaram mais cinco c\u00e1psulas calibre 380, totalizando 9 c\u00e1psulas, que foram apreendidas.<\/p>\n<p>As v\u00edtimas foram socorridas at\u00e9 o hospital. As viaturas do turno foram acionadas e foi realizado intenso rastreamento pela cidade, mas os autores n\u00e3o foram localizados, mas responder\u00e3o pelo homic\u00eddio tentando e as dilig\u00eancias continuam.<\/p>\n<p><strong><u>Passagens policiais de Alex Sander De Souza Bertolato, apelido &#8220;Timtim&#8221;,<\/u><\/strong><\/p>\n<p>Tr\u00e1fico de drogas em 10\/08\/2016<\/p>\n<p>Porte ilegal de arma de fogo em 12\/08\/2014, em 01\/08\/2015<\/p>\n<p>Les\u00e3o corporal em 08\/03\/2013<\/p>\n<p>Roubo em 28\/01\/2016<\/p>\n<p><strong><u>Passagens policiais de <\/u><\/strong><strong><u>Felipe Marques de Paiva, apelido Felipinho<\/u><\/strong><\/p>\n<p>Tr\u00e1fico de drogas em 09\/10\/2017 em 11\/02\/2017, em 09\/03\/2017<\/p>\n<p>Les\u00e3o corporal em 28\/10\/2016, em 28\/12\/2016<\/p>\n<p>Recepta\u00e7\u00e3o em 01\/01\/2017<\/p>\n<p>Tentativa de homic\u00eddio em 10\/02\/2017<\/p>\n<p>Porte ilegal de arma de fogo em 22\/07\/2014<\/p>\n<p>Uso e consumo de drogas em 21\/02\/2014<\/p>\n<p>Amea\u00e7a em 17\/01\/2017<\/p>\n<p>Furto em 19\/07\/2015<\/p>\n<p><strong><u>Passagens policiais de<\/u><\/strong><strong><u> Paulo Henrique Pereira Dias<\/u><\/strong><\/p>\n<p>Recepta\u00e7\u00e3o em 17\/10\/2017, em 22\/01\/2018, em 03\/05\/2017<\/p>\n<p>Dire\u00e7\u00e3o perigosa em 22\/09\/2016, em 25\/02\/2017&nbsp;&nbsp;&nbsp;&nbsp;&nbsp;&nbsp;&nbsp;<\/p>\n<p>Uso e consumo de drogas em 29\/07\/2017<\/p>\n<p>Tr\u00e1fico de drogas em 10\/04\/2017 , em 26\/02\/2016, em 14\/10\/2017, em 08\/04\/2018<\/p>\n<p>Les\u00e3o corporal em 04\/05\/2017<\/p>\n<p>Roubo em 25\/06\/2015<\/p>\n<p>Tentativa de roubo em 10\/12\/2015<\/p>\n<p><strong>A<\/strong><strong>SSESSORIA DE COMUNICA\u00c7\u00c3O ORGANIZACIONAL<\/strong><\/p>\n<p><strong><em>Vig\u00e9simo Primeiro Batalh\u00e3o de Pol\u00edcia Militar<\/em><\/strong><\/p>\n","protected":false},"excerpt":{"rendered":"<p>No dia 06 de agosto \u00e0s 14h e 37min a<\/p>\n","protected":false},"author":2,"featured_media":5497,"comment_status":"open","ping_status":"open","sticky":false,"template":"","format":"standard","meta":{"footnotes":""},"categories":[13],"tags":[],"class_list":["post-6216","post","type-post","status-publish","format-standard","has-post-thumbnail","hentry","category-sintese-das-ocorrencias"],"yoast_head":"<!-- This site is optimized with the Yoast SEO plugin v27.2 - https:\/\/yoast.com\/product\/yoast-seo-wordpress\/ -->\n<title>TENTATIVA DE HOMIC\u00cdDIO NA PARTE ALTA DO BAIRRO ELDORADO - Ub\u00e1 News<\/title>\n<meta name=\"robots\" content=\"index, follow, max-snippet:-1, max-image-preview:large, max-video-preview:-1\" \/>\n<link rel=\"canonical\" href=\"https:\/\/ubanews.com\/site\/2018\/08\/07\/tentativa-de-homicidio-na-parte-alta-do-bairro-eldorado\/\" \/>\n<meta property=\"og:locale\" content=\"pt_BR\" \/>\n<meta property=\"og:type\" content=\"article\" \/>\n<meta property=\"og:title\" content=\"TENTATIVA DE HOMIC\u00cdDIO NA PARTE ALTA DO BAIRRO ELDORADO - Ub\u00e1 News\" \/>\n<meta property=\"og:description\" content=\"No dia 06 de agosto \u00e0s 14h e 37min a\" \/>\n<meta property=\"og:url\" content=\"https:\/\/ubanews.com\/site\/2018\/08\/07\/tentativa-de-homicidio-na-parte-alta-do-bairro-eldorado\/\" \/>\n<meta property=\"og:site_name\" content=\"Ub\u00e1 News\" \/>\n<meta property=\"article:publisher\" content=\"https:\/\/www.facebook.com\/Ub%c3%a1News-Carlos-Roberto-Sodr%c3%a9-418778301977370\" \/>\n<meta property=\"article:author\" content=\"https:\/\/www.facebook.com\/carosroberto.sodre.5\/\" \/>\n<meta property=\"article:published_time\" content=\"2018-08-07T15:17:30+00:00\" \/>\n<meta property=\"og:image\" content=\"https:\/\/ubanews.com\/site\/wp-content\/uploads\/2018\/07\/homicidio-1.jpg\" \/>\n\t<meta property=\"og:image:width\" content=\"800\" \/>\n\t<meta property=\"og:image:height\" content=\"389\" \/>\n\t<meta property=\"og:image:type\" content=\"image\/jpeg\" \/>\n<meta name=\"author\" content=\"Sodr\u00e9\" \/>\n<meta name=\"twitter:card\" content=\"summary_large_image\" \/>\n<meta name=\"twitter:label1\" content=\"Escrito por\" \/>\n\t<meta name=\"twitter:data1\" content=\"Sodr\u00e9\" \/>\n\t<meta name=\"twitter:label2\" content=\"Est. tempo de leitura\" \/>\n\t<meta name=\"twitter:data2\" content=\"3 minutos\" \/>\n<script type=\"application\/ld+json\" class=\"yoast-schema-graph\">{\"@context\":\"https:\/\/schema.org\",\"@graph\":[{\"@type\":\"Article\",\"@id\":\"https:\/\/ubanews.com\/site\/2018\/08\/07\/tentativa-de-homicidio-na-parte-alta-do-bairro-eldorado\/#article\",\"isPartOf\":{\"@id\":\"https:\/\/ubanews.com\/site\/2018\/08\/07\/tentativa-de-homicidio-na-parte-alta-do-bairro-eldorado\/\"},\"author\":{\"name\":\"Sodr\u00e9\",\"@id\":\"https:\/\/ubanews.com\/site\/#\/schema\/person\/d90c9e47252fbb63dcc969fe4c8b9d10\"},\"headline\":\"TENTATIVA DE HOMIC\u00cdDIO NA PARTE ALTA DO BAIRRO ELDORADO\",\"datePublished\":\"2018-08-07T15:17:30+00:00\",\"mainEntityOfPage\":{\"@id\":\"https:\/\/ubanews.com\/site\/2018\/08\/07\/tentativa-de-homicidio-na-parte-alta-do-bairro-eldorado\/\"},\"wordCount\":611,\"commentCount\":0,\"publisher\":{\"@id\":\"https:\/\/ubanews.com\/site\/#organization\"},\"image\":{\"@id\":\"https:\/\/ubanews.com\/site\/2018\/08\/07\/tentativa-de-homicidio-na-parte-alta-do-bairro-eldorado\/#primaryimage\"},\"thumbnailUrl\":\"https:\/\/ubanews.com\/site\/wp-content\/uploads\/2018\/07\/homicidio-1.jpg\",\"articleSection\":[\"S\u00edntese das Ocorr\u00eancias\"],\"inLanguage\":\"pt-BR\",\"potentialAction\":[{\"@type\":\"CommentAction\",\"name\":\"Comment\",\"target\":[\"https:\/\/ubanews.com\/site\/2018\/08\/07\/tentativa-de-homicidio-na-parte-alta-do-bairro-eldorado\/#respond\"]}]},{\"@type\":\"WebPage\",\"@id\":\"https:\/\/ubanews.com\/site\/2018\/08\/07\/tentativa-de-homicidio-na-parte-alta-do-bairro-eldorado\/\",\"url\":\"https:\/\/ubanews.com\/site\/2018\/08\/07\/tentativa-de-homicidio-na-parte-alta-do-bairro-eldorado\/\",\"name\":\"TENTATIVA DE HOMIC\u00cdDIO NA PARTE ALTA DO BAIRRO ELDORADO - Ub\u00e1 News\",\"isPartOf\":{\"@id\":\"https:\/\/ubanews.com\/site\/#website\"},\"primaryImageOfPage\":{\"@id\":\"https:\/\/ubanews.com\/site\/2018\/08\/07\/tentativa-de-homicidio-na-parte-alta-do-bairro-eldorado\/#primaryimage\"},\"image\":{\"@id\":\"https:\/\/ubanews.com\/site\/2018\/08\/07\/tentativa-de-homicidio-na-parte-alta-do-bairro-eldorado\/#primaryimage\"},\"thumbnailUrl\":\"https:\/\/ubanews.com\/site\/wp-content\/uploads\/2018\/07\/homicidio-1.jpg\",\"datePublished\":\"2018-08-07T15:17:30+00:00\",\"breadcrumb\":{\"@id\":\"https:\/\/ubanews.com\/site\/2018\/08\/07\/tentativa-de-homicidio-na-parte-alta-do-bairro-eldorado\/#breadcrumb\"},\"inLanguage\":\"pt-BR\",\"potentialAction\":[{\"@type\":\"ReadAction\",\"target\":[\"https:\/\/ubanews.com\/site\/2018\/08\/07\/tentativa-de-homicidio-na-parte-alta-do-bairro-eldorado\/\"]}]},{\"@type\":\"ImageObject\",\"inLanguage\":\"pt-BR\",\"@id\":\"https:\/\/ubanews.com\/site\/2018\/08\/07\/tentativa-de-homicidio-na-parte-alta-do-bairro-eldorado\/#primaryimage\",\"url\":\"https:\/\/ubanews.com\/site\/wp-content\/uploads\/2018\/07\/homicidio-1.jpg\",\"contentUrl\":\"https:\/\/ubanews.com\/site\/wp-content\/uploads\/2018\/07\/homicidio-1.jpg\",\"width\":800,\"height\":389},{\"@type\":\"BreadcrumbList\",\"@id\":\"https:\/\/ubanews.com\/site\/2018\/08\/07\/tentativa-de-homicidio-na-parte-alta-do-bairro-eldorado\/#breadcrumb\",\"itemListElement\":[{\"@type\":\"ListItem\",\"position\":1,\"name\":\"Home\",\"item\":\"https:\/\/ubanews.com\/site\/\"},{\"@type\":\"ListItem\",\"position\":2,\"name\":\"TENTATIVA DE HOMIC\u00cdDIO NA PARTE ALTA DO BAIRRO ELDORADO\"}]},{\"@type\":\"WebSite\",\"@id\":\"https:\/\/ubanews.com\/site\/#website\",\"url\":\"https:\/\/ubanews.com\/site\/\",\"name\":\"Ub\u00e1 News\",\"description\":\"\",\"publisher\":{\"@id\":\"https:\/\/ubanews.com\/site\/#organization\"},\"potentialAction\":[{\"@type\":\"SearchAction\",\"target\":{\"@type\":\"EntryPoint\",\"urlTemplate\":\"https:\/\/ubanews.com\/site\/?s={search_term_string}\"},\"query-input\":{\"@type\":\"PropertyValueSpecification\",\"valueRequired\":true,\"valueName\":\"search_term_string\"}}],\"inLanguage\":\"pt-BR\"},{\"@type\":\"Organization\",\"@id\":\"https:\/\/ubanews.com\/site\/#organization\",\"name\":\"Ub\u00e1 News\",\"url\":\"https:\/\/ubanews.com\/site\/\",\"logo\":{\"@type\":\"ImageObject\",\"inLanguage\":\"pt-BR\",\"@id\":\"https:\/\/ubanews.com\/site\/#\/schema\/logo\/image\/\",\"url\":\"https:\/\/ubanews.com\/site\/wp-content\/uploads\/2018\/01\/logoubanews.png\",\"contentUrl\":\"https:\/\/ubanews.com\/site\/wp-content\/uploads\/2018\/01\/logoubanews.png\",\"width\":261,\"height\":99,\"caption\":\"Ub\u00e1 News\"},\"image\":{\"@id\":\"https:\/\/ubanews.com\/site\/#\/schema\/logo\/image\/\"},\"sameAs\":[\"https:\/\/www.facebook.com\/Ub\u00e1News-Carlos-Roberto-Sodr\u00e9-418778301977370\"]},{\"@type\":\"Person\",\"@id\":\"https:\/\/ubanews.com\/site\/#\/schema\/person\/d90c9e47252fbb63dcc969fe4c8b9d10\",\"name\":\"Sodr\u00e9\",\"image\":{\"@type\":\"ImageObject\",\"inLanguage\":\"pt-BR\",\"@id\":\"https:\/\/secure.gravatar.com\/avatar\/5ba2793f0590b9dbfad3fdec4ee714485b3eef211c9b32ee53d414060454a56c?s=96&d=mm&r=g\",\"url\":\"https:\/\/secure.gravatar.com\/avatar\/5ba2793f0590b9dbfad3fdec4ee714485b3eef211c9b32ee53d414060454a56c?s=96&d=mm&r=g\",\"contentUrl\":\"https:\/\/secure.gravatar.com\/avatar\/5ba2793f0590b9dbfad3fdec4ee714485b3eef211c9b32ee53d414060454a56c?s=96&d=mm&r=g\",\"caption\":\"Sodr\u00e9\"},\"sameAs\":[\"https:\/\/www.facebook.com\/carosroberto.sodre.5\/\"],\"url\":\"https:\/\/ubanews.com\/site\/author\/felipe\/\"}]}<\/script>\n<!-- \/ Yoast SEO plugin. -->","yoast_head_json":{"title":"TENTATIVA DE HOMIC\u00cdDIO NA PARTE ALTA DO BAIRRO ELDORADO - Ub\u00e1 News","robots":{"index":"index","follow":"follow","max-snippet":"max-snippet:-1","max-image-preview":"max-image-preview:large","max-video-preview":"max-video-preview:-1"},"canonical":"https:\/\/ubanews.com\/site\/2018\/08\/07\/tentativa-de-homicidio-na-parte-alta-do-bairro-eldorado\/","og_locale":"pt_BR","og_type":"article","og_title":"TENTATIVA DE HOMIC\u00cdDIO NA PARTE ALTA DO BAIRRO ELDORADO - Ub\u00e1 News","og_description":"No dia 06 de agosto \u00e0s 14h e 37min a","og_url":"https:\/\/ubanews.com\/site\/2018\/08\/07\/tentativa-de-homicidio-na-parte-alta-do-bairro-eldorado\/","og_site_name":"Ub\u00e1 News","article_publisher":"https:\/\/www.facebook.com\/Ub%c3%a1News-Carlos-Roberto-Sodr%c3%a9-418778301977370","article_author":"https:\/\/www.facebook.com\/carosroberto.sodre.5\/","article_published_time":"2018-08-07T15:17:30+00:00","og_image":[{"width":800,"height":389,"url":"https:\/\/ubanews.com\/site\/wp-content\/uploads\/2018\/07\/homicidio-1.jpg","type":"image\/jpeg"}],"author":"Sodr\u00e9","twitter_card":"summary_large_image","twitter_misc":{"Escrito por":"Sodr\u00e9","Est. tempo de leitura":"3 minutos"},"schema":{"@context":"https:\/\/schema.org","@graph":[{"@type":"Article","@id":"https:\/\/ubanews.com\/site\/2018\/08\/07\/tentativa-de-homicidio-na-parte-alta-do-bairro-eldorado\/#article","isPartOf":{"@id":"https:\/\/ubanews.com\/site\/2018\/08\/07\/tentativa-de-homicidio-na-parte-alta-do-bairro-eldorado\/"},"author":{"name":"Sodr\u00e9","@id":"https:\/\/ubanews.com\/site\/#\/schema\/person\/d90c9e47252fbb63dcc969fe4c8b9d10"},"headline":"TENTATIVA DE HOMIC\u00cdDIO NA PARTE ALTA DO BAIRRO ELDORADO","datePublished":"2018-08-07T15:17:30+00:00","mainEntityOfPage":{"@id":"https:\/\/ubanews.com\/site\/2018\/08\/07\/tentativa-de-homicidio-na-parte-alta-do-bairro-eldorado\/"},"wordCount":611,"commentCount":0,"publisher":{"@id":"https:\/\/ubanews.com\/site\/#organization"},"image":{"@id":"https:\/\/ubanews.com\/site\/2018\/08\/07\/tentativa-de-homicidio-na-parte-alta-do-bairro-eldorado\/#primaryimage"},"thumbnailUrl":"https:\/\/ubanews.com\/site\/wp-content\/uploads\/2018\/07\/homicidio-1.jpg","articleSection":["S\u00edntese das Ocorr\u00eancias"],"inLanguage":"pt-BR","potentialAction":[{"@type":"CommentAction","name":"Comment","target":["https:\/\/ubanews.com\/site\/2018\/08\/07\/tentativa-de-homicidio-na-parte-alta-do-bairro-eldorado\/#respond"]}]},{"@type":"WebPage","@id":"https:\/\/ubanews.com\/site\/2018\/08\/07\/tentativa-de-homicidio-na-parte-alta-do-bairro-eldorado\/","url":"https:\/\/ubanews.com\/site\/2018\/08\/07\/tentativa-de-homicidio-na-parte-alta-do-bairro-eldorado\/","name":"TENTATIVA DE HOMIC\u00cdDIO NA PARTE ALTA DO BAIRRO ELDORADO - Ub\u00e1 News","isPartOf":{"@id":"https:\/\/ubanews.com\/site\/#website"},"primaryImageOfPage":{"@id":"https:\/\/ubanews.com\/site\/2018\/08\/07\/tentativa-de-homicidio-na-parte-alta-do-bairro-eldorado\/#primaryimage"},"image":{"@id":"https:\/\/ubanews.com\/site\/2018\/08\/07\/tentativa-de-homicidio-na-parte-alta-do-bairro-eldorado\/#primaryimage"},"thumbnailUrl":"https:\/\/ubanews.com\/site\/wp-content\/uploads\/2018\/07\/homicidio-1.jpg","datePublished":"2018-08-07T15:17:30+00:00","breadcrumb":{"@id":"https:\/\/ubanews.com\/site\/2018\/08\/07\/tentativa-de-homicidio-na-parte-alta-do-bairro-eldorado\/#breadcrumb"},"inLanguage":"pt-BR","potentialAction":[{"@type":"ReadAction","target":["https:\/\/ubanews.com\/site\/2018\/08\/07\/tentativa-de-homicidio-na-parte-alta-do-bairro-eldorado\/"]}]},{"@type":"ImageObject","inLanguage":"pt-BR","@id":"https:\/\/ubanews.com\/site\/2018\/08\/07\/tentativa-de-homicidio-na-parte-alta-do-bairro-eldorado\/#primaryimage","url":"https:\/\/ubanews.com\/site\/wp-content\/uploads\/2018\/07\/homicidio-1.jpg","contentUrl":"https:\/\/ubanews.com\/site\/wp-content\/uploads\/2018\/07\/homicidio-1.jpg","width":800,"height":389},{"@type":"BreadcrumbList","@id":"https:\/\/ubanews.com\/site\/2018\/08\/07\/tentativa-de-homicidio-na-parte-alta-do-bairro-eldorado\/#breadcrumb","itemListElement":[{"@type":"ListItem","position":1,"name":"Home","item":"https:\/\/ubanews.com\/site\/"},{"@type":"ListItem","position":2,"name":"TENTATIVA DE HOMIC\u00cdDIO NA PARTE ALTA DO BAIRRO ELDORADO"}]},{"@type":"WebSite","@id":"https:\/\/ubanews.com\/site\/#website","url":"https:\/\/ubanews.com\/site\/","name":"Ub\u00e1 News","description":"","publisher":{"@id":"https:\/\/ubanews.com\/site\/#organization"},"potentialAction":[{"@type":"SearchAction","target":{"@type":"EntryPoint","urlTemplate":"https:\/\/ubanews.com\/site\/?s={search_term_string}"},"query-input":{"@type":"PropertyValueSpecification","valueRequired":true,"valueName":"search_term_string"}}],"inLanguage":"pt-BR"},{"@type":"Organization","@id":"https:\/\/ubanews.com\/site\/#organization","name":"Ub\u00e1 News","url":"https:\/\/ubanews.com\/site\/","logo":{"@type":"ImageObject","inLanguage":"pt-BR","@id":"https:\/\/ubanews.com\/site\/#\/schema\/logo\/image\/","url":"https:\/\/ubanews.com\/site\/wp-content\/uploads\/2018\/01\/logoubanews.png","contentUrl":"https:\/\/ubanews.com\/site\/wp-content\/uploads\/2018\/01\/logoubanews.png","width":261,"height":99,"caption":"Ub\u00e1 News"},"image":{"@id":"https:\/\/ubanews.com\/site\/#\/schema\/logo\/image\/"},"sameAs":["https:\/\/www.facebook.com\/Ub\u00e1News-Carlos-Roberto-Sodr\u00e9-418778301977370"]},{"@type":"Person","@id":"https:\/\/ubanews.com\/site\/#\/schema\/person\/d90c9e47252fbb63dcc969fe4c8b9d10","name":"Sodr\u00e9","image":{"@type":"ImageObject","inLanguage":"pt-BR","@id":"https:\/\/secure.gravatar.com\/avatar\/5ba2793f0590b9dbfad3fdec4ee714485b3eef211c9b32ee53d414060454a56c?s=96&d=mm&r=g","url":"https:\/\/secure.gravatar.com\/avatar\/5ba2793f0590b9dbfad3fdec4ee714485b3eef211c9b32ee53d414060454a56c?s=96&d=mm&r=g","contentUrl":"https:\/\/secure.gravatar.com\/avatar\/5ba2793f0590b9dbfad3fdec4ee714485b3eef211c9b32ee53d414060454a56c?s=96&d=mm&r=g","caption":"Sodr\u00e9"},"sameAs":["https:\/\/www.facebook.com\/carosroberto.sodre.5\/"],"url":"https:\/\/ubanews.com\/site\/author\/felipe\/"}]}},"_links":{"self":[{"href":"https:\/\/ubanews.com\/site\/wp-json\/wp\/v2\/posts\/6216","targetHints":{"allow":["GET"]}}],"collection":[{"href":"https:\/\/ubanews.com\/site\/wp-json\/wp\/v2\/posts"}],"about":[{"href":"https:\/\/ubanews.com\/site\/wp-json\/wp\/v2\/types\/post"}],"author":[{"embeddable":true,"href":"https:\/\/ubanews.com\/site\/wp-json\/wp\/v2\/users\/2"}],"replies":[{"embeddable":true,"href":"https:\/\/ubanews.com\/site\/wp-json\/wp\/v2\/comments?post=6216"}],"version-history":[{"count":0,"href":"https:\/\/ubanews.com\/site\/wp-json\/wp\/v2\/posts\/6216\/revisions"}],"wp:featuredmedia":[{"embeddable":true,"href":"https:\/\/ubanews.com\/site\/wp-json\/wp\/v2\/media\/5497"}],"wp:attachment":[{"href":"https:\/\/ubanews.com\/site\/wp-json\/wp\/v2\/media?parent=6216"}],"wp:term":[{"taxonomy":"category","embeddable":true,"href":"https:\/\/ubanews.com\/site\/wp-json\/wp\/v2\/categories?post=6216"},{"taxonomy":"post_tag","embeddable":true,"href":"https:\/\/ubanews.com\/site\/wp-json\/wp\/v2\/tags?post=6216"}],"curies":[{"name":"wp","href":"https:\/\/api.w.org\/{rel}","templated":true}]}}