{"id":6211,"date":"2018-08-06T21:49:08","date_gmt":"2018-08-07T00:49:08","guid":{"rendered":"http:\/\/ubanews.com\/site\/?p=6211"},"modified":"2018-08-20T10:03:17","modified_gmt":"2018-08-20T13:03:17","slug":"prestigiado-por-amigos-e-familiares-delegado-regional-participa-de-missa-em-acao-de-gracas-na-igreja-do-divino","status":"publish","type":"post","link":"https:\/\/ubanews.com\/site\/2018\/08\/06\/prestigiado-por-amigos-e-familiares-delegado-regional-participa-de-missa-em-acao-de-gracas-na-igreja-do-divino\/","title":{"rendered":"PRESTIGIADO POR AMIGOS E FAMILIARES DELEGADO REGIONAL PARTICIPA DE MISSA EM A\u00c7\u00c3O DE GRA\u00c7AS NA IGREJA DO DIVINO"},"content":{"rendered":"<p>O Delegado de Pol\u00edcia Civil doutor Di\u00eago Candian Alves \u00e9 o mais novo comandante da Segunda Delegacia Regional de Pol\u00edcia Civil com sede em Ub\u00e1. Por orienta\u00e7\u00e3o de seus superiores ele n\u00e3o pode realizar uma cerim\u00f4nia de posse em sua chegada, como gostaria. Por\u00e9m, como cat\u00f3lico assumido, o delegado participou neste domingo (05), \u00e0s 19h, de uma missa em a\u00e7\u00e3o de gra\u00e7as na Igreja Matriz do Divino Esp\u00edrito Santo, em Ub\u00e1, celebrada pelo padre Silas Geraldo. Com dura\u00e7\u00e3o de 90 minutos, o momento de f\u00e9 encerrou \u00e0s 20h e 30 minutos, quando doutor Di\u00eago recebeu os cumprimentos de seus colegas delegados, investigadores, escriv\u00e3es. O Comandante do Vig\u00e9simo Primeiro Batalh\u00e3o de Pol\u00edcia Militar de Minas Gerais e o presidente da 30 SubSe\u00e7\u00e3o da OAB de Ub\u00e1 Tenente Coronel PM Giovani do Carmo Ramos e Doutor Miguel Poggiali Gasparoni respectivamente, entre familiares e amigos prestigiaram o doutor Di\u00eago. A Igreja Matriz do Divino Esp\u00edrito Santo ficou lotada. No encerramento da celebra\u00e7\u00e3o o delegado falou \u00e0 nossa reportagem sobre aquele momento.<\/p>\n<p>Nesta segunda-feira (06) o delegado postou est\u00e1 mensagem em sua p\u00e1gina no Facebook<\/p>\n<p>\u201cRecebendo a visita dos amigos Leonardo (coordenador da FAGOC); Ros\u00e2ngela (presidente da C\u00e2mara Municipal de Ub\u00e1 e diretora do Hospital Santa Isabel de Ub\u00e1) e Wagner (coordenador do curso de direito da UNIPAC). Parcerias certas com pessoas comprometidas pelo bem da sociedade! Em breve, a delegacia regional de Ub\u00e1 receber\u00e1 10 novos estagi\u00e1rios! Muito obrigado a voc\u00eas pelo apoio\u201d!<\/p>\n<p><a href=\"https:\/\/ubanews.com\/site\/wp-content\/uploads\/2018\/08\/001-9.jpg\"><img decoding=\"async\" class=\"alignnone size-full wp-image-6212 lazyload\" data-src=\"https:\/\/ubanews.com\/site\/wp-content\/uploads\/2018\/08\/001-9.jpg\" alt=\"\" width=\"800\" height=\"600\" data-srcset=\"https:\/\/ubanews.com\/site\/wp-content\/uploads\/2018\/08\/001-9.jpg 800w, https:\/\/ubanews.com\/site\/wp-content\/uploads\/2018\/08\/001-9-300x225.jpg 300w, https:\/\/ubanews.com\/site\/wp-content\/uploads\/2018\/08\/001-9-768x576.jpg 768w\" data-sizes=\"(max-width: 800px) 100vw, 800px\" src=\"data:image\/svg+xml;base64,PHN2ZyB3aWR0aD0iMSIgaGVpZ2h0PSIxIiB4bWxucz0iaHR0cDovL3d3dy53My5vcmcvMjAwMC9zdmciPjwvc3ZnPg==\" style=\"--smush-placeholder-width: 800px; --smush-placeholder-aspect-ratio: 800\/600;\" \/><\/a><\/p>\n<div style=\"position: relative; height: 0; padding-bottom: 56.25%;\"><iframe style=\"position: absolute; width: 100%; height: 100%; left: 0;\" data-src=\"https:\/\/www.youtube.com\/embed\/rON69FXrS40?ecver=2\" width=\"640\" height=\"360\" frameborder=\"0\" allowfullscreen=\"allowfullscreen\" src=\"data:image\/svg+xml;base64,PHN2ZyB3aWR0aD0iMSIgaGVpZ2h0PSIxIiB4bWxucz0iaHR0cDovL3d3dy53My5vcmcvMjAwMC9zdmciPjwvc3ZnPg==\" class=\"lazyload\" data-load-mode=\"1\"><\/iframe><\/div>\n<p>&nbsp;<\/p>\n","protected":false},"excerpt":{"rendered":"<p>O Delegado de Pol\u00edcia Civil doutor Di\u00eago Candian Alves \u00e9<\/p>\n","protected":false},"author":2,"featured_media":6213,"comment_status":"open","ping_status":"open","sticky":false,"template":"","format":"standard","meta":{"footnotes":""},"categories":[1],"tags":[],"class_list":["post-6211","post","type-post","status-publish","format-standard","has-post-thumbnail","hentry","category-sem-categoria"],"yoast_head":"<!-- This site is optimized with the Yoast SEO plugin v27.2 - https:\/\/yoast.com\/product\/yoast-seo-wordpress\/ -->\n<title>PRESTIGIADO POR AMIGOS E FAMILIARES DELEGADO REGIONAL PARTICIPA DE MISSA EM A\u00c7\u00c3O DE GRA\u00c7AS NA IGREJA DO DIVINO - Ub\u00e1 News<\/title>\n<meta name=\"robots\" content=\"index, follow, max-snippet:-1, max-image-preview:large, max-video-preview:-1\" \/>\n<link rel=\"canonical\" href=\"https:\/\/ubanews.com\/site\/2018\/08\/06\/prestigiado-por-amigos-e-familiares-delegado-regional-participa-de-missa-em-acao-de-gracas-na-igreja-do-divino\/\" \/>\n<meta property=\"og:locale\" content=\"pt_BR\" \/>\n<meta property=\"og:type\" content=\"article\" \/>\n<meta property=\"og:title\" content=\"PRESTIGIADO POR AMIGOS E FAMILIARES DELEGADO REGIONAL PARTICIPA DE MISSA EM A\u00c7\u00c3O DE GRA\u00c7AS NA IGREJA DO DIVINO - Ub\u00e1 News\" \/>\n<meta property=\"og:description\" content=\"O Delegado de Pol\u00edcia Civil doutor Di\u00eago Candian Alves \u00e9\" \/>\n<meta property=\"og:url\" content=\"https:\/\/ubanews.com\/site\/2018\/08\/06\/prestigiado-por-amigos-e-familiares-delegado-regional-participa-de-missa-em-acao-de-gracas-na-igreja-do-divino\/\" \/>\n<meta property=\"og:site_name\" content=\"Ub\u00e1 News\" \/>\n<meta property=\"article:publisher\" content=\"https:\/\/www.facebook.com\/Ub%c3%a1News-Carlos-Roberto-Sodr%c3%a9-418778301977370\" \/>\n<meta property=\"article:author\" content=\"https:\/\/www.facebook.com\/carosroberto.sodre.5\/\" \/>\n<meta property=\"article:published_time\" content=\"2018-08-07T00:49:08+00:00\" \/>\n<meta property=\"article:modified_time\" content=\"2018-08-20T13:03:17+00:00\" \/>\n<meta property=\"og:image\" content=\"https:\/\/ubanews.com\/site\/wp-content\/uploads\/2018\/08\/002-2.jpg\" \/>\n\t<meta property=\"og:image:width\" content=\"800\" \/>\n\t<meta property=\"og:image:height\" content=\"389\" \/>\n\t<meta property=\"og:image:type\" content=\"image\/jpeg\" \/>\n<meta name=\"author\" content=\"Sodr\u00e9\" \/>\n<meta name=\"twitter:card\" content=\"summary_large_image\" \/>\n<meta name=\"twitter:label1\" content=\"Escrito por\" \/>\n\t<meta name=\"twitter:data1\" content=\"Sodr\u00e9\" \/>\n\t<meta name=\"twitter:label2\" content=\"Est. tempo de leitura\" \/>\n\t<meta name=\"twitter:data2\" content=\"1 minuto\" \/>\n<script type=\"application\/ld+json\" class=\"yoast-schema-graph\">{\"@context\":\"https:\/\/schema.org\",\"@graph\":[{\"@type\":\"Article\",\"@id\":\"https:\/\/ubanews.com\/site\/2018\/08\/06\/prestigiado-por-amigos-e-familiares-delegado-regional-participa-de-missa-em-acao-de-gracas-na-igreja-do-divino\/#article\",\"isPartOf\":{\"@id\":\"https:\/\/ubanews.com\/site\/2018\/08\/06\/prestigiado-por-amigos-e-familiares-delegado-regional-participa-de-missa-em-acao-de-gracas-na-igreja-do-divino\/\"},\"author\":{\"name\":\"Sodr\u00e9\",\"@id\":\"https:\/\/ubanews.com\/site\/#\/schema\/person\/d90c9e47252fbb63dcc969fe4c8b9d10\"},\"headline\":\"PRESTIGIADO POR AMIGOS E FAMILIARES DELEGADO REGIONAL PARTICIPA DE MISSA EM A\u00c7\u00c3O DE GRA\u00c7AS NA IGREJA DO DIVINO\",\"datePublished\":\"2018-08-07T00:49:08+00:00\",\"dateModified\":\"2018-08-20T13:03:17+00:00\",\"mainEntityOfPage\":{\"@id\":\"https:\/\/ubanews.com\/site\/2018\/08\/06\/prestigiado-por-amigos-e-familiares-delegado-regional-participa-de-missa-em-acao-de-gracas-na-igreja-do-divino\/\"},\"wordCount\":279,\"commentCount\":0,\"publisher\":{\"@id\":\"https:\/\/ubanews.com\/site\/#organization\"},\"image\":{\"@id\":\"https:\/\/ubanews.com\/site\/2018\/08\/06\/prestigiado-por-amigos-e-familiares-delegado-regional-participa-de-missa-em-acao-de-gracas-na-igreja-do-divino\/#primaryimage\"},\"thumbnailUrl\":\"https:\/\/ubanews.com\/site\/wp-content\/uploads\/2018\/08\/002-2.jpg\",\"articleSection\":[\"Geral\"],\"inLanguage\":\"pt-BR\",\"potentialAction\":[{\"@type\":\"CommentAction\",\"name\":\"Comment\",\"target\":[\"https:\/\/ubanews.com\/site\/2018\/08\/06\/prestigiado-por-amigos-e-familiares-delegado-regional-participa-de-missa-em-acao-de-gracas-na-igreja-do-divino\/#respond\"]}]},{\"@type\":\"WebPage\",\"@id\":\"https:\/\/ubanews.com\/site\/2018\/08\/06\/prestigiado-por-amigos-e-familiares-delegado-regional-participa-de-missa-em-acao-de-gracas-na-igreja-do-divino\/\",\"url\":\"https:\/\/ubanews.com\/site\/2018\/08\/06\/prestigiado-por-amigos-e-familiares-delegado-regional-participa-de-missa-em-acao-de-gracas-na-igreja-do-divino\/\",\"name\":\"PRESTIGIADO POR AMIGOS E FAMILIARES DELEGADO REGIONAL PARTICIPA DE MISSA EM A\u00c7\u00c3O DE GRA\u00c7AS NA IGREJA DO DIVINO - Ub\u00e1 News\",\"isPartOf\":{\"@id\":\"https:\/\/ubanews.com\/site\/#website\"},\"primaryImageOfPage\":{\"@id\":\"https:\/\/ubanews.com\/site\/2018\/08\/06\/prestigiado-por-amigos-e-familiares-delegado-regional-participa-de-missa-em-acao-de-gracas-na-igreja-do-divino\/#primaryimage\"},\"image\":{\"@id\":\"https:\/\/ubanews.com\/site\/2018\/08\/06\/prestigiado-por-amigos-e-familiares-delegado-regional-participa-de-missa-em-acao-de-gracas-na-igreja-do-divino\/#primaryimage\"},\"thumbnailUrl\":\"https:\/\/ubanews.com\/site\/wp-content\/uploads\/2018\/08\/002-2.jpg\",\"datePublished\":\"2018-08-07T00:49:08+00:00\",\"dateModified\":\"2018-08-20T13:03:17+00:00\",\"breadcrumb\":{\"@id\":\"https:\/\/ubanews.com\/site\/2018\/08\/06\/prestigiado-por-amigos-e-familiares-delegado-regional-participa-de-missa-em-acao-de-gracas-na-igreja-do-divino\/#breadcrumb\"},\"inLanguage\":\"pt-BR\",\"potentialAction\":[{\"@type\":\"ReadAction\",\"target\":[\"https:\/\/ubanews.com\/site\/2018\/08\/06\/prestigiado-por-amigos-e-familiares-delegado-regional-participa-de-missa-em-acao-de-gracas-na-igreja-do-divino\/\"]}]},{\"@type\":\"ImageObject\",\"inLanguage\":\"pt-BR\",\"@id\":\"https:\/\/ubanews.com\/site\/2018\/08\/06\/prestigiado-por-amigos-e-familiares-delegado-regional-participa-de-missa-em-acao-de-gracas-na-igreja-do-divino\/#primaryimage\",\"url\":\"https:\/\/ubanews.com\/site\/wp-content\/uploads\/2018\/08\/002-2.jpg\",\"contentUrl\":\"https:\/\/ubanews.com\/site\/wp-content\/uploads\/2018\/08\/002-2.jpg\",\"width\":800,\"height\":389},{\"@type\":\"BreadcrumbList\",\"@id\":\"https:\/\/ubanews.com\/site\/2018\/08\/06\/prestigiado-por-amigos-e-familiares-delegado-regional-participa-de-missa-em-acao-de-gracas-na-igreja-do-divino\/#breadcrumb\",\"itemListElement\":[{\"@type\":\"ListItem\",\"position\":1,\"name\":\"Home\",\"item\":\"https:\/\/ubanews.com\/site\/\"},{\"@type\":\"ListItem\",\"position\":2,\"name\":\"PRESTIGIADO POR AMIGOS E FAMILIARES DELEGADO REGIONAL PARTICIPA DE MISSA EM A\u00c7\u00c3O DE GRA\u00c7AS NA IGREJA DO DIVINO\"}]},{\"@type\":\"WebSite\",\"@id\":\"https:\/\/ubanews.com\/site\/#website\",\"url\":\"https:\/\/ubanews.com\/site\/\",\"name\":\"Ub\u00e1 News\",\"description\":\"\",\"publisher\":{\"@id\":\"https:\/\/ubanews.com\/site\/#organization\"},\"potentialAction\":[{\"@type\":\"SearchAction\",\"target\":{\"@type\":\"EntryPoint\",\"urlTemplate\":\"https:\/\/ubanews.com\/site\/?s={search_term_string}\"},\"query-input\":{\"@type\":\"PropertyValueSpecification\",\"valueRequired\":true,\"valueName\":\"search_term_string\"}}],\"inLanguage\":\"pt-BR\"},{\"@type\":\"Organization\",\"@id\":\"https:\/\/ubanews.com\/site\/#organization\",\"name\":\"Ub\u00e1 News\",\"url\":\"https:\/\/ubanews.com\/site\/\",\"logo\":{\"@type\":\"ImageObject\",\"inLanguage\":\"pt-BR\",\"@id\":\"https:\/\/ubanews.com\/site\/#\/schema\/logo\/image\/\",\"url\":\"https:\/\/ubanews.com\/site\/wp-content\/uploads\/2018\/01\/logoubanews.png\",\"contentUrl\":\"https:\/\/ubanews.com\/site\/wp-content\/uploads\/2018\/01\/logoubanews.png\",\"width\":261,\"height\":99,\"caption\":\"Ub\u00e1 News\"},\"image\":{\"@id\":\"https:\/\/ubanews.com\/site\/#\/schema\/logo\/image\/\"},\"sameAs\":[\"https:\/\/www.facebook.com\/Ub\u00e1News-Carlos-Roberto-Sodr\u00e9-418778301977370\"]},{\"@type\":\"Person\",\"@id\":\"https:\/\/ubanews.com\/site\/#\/schema\/person\/d90c9e47252fbb63dcc969fe4c8b9d10\",\"name\":\"Sodr\u00e9\",\"image\":{\"@type\":\"ImageObject\",\"inLanguage\":\"pt-BR\",\"@id\":\"https:\/\/secure.gravatar.com\/avatar\/5ba2793f0590b9dbfad3fdec4ee714485b3eef211c9b32ee53d414060454a56c?s=96&d=mm&r=g\",\"url\":\"https:\/\/secure.gravatar.com\/avatar\/5ba2793f0590b9dbfad3fdec4ee714485b3eef211c9b32ee53d414060454a56c?s=96&d=mm&r=g\",\"contentUrl\":\"https:\/\/secure.gravatar.com\/avatar\/5ba2793f0590b9dbfad3fdec4ee714485b3eef211c9b32ee53d414060454a56c?s=96&d=mm&r=g\",\"caption\":\"Sodr\u00e9\"},\"sameAs\":[\"https:\/\/www.facebook.com\/carosroberto.sodre.5\/\"],\"url\":\"https:\/\/ubanews.com\/site\/author\/felipe\/\"}]}<\/script>\n<!-- \/ Yoast SEO plugin. -->","yoast_head_json":{"title":"PRESTIGIADO POR AMIGOS E FAMILIARES DELEGADO REGIONAL PARTICIPA DE MISSA EM A\u00c7\u00c3O DE GRA\u00c7AS NA IGREJA DO DIVINO - Ub\u00e1 News","robots":{"index":"index","follow":"follow","max-snippet":"max-snippet:-1","max-image-preview":"max-image-preview:large","max-video-preview":"max-video-preview:-1"},"canonical":"https:\/\/ubanews.com\/site\/2018\/08\/06\/prestigiado-por-amigos-e-familiares-delegado-regional-participa-de-missa-em-acao-de-gracas-na-igreja-do-divino\/","og_locale":"pt_BR","og_type":"article","og_title":"PRESTIGIADO POR AMIGOS E FAMILIARES DELEGADO REGIONAL PARTICIPA DE MISSA EM A\u00c7\u00c3O DE GRA\u00c7AS NA IGREJA DO DIVINO - Ub\u00e1 News","og_description":"O Delegado de Pol\u00edcia Civil doutor Di\u00eago Candian Alves \u00e9","og_url":"https:\/\/ubanews.com\/site\/2018\/08\/06\/prestigiado-por-amigos-e-familiares-delegado-regional-participa-de-missa-em-acao-de-gracas-na-igreja-do-divino\/","og_site_name":"Ub\u00e1 News","article_publisher":"https:\/\/www.facebook.com\/Ub%c3%a1News-Carlos-Roberto-Sodr%c3%a9-418778301977370","article_author":"https:\/\/www.facebook.com\/carosroberto.sodre.5\/","article_published_time":"2018-08-07T00:49:08+00:00","article_modified_time":"2018-08-20T13:03:17+00:00","og_image":[{"width":800,"height":389,"url":"https:\/\/ubanews.com\/site\/wp-content\/uploads\/2018\/08\/002-2.jpg","type":"image\/jpeg"}],"author":"Sodr\u00e9","twitter_card":"summary_large_image","twitter_misc":{"Escrito por":"Sodr\u00e9","Est. tempo de leitura":"1 minuto"},"schema":{"@context":"https:\/\/schema.org","@graph":[{"@type":"Article","@id":"https:\/\/ubanews.com\/site\/2018\/08\/06\/prestigiado-por-amigos-e-familiares-delegado-regional-participa-de-missa-em-acao-de-gracas-na-igreja-do-divino\/#article","isPartOf":{"@id":"https:\/\/ubanews.com\/site\/2018\/08\/06\/prestigiado-por-amigos-e-familiares-delegado-regional-participa-de-missa-em-acao-de-gracas-na-igreja-do-divino\/"},"author":{"name":"Sodr\u00e9","@id":"https:\/\/ubanews.com\/site\/#\/schema\/person\/d90c9e47252fbb63dcc969fe4c8b9d10"},"headline":"PRESTIGIADO POR AMIGOS E FAMILIARES DELEGADO REGIONAL PARTICIPA DE MISSA EM A\u00c7\u00c3O DE GRA\u00c7AS NA IGREJA DO DIVINO","datePublished":"2018-08-07T00:49:08+00:00","dateModified":"2018-08-20T13:03:17+00:00","mainEntityOfPage":{"@id":"https:\/\/ubanews.com\/site\/2018\/08\/06\/prestigiado-por-amigos-e-familiares-delegado-regional-participa-de-missa-em-acao-de-gracas-na-igreja-do-divino\/"},"wordCount":279,"commentCount":0,"publisher":{"@id":"https:\/\/ubanews.com\/site\/#organization"},"image":{"@id":"https:\/\/ubanews.com\/site\/2018\/08\/06\/prestigiado-por-amigos-e-familiares-delegado-regional-participa-de-missa-em-acao-de-gracas-na-igreja-do-divino\/#primaryimage"},"thumbnailUrl":"https:\/\/ubanews.com\/site\/wp-content\/uploads\/2018\/08\/002-2.jpg","articleSection":["Geral"],"inLanguage":"pt-BR","potentialAction":[{"@type":"CommentAction","name":"Comment","target":["https:\/\/ubanews.com\/site\/2018\/08\/06\/prestigiado-por-amigos-e-familiares-delegado-regional-participa-de-missa-em-acao-de-gracas-na-igreja-do-divino\/#respond"]}]},{"@type":"WebPage","@id":"https:\/\/ubanews.com\/site\/2018\/08\/06\/prestigiado-por-amigos-e-familiares-delegado-regional-participa-de-missa-em-acao-de-gracas-na-igreja-do-divino\/","url":"https:\/\/ubanews.com\/site\/2018\/08\/06\/prestigiado-por-amigos-e-familiares-delegado-regional-participa-de-missa-em-acao-de-gracas-na-igreja-do-divino\/","name":"PRESTIGIADO POR AMIGOS E FAMILIARES DELEGADO REGIONAL PARTICIPA DE MISSA EM A\u00c7\u00c3O DE GRA\u00c7AS NA IGREJA DO DIVINO - Ub\u00e1 News","isPartOf":{"@id":"https:\/\/ubanews.com\/site\/#website"},"primaryImageOfPage":{"@id":"https:\/\/ubanews.com\/site\/2018\/08\/06\/prestigiado-por-amigos-e-familiares-delegado-regional-participa-de-missa-em-acao-de-gracas-na-igreja-do-divino\/#primaryimage"},"image":{"@id":"https:\/\/ubanews.com\/site\/2018\/08\/06\/prestigiado-por-amigos-e-familiares-delegado-regional-participa-de-missa-em-acao-de-gracas-na-igreja-do-divino\/#primaryimage"},"thumbnailUrl":"https:\/\/ubanews.com\/site\/wp-content\/uploads\/2018\/08\/002-2.jpg","datePublished":"2018-08-07T00:49:08+00:00","dateModified":"2018-08-20T13:03:17+00:00","breadcrumb":{"@id":"https:\/\/ubanews.com\/site\/2018\/08\/06\/prestigiado-por-amigos-e-familiares-delegado-regional-participa-de-missa-em-acao-de-gracas-na-igreja-do-divino\/#breadcrumb"},"inLanguage":"pt-BR","potentialAction":[{"@type":"ReadAction","target":["https:\/\/ubanews.com\/site\/2018\/08\/06\/prestigiado-por-amigos-e-familiares-delegado-regional-participa-de-missa-em-acao-de-gracas-na-igreja-do-divino\/"]}]},{"@type":"ImageObject","inLanguage":"pt-BR","@id":"https:\/\/ubanews.com\/site\/2018\/08\/06\/prestigiado-por-amigos-e-familiares-delegado-regional-participa-de-missa-em-acao-de-gracas-na-igreja-do-divino\/#primaryimage","url":"https:\/\/ubanews.com\/site\/wp-content\/uploads\/2018\/08\/002-2.jpg","contentUrl":"https:\/\/ubanews.com\/site\/wp-content\/uploads\/2018\/08\/002-2.jpg","width":800,"height":389},{"@type":"BreadcrumbList","@id":"https:\/\/ubanews.com\/site\/2018\/08\/06\/prestigiado-por-amigos-e-familiares-delegado-regional-participa-de-missa-em-acao-de-gracas-na-igreja-do-divino\/#breadcrumb","itemListElement":[{"@type":"ListItem","position":1,"name":"Home","item":"https:\/\/ubanews.com\/site\/"},{"@type":"ListItem","position":2,"name":"PRESTIGIADO POR AMIGOS E FAMILIARES DELEGADO REGIONAL PARTICIPA DE MISSA EM A\u00c7\u00c3O DE GRA\u00c7AS NA IGREJA DO DIVINO"}]},{"@type":"WebSite","@id":"https:\/\/ubanews.com\/site\/#website","url":"https:\/\/ubanews.com\/site\/","name":"Ub\u00e1 News","description":"","publisher":{"@id":"https:\/\/ubanews.com\/site\/#organization"},"potentialAction":[{"@type":"SearchAction","target":{"@type":"EntryPoint","urlTemplate":"https:\/\/ubanews.com\/site\/?s={search_term_string}"},"query-input":{"@type":"PropertyValueSpecification","valueRequired":true,"valueName":"search_term_string"}}],"inLanguage":"pt-BR"},{"@type":"Organization","@id":"https:\/\/ubanews.com\/site\/#organization","name":"Ub\u00e1 News","url":"https:\/\/ubanews.com\/site\/","logo":{"@type":"ImageObject","inLanguage":"pt-BR","@id":"https:\/\/ubanews.com\/site\/#\/schema\/logo\/image\/","url":"https:\/\/ubanews.com\/site\/wp-content\/uploads\/2018\/01\/logoubanews.png","contentUrl":"https:\/\/ubanews.com\/site\/wp-content\/uploads\/2018\/01\/logoubanews.png","width":261,"height":99,"caption":"Ub\u00e1 News"},"image":{"@id":"https:\/\/ubanews.com\/site\/#\/schema\/logo\/image\/"},"sameAs":["https:\/\/www.facebook.com\/Ub\u00e1News-Carlos-Roberto-Sodr\u00e9-418778301977370"]},{"@type":"Person","@id":"https:\/\/ubanews.com\/site\/#\/schema\/person\/d90c9e47252fbb63dcc969fe4c8b9d10","name":"Sodr\u00e9","image":{"@type":"ImageObject","inLanguage":"pt-BR","@id":"https:\/\/secure.gravatar.com\/avatar\/5ba2793f0590b9dbfad3fdec4ee714485b3eef211c9b32ee53d414060454a56c?s=96&d=mm&r=g","url":"https:\/\/secure.gravatar.com\/avatar\/5ba2793f0590b9dbfad3fdec4ee714485b3eef211c9b32ee53d414060454a56c?s=96&d=mm&r=g","contentUrl":"https:\/\/secure.gravatar.com\/avatar\/5ba2793f0590b9dbfad3fdec4ee714485b3eef211c9b32ee53d414060454a56c?s=96&d=mm&r=g","caption":"Sodr\u00e9"},"sameAs":["https:\/\/www.facebook.com\/carosroberto.sodre.5\/"],"url":"https:\/\/ubanews.com\/site\/author\/felipe\/"}]}},"_links":{"self":[{"href":"https:\/\/ubanews.com\/site\/wp-json\/wp\/v2\/posts\/6211","targetHints":{"allow":["GET"]}}],"collection":[{"href":"https:\/\/ubanews.com\/site\/wp-json\/wp\/v2\/posts"}],"about":[{"href":"https:\/\/ubanews.com\/site\/wp-json\/wp\/v2\/types\/post"}],"author":[{"embeddable":true,"href":"https:\/\/ubanews.com\/site\/wp-json\/wp\/v2\/users\/2"}],"replies":[{"embeddable":true,"href":"https:\/\/ubanews.com\/site\/wp-json\/wp\/v2\/comments?post=6211"}],"version-history":[{"count":0,"href":"https:\/\/ubanews.com\/site\/wp-json\/wp\/v2\/posts\/6211\/revisions"}],"wp:featuredmedia":[{"embeddable":true,"href":"https:\/\/ubanews.com\/site\/wp-json\/wp\/v2\/media\/6213"}],"wp:attachment":[{"href":"https:\/\/ubanews.com\/site\/wp-json\/wp\/v2\/media?parent=6211"}],"wp:term":[{"taxonomy":"category","embeddable":true,"href":"https:\/\/ubanews.com\/site\/wp-json\/wp\/v2\/categories?post=6211"},{"taxonomy":"post_tag","embeddable":true,"href":"https:\/\/ubanews.com\/site\/wp-json\/wp\/v2\/tags?post=6211"}],"curies":[{"name":"wp","href":"https:\/\/api.w.org\/{rel}","templated":true}]}}