{"id":6199,"date":"2018-08-06T21:01:54","date_gmt":"2018-08-07T00:01:54","guid":{"rendered":"http:\/\/ubanews.com\/site\/?p=6199"},"modified":"2018-08-06T21:01:54","modified_gmt":"2018-08-07T00:01:54","slug":"escola-de-samba-da-vila-casal-promove-a-primeira-feijoada-imperial-visando-o-proximo-carnaval","status":"publish","type":"post","link":"https:\/\/ubanews.com\/site\/2018\/08\/06\/escola-de-samba-da-vila-casal-promove-a-primeira-feijoada-imperial-visando-o-proximo-carnaval\/","title":{"rendered":"ESCOLA DE SAMBA DA VILA CASAL PROMOVE A PRIMEIRA FEIJOADA IMPERIAL, VISANDO O PR\u00d3XIMO CARNAVAL"},"content":{"rendered":"<p>A Associa\u00e7\u00e3o Recreativa Escola de Samba Imp\u00e9rio da Vila Casal promoveu neste domingo (05) uma deliciosa feijoada, denominada a Primeira Edi\u00e7\u00e3o da Feijoada Imperial. Os convidados foram recebidos na sede da escola rua Maur\u00edcio Bai\u00e3o Gazolla, Quadra da Imp\u00e9rio da Vila. Este foi o segundo evento realizado pela diretoria, visando sua participa\u00e7\u00e3o no carnaval de 2019. Pessoas que colaboraram com a escola receberam diploma de honra ao m\u00e9rito. O prefeito doutor Edson Teixeira Filho e o seu vice-prefeito Vin\u00edcius Sam\u00f4r de Lacerda prestigiaram o encontro. O Grupo de Samba e Pagode de Leopoldina \u201cFechamento de Dois\u201d abrilhantou o momento. Conforme estava previsto, uma camisa autografada pela Marrom Alcione, quando esteve em Ub\u00e1, no in\u00edcio do m\u00eas de julho, foi sorteada e o ganhador foi Wendel, morador da Vila Casal. Como um bom anfitri\u00e3o o presidente da Imp\u00e9rio da Vila Jorge Augusto de Barros Peres (Blau Blau) recebeu \u00e0 nossa reportagem.<\/p>\n<div style=\"position: relative; height: 0; padding-bottom: 56.25%;\"><iframe style=\"position: absolute; width: 100%; height: 100%; left: 0;\" data-src=\"https:\/\/www.youtube.com\/embed\/wI9uG6oukgI?ecver=2\" width=\"640\" height=\"360\" frameborder=\"0\" allowfullscreen=\"allowfullscreen\" src=\"data:image\/svg+xml;base64,PHN2ZyB3aWR0aD0iMSIgaGVpZ2h0PSIxIiB4bWxucz0iaHR0cDovL3d3dy53My5vcmcvMjAwMC9zdmciPjwvc3ZnPg==\" class=\"lazyload\" data-load-mode=\"1\"><\/iframe><\/div>\n","protected":false},"excerpt":{"rendered":"<p>A Associa\u00e7\u00e3o Recreativa Escola de Samba Imp\u00e9rio da Vila Casal<\/p>\n","protected":false},"author":2,"featured_media":6209,"comment_status":"open","ping_status":"open","sticky":false,"template":"","format":"standard","meta":{"footnotes":""},"categories":[1],"tags":[],"class_list":["post-6199","post","type-post","status-publish","format-standard","has-post-thumbnail","hentry","category-sem-categoria"],"yoast_head":"<!-- This site is optimized with the Yoast SEO plugin v27.2 - https:\/\/yoast.com\/product\/yoast-seo-wordpress\/ -->\n<title>ESCOLA DE SAMBA DA VILA CASAL PROMOVE A PRIMEIRA FEIJOADA IMPERIAL, VISANDO O PR\u00d3XIMO CARNAVAL - Ub\u00e1 News<\/title>\n<meta name=\"robots\" content=\"index, follow, max-snippet:-1, max-image-preview:large, max-video-preview:-1\" \/>\n<link rel=\"canonical\" href=\"https:\/\/ubanews.com\/site\/2018\/08\/06\/escola-de-samba-da-vila-casal-promove-a-primeira-feijoada-imperial-visando-o-proximo-carnaval\/\" \/>\n<meta property=\"og:locale\" content=\"pt_BR\" \/>\n<meta property=\"og:type\" content=\"article\" \/>\n<meta property=\"og:title\" content=\"ESCOLA DE SAMBA DA VILA CASAL PROMOVE A PRIMEIRA FEIJOADA IMPERIAL, VISANDO O PR\u00d3XIMO CARNAVAL - Ub\u00e1 News\" \/>\n<meta property=\"og:description\" content=\"A Associa\u00e7\u00e3o Recreativa Escola de Samba Imp\u00e9rio da Vila Casal\" \/>\n<meta property=\"og:url\" content=\"https:\/\/ubanews.com\/site\/2018\/08\/06\/escola-de-samba-da-vila-casal-promove-a-primeira-feijoada-imperial-visando-o-proximo-carnaval\/\" \/>\n<meta property=\"og:site_name\" content=\"Ub\u00e1 News\" \/>\n<meta property=\"article:publisher\" content=\"https:\/\/www.facebook.com\/Ub%c3%a1News-Carlos-Roberto-Sodr%c3%a9-418778301977370\" \/>\n<meta property=\"article:author\" content=\"https:\/\/www.facebook.com\/carosroberto.sodre.5\/\" \/>\n<meta property=\"article:published_time\" content=\"2018-08-07T00:01:54+00:00\" \/>\n<meta property=\"og:image\" content=\"https:\/\/ubanews.com\/site\/wp-content\/uploads\/2018\/08\/001-8.jpg\" \/>\n\t<meta property=\"og:image:width\" content=\"800\" \/>\n\t<meta property=\"og:image:height\" content=\"389\" \/>\n\t<meta property=\"og:image:type\" content=\"image\/jpeg\" \/>\n<meta name=\"author\" content=\"Sodr\u00e9\" \/>\n<meta name=\"twitter:card\" content=\"summary_large_image\" \/>\n<meta name=\"twitter:label1\" content=\"Escrito por\" \/>\n\t<meta name=\"twitter:data1\" content=\"Sodr\u00e9\" \/>\n\t<meta name=\"twitter:label2\" content=\"Est. tempo de leitura\" \/>\n\t<meta name=\"twitter:data2\" content=\"1 minuto\" \/>\n<script type=\"application\/ld+json\" class=\"yoast-schema-graph\">{\"@context\":\"https:\/\/schema.org\",\"@graph\":[{\"@type\":\"Article\",\"@id\":\"https:\/\/ubanews.com\/site\/2018\/08\/06\/escola-de-samba-da-vila-casal-promove-a-primeira-feijoada-imperial-visando-o-proximo-carnaval\/#article\",\"isPartOf\":{\"@id\":\"https:\/\/ubanews.com\/site\/2018\/08\/06\/escola-de-samba-da-vila-casal-promove-a-primeira-feijoada-imperial-visando-o-proximo-carnaval\/\"},\"author\":{\"name\":\"Sodr\u00e9\",\"@id\":\"https:\/\/ubanews.com\/site\/#\/schema\/person\/d90c9e47252fbb63dcc969fe4c8b9d10\"},\"headline\":\"ESCOLA DE SAMBA DA VILA CASAL PROMOVE A PRIMEIRA FEIJOADA IMPERIAL, VISANDO O PR\u00d3XIMO CARNAVAL\",\"datePublished\":\"2018-08-07T00:01:54+00:00\",\"mainEntityOfPage\":{\"@id\":\"https:\/\/ubanews.com\/site\/2018\/08\/06\/escola-de-samba-da-vila-casal-promove-a-primeira-feijoada-imperial-visando-o-proximo-carnaval\/\"},\"wordCount\":177,\"commentCount\":0,\"publisher\":{\"@id\":\"https:\/\/ubanews.com\/site\/#organization\"},\"image\":{\"@id\":\"https:\/\/ubanews.com\/site\/2018\/08\/06\/escola-de-samba-da-vila-casal-promove-a-primeira-feijoada-imperial-visando-o-proximo-carnaval\/#primaryimage\"},\"thumbnailUrl\":\"https:\/\/ubanews.com\/site\/wp-content\/uploads\/2018\/08\/001-8.jpg\",\"articleSection\":[\"Geral\"],\"inLanguage\":\"pt-BR\",\"potentialAction\":[{\"@type\":\"CommentAction\",\"name\":\"Comment\",\"target\":[\"https:\/\/ubanews.com\/site\/2018\/08\/06\/escola-de-samba-da-vila-casal-promove-a-primeira-feijoada-imperial-visando-o-proximo-carnaval\/#respond\"]}]},{\"@type\":\"WebPage\",\"@id\":\"https:\/\/ubanews.com\/site\/2018\/08\/06\/escola-de-samba-da-vila-casal-promove-a-primeira-feijoada-imperial-visando-o-proximo-carnaval\/\",\"url\":\"https:\/\/ubanews.com\/site\/2018\/08\/06\/escola-de-samba-da-vila-casal-promove-a-primeira-feijoada-imperial-visando-o-proximo-carnaval\/\",\"name\":\"ESCOLA DE SAMBA DA VILA CASAL PROMOVE A PRIMEIRA FEIJOADA IMPERIAL, VISANDO O PR\u00d3XIMO CARNAVAL - Ub\u00e1 News\",\"isPartOf\":{\"@id\":\"https:\/\/ubanews.com\/site\/#website\"},\"primaryImageOfPage\":{\"@id\":\"https:\/\/ubanews.com\/site\/2018\/08\/06\/escola-de-samba-da-vila-casal-promove-a-primeira-feijoada-imperial-visando-o-proximo-carnaval\/#primaryimage\"},\"image\":{\"@id\":\"https:\/\/ubanews.com\/site\/2018\/08\/06\/escola-de-samba-da-vila-casal-promove-a-primeira-feijoada-imperial-visando-o-proximo-carnaval\/#primaryimage\"},\"thumbnailUrl\":\"https:\/\/ubanews.com\/site\/wp-content\/uploads\/2018\/08\/001-8.jpg\",\"datePublished\":\"2018-08-07T00:01:54+00:00\",\"breadcrumb\":{\"@id\":\"https:\/\/ubanews.com\/site\/2018\/08\/06\/escola-de-samba-da-vila-casal-promove-a-primeira-feijoada-imperial-visando-o-proximo-carnaval\/#breadcrumb\"},\"inLanguage\":\"pt-BR\",\"potentialAction\":[{\"@type\":\"ReadAction\",\"target\":[\"https:\/\/ubanews.com\/site\/2018\/08\/06\/escola-de-samba-da-vila-casal-promove-a-primeira-feijoada-imperial-visando-o-proximo-carnaval\/\"]}]},{\"@type\":\"ImageObject\",\"inLanguage\":\"pt-BR\",\"@id\":\"https:\/\/ubanews.com\/site\/2018\/08\/06\/escola-de-samba-da-vila-casal-promove-a-primeira-feijoada-imperial-visando-o-proximo-carnaval\/#primaryimage\",\"url\":\"https:\/\/ubanews.com\/site\/wp-content\/uploads\/2018\/08\/001-8.jpg\",\"contentUrl\":\"https:\/\/ubanews.com\/site\/wp-content\/uploads\/2018\/08\/001-8.jpg\",\"width\":800,\"height\":389},{\"@type\":\"BreadcrumbList\",\"@id\":\"https:\/\/ubanews.com\/site\/2018\/08\/06\/escola-de-samba-da-vila-casal-promove-a-primeira-feijoada-imperial-visando-o-proximo-carnaval\/#breadcrumb\",\"itemListElement\":[{\"@type\":\"ListItem\",\"position\":1,\"name\":\"Home\",\"item\":\"https:\/\/ubanews.com\/site\/\"},{\"@type\":\"ListItem\",\"position\":2,\"name\":\"ESCOLA DE SAMBA DA VILA CASAL PROMOVE A PRIMEIRA FEIJOADA IMPERIAL, VISANDO O PR\u00d3XIMO CARNAVAL\"}]},{\"@type\":\"WebSite\",\"@id\":\"https:\/\/ubanews.com\/site\/#website\",\"url\":\"https:\/\/ubanews.com\/site\/\",\"name\":\"Ub\u00e1 News\",\"description\":\"\",\"publisher\":{\"@id\":\"https:\/\/ubanews.com\/site\/#organization\"},\"potentialAction\":[{\"@type\":\"SearchAction\",\"target\":{\"@type\":\"EntryPoint\",\"urlTemplate\":\"https:\/\/ubanews.com\/site\/?s={search_term_string}\"},\"query-input\":{\"@type\":\"PropertyValueSpecification\",\"valueRequired\":true,\"valueName\":\"search_term_string\"}}],\"inLanguage\":\"pt-BR\"},{\"@type\":\"Organization\",\"@id\":\"https:\/\/ubanews.com\/site\/#organization\",\"name\":\"Ub\u00e1 News\",\"url\":\"https:\/\/ubanews.com\/site\/\",\"logo\":{\"@type\":\"ImageObject\",\"inLanguage\":\"pt-BR\",\"@id\":\"https:\/\/ubanews.com\/site\/#\/schema\/logo\/image\/\",\"url\":\"https:\/\/ubanews.com\/site\/wp-content\/uploads\/2018\/01\/logoubanews.png\",\"contentUrl\":\"https:\/\/ubanews.com\/site\/wp-content\/uploads\/2018\/01\/logoubanews.png\",\"width\":261,\"height\":99,\"caption\":\"Ub\u00e1 News\"},\"image\":{\"@id\":\"https:\/\/ubanews.com\/site\/#\/schema\/logo\/image\/\"},\"sameAs\":[\"https:\/\/www.facebook.com\/Ub\u00e1News-Carlos-Roberto-Sodr\u00e9-418778301977370\"]},{\"@type\":\"Person\",\"@id\":\"https:\/\/ubanews.com\/site\/#\/schema\/person\/d90c9e47252fbb63dcc969fe4c8b9d10\",\"name\":\"Sodr\u00e9\",\"image\":{\"@type\":\"ImageObject\",\"inLanguage\":\"pt-BR\",\"@id\":\"https:\/\/secure.gravatar.com\/avatar\/5ba2793f0590b9dbfad3fdec4ee714485b3eef211c9b32ee53d414060454a56c?s=96&d=mm&r=g\",\"url\":\"https:\/\/secure.gravatar.com\/avatar\/5ba2793f0590b9dbfad3fdec4ee714485b3eef211c9b32ee53d414060454a56c?s=96&d=mm&r=g\",\"contentUrl\":\"https:\/\/secure.gravatar.com\/avatar\/5ba2793f0590b9dbfad3fdec4ee714485b3eef211c9b32ee53d414060454a56c?s=96&d=mm&r=g\",\"caption\":\"Sodr\u00e9\"},\"sameAs\":[\"https:\/\/www.facebook.com\/carosroberto.sodre.5\/\"],\"url\":\"https:\/\/ubanews.com\/site\/author\/felipe\/\"}]}<\/script>\n<!-- \/ Yoast SEO plugin. -->","yoast_head_json":{"title":"ESCOLA DE SAMBA DA VILA CASAL PROMOVE A PRIMEIRA FEIJOADA IMPERIAL, VISANDO O PR\u00d3XIMO CARNAVAL - Ub\u00e1 News","robots":{"index":"index","follow":"follow","max-snippet":"max-snippet:-1","max-image-preview":"max-image-preview:large","max-video-preview":"max-video-preview:-1"},"canonical":"https:\/\/ubanews.com\/site\/2018\/08\/06\/escola-de-samba-da-vila-casal-promove-a-primeira-feijoada-imperial-visando-o-proximo-carnaval\/","og_locale":"pt_BR","og_type":"article","og_title":"ESCOLA DE SAMBA DA VILA CASAL PROMOVE A PRIMEIRA FEIJOADA IMPERIAL, VISANDO O PR\u00d3XIMO CARNAVAL - Ub\u00e1 News","og_description":"A Associa\u00e7\u00e3o Recreativa Escola de Samba Imp\u00e9rio da Vila Casal","og_url":"https:\/\/ubanews.com\/site\/2018\/08\/06\/escola-de-samba-da-vila-casal-promove-a-primeira-feijoada-imperial-visando-o-proximo-carnaval\/","og_site_name":"Ub\u00e1 News","article_publisher":"https:\/\/www.facebook.com\/Ub%c3%a1News-Carlos-Roberto-Sodr%c3%a9-418778301977370","article_author":"https:\/\/www.facebook.com\/carosroberto.sodre.5\/","article_published_time":"2018-08-07T00:01:54+00:00","og_image":[{"width":800,"height":389,"url":"https:\/\/ubanews.com\/site\/wp-content\/uploads\/2018\/08\/001-8.jpg","type":"image\/jpeg"}],"author":"Sodr\u00e9","twitter_card":"summary_large_image","twitter_misc":{"Escrito por":"Sodr\u00e9","Est. tempo de leitura":"1 minuto"},"schema":{"@context":"https:\/\/schema.org","@graph":[{"@type":"Article","@id":"https:\/\/ubanews.com\/site\/2018\/08\/06\/escola-de-samba-da-vila-casal-promove-a-primeira-feijoada-imperial-visando-o-proximo-carnaval\/#article","isPartOf":{"@id":"https:\/\/ubanews.com\/site\/2018\/08\/06\/escola-de-samba-da-vila-casal-promove-a-primeira-feijoada-imperial-visando-o-proximo-carnaval\/"},"author":{"name":"Sodr\u00e9","@id":"https:\/\/ubanews.com\/site\/#\/schema\/person\/d90c9e47252fbb63dcc969fe4c8b9d10"},"headline":"ESCOLA DE SAMBA DA VILA CASAL PROMOVE A PRIMEIRA FEIJOADA IMPERIAL, VISANDO O PR\u00d3XIMO CARNAVAL","datePublished":"2018-08-07T00:01:54+00:00","mainEntityOfPage":{"@id":"https:\/\/ubanews.com\/site\/2018\/08\/06\/escola-de-samba-da-vila-casal-promove-a-primeira-feijoada-imperial-visando-o-proximo-carnaval\/"},"wordCount":177,"commentCount":0,"publisher":{"@id":"https:\/\/ubanews.com\/site\/#organization"},"image":{"@id":"https:\/\/ubanews.com\/site\/2018\/08\/06\/escola-de-samba-da-vila-casal-promove-a-primeira-feijoada-imperial-visando-o-proximo-carnaval\/#primaryimage"},"thumbnailUrl":"https:\/\/ubanews.com\/site\/wp-content\/uploads\/2018\/08\/001-8.jpg","articleSection":["Geral"],"inLanguage":"pt-BR","potentialAction":[{"@type":"CommentAction","name":"Comment","target":["https:\/\/ubanews.com\/site\/2018\/08\/06\/escola-de-samba-da-vila-casal-promove-a-primeira-feijoada-imperial-visando-o-proximo-carnaval\/#respond"]}]},{"@type":"WebPage","@id":"https:\/\/ubanews.com\/site\/2018\/08\/06\/escola-de-samba-da-vila-casal-promove-a-primeira-feijoada-imperial-visando-o-proximo-carnaval\/","url":"https:\/\/ubanews.com\/site\/2018\/08\/06\/escola-de-samba-da-vila-casal-promove-a-primeira-feijoada-imperial-visando-o-proximo-carnaval\/","name":"ESCOLA DE SAMBA DA VILA CASAL PROMOVE A PRIMEIRA FEIJOADA IMPERIAL, VISANDO O PR\u00d3XIMO CARNAVAL - Ub\u00e1 News","isPartOf":{"@id":"https:\/\/ubanews.com\/site\/#website"},"primaryImageOfPage":{"@id":"https:\/\/ubanews.com\/site\/2018\/08\/06\/escola-de-samba-da-vila-casal-promove-a-primeira-feijoada-imperial-visando-o-proximo-carnaval\/#primaryimage"},"image":{"@id":"https:\/\/ubanews.com\/site\/2018\/08\/06\/escola-de-samba-da-vila-casal-promove-a-primeira-feijoada-imperial-visando-o-proximo-carnaval\/#primaryimage"},"thumbnailUrl":"https:\/\/ubanews.com\/site\/wp-content\/uploads\/2018\/08\/001-8.jpg","datePublished":"2018-08-07T00:01:54+00:00","breadcrumb":{"@id":"https:\/\/ubanews.com\/site\/2018\/08\/06\/escola-de-samba-da-vila-casal-promove-a-primeira-feijoada-imperial-visando-o-proximo-carnaval\/#breadcrumb"},"inLanguage":"pt-BR","potentialAction":[{"@type":"ReadAction","target":["https:\/\/ubanews.com\/site\/2018\/08\/06\/escola-de-samba-da-vila-casal-promove-a-primeira-feijoada-imperial-visando-o-proximo-carnaval\/"]}]},{"@type":"ImageObject","inLanguage":"pt-BR","@id":"https:\/\/ubanews.com\/site\/2018\/08\/06\/escola-de-samba-da-vila-casal-promove-a-primeira-feijoada-imperial-visando-o-proximo-carnaval\/#primaryimage","url":"https:\/\/ubanews.com\/site\/wp-content\/uploads\/2018\/08\/001-8.jpg","contentUrl":"https:\/\/ubanews.com\/site\/wp-content\/uploads\/2018\/08\/001-8.jpg","width":800,"height":389},{"@type":"BreadcrumbList","@id":"https:\/\/ubanews.com\/site\/2018\/08\/06\/escola-de-samba-da-vila-casal-promove-a-primeira-feijoada-imperial-visando-o-proximo-carnaval\/#breadcrumb","itemListElement":[{"@type":"ListItem","position":1,"name":"Home","item":"https:\/\/ubanews.com\/site\/"},{"@type":"ListItem","position":2,"name":"ESCOLA DE SAMBA DA VILA CASAL PROMOVE A PRIMEIRA FEIJOADA IMPERIAL, VISANDO O PR\u00d3XIMO CARNAVAL"}]},{"@type":"WebSite","@id":"https:\/\/ubanews.com\/site\/#website","url":"https:\/\/ubanews.com\/site\/","name":"Ub\u00e1 News","description":"","publisher":{"@id":"https:\/\/ubanews.com\/site\/#organization"},"potentialAction":[{"@type":"SearchAction","target":{"@type":"EntryPoint","urlTemplate":"https:\/\/ubanews.com\/site\/?s={search_term_string}"},"query-input":{"@type":"PropertyValueSpecification","valueRequired":true,"valueName":"search_term_string"}}],"inLanguage":"pt-BR"},{"@type":"Organization","@id":"https:\/\/ubanews.com\/site\/#organization","name":"Ub\u00e1 News","url":"https:\/\/ubanews.com\/site\/","logo":{"@type":"ImageObject","inLanguage":"pt-BR","@id":"https:\/\/ubanews.com\/site\/#\/schema\/logo\/image\/","url":"https:\/\/ubanews.com\/site\/wp-content\/uploads\/2018\/01\/logoubanews.png","contentUrl":"https:\/\/ubanews.com\/site\/wp-content\/uploads\/2018\/01\/logoubanews.png","width":261,"height":99,"caption":"Ub\u00e1 News"},"image":{"@id":"https:\/\/ubanews.com\/site\/#\/schema\/logo\/image\/"},"sameAs":["https:\/\/www.facebook.com\/Ub\u00e1News-Carlos-Roberto-Sodr\u00e9-418778301977370"]},{"@type":"Person","@id":"https:\/\/ubanews.com\/site\/#\/schema\/person\/d90c9e47252fbb63dcc969fe4c8b9d10","name":"Sodr\u00e9","image":{"@type":"ImageObject","inLanguage":"pt-BR","@id":"https:\/\/secure.gravatar.com\/avatar\/5ba2793f0590b9dbfad3fdec4ee714485b3eef211c9b32ee53d414060454a56c?s=96&d=mm&r=g","url":"https:\/\/secure.gravatar.com\/avatar\/5ba2793f0590b9dbfad3fdec4ee714485b3eef211c9b32ee53d414060454a56c?s=96&d=mm&r=g","contentUrl":"https:\/\/secure.gravatar.com\/avatar\/5ba2793f0590b9dbfad3fdec4ee714485b3eef211c9b32ee53d414060454a56c?s=96&d=mm&r=g","caption":"Sodr\u00e9"},"sameAs":["https:\/\/www.facebook.com\/carosroberto.sodre.5\/"],"url":"https:\/\/ubanews.com\/site\/author\/felipe\/"}]}},"_links":{"self":[{"href":"https:\/\/ubanews.com\/site\/wp-json\/wp\/v2\/posts\/6199","targetHints":{"allow":["GET"]}}],"collection":[{"href":"https:\/\/ubanews.com\/site\/wp-json\/wp\/v2\/posts"}],"about":[{"href":"https:\/\/ubanews.com\/site\/wp-json\/wp\/v2\/types\/post"}],"author":[{"embeddable":true,"href":"https:\/\/ubanews.com\/site\/wp-json\/wp\/v2\/users\/2"}],"replies":[{"embeddable":true,"href":"https:\/\/ubanews.com\/site\/wp-json\/wp\/v2\/comments?post=6199"}],"version-history":[{"count":0,"href":"https:\/\/ubanews.com\/site\/wp-json\/wp\/v2\/posts\/6199\/revisions"}],"wp:featuredmedia":[{"embeddable":true,"href":"https:\/\/ubanews.com\/site\/wp-json\/wp\/v2\/media\/6209"}],"wp:attachment":[{"href":"https:\/\/ubanews.com\/site\/wp-json\/wp\/v2\/media?parent=6199"}],"wp:term":[{"taxonomy":"category","embeddable":true,"href":"https:\/\/ubanews.com\/site\/wp-json\/wp\/v2\/categories?post=6199"},{"taxonomy":"post_tag","embeddable":true,"href":"https:\/\/ubanews.com\/site\/wp-json\/wp\/v2\/tags?post=6199"}],"curies":[{"name":"wp","href":"https:\/\/api.w.org\/{rel}","templated":true}]}}