{"id":6195,"date":"2018-08-06T11:12:25","date_gmt":"2018-08-06T14:12:25","guid":{"rendered":"http:\/\/ubanews.com\/site\/?p=6195"},"modified":"2018-08-06T11:12:40","modified_gmt":"2018-08-06T14:12:40","slug":"21o-bpm-realiza-operacao-conjunta-policia-militar-e-policia-civil","status":"publish","type":"post","link":"https:\/\/ubanews.com\/site\/2018\/08\/06\/21o-bpm-realiza-operacao-conjunta-policia-militar-e-policia-civil\/","title":{"rendered":"21\u00ba BPM REALIZA OPERA\u00c7\u00c3O CONJUNTA POL\u00cdCIA MILITAR E POL\u00cdCIA CIVIL  \u00a0"},"content":{"rendered":"<p>No dia 03 de Agosto foi desencadeada Opera\u00e7\u00e3o Conjunta com a pol\u00edcia civil na \u00e1rea de abrang\u00eancia do Vig\u00e9simo Primeiro Batalh\u00e3o de Pol\u00edcia Militar. Esta opera\u00e7\u00e3o aconteceu em algumas cidades, cujo objetivo principal foi o combate ao avan\u00e7o da criminalidade.<\/p>\n<p>Houve cumprimento de Mandado de Busca e Apreens\u00e3o nas cidades de Ub\u00e1, Visconde do Rio Branco, Rio Pomba, Guarani, Senador Firmino e Merc\u00eas, culminando com os seguintes resultados: 01 Pistola Beretta cal.22 modelo 950B; 01 ve\u00edculo recuperado por apropria\u00e7\u00e3o ind\u00e9bita; &nbsp;34 muni\u00e7\u00f5es intactas, cal.22; 01 muni\u00e7\u00e3o deflagrada, cal.22; 32 papelotes de coca\u00edna; 06 \u2013 buchas de maconha; 06 pris\u00f5es, sendo uma em virtude de mandato; 01 menor apreendido; 02 telefones celulares e R$470,00 (quatrocentos e setenta reais em moeda corrente).<\/p>\n<p><strong>A<\/strong><strong>SSESSORIA DE COMUNICA\u00c7\u00c3O ORGANIZACIONAL<\/strong><\/p>\n<p><strong><em>Vig\u00e9simo Primeiro Batalh\u00e3o de Pol\u00edcia Militar <\/em><\/strong><\/p>\n","protected":false},"excerpt":{"rendered":"<p>No dia 03 de Agosto foi desencadeada Opera\u00e7\u00e3o Conjunta com<\/p>\n","protected":false},"author":2,"featured_media":6196,"comment_status":"open","ping_status":"open","sticky":false,"template":"","format":"standard","meta":{"footnotes":""},"categories":[13],"tags":[],"class_list":["post-6195","post","type-post","status-publish","format-standard","has-post-thumbnail","hentry","category-sintese-das-ocorrencias"],"yoast_head":"<!-- This site is optimized with the Yoast SEO plugin v27.2 - https:\/\/yoast.com\/product\/yoast-seo-wordpress\/ -->\n<title>21\u00ba BPM REALIZA OPERA\u00c7\u00c3O CONJUNTA POL\u00cdCIA MILITAR E POL\u00cdCIA CIVIL \u00a0 - Ub\u00e1 News<\/title>\n<meta name=\"robots\" content=\"index, follow, max-snippet:-1, max-image-preview:large, max-video-preview:-1\" \/>\n<link rel=\"canonical\" href=\"https:\/\/ubanews.com\/site\/2018\/08\/06\/21o-bpm-realiza-operacao-conjunta-policia-militar-e-policia-civil\/\" \/>\n<meta property=\"og:locale\" content=\"pt_BR\" \/>\n<meta property=\"og:type\" content=\"article\" \/>\n<meta property=\"og:title\" content=\"21\u00ba BPM REALIZA OPERA\u00c7\u00c3O CONJUNTA POL\u00cdCIA MILITAR E POL\u00cdCIA CIVIL \u00a0 - Ub\u00e1 News\" \/>\n<meta property=\"og:description\" content=\"No dia 03 de Agosto foi desencadeada Opera\u00e7\u00e3o Conjunta com\" \/>\n<meta property=\"og:url\" content=\"https:\/\/ubanews.com\/site\/2018\/08\/06\/21o-bpm-realiza-operacao-conjunta-policia-militar-e-policia-civil\/\" \/>\n<meta property=\"og:site_name\" content=\"Ub\u00e1 News\" \/>\n<meta property=\"article:publisher\" content=\"https:\/\/www.facebook.com\/Ub%c3%a1News-Carlos-Roberto-Sodr%c3%a9-418778301977370\" \/>\n<meta property=\"article:author\" content=\"https:\/\/www.facebook.com\/carosroberto.sodre.5\/\" \/>\n<meta property=\"article:published_time\" content=\"2018-08-06T14:12:25+00:00\" \/>\n<meta property=\"article:modified_time\" content=\"2018-08-06T14:12:40+00:00\" \/>\n<meta property=\"og:image\" content=\"https:\/\/ubanews.com\/site\/wp-content\/uploads\/2018\/08\/conjunto.jpg\" \/>\n\t<meta property=\"og:image:width\" content=\"800\" \/>\n\t<meta property=\"og:image:height\" content=\"389\" \/>\n\t<meta property=\"og:image:type\" content=\"image\/jpeg\" \/>\n<meta name=\"author\" content=\"Sodr\u00e9\" \/>\n<meta name=\"twitter:card\" content=\"summary_large_image\" \/>\n<meta name=\"twitter:label1\" content=\"Escrito por\" \/>\n\t<meta name=\"twitter:data1\" content=\"Sodr\u00e9\" \/>\n\t<meta name=\"twitter:label2\" content=\"Est. tempo de leitura\" \/>\n\t<meta name=\"twitter:data2\" content=\"1 minuto\" \/>\n<script type=\"application\/ld+json\" class=\"yoast-schema-graph\">{\"@context\":\"https:\/\/schema.org\",\"@graph\":[{\"@type\":\"Article\",\"@id\":\"https:\/\/ubanews.com\/site\/2018\/08\/06\/21o-bpm-realiza-operacao-conjunta-policia-militar-e-policia-civil\/#article\",\"isPartOf\":{\"@id\":\"https:\/\/ubanews.com\/site\/2018\/08\/06\/21o-bpm-realiza-operacao-conjunta-policia-militar-e-policia-civil\/\"},\"author\":{\"name\":\"Sodr\u00e9\",\"@id\":\"https:\/\/ubanews.com\/site\/#\/schema\/person\/d90c9e47252fbb63dcc969fe4c8b9d10\"},\"headline\":\"21\u00ba BPM REALIZA OPERA\u00c7\u00c3O CONJUNTA POL\u00cdCIA MILITAR E POL\u00cdCIA CIVIL \u00a0\",\"datePublished\":\"2018-08-06T14:12:25+00:00\",\"dateModified\":\"2018-08-06T14:12:40+00:00\",\"mainEntityOfPage\":{\"@id\":\"https:\/\/ubanews.com\/site\/2018\/08\/06\/21o-bpm-realiza-operacao-conjunta-policia-militar-e-policia-civil\/\"},\"wordCount\":154,\"commentCount\":0,\"publisher\":{\"@id\":\"https:\/\/ubanews.com\/site\/#organization\"},\"image\":{\"@id\":\"https:\/\/ubanews.com\/site\/2018\/08\/06\/21o-bpm-realiza-operacao-conjunta-policia-militar-e-policia-civil\/#primaryimage\"},\"thumbnailUrl\":\"https:\/\/ubanews.com\/site\/wp-content\/uploads\/2018\/08\/conjunto.jpg\",\"articleSection\":[\"S\u00edntese das Ocorr\u00eancias\"],\"inLanguage\":\"pt-BR\",\"potentialAction\":[{\"@type\":\"CommentAction\",\"name\":\"Comment\",\"target\":[\"https:\/\/ubanews.com\/site\/2018\/08\/06\/21o-bpm-realiza-operacao-conjunta-policia-militar-e-policia-civil\/#respond\"]}]},{\"@type\":\"WebPage\",\"@id\":\"https:\/\/ubanews.com\/site\/2018\/08\/06\/21o-bpm-realiza-operacao-conjunta-policia-militar-e-policia-civil\/\",\"url\":\"https:\/\/ubanews.com\/site\/2018\/08\/06\/21o-bpm-realiza-operacao-conjunta-policia-militar-e-policia-civil\/\",\"name\":\"21\u00ba BPM REALIZA OPERA\u00c7\u00c3O CONJUNTA POL\u00cdCIA MILITAR E POL\u00cdCIA CIVIL \u00a0 - Ub\u00e1 News\",\"isPartOf\":{\"@id\":\"https:\/\/ubanews.com\/site\/#website\"},\"primaryImageOfPage\":{\"@id\":\"https:\/\/ubanews.com\/site\/2018\/08\/06\/21o-bpm-realiza-operacao-conjunta-policia-militar-e-policia-civil\/#primaryimage\"},\"image\":{\"@id\":\"https:\/\/ubanews.com\/site\/2018\/08\/06\/21o-bpm-realiza-operacao-conjunta-policia-militar-e-policia-civil\/#primaryimage\"},\"thumbnailUrl\":\"https:\/\/ubanews.com\/site\/wp-content\/uploads\/2018\/08\/conjunto.jpg\",\"datePublished\":\"2018-08-06T14:12:25+00:00\",\"dateModified\":\"2018-08-06T14:12:40+00:00\",\"breadcrumb\":{\"@id\":\"https:\/\/ubanews.com\/site\/2018\/08\/06\/21o-bpm-realiza-operacao-conjunta-policia-militar-e-policia-civil\/#breadcrumb\"},\"inLanguage\":\"pt-BR\",\"potentialAction\":[{\"@type\":\"ReadAction\",\"target\":[\"https:\/\/ubanews.com\/site\/2018\/08\/06\/21o-bpm-realiza-operacao-conjunta-policia-militar-e-policia-civil\/\"]}]},{\"@type\":\"ImageObject\",\"inLanguage\":\"pt-BR\",\"@id\":\"https:\/\/ubanews.com\/site\/2018\/08\/06\/21o-bpm-realiza-operacao-conjunta-policia-militar-e-policia-civil\/#primaryimage\",\"url\":\"https:\/\/ubanews.com\/site\/wp-content\/uploads\/2018\/08\/conjunto.jpg\",\"contentUrl\":\"https:\/\/ubanews.com\/site\/wp-content\/uploads\/2018\/08\/conjunto.jpg\",\"width\":800,\"height\":389},{\"@type\":\"BreadcrumbList\",\"@id\":\"https:\/\/ubanews.com\/site\/2018\/08\/06\/21o-bpm-realiza-operacao-conjunta-policia-militar-e-policia-civil\/#breadcrumb\",\"itemListElement\":[{\"@type\":\"ListItem\",\"position\":1,\"name\":\"Home\",\"item\":\"https:\/\/ubanews.com\/site\/\"},{\"@type\":\"ListItem\",\"position\":2,\"name\":\"21\u00ba BPM REALIZA OPERA\u00c7\u00c3O CONJUNTA POL\u00cdCIA MILITAR E POL\u00cdCIA CIVIL \u00a0\"}]},{\"@type\":\"WebSite\",\"@id\":\"https:\/\/ubanews.com\/site\/#website\",\"url\":\"https:\/\/ubanews.com\/site\/\",\"name\":\"Ub\u00e1 News\",\"description\":\"\",\"publisher\":{\"@id\":\"https:\/\/ubanews.com\/site\/#organization\"},\"potentialAction\":[{\"@type\":\"SearchAction\",\"target\":{\"@type\":\"EntryPoint\",\"urlTemplate\":\"https:\/\/ubanews.com\/site\/?s={search_term_string}\"},\"query-input\":{\"@type\":\"PropertyValueSpecification\",\"valueRequired\":true,\"valueName\":\"search_term_string\"}}],\"inLanguage\":\"pt-BR\"},{\"@type\":\"Organization\",\"@id\":\"https:\/\/ubanews.com\/site\/#organization\",\"name\":\"Ub\u00e1 News\",\"url\":\"https:\/\/ubanews.com\/site\/\",\"logo\":{\"@type\":\"ImageObject\",\"inLanguage\":\"pt-BR\",\"@id\":\"https:\/\/ubanews.com\/site\/#\/schema\/logo\/image\/\",\"url\":\"https:\/\/ubanews.com\/site\/wp-content\/uploads\/2018\/01\/logoubanews.png\",\"contentUrl\":\"https:\/\/ubanews.com\/site\/wp-content\/uploads\/2018\/01\/logoubanews.png\",\"width\":261,\"height\":99,\"caption\":\"Ub\u00e1 News\"},\"image\":{\"@id\":\"https:\/\/ubanews.com\/site\/#\/schema\/logo\/image\/\"},\"sameAs\":[\"https:\/\/www.facebook.com\/Ub\u00e1News-Carlos-Roberto-Sodr\u00e9-418778301977370\"]},{\"@type\":\"Person\",\"@id\":\"https:\/\/ubanews.com\/site\/#\/schema\/person\/d90c9e47252fbb63dcc969fe4c8b9d10\",\"name\":\"Sodr\u00e9\",\"image\":{\"@type\":\"ImageObject\",\"inLanguage\":\"pt-BR\",\"@id\":\"https:\/\/secure.gravatar.com\/avatar\/5ba2793f0590b9dbfad3fdec4ee714485b3eef211c9b32ee53d414060454a56c?s=96&d=mm&r=g\",\"url\":\"https:\/\/secure.gravatar.com\/avatar\/5ba2793f0590b9dbfad3fdec4ee714485b3eef211c9b32ee53d414060454a56c?s=96&d=mm&r=g\",\"contentUrl\":\"https:\/\/secure.gravatar.com\/avatar\/5ba2793f0590b9dbfad3fdec4ee714485b3eef211c9b32ee53d414060454a56c?s=96&d=mm&r=g\",\"caption\":\"Sodr\u00e9\"},\"sameAs\":[\"https:\/\/www.facebook.com\/carosroberto.sodre.5\/\"],\"url\":\"https:\/\/ubanews.com\/site\/author\/felipe\/\"}]}<\/script>\n<!-- \/ Yoast SEO plugin. -->","yoast_head_json":{"title":"21\u00ba BPM REALIZA OPERA\u00c7\u00c3O CONJUNTA POL\u00cdCIA MILITAR E POL\u00cdCIA CIVIL \u00a0 - Ub\u00e1 News","robots":{"index":"index","follow":"follow","max-snippet":"max-snippet:-1","max-image-preview":"max-image-preview:large","max-video-preview":"max-video-preview:-1"},"canonical":"https:\/\/ubanews.com\/site\/2018\/08\/06\/21o-bpm-realiza-operacao-conjunta-policia-militar-e-policia-civil\/","og_locale":"pt_BR","og_type":"article","og_title":"21\u00ba BPM REALIZA OPERA\u00c7\u00c3O CONJUNTA POL\u00cdCIA MILITAR E POL\u00cdCIA CIVIL \u00a0 - Ub\u00e1 News","og_description":"No dia 03 de Agosto foi desencadeada Opera\u00e7\u00e3o Conjunta com","og_url":"https:\/\/ubanews.com\/site\/2018\/08\/06\/21o-bpm-realiza-operacao-conjunta-policia-militar-e-policia-civil\/","og_site_name":"Ub\u00e1 News","article_publisher":"https:\/\/www.facebook.com\/Ub%c3%a1News-Carlos-Roberto-Sodr%c3%a9-418778301977370","article_author":"https:\/\/www.facebook.com\/carosroberto.sodre.5\/","article_published_time":"2018-08-06T14:12:25+00:00","article_modified_time":"2018-08-06T14:12:40+00:00","og_image":[{"width":800,"height":389,"url":"https:\/\/ubanews.com\/site\/wp-content\/uploads\/2018\/08\/conjunto.jpg","type":"image\/jpeg"}],"author":"Sodr\u00e9","twitter_card":"summary_large_image","twitter_misc":{"Escrito por":"Sodr\u00e9","Est. tempo de leitura":"1 minuto"},"schema":{"@context":"https:\/\/schema.org","@graph":[{"@type":"Article","@id":"https:\/\/ubanews.com\/site\/2018\/08\/06\/21o-bpm-realiza-operacao-conjunta-policia-militar-e-policia-civil\/#article","isPartOf":{"@id":"https:\/\/ubanews.com\/site\/2018\/08\/06\/21o-bpm-realiza-operacao-conjunta-policia-militar-e-policia-civil\/"},"author":{"name":"Sodr\u00e9","@id":"https:\/\/ubanews.com\/site\/#\/schema\/person\/d90c9e47252fbb63dcc969fe4c8b9d10"},"headline":"21\u00ba BPM REALIZA OPERA\u00c7\u00c3O CONJUNTA POL\u00cdCIA MILITAR E POL\u00cdCIA CIVIL \u00a0","datePublished":"2018-08-06T14:12:25+00:00","dateModified":"2018-08-06T14:12:40+00:00","mainEntityOfPage":{"@id":"https:\/\/ubanews.com\/site\/2018\/08\/06\/21o-bpm-realiza-operacao-conjunta-policia-militar-e-policia-civil\/"},"wordCount":154,"commentCount":0,"publisher":{"@id":"https:\/\/ubanews.com\/site\/#organization"},"image":{"@id":"https:\/\/ubanews.com\/site\/2018\/08\/06\/21o-bpm-realiza-operacao-conjunta-policia-militar-e-policia-civil\/#primaryimage"},"thumbnailUrl":"https:\/\/ubanews.com\/site\/wp-content\/uploads\/2018\/08\/conjunto.jpg","articleSection":["S\u00edntese das Ocorr\u00eancias"],"inLanguage":"pt-BR","potentialAction":[{"@type":"CommentAction","name":"Comment","target":["https:\/\/ubanews.com\/site\/2018\/08\/06\/21o-bpm-realiza-operacao-conjunta-policia-militar-e-policia-civil\/#respond"]}]},{"@type":"WebPage","@id":"https:\/\/ubanews.com\/site\/2018\/08\/06\/21o-bpm-realiza-operacao-conjunta-policia-militar-e-policia-civil\/","url":"https:\/\/ubanews.com\/site\/2018\/08\/06\/21o-bpm-realiza-operacao-conjunta-policia-militar-e-policia-civil\/","name":"21\u00ba BPM REALIZA OPERA\u00c7\u00c3O CONJUNTA POL\u00cdCIA MILITAR E POL\u00cdCIA CIVIL \u00a0 - Ub\u00e1 News","isPartOf":{"@id":"https:\/\/ubanews.com\/site\/#website"},"primaryImageOfPage":{"@id":"https:\/\/ubanews.com\/site\/2018\/08\/06\/21o-bpm-realiza-operacao-conjunta-policia-militar-e-policia-civil\/#primaryimage"},"image":{"@id":"https:\/\/ubanews.com\/site\/2018\/08\/06\/21o-bpm-realiza-operacao-conjunta-policia-militar-e-policia-civil\/#primaryimage"},"thumbnailUrl":"https:\/\/ubanews.com\/site\/wp-content\/uploads\/2018\/08\/conjunto.jpg","datePublished":"2018-08-06T14:12:25+00:00","dateModified":"2018-08-06T14:12:40+00:00","breadcrumb":{"@id":"https:\/\/ubanews.com\/site\/2018\/08\/06\/21o-bpm-realiza-operacao-conjunta-policia-militar-e-policia-civil\/#breadcrumb"},"inLanguage":"pt-BR","potentialAction":[{"@type":"ReadAction","target":["https:\/\/ubanews.com\/site\/2018\/08\/06\/21o-bpm-realiza-operacao-conjunta-policia-militar-e-policia-civil\/"]}]},{"@type":"ImageObject","inLanguage":"pt-BR","@id":"https:\/\/ubanews.com\/site\/2018\/08\/06\/21o-bpm-realiza-operacao-conjunta-policia-militar-e-policia-civil\/#primaryimage","url":"https:\/\/ubanews.com\/site\/wp-content\/uploads\/2018\/08\/conjunto.jpg","contentUrl":"https:\/\/ubanews.com\/site\/wp-content\/uploads\/2018\/08\/conjunto.jpg","width":800,"height":389},{"@type":"BreadcrumbList","@id":"https:\/\/ubanews.com\/site\/2018\/08\/06\/21o-bpm-realiza-operacao-conjunta-policia-militar-e-policia-civil\/#breadcrumb","itemListElement":[{"@type":"ListItem","position":1,"name":"Home","item":"https:\/\/ubanews.com\/site\/"},{"@type":"ListItem","position":2,"name":"21\u00ba BPM REALIZA OPERA\u00c7\u00c3O CONJUNTA POL\u00cdCIA MILITAR E POL\u00cdCIA CIVIL \u00a0"}]},{"@type":"WebSite","@id":"https:\/\/ubanews.com\/site\/#website","url":"https:\/\/ubanews.com\/site\/","name":"Ub\u00e1 News","description":"","publisher":{"@id":"https:\/\/ubanews.com\/site\/#organization"},"potentialAction":[{"@type":"SearchAction","target":{"@type":"EntryPoint","urlTemplate":"https:\/\/ubanews.com\/site\/?s={search_term_string}"},"query-input":{"@type":"PropertyValueSpecification","valueRequired":true,"valueName":"search_term_string"}}],"inLanguage":"pt-BR"},{"@type":"Organization","@id":"https:\/\/ubanews.com\/site\/#organization","name":"Ub\u00e1 News","url":"https:\/\/ubanews.com\/site\/","logo":{"@type":"ImageObject","inLanguage":"pt-BR","@id":"https:\/\/ubanews.com\/site\/#\/schema\/logo\/image\/","url":"https:\/\/ubanews.com\/site\/wp-content\/uploads\/2018\/01\/logoubanews.png","contentUrl":"https:\/\/ubanews.com\/site\/wp-content\/uploads\/2018\/01\/logoubanews.png","width":261,"height":99,"caption":"Ub\u00e1 News"},"image":{"@id":"https:\/\/ubanews.com\/site\/#\/schema\/logo\/image\/"},"sameAs":["https:\/\/www.facebook.com\/Ub\u00e1News-Carlos-Roberto-Sodr\u00e9-418778301977370"]},{"@type":"Person","@id":"https:\/\/ubanews.com\/site\/#\/schema\/person\/d90c9e47252fbb63dcc969fe4c8b9d10","name":"Sodr\u00e9","image":{"@type":"ImageObject","inLanguage":"pt-BR","@id":"https:\/\/secure.gravatar.com\/avatar\/5ba2793f0590b9dbfad3fdec4ee714485b3eef211c9b32ee53d414060454a56c?s=96&d=mm&r=g","url":"https:\/\/secure.gravatar.com\/avatar\/5ba2793f0590b9dbfad3fdec4ee714485b3eef211c9b32ee53d414060454a56c?s=96&d=mm&r=g","contentUrl":"https:\/\/secure.gravatar.com\/avatar\/5ba2793f0590b9dbfad3fdec4ee714485b3eef211c9b32ee53d414060454a56c?s=96&d=mm&r=g","caption":"Sodr\u00e9"},"sameAs":["https:\/\/www.facebook.com\/carosroberto.sodre.5\/"],"url":"https:\/\/ubanews.com\/site\/author\/felipe\/"}]}},"_links":{"self":[{"href":"https:\/\/ubanews.com\/site\/wp-json\/wp\/v2\/posts\/6195","targetHints":{"allow":["GET"]}}],"collection":[{"href":"https:\/\/ubanews.com\/site\/wp-json\/wp\/v2\/posts"}],"about":[{"href":"https:\/\/ubanews.com\/site\/wp-json\/wp\/v2\/types\/post"}],"author":[{"embeddable":true,"href":"https:\/\/ubanews.com\/site\/wp-json\/wp\/v2\/users\/2"}],"replies":[{"embeddable":true,"href":"https:\/\/ubanews.com\/site\/wp-json\/wp\/v2\/comments?post=6195"}],"version-history":[{"count":0,"href":"https:\/\/ubanews.com\/site\/wp-json\/wp\/v2\/posts\/6195\/revisions"}],"wp:featuredmedia":[{"embeddable":true,"href":"https:\/\/ubanews.com\/site\/wp-json\/wp\/v2\/media\/6196"}],"wp:attachment":[{"href":"https:\/\/ubanews.com\/site\/wp-json\/wp\/v2\/media?parent=6195"}],"wp:term":[{"taxonomy":"category","embeddable":true,"href":"https:\/\/ubanews.com\/site\/wp-json\/wp\/v2\/categories?post=6195"},{"taxonomy":"post_tag","embeddable":true,"href":"https:\/\/ubanews.com\/site\/wp-json\/wp\/v2\/tags?post=6195"}],"curies":[{"name":"wp","href":"https:\/\/api.w.org\/{rel}","templated":true}]}}