{"id":6181,"date":"2018-08-05T11:32:03","date_gmt":"2018-08-05T14:32:03","guid":{"rendered":"http:\/\/ubanews.com\/site\/?p=6181"},"modified":"2018-08-09T09:02:30","modified_gmt":"2018-08-09T12:02:30","slug":"prefeita-de-guidoval-soraia-vieira-esbanjou-alegria-na-feijoada-vip-de-orlando-silva","status":"publish","type":"post","link":"https:\/\/ubanews.com\/site\/2018\/08\/05\/prefeita-de-guidoval-soraia-vieira-esbanjou-alegria-na-feijoada-vip-de-orlando-silva\/","title":{"rendered":"PREFEITA DE GUIDOVAL SORAIA VIEIRA ESBANJOU ALEGRIA NA FEIJOADA VIP DE ORLANDO SILVA"},"content":{"rendered":"<p>Depois de comemorar as festividades de sua cidade, a prefeita Soraia Vieira participou da Feijoada Vip do Colunista Social Orlando Silva. A mandat\u00e1ria do munic\u00edpio de Guidoval n\u00e3o poupou elogios ao aniversariante. A amizade existente entre eles vem de longa data. Soraia est\u00e1 presente em todos os eventos promovidos pelo Orland\u00edssimo. Em off em perguntei a ela se pretende transferir sua vida p\u00fablica para Ub\u00e1, como se comentam nos bastidores da pol\u00edtica, ela negou: \u201ctenho um compromisso com minha cidade e com o povo que me elegeu, fui eleita para administrar por quatro; nunca faria isso com a minha gente\u201d. Enfatizou Soraia Vieira, prefeita da cidade de Guidoval. Na sa\u00edda ela atendeu \u00e0 nossa equipe.<\/p>\n<div style=\"position: relative; height: 0; padding-bottom: 56.25%;\"><iframe style=\"position: absolute; width: 100%; height: 100%; left: 0;\" data-src=\"https:\/\/www.youtube.com\/embed\/BjPI7YE9VOQ?ecver=2\" width=\"640\" height=\"360\" frameborder=\"0\" allowfullscreen=\"allowfullscreen\" src=\"data:image\/svg+xml;base64,PHN2ZyB3aWR0aD0iMSIgaGVpZ2h0PSIxIiB4bWxucz0iaHR0cDovL3d3dy53My5vcmcvMjAwMC9zdmciPjwvc3ZnPg==\" class=\"lazyload\" data-load-mode=\"1\"><\/iframe>&nbsp;<\/div>\n","protected":false},"excerpt":{"rendered":"<p>Depois de comemorar as festividades de sua cidade, a prefeita<\/p>\n","protected":false},"author":2,"featured_media":6189,"comment_status":"open","ping_status":"open","sticky":false,"template":"","format":"standard","meta":{"footnotes":""},"categories":[1],"tags":[],"class_list":["post-6181","post","type-post","status-publish","format-standard","has-post-thumbnail","hentry","category-sem-categoria"],"yoast_head":"<!-- This site is optimized with the Yoast SEO plugin v27.2 - https:\/\/yoast.com\/product\/yoast-seo-wordpress\/ -->\n<title>PREFEITA DE GUIDOVAL SORAIA VIEIRA ESBANJOU ALEGRIA NA FEIJOADA VIP DE ORLANDO SILVA - Ub\u00e1 News<\/title>\n<meta name=\"robots\" content=\"index, follow, max-snippet:-1, max-image-preview:large, max-video-preview:-1\" \/>\n<link rel=\"canonical\" href=\"https:\/\/ubanews.com\/site\/2018\/08\/05\/prefeita-de-guidoval-soraia-vieira-esbanjou-alegria-na-feijoada-vip-de-orlando-silva\/\" \/>\n<meta property=\"og:locale\" content=\"pt_BR\" \/>\n<meta property=\"og:type\" content=\"article\" \/>\n<meta property=\"og:title\" content=\"PREFEITA DE GUIDOVAL SORAIA VIEIRA ESBANJOU ALEGRIA NA FEIJOADA VIP DE ORLANDO SILVA - Ub\u00e1 News\" \/>\n<meta property=\"og:description\" content=\"Depois de comemorar as festividades de sua cidade, a prefeita\" \/>\n<meta property=\"og:url\" content=\"https:\/\/ubanews.com\/site\/2018\/08\/05\/prefeita-de-guidoval-soraia-vieira-esbanjou-alegria-na-feijoada-vip-de-orlando-silva\/\" \/>\n<meta property=\"og:site_name\" content=\"Ub\u00e1 News\" \/>\n<meta property=\"article:publisher\" content=\"https:\/\/www.facebook.com\/Ub%c3%a1News-Carlos-Roberto-Sodr%c3%a9-418778301977370\" \/>\n<meta property=\"article:author\" content=\"https:\/\/www.facebook.com\/carosroberto.sodre.5\/\" \/>\n<meta property=\"article:published_time\" content=\"2018-08-05T14:32:03+00:00\" \/>\n<meta property=\"article:modified_time\" content=\"2018-08-09T12:02:30+00:00\" \/>\n<meta property=\"og:image\" content=\"https:\/\/ubanews.com\/site\/wp-content\/uploads\/2018\/08\/002-1.jpg\" \/>\n\t<meta property=\"og:image:width\" content=\"800\" \/>\n\t<meta property=\"og:image:height\" content=\"389\" \/>\n\t<meta property=\"og:image:type\" content=\"image\/jpeg\" \/>\n<meta name=\"author\" content=\"Sodr\u00e9\" \/>\n<meta name=\"twitter:card\" content=\"summary_large_image\" \/>\n<meta name=\"twitter:label1\" content=\"Escrito por\" \/>\n\t<meta name=\"twitter:data1\" content=\"Sodr\u00e9\" \/>\n\t<meta name=\"twitter:label2\" content=\"Est. tempo de leitura\" \/>\n\t<meta name=\"twitter:data2\" content=\"1 minuto\" \/>\n<script type=\"application\/ld+json\" class=\"yoast-schema-graph\">{\"@context\":\"https:\/\/schema.org\",\"@graph\":[{\"@type\":\"Article\",\"@id\":\"https:\/\/ubanews.com\/site\/2018\/08\/05\/prefeita-de-guidoval-soraia-vieira-esbanjou-alegria-na-feijoada-vip-de-orlando-silva\/#article\",\"isPartOf\":{\"@id\":\"https:\/\/ubanews.com\/site\/2018\/08\/05\/prefeita-de-guidoval-soraia-vieira-esbanjou-alegria-na-feijoada-vip-de-orlando-silva\/\"},\"author\":{\"name\":\"Sodr\u00e9\",\"@id\":\"https:\/\/ubanews.com\/site\/#\/schema\/person\/d90c9e47252fbb63dcc969fe4c8b9d10\"},\"headline\":\"PREFEITA DE GUIDOVAL SORAIA VIEIRA ESBANJOU ALEGRIA NA FEIJOADA VIP DE ORLANDO SILVA\",\"datePublished\":\"2018-08-05T14:32:03+00:00\",\"dateModified\":\"2018-08-09T12:02:30+00:00\",\"mainEntityOfPage\":{\"@id\":\"https:\/\/ubanews.com\/site\/2018\/08\/05\/prefeita-de-guidoval-soraia-vieira-esbanjou-alegria-na-feijoada-vip-de-orlando-silva\/\"},\"wordCount\":135,\"commentCount\":0,\"publisher\":{\"@id\":\"https:\/\/ubanews.com\/site\/#organization\"},\"image\":{\"@id\":\"https:\/\/ubanews.com\/site\/2018\/08\/05\/prefeita-de-guidoval-soraia-vieira-esbanjou-alegria-na-feijoada-vip-de-orlando-silva\/#primaryimage\"},\"thumbnailUrl\":\"https:\/\/ubanews.com\/site\/wp-content\/uploads\/2018\/08\/002-1.jpg\",\"articleSection\":[\"Geral\"],\"inLanguage\":\"pt-BR\",\"potentialAction\":[{\"@type\":\"CommentAction\",\"name\":\"Comment\",\"target\":[\"https:\/\/ubanews.com\/site\/2018\/08\/05\/prefeita-de-guidoval-soraia-vieira-esbanjou-alegria-na-feijoada-vip-de-orlando-silva\/#respond\"]}]},{\"@type\":\"WebPage\",\"@id\":\"https:\/\/ubanews.com\/site\/2018\/08\/05\/prefeita-de-guidoval-soraia-vieira-esbanjou-alegria-na-feijoada-vip-de-orlando-silva\/\",\"url\":\"https:\/\/ubanews.com\/site\/2018\/08\/05\/prefeita-de-guidoval-soraia-vieira-esbanjou-alegria-na-feijoada-vip-de-orlando-silva\/\",\"name\":\"PREFEITA DE GUIDOVAL SORAIA VIEIRA ESBANJOU ALEGRIA NA FEIJOADA VIP DE ORLANDO SILVA - Ub\u00e1 News\",\"isPartOf\":{\"@id\":\"https:\/\/ubanews.com\/site\/#website\"},\"primaryImageOfPage\":{\"@id\":\"https:\/\/ubanews.com\/site\/2018\/08\/05\/prefeita-de-guidoval-soraia-vieira-esbanjou-alegria-na-feijoada-vip-de-orlando-silva\/#primaryimage\"},\"image\":{\"@id\":\"https:\/\/ubanews.com\/site\/2018\/08\/05\/prefeita-de-guidoval-soraia-vieira-esbanjou-alegria-na-feijoada-vip-de-orlando-silva\/#primaryimage\"},\"thumbnailUrl\":\"https:\/\/ubanews.com\/site\/wp-content\/uploads\/2018\/08\/002-1.jpg\",\"datePublished\":\"2018-08-05T14:32:03+00:00\",\"dateModified\":\"2018-08-09T12:02:30+00:00\",\"breadcrumb\":{\"@id\":\"https:\/\/ubanews.com\/site\/2018\/08\/05\/prefeita-de-guidoval-soraia-vieira-esbanjou-alegria-na-feijoada-vip-de-orlando-silva\/#breadcrumb\"},\"inLanguage\":\"pt-BR\",\"potentialAction\":[{\"@type\":\"ReadAction\",\"target\":[\"https:\/\/ubanews.com\/site\/2018\/08\/05\/prefeita-de-guidoval-soraia-vieira-esbanjou-alegria-na-feijoada-vip-de-orlando-silva\/\"]}]},{\"@type\":\"ImageObject\",\"inLanguage\":\"pt-BR\",\"@id\":\"https:\/\/ubanews.com\/site\/2018\/08\/05\/prefeita-de-guidoval-soraia-vieira-esbanjou-alegria-na-feijoada-vip-de-orlando-silva\/#primaryimage\",\"url\":\"https:\/\/ubanews.com\/site\/wp-content\/uploads\/2018\/08\/002-1.jpg\",\"contentUrl\":\"https:\/\/ubanews.com\/site\/wp-content\/uploads\/2018\/08\/002-1.jpg\",\"width\":800,\"height\":389},{\"@type\":\"BreadcrumbList\",\"@id\":\"https:\/\/ubanews.com\/site\/2018\/08\/05\/prefeita-de-guidoval-soraia-vieira-esbanjou-alegria-na-feijoada-vip-de-orlando-silva\/#breadcrumb\",\"itemListElement\":[{\"@type\":\"ListItem\",\"position\":1,\"name\":\"Home\",\"item\":\"https:\/\/ubanews.com\/site\/\"},{\"@type\":\"ListItem\",\"position\":2,\"name\":\"PREFEITA DE GUIDOVAL SORAIA VIEIRA ESBANJOU ALEGRIA NA FEIJOADA VIP DE ORLANDO SILVA\"}]},{\"@type\":\"WebSite\",\"@id\":\"https:\/\/ubanews.com\/site\/#website\",\"url\":\"https:\/\/ubanews.com\/site\/\",\"name\":\"Ub\u00e1 News\",\"description\":\"\",\"publisher\":{\"@id\":\"https:\/\/ubanews.com\/site\/#organization\"},\"potentialAction\":[{\"@type\":\"SearchAction\",\"target\":{\"@type\":\"EntryPoint\",\"urlTemplate\":\"https:\/\/ubanews.com\/site\/?s={search_term_string}\"},\"query-input\":{\"@type\":\"PropertyValueSpecification\",\"valueRequired\":true,\"valueName\":\"search_term_string\"}}],\"inLanguage\":\"pt-BR\"},{\"@type\":\"Organization\",\"@id\":\"https:\/\/ubanews.com\/site\/#organization\",\"name\":\"Ub\u00e1 News\",\"url\":\"https:\/\/ubanews.com\/site\/\",\"logo\":{\"@type\":\"ImageObject\",\"inLanguage\":\"pt-BR\",\"@id\":\"https:\/\/ubanews.com\/site\/#\/schema\/logo\/image\/\",\"url\":\"https:\/\/ubanews.com\/site\/wp-content\/uploads\/2018\/01\/logoubanews.png\",\"contentUrl\":\"https:\/\/ubanews.com\/site\/wp-content\/uploads\/2018\/01\/logoubanews.png\",\"width\":261,\"height\":99,\"caption\":\"Ub\u00e1 News\"},\"image\":{\"@id\":\"https:\/\/ubanews.com\/site\/#\/schema\/logo\/image\/\"},\"sameAs\":[\"https:\/\/www.facebook.com\/Ub\u00e1News-Carlos-Roberto-Sodr\u00e9-418778301977370\"]},{\"@type\":\"Person\",\"@id\":\"https:\/\/ubanews.com\/site\/#\/schema\/person\/d90c9e47252fbb63dcc969fe4c8b9d10\",\"name\":\"Sodr\u00e9\",\"image\":{\"@type\":\"ImageObject\",\"inLanguage\":\"pt-BR\",\"@id\":\"https:\/\/secure.gravatar.com\/avatar\/5ba2793f0590b9dbfad3fdec4ee714485b3eef211c9b32ee53d414060454a56c?s=96&d=mm&r=g\",\"url\":\"https:\/\/secure.gravatar.com\/avatar\/5ba2793f0590b9dbfad3fdec4ee714485b3eef211c9b32ee53d414060454a56c?s=96&d=mm&r=g\",\"contentUrl\":\"https:\/\/secure.gravatar.com\/avatar\/5ba2793f0590b9dbfad3fdec4ee714485b3eef211c9b32ee53d414060454a56c?s=96&d=mm&r=g\",\"caption\":\"Sodr\u00e9\"},\"sameAs\":[\"https:\/\/www.facebook.com\/carosroberto.sodre.5\/\"],\"url\":\"https:\/\/ubanews.com\/site\/author\/felipe\/\"}]}<\/script>\n<!-- \/ Yoast SEO plugin. -->","yoast_head_json":{"title":"PREFEITA DE GUIDOVAL SORAIA VIEIRA ESBANJOU ALEGRIA NA FEIJOADA VIP DE ORLANDO SILVA - Ub\u00e1 News","robots":{"index":"index","follow":"follow","max-snippet":"max-snippet:-1","max-image-preview":"max-image-preview:large","max-video-preview":"max-video-preview:-1"},"canonical":"https:\/\/ubanews.com\/site\/2018\/08\/05\/prefeita-de-guidoval-soraia-vieira-esbanjou-alegria-na-feijoada-vip-de-orlando-silva\/","og_locale":"pt_BR","og_type":"article","og_title":"PREFEITA DE GUIDOVAL SORAIA VIEIRA ESBANJOU ALEGRIA NA FEIJOADA VIP DE ORLANDO SILVA - Ub\u00e1 News","og_description":"Depois de comemorar as festividades de sua cidade, a prefeita","og_url":"https:\/\/ubanews.com\/site\/2018\/08\/05\/prefeita-de-guidoval-soraia-vieira-esbanjou-alegria-na-feijoada-vip-de-orlando-silva\/","og_site_name":"Ub\u00e1 News","article_publisher":"https:\/\/www.facebook.com\/Ub%c3%a1News-Carlos-Roberto-Sodr%c3%a9-418778301977370","article_author":"https:\/\/www.facebook.com\/carosroberto.sodre.5\/","article_published_time":"2018-08-05T14:32:03+00:00","article_modified_time":"2018-08-09T12:02:30+00:00","og_image":[{"width":800,"height":389,"url":"https:\/\/ubanews.com\/site\/wp-content\/uploads\/2018\/08\/002-1.jpg","type":"image\/jpeg"}],"author":"Sodr\u00e9","twitter_card":"summary_large_image","twitter_misc":{"Escrito por":"Sodr\u00e9","Est. tempo de leitura":"1 minuto"},"schema":{"@context":"https:\/\/schema.org","@graph":[{"@type":"Article","@id":"https:\/\/ubanews.com\/site\/2018\/08\/05\/prefeita-de-guidoval-soraia-vieira-esbanjou-alegria-na-feijoada-vip-de-orlando-silva\/#article","isPartOf":{"@id":"https:\/\/ubanews.com\/site\/2018\/08\/05\/prefeita-de-guidoval-soraia-vieira-esbanjou-alegria-na-feijoada-vip-de-orlando-silva\/"},"author":{"name":"Sodr\u00e9","@id":"https:\/\/ubanews.com\/site\/#\/schema\/person\/d90c9e47252fbb63dcc969fe4c8b9d10"},"headline":"PREFEITA DE GUIDOVAL SORAIA VIEIRA ESBANJOU ALEGRIA NA FEIJOADA VIP DE ORLANDO SILVA","datePublished":"2018-08-05T14:32:03+00:00","dateModified":"2018-08-09T12:02:30+00:00","mainEntityOfPage":{"@id":"https:\/\/ubanews.com\/site\/2018\/08\/05\/prefeita-de-guidoval-soraia-vieira-esbanjou-alegria-na-feijoada-vip-de-orlando-silva\/"},"wordCount":135,"commentCount":0,"publisher":{"@id":"https:\/\/ubanews.com\/site\/#organization"},"image":{"@id":"https:\/\/ubanews.com\/site\/2018\/08\/05\/prefeita-de-guidoval-soraia-vieira-esbanjou-alegria-na-feijoada-vip-de-orlando-silva\/#primaryimage"},"thumbnailUrl":"https:\/\/ubanews.com\/site\/wp-content\/uploads\/2018\/08\/002-1.jpg","articleSection":["Geral"],"inLanguage":"pt-BR","potentialAction":[{"@type":"CommentAction","name":"Comment","target":["https:\/\/ubanews.com\/site\/2018\/08\/05\/prefeita-de-guidoval-soraia-vieira-esbanjou-alegria-na-feijoada-vip-de-orlando-silva\/#respond"]}]},{"@type":"WebPage","@id":"https:\/\/ubanews.com\/site\/2018\/08\/05\/prefeita-de-guidoval-soraia-vieira-esbanjou-alegria-na-feijoada-vip-de-orlando-silva\/","url":"https:\/\/ubanews.com\/site\/2018\/08\/05\/prefeita-de-guidoval-soraia-vieira-esbanjou-alegria-na-feijoada-vip-de-orlando-silva\/","name":"PREFEITA DE GUIDOVAL SORAIA VIEIRA ESBANJOU ALEGRIA NA FEIJOADA VIP DE ORLANDO SILVA - Ub\u00e1 News","isPartOf":{"@id":"https:\/\/ubanews.com\/site\/#website"},"primaryImageOfPage":{"@id":"https:\/\/ubanews.com\/site\/2018\/08\/05\/prefeita-de-guidoval-soraia-vieira-esbanjou-alegria-na-feijoada-vip-de-orlando-silva\/#primaryimage"},"image":{"@id":"https:\/\/ubanews.com\/site\/2018\/08\/05\/prefeita-de-guidoval-soraia-vieira-esbanjou-alegria-na-feijoada-vip-de-orlando-silva\/#primaryimage"},"thumbnailUrl":"https:\/\/ubanews.com\/site\/wp-content\/uploads\/2018\/08\/002-1.jpg","datePublished":"2018-08-05T14:32:03+00:00","dateModified":"2018-08-09T12:02:30+00:00","breadcrumb":{"@id":"https:\/\/ubanews.com\/site\/2018\/08\/05\/prefeita-de-guidoval-soraia-vieira-esbanjou-alegria-na-feijoada-vip-de-orlando-silva\/#breadcrumb"},"inLanguage":"pt-BR","potentialAction":[{"@type":"ReadAction","target":["https:\/\/ubanews.com\/site\/2018\/08\/05\/prefeita-de-guidoval-soraia-vieira-esbanjou-alegria-na-feijoada-vip-de-orlando-silva\/"]}]},{"@type":"ImageObject","inLanguage":"pt-BR","@id":"https:\/\/ubanews.com\/site\/2018\/08\/05\/prefeita-de-guidoval-soraia-vieira-esbanjou-alegria-na-feijoada-vip-de-orlando-silva\/#primaryimage","url":"https:\/\/ubanews.com\/site\/wp-content\/uploads\/2018\/08\/002-1.jpg","contentUrl":"https:\/\/ubanews.com\/site\/wp-content\/uploads\/2018\/08\/002-1.jpg","width":800,"height":389},{"@type":"BreadcrumbList","@id":"https:\/\/ubanews.com\/site\/2018\/08\/05\/prefeita-de-guidoval-soraia-vieira-esbanjou-alegria-na-feijoada-vip-de-orlando-silva\/#breadcrumb","itemListElement":[{"@type":"ListItem","position":1,"name":"Home","item":"https:\/\/ubanews.com\/site\/"},{"@type":"ListItem","position":2,"name":"PREFEITA DE GUIDOVAL SORAIA VIEIRA ESBANJOU ALEGRIA NA FEIJOADA VIP DE ORLANDO SILVA"}]},{"@type":"WebSite","@id":"https:\/\/ubanews.com\/site\/#website","url":"https:\/\/ubanews.com\/site\/","name":"Ub\u00e1 News","description":"","publisher":{"@id":"https:\/\/ubanews.com\/site\/#organization"},"potentialAction":[{"@type":"SearchAction","target":{"@type":"EntryPoint","urlTemplate":"https:\/\/ubanews.com\/site\/?s={search_term_string}"},"query-input":{"@type":"PropertyValueSpecification","valueRequired":true,"valueName":"search_term_string"}}],"inLanguage":"pt-BR"},{"@type":"Organization","@id":"https:\/\/ubanews.com\/site\/#organization","name":"Ub\u00e1 News","url":"https:\/\/ubanews.com\/site\/","logo":{"@type":"ImageObject","inLanguage":"pt-BR","@id":"https:\/\/ubanews.com\/site\/#\/schema\/logo\/image\/","url":"https:\/\/ubanews.com\/site\/wp-content\/uploads\/2018\/01\/logoubanews.png","contentUrl":"https:\/\/ubanews.com\/site\/wp-content\/uploads\/2018\/01\/logoubanews.png","width":261,"height":99,"caption":"Ub\u00e1 News"},"image":{"@id":"https:\/\/ubanews.com\/site\/#\/schema\/logo\/image\/"},"sameAs":["https:\/\/www.facebook.com\/Ub\u00e1News-Carlos-Roberto-Sodr\u00e9-418778301977370"]},{"@type":"Person","@id":"https:\/\/ubanews.com\/site\/#\/schema\/person\/d90c9e47252fbb63dcc969fe4c8b9d10","name":"Sodr\u00e9","image":{"@type":"ImageObject","inLanguage":"pt-BR","@id":"https:\/\/secure.gravatar.com\/avatar\/5ba2793f0590b9dbfad3fdec4ee714485b3eef211c9b32ee53d414060454a56c?s=96&d=mm&r=g","url":"https:\/\/secure.gravatar.com\/avatar\/5ba2793f0590b9dbfad3fdec4ee714485b3eef211c9b32ee53d414060454a56c?s=96&d=mm&r=g","contentUrl":"https:\/\/secure.gravatar.com\/avatar\/5ba2793f0590b9dbfad3fdec4ee714485b3eef211c9b32ee53d414060454a56c?s=96&d=mm&r=g","caption":"Sodr\u00e9"},"sameAs":["https:\/\/www.facebook.com\/carosroberto.sodre.5\/"],"url":"https:\/\/ubanews.com\/site\/author\/felipe\/"}]}},"_links":{"self":[{"href":"https:\/\/ubanews.com\/site\/wp-json\/wp\/v2\/posts\/6181","targetHints":{"allow":["GET"]}}],"collection":[{"href":"https:\/\/ubanews.com\/site\/wp-json\/wp\/v2\/posts"}],"about":[{"href":"https:\/\/ubanews.com\/site\/wp-json\/wp\/v2\/types\/post"}],"author":[{"embeddable":true,"href":"https:\/\/ubanews.com\/site\/wp-json\/wp\/v2\/users\/2"}],"replies":[{"embeddable":true,"href":"https:\/\/ubanews.com\/site\/wp-json\/wp\/v2\/comments?post=6181"}],"version-history":[{"count":0,"href":"https:\/\/ubanews.com\/site\/wp-json\/wp\/v2\/posts\/6181\/revisions"}],"wp:featuredmedia":[{"embeddable":true,"href":"https:\/\/ubanews.com\/site\/wp-json\/wp\/v2\/media\/6189"}],"wp:attachment":[{"href":"https:\/\/ubanews.com\/site\/wp-json\/wp\/v2\/media?parent=6181"}],"wp:term":[{"taxonomy":"category","embeddable":true,"href":"https:\/\/ubanews.com\/site\/wp-json\/wp\/v2\/categories?post=6181"},{"taxonomy":"post_tag","embeddable":true,"href":"https:\/\/ubanews.com\/site\/wp-json\/wp\/v2\/tags?post=6181"}],"curies":[{"name":"wp","href":"https:\/\/api.w.org\/{rel}","templated":true}]}}