{"id":6171,"date":"2018-08-03T19:24:54","date_gmt":"2018-08-03T22:24:54","guid":{"rendered":"http:\/\/ubanews.com\/site\/?p=6171"},"modified":"2018-08-03T19:24:54","modified_gmt":"2018-08-03T22:24:54","slug":"homem-desaparecido-ha-11-dias-e-encontrado-por-equipes-do-corpo-de-bombeiros-militar-de-juiz-de-fora","status":"publish","type":"post","link":"https:\/\/ubanews.com\/site\/2018\/08\/03\/homem-desaparecido-ha-11-dias-e-encontrado-por-equipes-do-corpo-de-bombeiros-militar-de-juiz-de-fora\/","title":{"rendered":"HOMEM DESAPARECIDO H\u00c1 11 DIAS \u00c9 ENCONTRADO POR EQUIPES DO CORPO DE BOMBEIROS MILITAR DE JUIZ DE FORA"},"content":{"rendered":"<p>As buscas pelo Senhor de 65 anos iniciaram na \u00faltima ter\u00e7a-feira (31\/07) quando o Corpo de Bombeiros Militar em Juiz de Fora foi acionado pela Defesa Civil de S\u00e3o Jo\u00e3o Nepomuceno.<\/p>\n<p>Para a opera\u00e7\u00e3o de busca ao senhor Paulo Roberto da Silva foi montado o Posto de Comando na prefeitura da cidade e tra\u00e7ado estrat\u00e9gias para que a ocorr\u00eancia tivesse um desfecho favor\u00e1vel.<\/p>\n<p>Quatro equipes compostas por militares do Corpo de Bombeiros, Ex\u00e9rcito Brasileiro e volunt\u00e1rios da cidade, foram lan\u00e7adas no terreno, hoje (02\/08) pela manh\u00e3, em buscas a p\u00e9.<\/p>\n<p>Por volta de 16:30h, ap\u00f3s a divulga\u00e7\u00e3o de dados e caracter\u00edsticas da v\u00edtima serem divulgadas em diversos meios de comunica\u00e7\u00e3o, as equipes foram alertadas por um propriet\u00e1rio de um terreno no local, senhor Heraldo, que um senhor com as caracter\u00edsticas semelhantes da pessoa desaparecida, poderia estar perambulando em sua propriedade, sendo assim, as equipes Charlie e Delta, chefiadas pelo Tenente-Coronel Emerson Ramalho dos Santos, compareceram no local e efetuaram o resgate da v\u00edtima, que estava muito debilitada, com sinais de desnutri\u00e7\u00e3o, fraqueza e desconexa.<\/p>\n<p>O senhor Paulo foi conduzido ao recurso hospitalar e deu entrada no Hospital S\u00e3o Jo\u00e3o onde ficou aos cuidados da equipe m\u00e9dica.<\/p>\n<p>Para o completo sucesso da miss\u00e3o houve a integra\u00e7\u00e3o de outros \u00f3rg\u00e3os como Pol\u00edcia Militar de Minas Gerais, Prefeitura e Defesa Civil de S\u00e3o Jo\u00e3o Nepomuceno, Ex\u00e9rcito Brasileiro e volunt\u00e1rios.<\/p>\n<p>BOMBEIRO: O AMIGO CERTO NAS HORAS INCERTAS!<\/p>\n<p><span style=\"color: #ff0000;\"><strong>Fonte:<\/strong>&nbsp;<strong>miradouronoticias.com<\/strong><\/span><\/p>\n","protected":false},"excerpt":{"rendered":"<p>As buscas pelo Senhor de 65 anos iniciaram na \u00faltima<\/p>\n","protected":false},"author":2,"featured_media":6172,"comment_status":"open","ping_status":"open","sticky":false,"template":"","format":"standard","meta":{"footnotes":""},"categories":[1],"tags":[],"class_list":["post-6171","post","type-post","status-publish","format-standard","has-post-thumbnail","hentry","category-sem-categoria"],"yoast_head":"<!-- This site is optimized with the Yoast SEO plugin v27.2 - https:\/\/yoast.com\/product\/yoast-seo-wordpress\/ -->\n<title>HOMEM DESAPARECIDO H\u00c1 11 DIAS \u00c9 ENCONTRADO POR EQUIPES DO CORPO DE BOMBEIROS MILITAR DE JUIZ DE FORA - Ub\u00e1 News<\/title>\n<meta name=\"robots\" content=\"index, follow, max-snippet:-1, max-image-preview:large, max-video-preview:-1\" \/>\n<link rel=\"canonical\" href=\"https:\/\/ubanews.com\/site\/2018\/08\/03\/homem-desaparecido-ha-11-dias-e-encontrado-por-equipes-do-corpo-de-bombeiros-militar-de-juiz-de-fora\/\" \/>\n<meta property=\"og:locale\" content=\"pt_BR\" \/>\n<meta property=\"og:type\" content=\"article\" \/>\n<meta property=\"og:title\" content=\"HOMEM DESAPARECIDO H\u00c1 11 DIAS \u00c9 ENCONTRADO POR EQUIPES DO CORPO DE BOMBEIROS MILITAR DE JUIZ DE FORA - Ub\u00e1 News\" \/>\n<meta property=\"og:description\" content=\"As buscas pelo Senhor de 65 anos iniciaram na \u00faltima\" \/>\n<meta property=\"og:url\" content=\"https:\/\/ubanews.com\/site\/2018\/08\/03\/homem-desaparecido-ha-11-dias-e-encontrado-por-equipes-do-corpo-de-bombeiros-militar-de-juiz-de-fora\/\" \/>\n<meta property=\"og:site_name\" content=\"Ub\u00e1 News\" \/>\n<meta property=\"article:publisher\" content=\"https:\/\/www.facebook.com\/Ub%c3%a1News-Carlos-Roberto-Sodr%c3%a9-418778301977370\" \/>\n<meta property=\"article:author\" content=\"https:\/\/www.facebook.com\/carosroberto.sodre.5\/\" \/>\n<meta property=\"article:published_time\" content=\"2018-08-03T22:24:54+00:00\" \/>\n<meta property=\"og:image\" content=\"https:\/\/ubanews.com\/site\/wp-content\/uploads\/2018\/08\/001-6.jpg\" \/>\n\t<meta property=\"og:image:width\" content=\"800\" \/>\n\t<meta property=\"og:image:height\" content=\"389\" \/>\n\t<meta property=\"og:image:type\" content=\"image\/jpeg\" \/>\n<meta name=\"author\" content=\"Sodr\u00e9\" \/>\n<meta name=\"twitter:card\" content=\"summary_large_image\" \/>\n<meta name=\"twitter:label1\" content=\"Escrito por\" \/>\n\t<meta name=\"twitter:data1\" content=\"Sodr\u00e9\" \/>\n\t<meta name=\"twitter:label2\" content=\"Est. tempo de leitura\" \/>\n\t<meta name=\"twitter:data2\" content=\"1 minuto\" \/>\n<script type=\"application\/ld+json\" class=\"yoast-schema-graph\">{\"@context\":\"https:\/\/schema.org\",\"@graph\":[{\"@type\":\"Article\",\"@id\":\"https:\/\/ubanews.com\/site\/2018\/08\/03\/homem-desaparecido-ha-11-dias-e-encontrado-por-equipes-do-corpo-de-bombeiros-militar-de-juiz-de-fora\/#article\",\"isPartOf\":{\"@id\":\"https:\/\/ubanews.com\/site\/2018\/08\/03\/homem-desaparecido-ha-11-dias-e-encontrado-por-equipes-do-corpo-de-bombeiros-militar-de-juiz-de-fora\/\"},\"author\":{\"name\":\"Sodr\u00e9\",\"@id\":\"https:\/\/ubanews.com\/site\/#\/schema\/person\/d90c9e47252fbb63dcc969fe4c8b9d10\"},\"headline\":\"HOMEM DESAPARECIDO H\u00c1 11 DIAS \u00c9 ENCONTRADO POR EQUIPES DO CORPO DE BOMBEIROS MILITAR DE JUIZ DE FORA\",\"datePublished\":\"2018-08-03T22:24:54+00:00\",\"mainEntityOfPage\":{\"@id\":\"https:\/\/ubanews.com\/site\/2018\/08\/03\/homem-desaparecido-ha-11-dias-e-encontrado-por-equipes-do-corpo-de-bombeiros-militar-de-juiz-de-fora\/\"},\"wordCount\":281,\"commentCount\":0,\"publisher\":{\"@id\":\"https:\/\/ubanews.com\/site\/#organization\"},\"image\":{\"@id\":\"https:\/\/ubanews.com\/site\/2018\/08\/03\/homem-desaparecido-ha-11-dias-e-encontrado-por-equipes-do-corpo-de-bombeiros-militar-de-juiz-de-fora\/#primaryimage\"},\"thumbnailUrl\":\"https:\/\/ubanews.com\/site\/wp-content\/uploads\/2018\/08\/001-6.jpg\",\"articleSection\":[\"Geral\"],\"inLanguage\":\"pt-BR\",\"potentialAction\":[{\"@type\":\"CommentAction\",\"name\":\"Comment\",\"target\":[\"https:\/\/ubanews.com\/site\/2018\/08\/03\/homem-desaparecido-ha-11-dias-e-encontrado-por-equipes-do-corpo-de-bombeiros-militar-de-juiz-de-fora\/#respond\"]}]},{\"@type\":\"WebPage\",\"@id\":\"https:\/\/ubanews.com\/site\/2018\/08\/03\/homem-desaparecido-ha-11-dias-e-encontrado-por-equipes-do-corpo-de-bombeiros-militar-de-juiz-de-fora\/\",\"url\":\"https:\/\/ubanews.com\/site\/2018\/08\/03\/homem-desaparecido-ha-11-dias-e-encontrado-por-equipes-do-corpo-de-bombeiros-militar-de-juiz-de-fora\/\",\"name\":\"HOMEM DESAPARECIDO H\u00c1 11 DIAS \u00c9 ENCONTRADO POR EQUIPES DO CORPO DE BOMBEIROS MILITAR DE JUIZ DE FORA - Ub\u00e1 News\",\"isPartOf\":{\"@id\":\"https:\/\/ubanews.com\/site\/#website\"},\"primaryImageOfPage\":{\"@id\":\"https:\/\/ubanews.com\/site\/2018\/08\/03\/homem-desaparecido-ha-11-dias-e-encontrado-por-equipes-do-corpo-de-bombeiros-militar-de-juiz-de-fora\/#primaryimage\"},\"image\":{\"@id\":\"https:\/\/ubanews.com\/site\/2018\/08\/03\/homem-desaparecido-ha-11-dias-e-encontrado-por-equipes-do-corpo-de-bombeiros-militar-de-juiz-de-fora\/#primaryimage\"},\"thumbnailUrl\":\"https:\/\/ubanews.com\/site\/wp-content\/uploads\/2018\/08\/001-6.jpg\",\"datePublished\":\"2018-08-03T22:24:54+00:00\",\"breadcrumb\":{\"@id\":\"https:\/\/ubanews.com\/site\/2018\/08\/03\/homem-desaparecido-ha-11-dias-e-encontrado-por-equipes-do-corpo-de-bombeiros-militar-de-juiz-de-fora\/#breadcrumb\"},\"inLanguage\":\"pt-BR\",\"potentialAction\":[{\"@type\":\"ReadAction\",\"target\":[\"https:\/\/ubanews.com\/site\/2018\/08\/03\/homem-desaparecido-ha-11-dias-e-encontrado-por-equipes-do-corpo-de-bombeiros-militar-de-juiz-de-fora\/\"]}]},{\"@type\":\"ImageObject\",\"inLanguage\":\"pt-BR\",\"@id\":\"https:\/\/ubanews.com\/site\/2018\/08\/03\/homem-desaparecido-ha-11-dias-e-encontrado-por-equipes-do-corpo-de-bombeiros-militar-de-juiz-de-fora\/#primaryimage\",\"url\":\"https:\/\/ubanews.com\/site\/wp-content\/uploads\/2018\/08\/001-6.jpg\",\"contentUrl\":\"https:\/\/ubanews.com\/site\/wp-content\/uploads\/2018\/08\/001-6.jpg\",\"width\":800,\"height\":389},{\"@type\":\"BreadcrumbList\",\"@id\":\"https:\/\/ubanews.com\/site\/2018\/08\/03\/homem-desaparecido-ha-11-dias-e-encontrado-por-equipes-do-corpo-de-bombeiros-militar-de-juiz-de-fora\/#breadcrumb\",\"itemListElement\":[{\"@type\":\"ListItem\",\"position\":1,\"name\":\"Home\",\"item\":\"https:\/\/ubanews.com\/site\/\"},{\"@type\":\"ListItem\",\"position\":2,\"name\":\"HOMEM DESAPARECIDO H\u00c1 11 DIAS \u00c9 ENCONTRADO POR EQUIPES DO CORPO DE BOMBEIROS MILITAR DE JUIZ DE FORA\"}]},{\"@type\":\"WebSite\",\"@id\":\"https:\/\/ubanews.com\/site\/#website\",\"url\":\"https:\/\/ubanews.com\/site\/\",\"name\":\"Ub\u00e1 News\",\"description\":\"\",\"publisher\":{\"@id\":\"https:\/\/ubanews.com\/site\/#organization\"},\"potentialAction\":[{\"@type\":\"SearchAction\",\"target\":{\"@type\":\"EntryPoint\",\"urlTemplate\":\"https:\/\/ubanews.com\/site\/?s={search_term_string}\"},\"query-input\":{\"@type\":\"PropertyValueSpecification\",\"valueRequired\":true,\"valueName\":\"search_term_string\"}}],\"inLanguage\":\"pt-BR\"},{\"@type\":\"Organization\",\"@id\":\"https:\/\/ubanews.com\/site\/#organization\",\"name\":\"Ub\u00e1 News\",\"url\":\"https:\/\/ubanews.com\/site\/\",\"logo\":{\"@type\":\"ImageObject\",\"inLanguage\":\"pt-BR\",\"@id\":\"https:\/\/ubanews.com\/site\/#\/schema\/logo\/image\/\",\"url\":\"https:\/\/ubanews.com\/site\/wp-content\/uploads\/2018\/01\/logoubanews.png\",\"contentUrl\":\"https:\/\/ubanews.com\/site\/wp-content\/uploads\/2018\/01\/logoubanews.png\",\"width\":261,\"height\":99,\"caption\":\"Ub\u00e1 News\"},\"image\":{\"@id\":\"https:\/\/ubanews.com\/site\/#\/schema\/logo\/image\/\"},\"sameAs\":[\"https:\/\/www.facebook.com\/Ub\u00e1News-Carlos-Roberto-Sodr\u00e9-418778301977370\"]},{\"@type\":\"Person\",\"@id\":\"https:\/\/ubanews.com\/site\/#\/schema\/person\/d90c9e47252fbb63dcc969fe4c8b9d10\",\"name\":\"Sodr\u00e9\",\"image\":{\"@type\":\"ImageObject\",\"inLanguage\":\"pt-BR\",\"@id\":\"https:\/\/secure.gravatar.com\/avatar\/5ba2793f0590b9dbfad3fdec4ee714485b3eef211c9b32ee53d414060454a56c?s=96&d=mm&r=g\",\"url\":\"https:\/\/secure.gravatar.com\/avatar\/5ba2793f0590b9dbfad3fdec4ee714485b3eef211c9b32ee53d414060454a56c?s=96&d=mm&r=g\",\"contentUrl\":\"https:\/\/secure.gravatar.com\/avatar\/5ba2793f0590b9dbfad3fdec4ee714485b3eef211c9b32ee53d414060454a56c?s=96&d=mm&r=g\",\"caption\":\"Sodr\u00e9\"},\"sameAs\":[\"https:\/\/www.facebook.com\/carosroberto.sodre.5\/\"],\"url\":\"https:\/\/ubanews.com\/site\/author\/felipe\/\"}]}<\/script>\n<!-- \/ Yoast SEO plugin. -->","yoast_head_json":{"title":"HOMEM DESAPARECIDO H\u00c1 11 DIAS \u00c9 ENCONTRADO POR EQUIPES DO CORPO DE BOMBEIROS MILITAR DE JUIZ DE FORA - Ub\u00e1 News","robots":{"index":"index","follow":"follow","max-snippet":"max-snippet:-1","max-image-preview":"max-image-preview:large","max-video-preview":"max-video-preview:-1"},"canonical":"https:\/\/ubanews.com\/site\/2018\/08\/03\/homem-desaparecido-ha-11-dias-e-encontrado-por-equipes-do-corpo-de-bombeiros-militar-de-juiz-de-fora\/","og_locale":"pt_BR","og_type":"article","og_title":"HOMEM DESAPARECIDO H\u00c1 11 DIAS \u00c9 ENCONTRADO POR EQUIPES DO CORPO DE BOMBEIROS MILITAR DE JUIZ DE FORA - Ub\u00e1 News","og_description":"As buscas pelo Senhor de 65 anos iniciaram na \u00faltima","og_url":"https:\/\/ubanews.com\/site\/2018\/08\/03\/homem-desaparecido-ha-11-dias-e-encontrado-por-equipes-do-corpo-de-bombeiros-militar-de-juiz-de-fora\/","og_site_name":"Ub\u00e1 News","article_publisher":"https:\/\/www.facebook.com\/Ub%c3%a1News-Carlos-Roberto-Sodr%c3%a9-418778301977370","article_author":"https:\/\/www.facebook.com\/carosroberto.sodre.5\/","article_published_time":"2018-08-03T22:24:54+00:00","og_image":[{"width":800,"height":389,"url":"https:\/\/ubanews.com\/site\/wp-content\/uploads\/2018\/08\/001-6.jpg","type":"image\/jpeg"}],"author":"Sodr\u00e9","twitter_card":"summary_large_image","twitter_misc":{"Escrito por":"Sodr\u00e9","Est. tempo de leitura":"1 minuto"},"schema":{"@context":"https:\/\/schema.org","@graph":[{"@type":"Article","@id":"https:\/\/ubanews.com\/site\/2018\/08\/03\/homem-desaparecido-ha-11-dias-e-encontrado-por-equipes-do-corpo-de-bombeiros-militar-de-juiz-de-fora\/#article","isPartOf":{"@id":"https:\/\/ubanews.com\/site\/2018\/08\/03\/homem-desaparecido-ha-11-dias-e-encontrado-por-equipes-do-corpo-de-bombeiros-militar-de-juiz-de-fora\/"},"author":{"name":"Sodr\u00e9","@id":"https:\/\/ubanews.com\/site\/#\/schema\/person\/d90c9e47252fbb63dcc969fe4c8b9d10"},"headline":"HOMEM DESAPARECIDO H\u00c1 11 DIAS \u00c9 ENCONTRADO POR EQUIPES DO CORPO DE BOMBEIROS MILITAR DE JUIZ DE FORA","datePublished":"2018-08-03T22:24:54+00:00","mainEntityOfPage":{"@id":"https:\/\/ubanews.com\/site\/2018\/08\/03\/homem-desaparecido-ha-11-dias-e-encontrado-por-equipes-do-corpo-de-bombeiros-militar-de-juiz-de-fora\/"},"wordCount":281,"commentCount":0,"publisher":{"@id":"https:\/\/ubanews.com\/site\/#organization"},"image":{"@id":"https:\/\/ubanews.com\/site\/2018\/08\/03\/homem-desaparecido-ha-11-dias-e-encontrado-por-equipes-do-corpo-de-bombeiros-militar-de-juiz-de-fora\/#primaryimage"},"thumbnailUrl":"https:\/\/ubanews.com\/site\/wp-content\/uploads\/2018\/08\/001-6.jpg","articleSection":["Geral"],"inLanguage":"pt-BR","potentialAction":[{"@type":"CommentAction","name":"Comment","target":["https:\/\/ubanews.com\/site\/2018\/08\/03\/homem-desaparecido-ha-11-dias-e-encontrado-por-equipes-do-corpo-de-bombeiros-militar-de-juiz-de-fora\/#respond"]}]},{"@type":"WebPage","@id":"https:\/\/ubanews.com\/site\/2018\/08\/03\/homem-desaparecido-ha-11-dias-e-encontrado-por-equipes-do-corpo-de-bombeiros-militar-de-juiz-de-fora\/","url":"https:\/\/ubanews.com\/site\/2018\/08\/03\/homem-desaparecido-ha-11-dias-e-encontrado-por-equipes-do-corpo-de-bombeiros-militar-de-juiz-de-fora\/","name":"HOMEM DESAPARECIDO H\u00c1 11 DIAS \u00c9 ENCONTRADO POR EQUIPES DO CORPO DE BOMBEIROS MILITAR DE JUIZ DE FORA - Ub\u00e1 News","isPartOf":{"@id":"https:\/\/ubanews.com\/site\/#website"},"primaryImageOfPage":{"@id":"https:\/\/ubanews.com\/site\/2018\/08\/03\/homem-desaparecido-ha-11-dias-e-encontrado-por-equipes-do-corpo-de-bombeiros-militar-de-juiz-de-fora\/#primaryimage"},"image":{"@id":"https:\/\/ubanews.com\/site\/2018\/08\/03\/homem-desaparecido-ha-11-dias-e-encontrado-por-equipes-do-corpo-de-bombeiros-militar-de-juiz-de-fora\/#primaryimage"},"thumbnailUrl":"https:\/\/ubanews.com\/site\/wp-content\/uploads\/2018\/08\/001-6.jpg","datePublished":"2018-08-03T22:24:54+00:00","breadcrumb":{"@id":"https:\/\/ubanews.com\/site\/2018\/08\/03\/homem-desaparecido-ha-11-dias-e-encontrado-por-equipes-do-corpo-de-bombeiros-militar-de-juiz-de-fora\/#breadcrumb"},"inLanguage":"pt-BR","potentialAction":[{"@type":"ReadAction","target":["https:\/\/ubanews.com\/site\/2018\/08\/03\/homem-desaparecido-ha-11-dias-e-encontrado-por-equipes-do-corpo-de-bombeiros-militar-de-juiz-de-fora\/"]}]},{"@type":"ImageObject","inLanguage":"pt-BR","@id":"https:\/\/ubanews.com\/site\/2018\/08\/03\/homem-desaparecido-ha-11-dias-e-encontrado-por-equipes-do-corpo-de-bombeiros-militar-de-juiz-de-fora\/#primaryimage","url":"https:\/\/ubanews.com\/site\/wp-content\/uploads\/2018\/08\/001-6.jpg","contentUrl":"https:\/\/ubanews.com\/site\/wp-content\/uploads\/2018\/08\/001-6.jpg","width":800,"height":389},{"@type":"BreadcrumbList","@id":"https:\/\/ubanews.com\/site\/2018\/08\/03\/homem-desaparecido-ha-11-dias-e-encontrado-por-equipes-do-corpo-de-bombeiros-militar-de-juiz-de-fora\/#breadcrumb","itemListElement":[{"@type":"ListItem","position":1,"name":"Home","item":"https:\/\/ubanews.com\/site\/"},{"@type":"ListItem","position":2,"name":"HOMEM DESAPARECIDO H\u00c1 11 DIAS \u00c9 ENCONTRADO POR EQUIPES DO CORPO DE BOMBEIROS MILITAR DE JUIZ DE FORA"}]},{"@type":"WebSite","@id":"https:\/\/ubanews.com\/site\/#website","url":"https:\/\/ubanews.com\/site\/","name":"Ub\u00e1 News","description":"","publisher":{"@id":"https:\/\/ubanews.com\/site\/#organization"},"potentialAction":[{"@type":"SearchAction","target":{"@type":"EntryPoint","urlTemplate":"https:\/\/ubanews.com\/site\/?s={search_term_string}"},"query-input":{"@type":"PropertyValueSpecification","valueRequired":true,"valueName":"search_term_string"}}],"inLanguage":"pt-BR"},{"@type":"Organization","@id":"https:\/\/ubanews.com\/site\/#organization","name":"Ub\u00e1 News","url":"https:\/\/ubanews.com\/site\/","logo":{"@type":"ImageObject","inLanguage":"pt-BR","@id":"https:\/\/ubanews.com\/site\/#\/schema\/logo\/image\/","url":"https:\/\/ubanews.com\/site\/wp-content\/uploads\/2018\/01\/logoubanews.png","contentUrl":"https:\/\/ubanews.com\/site\/wp-content\/uploads\/2018\/01\/logoubanews.png","width":261,"height":99,"caption":"Ub\u00e1 News"},"image":{"@id":"https:\/\/ubanews.com\/site\/#\/schema\/logo\/image\/"},"sameAs":["https:\/\/www.facebook.com\/Ub\u00e1News-Carlos-Roberto-Sodr\u00e9-418778301977370"]},{"@type":"Person","@id":"https:\/\/ubanews.com\/site\/#\/schema\/person\/d90c9e47252fbb63dcc969fe4c8b9d10","name":"Sodr\u00e9","image":{"@type":"ImageObject","inLanguage":"pt-BR","@id":"https:\/\/secure.gravatar.com\/avatar\/5ba2793f0590b9dbfad3fdec4ee714485b3eef211c9b32ee53d414060454a56c?s=96&d=mm&r=g","url":"https:\/\/secure.gravatar.com\/avatar\/5ba2793f0590b9dbfad3fdec4ee714485b3eef211c9b32ee53d414060454a56c?s=96&d=mm&r=g","contentUrl":"https:\/\/secure.gravatar.com\/avatar\/5ba2793f0590b9dbfad3fdec4ee714485b3eef211c9b32ee53d414060454a56c?s=96&d=mm&r=g","caption":"Sodr\u00e9"},"sameAs":["https:\/\/www.facebook.com\/carosroberto.sodre.5\/"],"url":"https:\/\/ubanews.com\/site\/author\/felipe\/"}]}},"_links":{"self":[{"href":"https:\/\/ubanews.com\/site\/wp-json\/wp\/v2\/posts\/6171","targetHints":{"allow":["GET"]}}],"collection":[{"href":"https:\/\/ubanews.com\/site\/wp-json\/wp\/v2\/posts"}],"about":[{"href":"https:\/\/ubanews.com\/site\/wp-json\/wp\/v2\/types\/post"}],"author":[{"embeddable":true,"href":"https:\/\/ubanews.com\/site\/wp-json\/wp\/v2\/users\/2"}],"replies":[{"embeddable":true,"href":"https:\/\/ubanews.com\/site\/wp-json\/wp\/v2\/comments?post=6171"}],"version-history":[{"count":0,"href":"https:\/\/ubanews.com\/site\/wp-json\/wp\/v2\/posts\/6171\/revisions"}],"wp:featuredmedia":[{"embeddable":true,"href":"https:\/\/ubanews.com\/site\/wp-json\/wp\/v2\/media\/6172"}],"wp:attachment":[{"href":"https:\/\/ubanews.com\/site\/wp-json\/wp\/v2\/media?parent=6171"}],"wp:term":[{"taxonomy":"category","embeddable":true,"href":"https:\/\/ubanews.com\/site\/wp-json\/wp\/v2\/categories?post=6171"},{"taxonomy":"post_tag","embeddable":true,"href":"https:\/\/ubanews.com\/site\/wp-json\/wp\/v2\/tags?post=6171"}],"curies":[{"name":"wp","href":"https:\/\/api.w.org\/{rel}","templated":true}]}}