{"id":6164,"date":"2018-08-03T14:39:47","date_gmt":"2018-08-03T17:39:47","guid":{"rendered":"http:\/\/ubanews.com\/site\/?p=6164"},"modified":"2018-08-09T09:00:18","modified_gmt":"2018-08-09T12:00:18","slug":"campanha-nacional-contra-poliomielite-e-sarampo-tera-inicio-dia-06-de-agosto","status":"publish","type":"post","link":"https:\/\/ubanews.com\/site\/2018\/08\/03\/campanha-nacional-contra-poliomielite-e-sarampo-tera-inicio-dia-06-de-agosto\/","title":{"rendered":"CAMPANHA NACIONAL CONTRA POLIOMIELITE E SARAMPO TER\u00c1 IN\u00cdCIO DIA 06 DE AGOSTO"},"content":{"rendered":"<p>A Prefeitura Municipal, atrav\u00e9s da Secretaria de Sa\u00fade, representada pela respons\u00e1vel pelo setor de imuniza\u00e7\u00e3o do munic\u00edpio Andiara Rosa Marcello, ao lado do prefeito Edson Teixeira Filho em entrevista coletiva na manh\u00e3 desta sexta-feira (03), no Sal\u00e3o Vermelho, onde falou dos planos tra\u00e7ados para a Campanha Nacional contra a Poliomielite e Sarampo que ter\u00e1 in\u00edcio nesta segunda-feira (06) indo at\u00e9 o dia 24. No s\u00e1bado (11) acontece o dia D no munic\u00edpio, onde ir\u00e1 colocar uma estrutura na Pra\u00e7a S\u00e3o Janu\u00e1rio para acertar a caderneta de vacina\u00e7\u00e3o da crian\u00e7ada, contudo no dia 18, o dia D \u00e9 nacional, onde todas as Unidades de Sa\u00fade do Munic\u00edpio estar\u00e3o atendendo. O chefe do executivo elogiou o sistema de sa\u00fade do pa\u00eds, no que tange as campanhas e disse dos esfor\u00e7os que ser\u00e3o colocados para que a meta seja atingida. \u201cA prefeitura est\u00e1 totalmente integrada ao processo e vamos unir todos os nossos esfor\u00e7os no sentido de evitar que essas doen\u00e7as cheguem at\u00e9 aqui\u201d. &nbsp;<\/p>\n<div style=\"position: relative; height: 0; padding-bottom: 56.25%;\"><iframe style=\"position: absolute; width: 100%; height: 100%; left: 0;\" data-src=\"https:\/\/www.youtube.com\/embed\/wqP4sDDZU4Q?ecver=2\" width=\"640\" height=\"360\" frameborder=\"0\" allowfullscreen=\"allowfullscreen\" src=\"data:image\/svg+xml;base64,PHN2ZyB3aWR0aD0iMSIgaGVpZ2h0PSIxIiB4bWxucz0iaHR0cDovL3d3dy53My5vcmcvMjAwMC9zdmciPjwvc3ZnPg==\" class=\"lazyload\" data-load-mode=\"1\"><\/iframe><\/div>\n<div>&nbsp;<\/div>\n<div style=\"position: relative; height: 0; padding-bottom: 56.25%;\"><iframe style=\"position: absolute; width: 100%; height: 100%; left: 0;\" data-src=\"https:\/\/www.youtube.com\/embed\/9_vo2rMZo3Q?ecver=2\" width=\"640\" height=\"360\" frameborder=\"0\" allowfullscreen=\"allowfullscreen\" src=\"data:image\/svg+xml;base64,PHN2ZyB3aWR0aD0iMSIgaGVpZ2h0PSIxIiB4bWxucz0iaHR0cDovL3d3dy53My5vcmcvMjAwMC9zdmciPjwvc3ZnPg==\" class=\"lazyload\" data-load-mode=\"1\"><\/iframe><\/div>\n<p>&nbsp;<\/p>\n","protected":false},"excerpt":{"rendered":"<p>A Prefeitura Municipal, atrav\u00e9s da Secretaria de Sa\u00fade, representada pela<\/p>\n","protected":false},"author":2,"featured_media":6165,"comment_status":"open","ping_status":"open","sticky":false,"template":"","format":"standard","meta":{"footnotes":""},"categories":[15],"tags":[],"class_list":["post-6164","post","type-post","status-publish","format-standard","has-post-thumbnail","hentry","category-prefeitura-municipal"],"yoast_head":"<!-- This site is optimized with the Yoast SEO plugin v27.2 - https:\/\/yoast.com\/product\/yoast-seo-wordpress\/ -->\n<title>CAMPANHA NACIONAL CONTRA POLIOMIELITE E SARAMPO TER\u00c1 IN\u00cdCIO DIA 06 DE AGOSTO - Ub\u00e1 News<\/title>\n<meta name=\"robots\" content=\"index, follow, max-snippet:-1, max-image-preview:large, max-video-preview:-1\" \/>\n<link rel=\"canonical\" href=\"https:\/\/ubanews.com\/site\/2018\/08\/03\/campanha-nacional-contra-poliomielite-e-sarampo-tera-inicio-dia-06-de-agosto\/\" \/>\n<meta property=\"og:locale\" content=\"pt_BR\" \/>\n<meta property=\"og:type\" content=\"article\" \/>\n<meta property=\"og:title\" content=\"CAMPANHA NACIONAL CONTRA POLIOMIELITE E SARAMPO TER\u00c1 IN\u00cdCIO DIA 06 DE AGOSTO - Ub\u00e1 News\" \/>\n<meta property=\"og:description\" content=\"A Prefeitura Municipal, atrav\u00e9s da Secretaria de Sa\u00fade, representada pela\" \/>\n<meta property=\"og:url\" content=\"https:\/\/ubanews.com\/site\/2018\/08\/03\/campanha-nacional-contra-poliomielite-e-sarampo-tera-inicio-dia-06-de-agosto\/\" \/>\n<meta property=\"og:site_name\" content=\"Ub\u00e1 News\" \/>\n<meta property=\"article:publisher\" content=\"https:\/\/www.facebook.com\/Ub%c3%a1News-Carlos-Roberto-Sodr%c3%a9-418778301977370\" \/>\n<meta property=\"article:author\" content=\"https:\/\/www.facebook.com\/carosroberto.sodre.5\/\" \/>\n<meta property=\"article:published_time\" content=\"2018-08-03T17:39:47+00:00\" \/>\n<meta property=\"article:modified_time\" content=\"2018-08-09T12:00:18+00:00\" \/>\n<meta property=\"og:image\" content=\"https:\/\/ubanews.com\/site\/wp-content\/uploads\/2018\/08\/001-5.jpg\" \/>\n\t<meta property=\"og:image:width\" content=\"800\" \/>\n\t<meta property=\"og:image:height\" content=\"389\" \/>\n\t<meta property=\"og:image:type\" content=\"image\/jpeg\" \/>\n<meta name=\"author\" content=\"Sodr\u00e9\" \/>\n<meta name=\"twitter:card\" content=\"summary_large_image\" \/>\n<meta name=\"twitter:label1\" content=\"Escrito por\" \/>\n\t<meta name=\"twitter:data1\" content=\"Sodr\u00e9\" \/>\n\t<meta name=\"twitter:label2\" content=\"Est. tempo de leitura\" \/>\n\t<meta name=\"twitter:data2\" content=\"1 minuto\" \/>\n<script type=\"application\/ld+json\" class=\"yoast-schema-graph\">{\"@context\":\"https:\/\/schema.org\",\"@graph\":[{\"@type\":\"Article\",\"@id\":\"https:\/\/ubanews.com\/site\/2018\/08\/03\/campanha-nacional-contra-poliomielite-e-sarampo-tera-inicio-dia-06-de-agosto\/#article\",\"isPartOf\":{\"@id\":\"https:\/\/ubanews.com\/site\/2018\/08\/03\/campanha-nacional-contra-poliomielite-e-sarampo-tera-inicio-dia-06-de-agosto\/\"},\"author\":{\"name\":\"Sodr\u00e9\",\"@id\":\"https:\/\/ubanews.com\/site\/#\/schema\/person\/d90c9e47252fbb63dcc969fe4c8b9d10\"},\"headline\":\"CAMPANHA NACIONAL CONTRA POLIOMIELITE E SARAMPO TER\u00c1 IN\u00cdCIO DIA 06 DE AGOSTO\",\"datePublished\":\"2018-08-03T17:39:47+00:00\",\"dateModified\":\"2018-08-09T12:00:18+00:00\",\"mainEntityOfPage\":{\"@id\":\"https:\/\/ubanews.com\/site\/2018\/08\/03\/campanha-nacional-contra-poliomielite-e-sarampo-tera-inicio-dia-06-de-agosto\/\"},\"wordCount\":194,\"commentCount\":0,\"publisher\":{\"@id\":\"https:\/\/ubanews.com\/site\/#organization\"},\"image\":{\"@id\":\"https:\/\/ubanews.com\/site\/2018\/08\/03\/campanha-nacional-contra-poliomielite-e-sarampo-tera-inicio-dia-06-de-agosto\/#primaryimage\"},\"thumbnailUrl\":\"https:\/\/ubanews.com\/site\/wp-content\/uploads\/2018\/08\/001-5.jpg\",\"articleSection\":[\"Prefeitura Municipal\"],\"inLanguage\":\"pt-BR\",\"potentialAction\":[{\"@type\":\"CommentAction\",\"name\":\"Comment\",\"target\":[\"https:\/\/ubanews.com\/site\/2018\/08\/03\/campanha-nacional-contra-poliomielite-e-sarampo-tera-inicio-dia-06-de-agosto\/#respond\"]}]},{\"@type\":\"WebPage\",\"@id\":\"https:\/\/ubanews.com\/site\/2018\/08\/03\/campanha-nacional-contra-poliomielite-e-sarampo-tera-inicio-dia-06-de-agosto\/\",\"url\":\"https:\/\/ubanews.com\/site\/2018\/08\/03\/campanha-nacional-contra-poliomielite-e-sarampo-tera-inicio-dia-06-de-agosto\/\",\"name\":\"CAMPANHA NACIONAL CONTRA POLIOMIELITE E SARAMPO TER\u00c1 IN\u00cdCIO DIA 06 DE AGOSTO - Ub\u00e1 News\",\"isPartOf\":{\"@id\":\"https:\/\/ubanews.com\/site\/#website\"},\"primaryImageOfPage\":{\"@id\":\"https:\/\/ubanews.com\/site\/2018\/08\/03\/campanha-nacional-contra-poliomielite-e-sarampo-tera-inicio-dia-06-de-agosto\/#primaryimage\"},\"image\":{\"@id\":\"https:\/\/ubanews.com\/site\/2018\/08\/03\/campanha-nacional-contra-poliomielite-e-sarampo-tera-inicio-dia-06-de-agosto\/#primaryimage\"},\"thumbnailUrl\":\"https:\/\/ubanews.com\/site\/wp-content\/uploads\/2018\/08\/001-5.jpg\",\"datePublished\":\"2018-08-03T17:39:47+00:00\",\"dateModified\":\"2018-08-09T12:00:18+00:00\",\"breadcrumb\":{\"@id\":\"https:\/\/ubanews.com\/site\/2018\/08\/03\/campanha-nacional-contra-poliomielite-e-sarampo-tera-inicio-dia-06-de-agosto\/#breadcrumb\"},\"inLanguage\":\"pt-BR\",\"potentialAction\":[{\"@type\":\"ReadAction\",\"target\":[\"https:\/\/ubanews.com\/site\/2018\/08\/03\/campanha-nacional-contra-poliomielite-e-sarampo-tera-inicio-dia-06-de-agosto\/\"]}]},{\"@type\":\"ImageObject\",\"inLanguage\":\"pt-BR\",\"@id\":\"https:\/\/ubanews.com\/site\/2018\/08\/03\/campanha-nacional-contra-poliomielite-e-sarampo-tera-inicio-dia-06-de-agosto\/#primaryimage\",\"url\":\"https:\/\/ubanews.com\/site\/wp-content\/uploads\/2018\/08\/001-5.jpg\",\"contentUrl\":\"https:\/\/ubanews.com\/site\/wp-content\/uploads\/2018\/08\/001-5.jpg\",\"width\":800,\"height\":389},{\"@type\":\"BreadcrumbList\",\"@id\":\"https:\/\/ubanews.com\/site\/2018\/08\/03\/campanha-nacional-contra-poliomielite-e-sarampo-tera-inicio-dia-06-de-agosto\/#breadcrumb\",\"itemListElement\":[{\"@type\":\"ListItem\",\"position\":1,\"name\":\"Home\",\"item\":\"https:\/\/ubanews.com\/site\/\"},{\"@type\":\"ListItem\",\"position\":2,\"name\":\"CAMPANHA NACIONAL CONTRA POLIOMIELITE E SARAMPO TER\u00c1 IN\u00cdCIO DIA 06 DE AGOSTO\"}]},{\"@type\":\"WebSite\",\"@id\":\"https:\/\/ubanews.com\/site\/#website\",\"url\":\"https:\/\/ubanews.com\/site\/\",\"name\":\"Ub\u00e1 News\",\"description\":\"\",\"publisher\":{\"@id\":\"https:\/\/ubanews.com\/site\/#organization\"},\"potentialAction\":[{\"@type\":\"SearchAction\",\"target\":{\"@type\":\"EntryPoint\",\"urlTemplate\":\"https:\/\/ubanews.com\/site\/?s={search_term_string}\"},\"query-input\":{\"@type\":\"PropertyValueSpecification\",\"valueRequired\":true,\"valueName\":\"search_term_string\"}}],\"inLanguage\":\"pt-BR\"},{\"@type\":\"Organization\",\"@id\":\"https:\/\/ubanews.com\/site\/#organization\",\"name\":\"Ub\u00e1 News\",\"url\":\"https:\/\/ubanews.com\/site\/\",\"logo\":{\"@type\":\"ImageObject\",\"inLanguage\":\"pt-BR\",\"@id\":\"https:\/\/ubanews.com\/site\/#\/schema\/logo\/image\/\",\"url\":\"https:\/\/ubanews.com\/site\/wp-content\/uploads\/2018\/01\/logoubanews.png\",\"contentUrl\":\"https:\/\/ubanews.com\/site\/wp-content\/uploads\/2018\/01\/logoubanews.png\",\"width\":261,\"height\":99,\"caption\":\"Ub\u00e1 News\"},\"image\":{\"@id\":\"https:\/\/ubanews.com\/site\/#\/schema\/logo\/image\/\"},\"sameAs\":[\"https:\/\/www.facebook.com\/Ub\u00e1News-Carlos-Roberto-Sodr\u00e9-418778301977370\"]},{\"@type\":\"Person\",\"@id\":\"https:\/\/ubanews.com\/site\/#\/schema\/person\/d90c9e47252fbb63dcc969fe4c8b9d10\",\"name\":\"Sodr\u00e9\",\"image\":{\"@type\":\"ImageObject\",\"inLanguage\":\"pt-BR\",\"@id\":\"https:\/\/secure.gravatar.com\/avatar\/5ba2793f0590b9dbfad3fdec4ee714485b3eef211c9b32ee53d414060454a56c?s=96&d=mm&r=g\",\"url\":\"https:\/\/secure.gravatar.com\/avatar\/5ba2793f0590b9dbfad3fdec4ee714485b3eef211c9b32ee53d414060454a56c?s=96&d=mm&r=g\",\"contentUrl\":\"https:\/\/secure.gravatar.com\/avatar\/5ba2793f0590b9dbfad3fdec4ee714485b3eef211c9b32ee53d414060454a56c?s=96&d=mm&r=g\",\"caption\":\"Sodr\u00e9\"},\"sameAs\":[\"https:\/\/www.facebook.com\/carosroberto.sodre.5\/\"],\"url\":\"https:\/\/ubanews.com\/site\/author\/felipe\/\"}]}<\/script>\n<!-- \/ Yoast SEO plugin. -->","yoast_head_json":{"title":"CAMPANHA NACIONAL CONTRA POLIOMIELITE E SARAMPO TER\u00c1 IN\u00cdCIO DIA 06 DE AGOSTO - Ub\u00e1 News","robots":{"index":"index","follow":"follow","max-snippet":"max-snippet:-1","max-image-preview":"max-image-preview:large","max-video-preview":"max-video-preview:-1"},"canonical":"https:\/\/ubanews.com\/site\/2018\/08\/03\/campanha-nacional-contra-poliomielite-e-sarampo-tera-inicio-dia-06-de-agosto\/","og_locale":"pt_BR","og_type":"article","og_title":"CAMPANHA NACIONAL CONTRA POLIOMIELITE E SARAMPO TER\u00c1 IN\u00cdCIO DIA 06 DE AGOSTO - Ub\u00e1 News","og_description":"A Prefeitura Municipal, atrav\u00e9s da Secretaria de Sa\u00fade, representada pela","og_url":"https:\/\/ubanews.com\/site\/2018\/08\/03\/campanha-nacional-contra-poliomielite-e-sarampo-tera-inicio-dia-06-de-agosto\/","og_site_name":"Ub\u00e1 News","article_publisher":"https:\/\/www.facebook.com\/Ub%c3%a1News-Carlos-Roberto-Sodr%c3%a9-418778301977370","article_author":"https:\/\/www.facebook.com\/carosroberto.sodre.5\/","article_published_time":"2018-08-03T17:39:47+00:00","article_modified_time":"2018-08-09T12:00:18+00:00","og_image":[{"width":800,"height":389,"url":"https:\/\/ubanews.com\/site\/wp-content\/uploads\/2018\/08\/001-5.jpg","type":"image\/jpeg"}],"author":"Sodr\u00e9","twitter_card":"summary_large_image","twitter_misc":{"Escrito por":"Sodr\u00e9","Est. tempo de leitura":"1 minuto"},"schema":{"@context":"https:\/\/schema.org","@graph":[{"@type":"Article","@id":"https:\/\/ubanews.com\/site\/2018\/08\/03\/campanha-nacional-contra-poliomielite-e-sarampo-tera-inicio-dia-06-de-agosto\/#article","isPartOf":{"@id":"https:\/\/ubanews.com\/site\/2018\/08\/03\/campanha-nacional-contra-poliomielite-e-sarampo-tera-inicio-dia-06-de-agosto\/"},"author":{"name":"Sodr\u00e9","@id":"https:\/\/ubanews.com\/site\/#\/schema\/person\/d90c9e47252fbb63dcc969fe4c8b9d10"},"headline":"CAMPANHA NACIONAL CONTRA POLIOMIELITE E SARAMPO TER\u00c1 IN\u00cdCIO DIA 06 DE AGOSTO","datePublished":"2018-08-03T17:39:47+00:00","dateModified":"2018-08-09T12:00:18+00:00","mainEntityOfPage":{"@id":"https:\/\/ubanews.com\/site\/2018\/08\/03\/campanha-nacional-contra-poliomielite-e-sarampo-tera-inicio-dia-06-de-agosto\/"},"wordCount":194,"commentCount":0,"publisher":{"@id":"https:\/\/ubanews.com\/site\/#organization"},"image":{"@id":"https:\/\/ubanews.com\/site\/2018\/08\/03\/campanha-nacional-contra-poliomielite-e-sarampo-tera-inicio-dia-06-de-agosto\/#primaryimage"},"thumbnailUrl":"https:\/\/ubanews.com\/site\/wp-content\/uploads\/2018\/08\/001-5.jpg","articleSection":["Prefeitura Municipal"],"inLanguage":"pt-BR","potentialAction":[{"@type":"CommentAction","name":"Comment","target":["https:\/\/ubanews.com\/site\/2018\/08\/03\/campanha-nacional-contra-poliomielite-e-sarampo-tera-inicio-dia-06-de-agosto\/#respond"]}]},{"@type":"WebPage","@id":"https:\/\/ubanews.com\/site\/2018\/08\/03\/campanha-nacional-contra-poliomielite-e-sarampo-tera-inicio-dia-06-de-agosto\/","url":"https:\/\/ubanews.com\/site\/2018\/08\/03\/campanha-nacional-contra-poliomielite-e-sarampo-tera-inicio-dia-06-de-agosto\/","name":"CAMPANHA NACIONAL CONTRA POLIOMIELITE E SARAMPO TER\u00c1 IN\u00cdCIO DIA 06 DE AGOSTO - Ub\u00e1 News","isPartOf":{"@id":"https:\/\/ubanews.com\/site\/#website"},"primaryImageOfPage":{"@id":"https:\/\/ubanews.com\/site\/2018\/08\/03\/campanha-nacional-contra-poliomielite-e-sarampo-tera-inicio-dia-06-de-agosto\/#primaryimage"},"image":{"@id":"https:\/\/ubanews.com\/site\/2018\/08\/03\/campanha-nacional-contra-poliomielite-e-sarampo-tera-inicio-dia-06-de-agosto\/#primaryimage"},"thumbnailUrl":"https:\/\/ubanews.com\/site\/wp-content\/uploads\/2018\/08\/001-5.jpg","datePublished":"2018-08-03T17:39:47+00:00","dateModified":"2018-08-09T12:00:18+00:00","breadcrumb":{"@id":"https:\/\/ubanews.com\/site\/2018\/08\/03\/campanha-nacional-contra-poliomielite-e-sarampo-tera-inicio-dia-06-de-agosto\/#breadcrumb"},"inLanguage":"pt-BR","potentialAction":[{"@type":"ReadAction","target":["https:\/\/ubanews.com\/site\/2018\/08\/03\/campanha-nacional-contra-poliomielite-e-sarampo-tera-inicio-dia-06-de-agosto\/"]}]},{"@type":"ImageObject","inLanguage":"pt-BR","@id":"https:\/\/ubanews.com\/site\/2018\/08\/03\/campanha-nacional-contra-poliomielite-e-sarampo-tera-inicio-dia-06-de-agosto\/#primaryimage","url":"https:\/\/ubanews.com\/site\/wp-content\/uploads\/2018\/08\/001-5.jpg","contentUrl":"https:\/\/ubanews.com\/site\/wp-content\/uploads\/2018\/08\/001-5.jpg","width":800,"height":389},{"@type":"BreadcrumbList","@id":"https:\/\/ubanews.com\/site\/2018\/08\/03\/campanha-nacional-contra-poliomielite-e-sarampo-tera-inicio-dia-06-de-agosto\/#breadcrumb","itemListElement":[{"@type":"ListItem","position":1,"name":"Home","item":"https:\/\/ubanews.com\/site\/"},{"@type":"ListItem","position":2,"name":"CAMPANHA NACIONAL CONTRA POLIOMIELITE E SARAMPO TER\u00c1 IN\u00cdCIO DIA 06 DE AGOSTO"}]},{"@type":"WebSite","@id":"https:\/\/ubanews.com\/site\/#website","url":"https:\/\/ubanews.com\/site\/","name":"Ub\u00e1 News","description":"","publisher":{"@id":"https:\/\/ubanews.com\/site\/#organization"},"potentialAction":[{"@type":"SearchAction","target":{"@type":"EntryPoint","urlTemplate":"https:\/\/ubanews.com\/site\/?s={search_term_string}"},"query-input":{"@type":"PropertyValueSpecification","valueRequired":true,"valueName":"search_term_string"}}],"inLanguage":"pt-BR"},{"@type":"Organization","@id":"https:\/\/ubanews.com\/site\/#organization","name":"Ub\u00e1 News","url":"https:\/\/ubanews.com\/site\/","logo":{"@type":"ImageObject","inLanguage":"pt-BR","@id":"https:\/\/ubanews.com\/site\/#\/schema\/logo\/image\/","url":"https:\/\/ubanews.com\/site\/wp-content\/uploads\/2018\/01\/logoubanews.png","contentUrl":"https:\/\/ubanews.com\/site\/wp-content\/uploads\/2018\/01\/logoubanews.png","width":261,"height":99,"caption":"Ub\u00e1 News"},"image":{"@id":"https:\/\/ubanews.com\/site\/#\/schema\/logo\/image\/"},"sameAs":["https:\/\/www.facebook.com\/Ub\u00e1News-Carlos-Roberto-Sodr\u00e9-418778301977370"]},{"@type":"Person","@id":"https:\/\/ubanews.com\/site\/#\/schema\/person\/d90c9e47252fbb63dcc969fe4c8b9d10","name":"Sodr\u00e9","image":{"@type":"ImageObject","inLanguage":"pt-BR","@id":"https:\/\/secure.gravatar.com\/avatar\/5ba2793f0590b9dbfad3fdec4ee714485b3eef211c9b32ee53d414060454a56c?s=96&d=mm&r=g","url":"https:\/\/secure.gravatar.com\/avatar\/5ba2793f0590b9dbfad3fdec4ee714485b3eef211c9b32ee53d414060454a56c?s=96&d=mm&r=g","contentUrl":"https:\/\/secure.gravatar.com\/avatar\/5ba2793f0590b9dbfad3fdec4ee714485b3eef211c9b32ee53d414060454a56c?s=96&d=mm&r=g","caption":"Sodr\u00e9"},"sameAs":["https:\/\/www.facebook.com\/carosroberto.sodre.5\/"],"url":"https:\/\/ubanews.com\/site\/author\/felipe\/"}]}},"_links":{"self":[{"href":"https:\/\/ubanews.com\/site\/wp-json\/wp\/v2\/posts\/6164","targetHints":{"allow":["GET"]}}],"collection":[{"href":"https:\/\/ubanews.com\/site\/wp-json\/wp\/v2\/posts"}],"about":[{"href":"https:\/\/ubanews.com\/site\/wp-json\/wp\/v2\/types\/post"}],"author":[{"embeddable":true,"href":"https:\/\/ubanews.com\/site\/wp-json\/wp\/v2\/users\/2"}],"replies":[{"embeddable":true,"href":"https:\/\/ubanews.com\/site\/wp-json\/wp\/v2\/comments?post=6164"}],"version-history":[{"count":0,"href":"https:\/\/ubanews.com\/site\/wp-json\/wp\/v2\/posts\/6164\/revisions"}],"wp:featuredmedia":[{"embeddable":true,"href":"https:\/\/ubanews.com\/site\/wp-json\/wp\/v2\/media\/6165"}],"wp:attachment":[{"href":"https:\/\/ubanews.com\/site\/wp-json\/wp\/v2\/media?parent=6164"}],"wp:term":[{"taxonomy":"category","embeddable":true,"href":"https:\/\/ubanews.com\/site\/wp-json\/wp\/v2\/categories?post=6164"},{"taxonomy":"post_tag","embeddable":true,"href":"https:\/\/ubanews.com\/site\/wp-json\/wp\/v2\/tags?post=6164"}],"curies":[{"name":"wp","href":"https:\/\/api.w.org\/{rel}","templated":true}]}}