{"id":6153,"date":"2018-08-03T11:57:20","date_gmt":"2018-08-03T14:57:20","guid":{"rendered":"http:\/\/ubanews.com\/site\/?p=6153"},"modified":"2018-08-03T12:08:26","modified_gmt":"2018-08-03T15:08:26","slug":"uba-faz-prisao-de-cidadao-por-posse-ilegal-de-arma-de-fogo","status":"publish","type":"post","link":"https:\/\/ubanews.com\/site\/2018\/08\/03\/uba-faz-prisao-de-cidadao-por-posse-ilegal-de-arma-de-fogo\/","title":{"rendered":"PRIS\u00c3O DE CIDAD\u00c3O POR POSSE ILEGAL DE ARMA DE FOGO"},"content":{"rendered":"<p>No dia 02 de Agosto \u00e0s 15h 44min, durante patrulhamento pelo Bairro Agroceres, na Rua Eliza Amaral Peron, a Pol\u00edcia Militar deparou com v\u00e1rios indiv\u00edduos em atitude suspeita que ao avistarem a viatura empreenderam fuga, durante a abordagem ao autor David dos Santos Peron (20), j\u00e1 conhecido no meio policial tendo passagens por Co-autoria de Homic\u00eddio em 28\/06\/2016, tr\u00e1fico il\u00edcito de drogas em 23\/08\/2015; 25\/05\/2017 e 28\/06\/2016, este relatou aos policiais que possu\u00eda uma pistola de calibre.380 com 33 muni\u00e7\u00f5es dois carregadores, fazendo a entrega da mesma juntamente com os dois carregadores e um R\u00e1dio HT Comunicador.<\/p>\n<p>O autor foi preso pelo crime de posse ilegal de arma de fogo, e foi conduzido \u00e0 Delegacia de Pol\u00edcia Judici\u00e1ria juntamente com os materiais.<\/p>\n<p><strong>A<\/strong><strong>SSESSORIA DE COMUNICA\u00c7\u00c3O ORGANIZACIONAL<\/strong><\/p>\n<p><strong><em>Vig\u00e9simo Primeiro Batalh\u00e3o de Pol\u00edcia Militar<\/em><\/strong><\/p>\n","protected":false},"excerpt":{"rendered":"<p>No dia 02 de Agosto \u00e0s 15h 44min, durante patrulhamento<\/p>\n","protected":false},"author":2,"featured_media":6154,"comment_status":"open","ping_status":"open","sticky":false,"template":"","format":"standard","meta":{"footnotes":""},"categories":[13],"tags":[],"class_list":["post-6153","post","type-post","status-publish","format-standard","has-post-thumbnail","hentry","category-sintese-das-ocorrencias"],"yoast_head":"<!-- This site is optimized with the Yoast SEO plugin v27.2 - https:\/\/yoast.com\/product\/yoast-seo-wordpress\/ -->\n<title>PRIS\u00c3O DE CIDAD\u00c3O POR POSSE ILEGAL DE ARMA DE FOGO - Ub\u00e1 News<\/title>\n<meta name=\"robots\" content=\"index, follow, max-snippet:-1, max-image-preview:large, max-video-preview:-1\" \/>\n<link rel=\"canonical\" href=\"https:\/\/ubanews.com\/site\/2018\/08\/03\/uba-faz-prisao-de-cidadao-por-posse-ilegal-de-arma-de-fogo\/\" \/>\n<meta property=\"og:locale\" content=\"pt_BR\" \/>\n<meta property=\"og:type\" content=\"article\" \/>\n<meta property=\"og:title\" content=\"PRIS\u00c3O DE CIDAD\u00c3O POR POSSE ILEGAL DE ARMA DE FOGO - Ub\u00e1 News\" \/>\n<meta property=\"og:description\" content=\"No dia 02 de Agosto \u00e0s 15h 44min, durante patrulhamento\" \/>\n<meta property=\"og:url\" content=\"https:\/\/ubanews.com\/site\/2018\/08\/03\/uba-faz-prisao-de-cidadao-por-posse-ilegal-de-arma-de-fogo\/\" \/>\n<meta property=\"og:site_name\" content=\"Ub\u00e1 News\" \/>\n<meta property=\"article:publisher\" content=\"https:\/\/www.facebook.com\/Ub%c3%a1News-Carlos-Roberto-Sodr%c3%a9-418778301977370\" \/>\n<meta property=\"article:author\" content=\"https:\/\/www.facebook.com\/carosroberto.sodre.5\/\" \/>\n<meta property=\"article:published_time\" content=\"2018-08-03T14:57:20+00:00\" \/>\n<meta property=\"article:modified_time\" content=\"2018-08-03T15:08:26+00:00\" \/>\n<meta property=\"og:image\" content=\"https:\/\/ubanews.com\/site\/wp-content\/uploads\/2018\/08\/001-3.jpg\" \/>\n\t<meta property=\"og:image:width\" content=\"800\" \/>\n\t<meta property=\"og:image:height\" content=\"389\" \/>\n\t<meta property=\"og:image:type\" content=\"image\/jpeg\" \/>\n<meta name=\"author\" content=\"Sodr\u00e9\" \/>\n<meta name=\"twitter:card\" content=\"summary_large_image\" \/>\n<meta name=\"twitter:label1\" content=\"Escrito por\" \/>\n\t<meta name=\"twitter:data1\" content=\"Sodr\u00e9\" \/>\n\t<meta name=\"twitter:label2\" content=\"Est. tempo de leitura\" \/>\n\t<meta name=\"twitter:data2\" content=\"1 minuto\" \/>\n<script type=\"application\/ld+json\" class=\"yoast-schema-graph\">{\"@context\":\"https:\/\/schema.org\",\"@graph\":[{\"@type\":\"Article\",\"@id\":\"https:\/\/ubanews.com\/site\/2018\/08\/03\/uba-faz-prisao-de-cidadao-por-posse-ilegal-de-arma-de-fogo\/#article\",\"isPartOf\":{\"@id\":\"https:\/\/ubanews.com\/site\/2018\/08\/03\/uba-faz-prisao-de-cidadao-por-posse-ilegal-de-arma-de-fogo\/\"},\"author\":{\"name\":\"Sodr\u00e9\",\"@id\":\"https:\/\/ubanews.com\/site\/#\/schema\/person\/d90c9e47252fbb63dcc969fe4c8b9d10\"},\"headline\":\"PRIS\u00c3O DE CIDAD\u00c3O POR POSSE ILEGAL DE ARMA DE FOGO\",\"datePublished\":\"2018-08-03T14:57:20+00:00\",\"dateModified\":\"2018-08-03T15:08:26+00:00\",\"mainEntityOfPage\":{\"@id\":\"https:\/\/ubanews.com\/site\/2018\/08\/03\/uba-faz-prisao-de-cidadao-por-posse-ilegal-de-arma-de-fogo\/\"},\"wordCount\":152,\"commentCount\":0,\"publisher\":{\"@id\":\"https:\/\/ubanews.com\/site\/#organization\"},\"image\":{\"@id\":\"https:\/\/ubanews.com\/site\/2018\/08\/03\/uba-faz-prisao-de-cidadao-por-posse-ilegal-de-arma-de-fogo\/#primaryimage\"},\"thumbnailUrl\":\"https:\/\/ubanews.com\/site\/wp-content\/uploads\/2018\/08\/001-3.jpg\",\"articleSection\":[\"S\u00edntese das Ocorr\u00eancias\"],\"inLanguage\":\"pt-BR\",\"potentialAction\":[{\"@type\":\"CommentAction\",\"name\":\"Comment\",\"target\":[\"https:\/\/ubanews.com\/site\/2018\/08\/03\/uba-faz-prisao-de-cidadao-por-posse-ilegal-de-arma-de-fogo\/#respond\"]}]},{\"@type\":\"WebPage\",\"@id\":\"https:\/\/ubanews.com\/site\/2018\/08\/03\/uba-faz-prisao-de-cidadao-por-posse-ilegal-de-arma-de-fogo\/\",\"url\":\"https:\/\/ubanews.com\/site\/2018\/08\/03\/uba-faz-prisao-de-cidadao-por-posse-ilegal-de-arma-de-fogo\/\",\"name\":\"PRIS\u00c3O DE CIDAD\u00c3O POR POSSE ILEGAL DE ARMA DE FOGO - Ub\u00e1 News\",\"isPartOf\":{\"@id\":\"https:\/\/ubanews.com\/site\/#website\"},\"primaryImageOfPage\":{\"@id\":\"https:\/\/ubanews.com\/site\/2018\/08\/03\/uba-faz-prisao-de-cidadao-por-posse-ilegal-de-arma-de-fogo\/#primaryimage\"},\"image\":{\"@id\":\"https:\/\/ubanews.com\/site\/2018\/08\/03\/uba-faz-prisao-de-cidadao-por-posse-ilegal-de-arma-de-fogo\/#primaryimage\"},\"thumbnailUrl\":\"https:\/\/ubanews.com\/site\/wp-content\/uploads\/2018\/08\/001-3.jpg\",\"datePublished\":\"2018-08-03T14:57:20+00:00\",\"dateModified\":\"2018-08-03T15:08:26+00:00\",\"breadcrumb\":{\"@id\":\"https:\/\/ubanews.com\/site\/2018\/08\/03\/uba-faz-prisao-de-cidadao-por-posse-ilegal-de-arma-de-fogo\/#breadcrumb\"},\"inLanguage\":\"pt-BR\",\"potentialAction\":[{\"@type\":\"ReadAction\",\"target\":[\"https:\/\/ubanews.com\/site\/2018\/08\/03\/uba-faz-prisao-de-cidadao-por-posse-ilegal-de-arma-de-fogo\/\"]}]},{\"@type\":\"ImageObject\",\"inLanguage\":\"pt-BR\",\"@id\":\"https:\/\/ubanews.com\/site\/2018\/08\/03\/uba-faz-prisao-de-cidadao-por-posse-ilegal-de-arma-de-fogo\/#primaryimage\",\"url\":\"https:\/\/ubanews.com\/site\/wp-content\/uploads\/2018\/08\/001-3.jpg\",\"contentUrl\":\"https:\/\/ubanews.com\/site\/wp-content\/uploads\/2018\/08\/001-3.jpg\",\"width\":800,\"height\":389},{\"@type\":\"BreadcrumbList\",\"@id\":\"https:\/\/ubanews.com\/site\/2018\/08\/03\/uba-faz-prisao-de-cidadao-por-posse-ilegal-de-arma-de-fogo\/#breadcrumb\",\"itemListElement\":[{\"@type\":\"ListItem\",\"position\":1,\"name\":\"Home\",\"item\":\"https:\/\/ubanews.com\/site\/\"},{\"@type\":\"ListItem\",\"position\":2,\"name\":\"PRIS\u00c3O DE CIDAD\u00c3O POR POSSE ILEGAL DE ARMA DE FOGO\"}]},{\"@type\":\"WebSite\",\"@id\":\"https:\/\/ubanews.com\/site\/#website\",\"url\":\"https:\/\/ubanews.com\/site\/\",\"name\":\"Ub\u00e1 News\",\"description\":\"\",\"publisher\":{\"@id\":\"https:\/\/ubanews.com\/site\/#organization\"},\"potentialAction\":[{\"@type\":\"SearchAction\",\"target\":{\"@type\":\"EntryPoint\",\"urlTemplate\":\"https:\/\/ubanews.com\/site\/?s={search_term_string}\"},\"query-input\":{\"@type\":\"PropertyValueSpecification\",\"valueRequired\":true,\"valueName\":\"search_term_string\"}}],\"inLanguage\":\"pt-BR\"},{\"@type\":\"Organization\",\"@id\":\"https:\/\/ubanews.com\/site\/#organization\",\"name\":\"Ub\u00e1 News\",\"url\":\"https:\/\/ubanews.com\/site\/\",\"logo\":{\"@type\":\"ImageObject\",\"inLanguage\":\"pt-BR\",\"@id\":\"https:\/\/ubanews.com\/site\/#\/schema\/logo\/image\/\",\"url\":\"https:\/\/ubanews.com\/site\/wp-content\/uploads\/2018\/01\/logoubanews.png\",\"contentUrl\":\"https:\/\/ubanews.com\/site\/wp-content\/uploads\/2018\/01\/logoubanews.png\",\"width\":261,\"height\":99,\"caption\":\"Ub\u00e1 News\"},\"image\":{\"@id\":\"https:\/\/ubanews.com\/site\/#\/schema\/logo\/image\/\"},\"sameAs\":[\"https:\/\/www.facebook.com\/Ub\u00e1News-Carlos-Roberto-Sodr\u00e9-418778301977370\"]},{\"@type\":\"Person\",\"@id\":\"https:\/\/ubanews.com\/site\/#\/schema\/person\/d90c9e47252fbb63dcc969fe4c8b9d10\",\"name\":\"Sodr\u00e9\",\"image\":{\"@type\":\"ImageObject\",\"inLanguage\":\"pt-BR\",\"@id\":\"https:\/\/secure.gravatar.com\/avatar\/5ba2793f0590b9dbfad3fdec4ee714485b3eef211c9b32ee53d414060454a56c?s=96&d=mm&r=g\",\"url\":\"https:\/\/secure.gravatar.com\/avatar\/5ba2793f0590b9dbfad3fdec4ee714485b3eef211c9b32ee53d414060454a56c?s=96&d=mm&r=g\",\"contentUrl\":\"https:\/\/secure.gravatar.com\/avatar\/5ba2793f0590b9dbfad3fdec4ee714485b3eef211c9b32ee53d414060454a56c?s=96&d=mm&r=g\",\"caption\":\"Sodr\u00e9\"},\"sameAs\":[\"https:\/\/www.facebook.com\/carosroberto.sodre.5\/\"],\"url\":\"https:\/\/ubanews.com\/site\/author\/felipe\/\"}]}<\/script>\n<!-- \/ Yoast SEO plugin. -->","yoast_head_json":{"title":"PRIS\u00c3O DE CIDAD\u00c3O POR POSSE ILEGAL DE ARMA DE FOGO - Ub\u00e1 News","robots":{"index":"index","follow":"follow","max-snippet":"max-snippet:-1","max-image-preview":"max-image-preview:large","max-video-preview":"max-video-preview:-1"},"canonical":"https:\/\/ubanews.com\/site\/2018\/08\/03\/uba-faz-prisao-de-cidadao-por-posse-ilegal-de-arma-de-fogo\/","og_locale":"pt_BR","og_type":"article","og_title":"PRIS\u00c3O DE CIDAD\u00c3O POR POSSE ILEGAL DE ARMA DE FOGO - Ub\u00e1 News","og_description":"No dia 02 de Agosto \u00e0s 15h 44min, durante patrulhamento","og_url":"https:\/\/ubanews.com\/site\/2018\/08\/03\/uba-faz-prisao-de-cidadao-por-posse-ilegal-de-arma-de-fogo\/","og_site_name":"Ub\u00e1 News","article_publisher":"https:\/\/www.facebook.com\/Ub%c3%a1News-Carlos-Roberto-Sodr%c3%a9-418778301977370","article_author":"https:\/\/www.facebook.com\/carosroberto.sodre.5\/","article_published_time":"2018-08-03T14:57:20+00:00","article_modified_time":"2018-08-03T15:08:26+00:00","og_image":[{"width":800,"height":389,"url":"https:\/\/ubanews.com\/site\/wp-content\/uploads\/2018\/08\/001-3.jpg","type":"image\/jpeg"}],"author":"Sodr\u00e9","twitter_card":"summary_large_image","twitter_misc":{"Escrito por":"Sodr\u00e9","Est. tempo de leitura":"1 minuto"},"schema":{"@context":"https:\/\/schema.org","@graph":[{"@type":"Article","@id":"https:\/\/ubanews.com\/site\/2018\/08\/03\/uba-faz-prisao-de-cidadao-por-posse-ilegal-de-arma-de-fogo\/#article","isPartOf":{"@id":"https:\/\/ubanews.com\/site\/2018\/08\/03\/uba-faz-prisao-de-cidadao-por-posse-ilegal-de-arma-de-fogo\/"},"author":{"name":"Sodr\u00e9","@id":"https:\/\/ubanews.com\/site\/#\/schema\/person\/d90c9e47252fbb63dcc969fe4c8b9d10"},"headline":"PRIS\u00c3O DE CIDAD\u00c3O POR POSSE ILEGAL DE ARMA DE FOGO","datePublished":"2018-08-03T14:57:20+00:00","dateModified":"2018-08-03T15:08:26+00:00","mainEntityOfPage":{"@id":"https:\/\/ubanews.com\/site\/2018\/08\/03\/uba-faz-prisao-de-cidadao-por-posse-ilegal-de-arma-de-fogo\/"},"wordCount":152,"commentCount":0,"publisher":{"@id":"https:\/\/ubanews.com\/site\/#organization"},"image":{"@id":"https:\/\/ubanews.com\/site\/2018\/08\/03\/uba-faz-prisao-de-cidadao-por-posse-ilegal-de-arma-de-fogo\/#primaryimage"},"thumbnailUrl":"https:\/\/ubanews.com\/site\/wp-content\/uploads\/2018\/08\/001-3.jpg","articleSection":["S\u00edntese das Ocorr\u00eancias"],"inLanguage":"pt-BR","potentialAction":[{"@type":"CommentAction","name":"Comment","target":["https:\/\/ubanews.com\/site\/2018\/08\/03\/uba-faz-prisao-de-cidadao-por-posse-ilegal-de-arma-de-fogo\/#respond"]}]},{"@type":"WebPage","@id":"https:\/\/ubanews.com\/site\/2018\/08\/03\/uba-faz-prisao-de-cidadao-por-posse-ilegal-de-arma-de-fogo\/","url":"https:\/\/ubanews.com\/site\/2018\/08\/03\/uba-faz-prisao-de-cidadao-por-posse-ilegal-de-arma-de-fogo\/","name":"PRIS\u00c3O DE CIDAD\u00c3O POR POSSE ILEGAL DE ARMA DE FOGO - Ub\u00e1 News","isPartOf":{"@id":"https:\/\/ubanews.com\/site\/#website"},"primaryImageOfPage":{"@id":"https:\/\/ubanews.com\/site\/2018\/08\/03\/uba-faz-prisao-de-cidadao-por-posse-ilegal-de-arma-de-fogo\/#primaryimage"},"image":{"@id":"https:\/\/ubanews.com\/site\/2018\/08\/03\/uba-faz-prisao-de-cidadao-por-posse-ilegal-de-arma-de-fogo\/#primaryimage"},"thumbnailUrl":"https:\/\/ubanews.com\/site\/wp-content\/uploads\/2018\/08\/001-3.jpg","datePublished":"2018-08-03T14:57:20+00:00","dateModified":"2018-08-03T15:08:26+00:00","breadcrumb":{"@id":"https:\/\/ubanews.com\/site\/2018\/08\/03\/uba-faz-prisao-de-cidadao-por-posse-ilegal-de-arma-de-fogo\/#breadcrumb"},"inLanguage":"pt-BR","potentialAction":[{"@type":"ReadAction","target":["https:\/\/ubanews.com\/site\/2018\/08\/03\/uba-faz-prisao-de-cidadao-por-posse-ilegal-de-arma-de-fogo\/"]}]},{"@type":"ImageObject","inLanguage":"pt-BR","@id":"https:\/\/ubanews.com\/site\/2018\/08\/03\/uba-faz-prisao-de-cidadao-por-posse-ilegal-de-arma-de-fogo\/#primaryimage","url":"https:\/\/ubanews.com\/site\/wp-content\/uploads\/2018\/08\/001-3.jpg","contentUrl":"https:\/\/ubanews.com\/site\/wp-content\/uploads\/2018\/08\/001-3.jpg","width":800,"height":389},{"@type":"BreadcrumbList","@id":"https:\/\/ubanews.com\/site\/2018\/08\/03\/uba-faz-prisao-de-cidadao-por-posse-ilegal-de-arma-de-fogo\/#breadcrumb","itemListElement":[{"@type":"ListItem","position":1,"name":"Home","item":"https:\/\/ubanews.com\/site\/"},{"@type":"ListItem","position":2,"name":"PRIS\u00c3O DE CIDAD\u00c3O POR POSSE ILEGAL DE ARMA DE FOGO"}]},{"@type":"WebSite","@id":"https:\/\/ubanews.com\/site\/#website","url":"https:\/\/ubanews.com\/site\/","name":"Ub\u00e1 News","description":"","publisher":{"@id":"https:\/\/ubanews.com\/site\/#organization"},"potentialAction":[{"@type":"SearchAction","target":{"@type":"EntryPoint","urlTemplate":"https:\/\/ubanews.com\/site\/?s={search_term_string}"},"query-input":{"@type":"PropertyValueSpecification","valueRequired":true,"valueName":"search_term_string"}}],"inLanguage":"pt-BR"},{"@type":"Organization","@id":"https:\/\/ubanews.com\/site\/#organization","name":"Ub\u00e1 News","url":"https:\/\/ubanews.com\/site\/","logo":{"@type":"ImageObject","inLanguage":"pt-BR","@id":"https:\/\/ubanews.com\/site\/#\/schema\/logo\/image\/","url":"https:\/\/ubanews.com\/site\/wp-content\/uploads\/2018\/01\/logoubanews.png","contentUrl":"https:\/\/ubanews.com\/site\/wp-content\/uploads\/2018\/01\/logoubanews.png","width":261,"height":99,"caption":"Ub\u00e1 News"},"image":{"@id":"https:\/\/ubanews.com\/site\/#\/schema\/logo\/image\/"},"sameAs":["https:\/\/www.facebook.com\/Ub\u00e1News-Carlos-Roberto-Sodr\u00e9-418778301977370"]},{"@type":"Person","@id":"https:\/\/ubanews.com\/site\/#\/schema\/person\/d90c9e47252fbb63dcc969fe4c8b9d10","name":"Sodr\u00e9","image":{"@type":"ImageObject","inLanguage":"pt-BR","@id":"https:\/\/secure.gravatar.com\/avatar\/5ba2793f0590b9dbfad3fdec4ee714485b3eef211c9b32ee53d414060454a56c?s=96&d=mm&r=g","url":"https:\/\/secure.gravatar.com\/avatar\/5ba2793f0590b9dbfad3fdec4ee714485b3eef211c9b32ee53d414060454a56c?s=96&d=mm&r=g","contentUrl":"https:\/\/secure.gravatar.com\/avatar\/5ba2793f0590b9dbfad3fdec4ee714485b3eef211c9b32ee53d414060454a56c?s=96&d=mm&r=g","caption":"Sodr\u00e9"},"sameAs":["https:\/\/www.facebook.com\/carosroberto.sodre.5\/"],"url":"https:\/\/ubanews.com\/site\/author\/felipe\/"}]}},"_links":{"self":[{"href":"https:\/\/ubanews.com\/site\/wp-json\/wp\/v2\/posts\/6153","targetHints":{"allow":["GET"]}}],"collection":[{"href":"https:\/\/ubanews.com\/site\/wp-json\/wp\/v2\/posts"}],"about":[{"href":"https:\/\/ubanews.com\/site\/wp-json\/wp\/v2\/types\/post"}],"author":[{"embeddable":true,"href":"https:\/\/ubanews.com\/site\/wp-json\/wp\/v2\/users\/2"}],"replies":[{"embeddable":true,"href":"https:\/\/ubanews.com\/site\/wp-json\/wp\/v2\/comments?post=6153"}],"version-history":[{"count":0,"href":"https:\/\/ubanews.com\/site\/wp-json\/wp\/v2\/posts\/6153\/revisions"}],"wp:featuredmedia":[{"embeddable":true,"href":"https:\/\/ubanews.com\/site\/wp-json\/wp\/v2\/media\/6154"}],"wp:attachment":[{"href":"https:\/\/ubanews.com\/site\/wp-json\/wp\/v2\/media?parent=6153"}],"wp:term":[{"taxonomy":"category","embeddable":true,"href":"https:\/\/ubanews.com\/site\/wp-json\/wp\/v2\/categories?post=6153"},{"taxonomy":"post_tag","embeddable":true,"href":"https:\/\/ubanews.com\/site\/wp-json\/wp\/v2\/tags?post=6153"}],"curies":[{"name":"wp","href":"https:\/\/api.w.org\/{rel}","templated":true}]}}