{"id":6129,"date":"2018-08-02T18:43:23","date_gmt":"2018-08-02T21:43:23","guid":{"rendered":"http:\/\/ubanews.com\/site\/?p=6129"},"modified":"2018-08-09T09:00:01","modified_gmt":"2018-08-09T12:00:01","slug":"a-sensacao-de-inseguranca-esta-por-toda-parte-ate-na-fila-do-psf","status":"publish","type":"post","link":"https:\/\/ubanews.com\/site\/2018\/08\/02\/a-sensacao-de-inseguranca-esta-por-toda-parte-ate-na-fila-do-psf\/","title":{"rendered":"A SENSA\u00c7\u00c3O DE INSEGURAN\u00c7A EST\u00c1 POR TODA PARTE AT\u00c9 NA FILA DO PSF"},"content":{"rendered":"<p><a href=\"https:\/\/ubanews.com\/site\/wp-content\/uploads\/2018\/08\/DSC_2865.jpg\"><img decoding=\"async\" class=\"alignnone size-full wp-image-6130 lazyload\" data-src=\"https:\/\/ubanews.com\/site\/wp-content\/uploads\/2018\/08\/DSC_2865.jpg\" alt=\"\" width=\"800\" height=\"457\" data-srcset=\"https:\/\/ubanews.com\/site\/wp-content\/uploads\/2018\/08\/DSC_2865.jpg 800w, https:\/\/ubanews.com\/site\/wp-content\/uploads\/2018\/08\/DSC_2865-300x171.jpg 300w, https:\/\/ubanews.com\/site\/wp-content\/uploads\/2018\/08\/DSC_2865-768x439.jpg 768w\" data-sizes=\"(max-width: 800px) 100vw, 800px\" src=\"data:image\/svg+xml;base64,PHN2ZyB3aWR0aD0iMSIgaGVpZ2h0PSIxIiB4bWxucz0iaHR0cDovL3d3dy53My5vcmcvMjAwMC9zdmciPjwvc3ZnPg==\" style=\"--smush-placeholder-width: 800px; --smush-placeholder-aspect-ratio: 800\/457;\" \/><\/a>Apuramos que um cidad\u00e3o em estado de irrita\u00e7\u00e3o chegou ao PSF do bairro S\u00e3o Domingos, Rua Coronel Otaviano da Rocha, acompanhado de uma outra pessoa, supostamente sua genitora, exigindo que ela fosse atendida na frente das pessoas que ali j\u00e1 estavam. Segundo informa\u00e7\u00e3o de uma fonte, o clima ficou tenso, depois de amea\u00e7as graves que ele fez aos servidores, chegando ao ponto de os funcion\u00e1rios afixarem cartazes na manh\u00e3 desta quinta-feira (01), nas paredes da parte externa do pr\u00e9dio.<\/p>\n<p>Uma pessoa foi designada para monitorar a \u00e1rea durante toda essa quinta-feira (02). A situa\u00e7\u00e3o ficou t\u00e3o s\u00e9ria que foi necess\u00e1rio acionar a Pol\u00edcia Militar. Aos poucos a situa\u00e7\u00e3o foi se normalizando.<\/p>\n","protected":false},"excerpt":{"rendered":"<p>Apuramos que um cidad\u00e3o em estado de irrita\u00e7\u00e3o chegou ao<\/p>\n","protected":false},"author":2,"featured_media":6131,"comment_status":"open","ping_status":"open","sticky":false,"template":"","format":"standard","meta":{"footnotes":""},"categories":[1],"tags":[],"class_list":["post-6129","post","type-post","status-publish","format-standard","has-post-thumbnail","hentry","category-sem-categoria"],"yoast_head":"<!-- This site is optimized with the Yoast SEO plugin v27.2 - https:\/\/yoast.com\/product\/yoast-seo-wordpress\/ -->\n<title>A SENSA\u00c7\u00c3O DE INSEGURAN\u00c7A EST\u00c1 POR TODA PARTE AT\u00c9 NA FILA DO PSF - Ub\u00e1 News<\/title>\n<meta name=\"robots\" content=\"index, follow, max-snippet:-1, max-image-preview:large, max-video-preview:-1\" \/>\n<link rel=\"canonical\" href=\"https:\/\/ubanews.com\/site\/2018\/08\/02\/a-sensacao-de-inseguranca-esta-por-toda-parte-ate-na-fila-do-psf\/\" \/>\n<meta property=\"og:locale\" content=\"pt_BR\" \/>\n<meta property=\"og:type\" content=\"article\" \/>\n<meta property=\"og:title\" content=\"A SENSA\u00c7\u00c3O DE INSEGURAN\u00c7A EST\u00c1 POR TODA PARTE AT\u00c9 NA FILA DO PSF - Ub\u00e1 News\" \/>\n<meta property=\"og:description\" content=\"Apuramos que um cidad\u00e3o em estado de irrita\u00e7\u00e3o chegou ao\" \/>\n<meta property=\"og:url\" content=\"https:\/\/ubanews.com\/site\/2018\/08\/02\/a-sensacao-de-inseguranca-esta-por-toda-parte-ate-na-fila-do-psf\/\" \/>\n<meta property=\"og:site_name\" content=\"Ub\u00e1 News\" \/>\n<meta property=\"article:publisher\" content=\"https:\/\/www.facebook.com\/Ub%c3%a1News-Carlos-Roberto-Sodr%c3%a9-418778301977370\" \/>\n<meta property=\"article:author\" content=\"https:\/\/www.facebook.com\/carosroberto.sodre.5\/\" \/>\n<meta property=\"article:published_time\" content=\"2018-08-02T21:43:23+00:00\" \/>\n<meta property=\"article:modified_time\" content=\"2018-08-09T12:00:01+00:00\" \/>\n<meta property=\"og:image\" content=\"https:\/\/ubanews.com\/site\/wp-content\/uploads\/2018\/08\/DSC_2867.jpg\" \/>\n\t<meta property=\"og:image:width\" content=\"800\" \/>\n\t<meta property=\"og:image:height\" content=\"389\" \/>\n\t<meta property=\"og:image:type\" content=\"image\/jpeg\" \/>\n<meta name=\"author\" content=\"Sodr\u00e9\" \/>\n<meta name=\"twitter:card\" content=\"summary_large_image\" \/>\n<meta name=\"twitter:label1\" content=\"Escrito por\" \/>\n\t<meta name=\"twitter:data1\" content=\"Sodr\u00e9\" \/>\n\t<meta name=\"twitter:label2\" content=\"Est. tempo de leitura\" \/>\n\t<meta name=\"twitter:data2\" content=\"1 minuto\" \/>\n<script type=\"application\/ld+json\" class=\"yoast-schema-graph\">{\"@context\":\"https:\/\/schema.org\",\"@graph\":[{\"@type\":\"Article\",\"@id\":\"https:\/\/ubanews.com\/site\/2018\/08\/02\/a-sensacao-de-inseguranca-esta-por-toda-parte-ate-na-fila-do-psf\/#article\",\"isPartOf\":{\"@id\":\"https:\/\/ubanews.com\/site\/2018\/08\/02\/a-sensacao-de-inseguranca-esta-por-toda-parte-ate-na-fila-do-psf\/\"},\"author\":{\"name\":\"Sodr\u00e9\",\"@id\":\"https:\/\/ubanews.com\/site\/#\/schema\/person\/d90c9e47252fbb63dcc969fe4c8b9d10\"},\"headline\":\"A SENSA\u00c7\u00c3O DE INSEGURAN\u00c7A EST\u00c1 POR TODA PARTE AT\u00c9 NA FILA DO PSF\",\"datePublished\":\"2018-08-02T21:43:23+00:00\",\"dateModified\":\"2018-08-09T12:00:01+00:00\",\"mainEntityOfPage\":{\"@id\":\"https:\/\/ubanews.com\/site\/2018\/08\/02\/a-sensacao-de-inseguranca-esta-por-toda-parte-ate-na-fila-do-psf\/\"},\"wordCount\":137,\"commentCount\":0,\"publisher\":{\"@id\":\"https:\/\/ubanews.com\/site\/#organization\"},\"image\":{\"@id\":\"https:\/\/ubanews.com\/site\/2018\/08\/02\/a-sensacao-de-inseguranca-esta-por-toda-parte-ate-na-fila-do-psf\/#primaryimage\"},\"thumbnailUrl\":\"https:\/\/ubanews.com\/site\/wp-content\/uploads\/2018\/08\/DSC_2867.jpg\",\"articleSection\":[\"Geral\"],\"inLanguage\":\"pt-BR\",\"potentialAction\":[{\"@type\":\"CommentAction\",\"name\":\"Comment\",\"target\":[\"https:\/\/ubanews.com\/site\/2018\/08\/02\/a-sensacao-de-inseguranca-esta-por-toda-parte-ate-na-fila-do-psf\/#respond\"]}]},{\"@type\":\"WebPage\",\"@id\":\"https:\/\/ubanews.com\/site\/2018\/08\/02\/a-sensacao-de-inseguranca-esta-por-toda-parte-ate-na-fila-do-psf\/\",\"url\":\"https:\/\/ubanews.com\/site\/2018\/08\/02\/a-sensacao-de-inseguranca-esta-por-toda-parte-ate-na-fila-do-psf\/\",\"name\":\"A SENSA\u00c7\u00c3O DE INSEGURAN\u00c7A EST\u00c1 POR TODA PARTE AT\u00c9 NA FILA DO PSF - Ub\u00e1 News\",\"isPartOf\":{\"@id\":\"https:\/\/ubanews.com\/site\/#website\"},\"primaryImageOfPage\":{\"@id\":\"https:\/\/ubanews.com\/site\/2018\/08\/02\/a-sensacao-de-inseguranca-esta-por-toda-parte-ate-na-fila-do-psf\/#primaryimage\"},\"image\":{\"@id\":\"https:\/\/ubanews.com\/site\/2018\/08\/02\/a-sensacao-de-inseguranca-esta-por-toda-parte-ate-na-fila-do-psf\/#primaryimage\"},\"thumbnailUrl\":\"https:\/\/ubanews.com\/site\/wp-content\/uploads\/2018\/08\/DSC_2867.jpg\",\"datePublished\":\"2018-08-02T21:43:23+00:00\",\"dateModified\":\"2018-08-09T12:00:01+00:00\",\"breadcrumb\":{\"@id\":\"https:\/\/ubanews.com\/site\/2018\/08\/02\/a-sensacao-de-inseguranca-esta-por-toda-parte-ate-na-fila-do-psf\/#breadcrumb\"},\"inLanguage\":\"pt-BR\",\"potentialAction\":[{\"@type\":\"ReadAction\",\"target\":[\"https:\/\/ubanews.com\/site\/2018\/08\/02\/a-sensacao-de-inseguranca-esta-por-toda-parte-ate-na-fila-do-psf\/\"]}]},{\"@type\":\"ImageObject\",\"inLanguage\":\"pt-BR\",\"@id\":\"https:\/\/ubanews.com\/site\/2018\/08\/02\/a-sensacao-de-inseguranca-esta-por-toda-parte-ate-na-fila-do-psf\/#primaryimage\",\"url\":\"https:\/\/ubanews.com\/site\/wp-content\/uploads\/2018\/08\/DSC_2867.jpg\",\"contentUrl\":\"https:\/\/ubanews.com\/site\/wp-content\/uploads\/2018\/08\/DSC_2867.jpg\",\"width\":800,\"height\":389},{\"@type\":\"BreadcrumbList\",\"@id\":\"https:\/\/ubanews.com\/site\/2018\/08\/02\/a-sensacao-de-inseguranca-esta-por-toda-parte-ate-na-fila-do-psf\/#breadcrumb\",\"itemListElement\":[{\"@type\":\"ListItem\",\"position\":1,\"name\":\"Home\",\"item\":\"https:\/\/ubanews.com\/site\/\"},{\"@type\":\"ListItem\",\"position\":2,\"name\":\"A SENSA\u00c7\u00c3O DE INSEGURAN\u00c7A EST\u00c1 POR TODA PARTE AT\u00c9 NA FILA DO PSF\"}]},{\"@type\":\"WebSite\",\"@id\":\"https:\/\/ubanews.com\/site\/#website\",\"url\":\"https:\/\/ubanews.com\/site\/\",\"name\":\"Ub\u00e1 News\",\"description\":\"\",\"publisher\":{\"@id\":\"https:\/\/ubanews.com\/site\/#organization\"},\"potentialAction\":[{\"@type\":\"SearchAction\",\"target\":{\"@type\":\"EntryPoint\",\"urlTemplate\":\"https:\/\/ubanews.com\/site\/?s={search_term_string}\"},\"query-input\":{\"@type\":\"PropertyValueSpecification\",\"valueRequired\":true,\"valueName\":\"search_term_string\"}}],\"inLanguage\":\"pt-BR\"},{\"@type\":\"Organization\",\"@id\":\"https:\/\/ubanews.com\/site\/#organization\",\"name\":\"Ub\u00e1 News\",\"url\":\"https:\/\/ubanews.com\/site\/\",\"logo\":{\"@type\":\"ImageObject\",\"inLanguage\":\"pt-BR\",\"@id\":\"https:\/\/ubanews.com\/site\/#\/schema\/logo\/image\/\",\"url\":\"https:\/\/ubanews.com\/site\/wp-content\/uploads\/2018\/01\/logoubanews.png\",\"contentUrl\":\"https:\/\/ubanews.com\/site\/wp-content\/uploads\/2018\/01\/logoubanews.png\",\"width\":261,\"height\":99,\"caption\":\"Ub\u00e1 News\"},\"image\":{\"@id\":\"https:\/\/ubanews.com\/site\/#\/schema\/logo\/image\/\"},\"sameAs\":[\"https:\/\/www.facebook.com\/Ub\u00e1News-Carlos-Roberto-Sodr\u00e9-418778301977370\"]},{\"@type\":\"Person\",\"@id\":\"https:\/\/ubanews.com\/site\/#\/schema\/person\/d90c9e47252fbb63dcc969fe4c8b9d10\",\"name\":\"Sodr\u00e9\",\"image\":{\"@type\":\"ImageObject\",\"inLanguage\":\"pt-BR\",\"@id\":\"https:\/\/secure.gravatar.com\/avatar\/5ba2793f0590b9dbfad3fdec4ee714485b3eef211c9b32ee53d414060454a56c?s=96&d=mm&r=g\",\"url\":\"https:\/\/secure.gravatar.com\/avatar\/5ba2793f0590b9dbfad3fdec4ee714485b3eef211c9b32ee53d414060454a56c?s=96&d=mm&r=g\",\"contentUrl\":\"https:\/\/secure.gravatar.com\/avatar\/5ba2793f0590b9dbfad3fdec4ee714485b3eef211c9b32ee53d414060454a56c?s=96&d=mm&r=g\",\"caption\":\"Sodr\u00e9\"},\"sameAs\":[\"https:\/\/www.facebook.com\/carosroberto.sodre.5\/\"],\"url\":\"https:\/\/ubanews.com\/site\/author\/felipe\/\"}]}<\/script>\n<!-- \/ Yoast SEO plugin. -->","yoast_head_json":{"title":"A SENSA\u00c7\u00c3O DE INSEGURAN\u00c7A EST\u00c1 POR TODA PARTE AT\u00c9 NA FILA DO PSF - Ub\u00e1 News","robots":{"index":"index","follow":"follow","max-snippet":"max-snippet:-1","max-image-preview":"max-image-preview:large","max-video-preview":"max-video-preview:-1"},"canonical":"https:\/\/ubanews.com\/site\/2018\/08\/02\/a-sensacao-de-inseguranca-esta-por-toda-parte-ate-na-fila-do-psf\/","og_locale":"pt_BR","og_type":"article","og_title":"A SENSA\u00c7\u00c3O DE INSEGURAN\u00c7A EST\u00c1 POR TODA PARTE AT\u00c9 NA FILA DO PSF - Ub\u00e1 News","og_description":"Apuramos que um cidad\u00e3o em estado de irrita\u00e7\u00e3o chegou ao","og_url":"https:\/\/ubanews.com\/site\/2018\/08\/02\/a-sensacao-de-inseguranca-esta-por-toda-parte-ate-na-fila-do-psf\/","og_site_name":"Ub\u00e1 News","article_publisher":"https:\/\/www.facebook.com\/Ub%c3%a1News-Carlos-Roberto-Sodr%c3%a9-418778301977370","article_author":"https:\/\/www.facebook.com\/carosroberto.sodre.5\/","article_published_time":"2018-08-02T21:43:23+00:00","article_modified_time":"2018-08-09T12:00:01+00:00","og_image":[{"width":800,"height":389,"url":"https:\/\/ubanews.com\/site\/wp-content\/uploads\/2018\/08\/DSC_2867.jpg","type":"image\/jpeg"}],"author":"Sodr\u00e9","twitter_card":"summary_large_image","twitter_misc":{"Escrito por":"Sodr\u00e9","Est. tempo de leitura":"1 minuto"},"schema":{"@context":"https:\/\/schema.org","@graph":[{"@type":"Article","@id":"https:\/\/ubanews.com\/site\/2018\/08\/02\/a-sensacao-de-inseguranca-esta-por-toda-parte-ate-na-fila-do-psf\/#article","isPartOf":{"@id":"https:\/\/ubanews.com\/site\/2018\/08\/02\/a-sensacao-de-inseguranca-esta-por-toda-parte-ate-na-fila-do-psf\/"},"author":{"name":"Sodr\u00e9","@id":"https:\/\/ubanews.com\/site\/#\/schema\/person\/d90c9e47252fbb63dcc969fe4c8b9d10"},"headline":"A SENSA\u00c7\u00c3O DE INSEGURAN\u00c7A EST\u00c1 POR TODA PARTE AT\u00c9 NA FILA DO PSF","datePublished":"2018-08-02T21:43:23+00:00","dateModified":"2018-08-09T12:00:01+00:00","mainEntityOfPage":{"@id":"https:\/\/ubanews.com\/site\/2018\/08\/02\/a-sensacao-de-inseguranca-esta-por-toda-parte-ate-na-fila-do-psf\/"},"wordCount":137,"commentCount":0,"publisher":{"@id":"https:\/\/ubanews.com\/site\/#organization"},"image":{"@id":"https:\/\/ubanews.com\/site\/2018\/08\/02\/a-sensacao-de-inseguranca-esta-por-toda-parte-ate-na-fila-do-psf\/#primaryimage"},"thumbnailUrl":"https:\/\/ubanews.com\/site\/wp-content\/uploads\/2018\/08\/DSC_2867.jpg","articleSection":["Geral"],"inLanguage":"pt-BR","potentialAction":[{"@type":"CommentAction","name":"Comment","target":["https:\/\/ubanews.com\/site\/2018\/08\/02\/a-sensacao-de-inseguranca-esta-por-toda-parte-ate-na-fila-do-psf\/#respond"]}]},{"@type":"WebPage","@id":"https:\/\/ubanews.com\/site\/2018\/08\/02\/a-sensacao-de-inseguranca-esta-por-toda-parte-ate-na-fila-do-psf\/","url":"https:\/\/ubanews.com\/site\/2018\/08\/02\/a-sensacao-de-inseguranca-esta-por-toda-parte-ate-na-fila-do-psf\/","name":"A SENSA\u00c7\u00c3O DE INSEGURAN\u00c7A EST\u00c1 POR TODA PARTE AT\u00c9 NA FILA DO PSF - Ub\u00e1 News","isPartOf":{"@id":"https:\/\/ubanews.com\/site\/#website"},"primaryImageOfPage":{"@id":"https:\/\/ubanews.com\/site\/2018\/08\/02\/a-sensacao-de-inseguranca-esta-por-toda-parte-ate-na-fila-do-psf\/#primaryimage"},"image":{"@id":"https:\/\/ubanews.com\/site\/2018\/08\/02\/a-sensacao-de-inseguranca-esta-por-toda-parte-ate-na-fila-do-psf\/#primaryimage"},"thumbnailUrl":"https:\/\/ubanews.com\/site\/wp-content\/uploads\/2018\/08\/DSC_2867.jpg","datePublished":"2018-08-02T21:43:23+00:00","dateModified":"2018-08-09T12:00:01+00:00","breadcrumb":{"@id":"https:\/\/ubanews.com\/site\/2018\/08\/02\/a-sensacao-de-inseguranca-esta-por-toda-parte-ate-na-fila-do-psf\/#breadcrumb"},"inLanguage":"pt-BR","potentialAction":[{"@type":"ReadAction","target":["https:\/\/ubanews.com\/site\/2018\/08\/02\/a-sensacao-de-inseguranca-esta-por-toda-parte-ate-na-fila-do-psf\/"]}]},{"@type":"ImageObject","inLanguage":"pt-BR","@id":"https:\/\/ubanews.com\/site\/2018\/08\/02\/a-sensacao-de-inseguranca-esta-por-toda-parte-ate-na-fila-do-psf\/#primaryimage","url":"https:\/\/ubanews.com\/site\/wp-content\/uploads\/2018\/08\/DSC_2867.jpg","contentUrl":"https:\/\/ubanews.com\/site\/wp-content\/uploads\/2018\/08\/DSC_2867.jpg","width":800,"height":389},{"@type":"BreadcrumbList","@id":"https:\/\/ubanews.com\/site\/2018\/08\/02\/a-sensacao-de-inseguranca-esta-por-toda-parte-ate-na-fila-do-psf\/#breadcrumb","itemListElement":[{"@type":"ListItem","position":1,"name":"Home","item":"https:\/\/ubanews.com\/site\/"},{"@type":"ListItem","position":2,"name":"A SENSA\u00c7\u00c3O DE INSEGURAN\u00c7A EST\u00c1 POR TODA PARTE AT\u00c9 NA FILA DO PSF"}]},{"@type":"WebSite","@id":"https:\/\/ubanews.com\/site\/#website","url":"https:\/\/ubanews.com\/site\/","name":"Ub\u00e1 News","description":"","publisher":{"@id":"https:\/\/ubanews.com\/site\/#organization"},"potentialAction":[{"@type":"SearchAction","target":{"@type":"EntryPoint","urlTemplate":"https:\/\/ubanews.com\/site\/?s={search_term_string}"},"query-input":{"@type":"PropertyValueSpecification","valueRequired":true,"valueName":"search_term_string"}}],"inLanguage":"pt-BR"},{"@type":"Organization","@id":"https:\/\/ubanews.com\/site\/#organization","name":"Ub\u00e1 News","url":"https:\/\/ubanews.com\/site\/","logo":{"@type":"ImageObject","inLanguage":"pt-BR","@id":"https:\/\/ubanews.com\/site\/#\/schema\/logo\/image\/","url":"https:\/\/ubanews.com\/site\/wp-content\/uploads\/2018\/01\/logoubanews.png","contentUrl":"https:\/\/ubanews.com\/site\/wp-content\/uploads\/2018\/01\/logoubanews.png","width":261,"height":99,"caption":"Ub\u00e1 News"},"image":{"@id":"https:\/\/ubanews.com\/site\/#\/schema\/logo\/image\/"},"sameAs":["https:\/\/www.facebook.com\/Ub\u00e1News-Carlos-Roberto-Sodr\u00e9-418778301977370"]},{"@type":"Person","@id":"https:\/\/ubanews.com\/site\/#\/schema\/person\/d90c9e47252fbb63dcc969fe4c8b9d10","name":"Sodr\u00e9","image":{"@type":"ImageObject","inLanguage":"pt-BR","@id":"https:\/\/secure.gravatar.com\/avatar\/5ba2793f0590b9dbfad3fdec4ee714485b3eef211c9b32ee53d414060454a56c?s=96&d=mm&r=g","url":"https:\/\/secure.gravatar.com\/avatar\/5ba2793f0590b9dbfad3fdec4ee714485b3eef211c9b32ee53d414060454a56c?s=96&d=mm&r=g","contentUrl":"https:\/\/secure.gravatar.com\/avatar\/5ba2793f0590b9dbfad3fdec4ee714485b3eef211c9b32ee53d414060454a56c?s=96&d=mm&r=g","caption":"Sodr\u00e9"},"sameAs":["https:\/\/www.facebook.com\/carosroberto.sodre.5\/"],"url":"https:\/\/ubanews.com\/site\/author\/felipe\/"}]}},"_links":{"self":[{"href":"https:\/\/ubanews.com\/site\/wp-json\/wp\/v2\/posts\/6129","targetHints":{"allow":["GET"]}}],"collection":[{"href":"https:\/\/ubanews.com\/site\/wp-json\/wp\/v2\/posts"}],"about":[{"href":"https:\/\/ubanews.com\/site\/wp-json\/wp\/v2\/types\/post"}],"author":[{"embeddable":true,"href":"https:\/\/ubanews.com\/site\/wp-json\/wp\/v2\/users\/2"}],"replies":[{"embeddable":true,"href":"https:\/\/ubanews.com\/site\/wp-json\/wp\/v2\/comments?post=6129"}],"version-history":[{"count":0,"href":"https:\/\/ubanews.com\/site\/wp-json\/wp\/v2\/posts\/6129\/revisions"}],"wp:featuredmedia":[{"embeddable":true,"href":"https:\/\/ubanews.com\/site\/wp-json\/wp\/v2\/media\/6131"}],"wp:attachment":[{"href":"https:\/\/ubanews.com\/site\/wp-json\/wp\/v2\/media?parent=6129"}],"wp:term":[{"taxonomy":"category","embeddable":true,"href":"https:\/\/ubanews.com\/site\/wp-json\/wp\/v2\/categories?post=6129"},{"taxonomy":"post_tag","embeddable":true,"href":"https:\/\/ubanews.com\/site\/wp-json\/wp\/v2\/tags?post=6129"}],"curies":[{"name":"wp","href":"https:\/\/api.w.org\/{rel}","templated":true}]}}