{"id":6115,"date":"2018-08-02T10:36:03","date_gmt":"2018-08-02T13:36:03","guid":{"rendered":"http:\/\/ubanews.com\/site\/?p=6115"},"modified":"2018-08-02T10:36:30","modified_gmt":"2018-08-02T13:36:30","slug":"acidente-de-transito-com-vitima-inabilitado","status":"publish","type":"post","link":"https:\/\/ubanews.com\/site\/2018\/08\/02\/acidente-de-transito-com-vitima-inabilitado\/","title":{"rendered":"ACIDENTE DE TR\u00c2NSITO COM V\u00cdTIMA INABILITADO"},"content":{"rendered":"<p>No dia 1\u00ba de agosto \u00e0s 19h 37min a Pol\u00edcia Militar foi acionada a comparecer \u00e0 Rua Jose Campomizzi, Bairro Galdino Alvim, onde havia ocorrido um acidente de tr\u00e2nsito.<\/p>\n<p>No endere\u00e7o os militares fizeram contato com um senhor de 39 anos que relatou que transitava com seu ve\u00edculo, Fiat Strada, sentido bairro em sua m\u00e3o de dire\u00e7\u00e3o, momento em que foi surpreendido por uma motocicleta que transitava pela contram\u00e3o de dire\u00e7\u00e3o em alta velocidade que veio colidir frontalmente em seu ve\u00edculo.<\/p>\n<p>O condutor da motocicleta um jovem de 19 anos, estava ca\u00eddo ao solo, consciente e explicou que conduzia a motocicleta sentido centro, tendo como carona uma adolescente de 16 anos, quando colidiu com o ve\u00edculo. O condutor apresentava escoria\u00e7\u00f5es pelo corpo e fratura na perna direita.<\/p>\n<p>O condutor do Fiat \u00e9 habilitado e seu ve\u00edculo est\u00e1 regular, quando ao condutor da motocicleta \u00e9 inabilitado. Quanto ao condutor da motocicleta cometeu crime de tr\u00e2nsito tipificado no artigo 309 do c\u00f3digo de transito brasileiro, por em tese estar transitando com o ve\u00edculo em via p\u00fablica sem preencher os requisitos exigidos por for\u00e7a de lei, assumindo o risco de gerar &#8220;perigo de dano&#8221;, a motocicleta tem ultimo licenciamento em 2014.<\/p>\n<p>O condutor e a passageira da motocicleta foram socorridos at\u00e9 o Hospital para exames complementares e atendimento m\u00e9dico.<\/p>\n<p><strong>A<\/strong><strong>SSESSORIA DE COMUNICA\u00c7\u00c3O ORGANIZACIONAL<\/strong><\/p>\n<p><strong><em>Vig\u00e9simo Primeiro Batalh\u00e3o de Pol\u00edcia Militar <\/em><\/strong><\/p>\n","protected":false},"excerpt":{"rendered":"<p>No dia 1\u00ba de agosto \u00e0s 19h 37min a Pol\u00edcia<\/p>\n","protected":false},"author":2,"featured_media":6116,"comment_status":"open","ping_status":"open","sticky":false,"template":"","format":"standard","meta":{"footnotes":""},"categories":[13],"tags":[],"class_list":["post-6115","post","type-post","status-publish","format-standard","has-post-thumbnail","hentry","category-sintese-das-ocorrencias"],"yoast_head":"<!-- This site is optimized with the Yoast SEO plugin v27.2 - https:\/\/yoast.com\/product\/yoast-seo-wordpress\/ -->\n<title>ACIDENTE DE TR\u00c2NSITO COM V\u00cdTIMA INABILITADO - Ub\u00e1 News<\/title>\n<meta name=\"robots\" content=\"index, follow, max-snippet:-1, max-image-preview:large, max-video-preview:-1\" \/>\n<link rel=\"canonical\" href=\"https:\/\/ubanews.com\/site\/2018\/08\/02\/acidente-de-transito-com-vitima-inabilitado\/\" \/>\n<meta property=\"og:locale\" content=\"pt_BR\" \/>\n<meta property=\"og:type\" content=\"article\" \/>\n<meta property=\"og:title\" content=\"ACIDENTE DE TR\u00c2NSITO COM V\u00cdTIMA INABILITADO - Ub\u00e1 News\" \/>\n<meta property=\"og:description\" content=\"No dia 1\u00ba de agosto \u00e0s 19h 37min a Pol\u00edcia\" \/>\n<meta property=\"og:url\" content=\"https:\/\/ubanews.com\/site\/2018\/08\/02\/acidente-de-transito-com-vitima-inabilitado\/\" \/>\n<meta property=\"og:site_name\" content=\"Ub\u00e1 News\" \/>\n<meta property=\"article:publisher\" content=\"https:\/\/www.facebook.com\/Ub%c3%a1News-Carlos-Roberto-Sodr%c3%a9-418778301977370\" \/>\n<meta property=\"article:author\" content=\"https:\/\/www.facebook.com\/carosroberto.sodre.5\/\" \/>\n<meta property=\"article:published_time\" content=\"2018-08-02T13:36:03+00:00\" \/>\n<meta property=\"article:modified_time\" content=\"2018-08-02T13:36:30+00:00\" \/>\n<meta property=\"og:image\" content=\"https:\/\/ubanews.com\/site\/wp-content\/uploads\/2018\/08\/Acidente.png\" \/>\n\t<meta property=\"og:image:width\" content=\"800\" \/>\n\t<meta property=\"og:image:height\" content=\"389\" \/>\n\t<meta property=\"og:image:type\" content=\"image\/png\" \/>\n<meta name=\"author\" content=\"Sodr\u00e9\" \/>\n<meta name=\"twitter:card\" content=\"summary_large_image\" \/>\n<meta name=\"twitter:label1\" content=\"Escrito por\" \/>\n\t<meta name=\"twitter:data1\" content=\"Sodr\u00e9\" \/>\n\t<meta name=\"twitter:label2\" content=\"Est. tempo de leitura\" \/>\n\t<meta name=\"twitter:data2\" content=\"1 minuto\" \/>\n<script type=\"application\/ld+json\" class=\"yoast-schema-graph\">{\"@context\":\"https:\/\/schema.org\",\"@graph\":[{\"@type\":\"Article\",\"@id\":\"https:\/\/ubanews.com\/site\/2018\/08\/02\/acidente-de-transito-com-vitima-inabilitado\/#article\",\"isPartOf\":{\"@id\":\"https:\/\/ubanews.com\/site\/2018\/08\/02\/acidente-de-transito-com-vitima-inabilitado\/\"},\"author\":{\"name\":\"Sodr\u00e9\",\"@id\":\"https:\/\/ubanews.com\/site\/#\/schema\/person\/d90c9e47252fbb63dcc969fe4c8b9d10\"},\"headline\":\"ACIDENTE DE TR\u00c2NSITO COM V\u00cdTIMA INABILITADO\",\"datePublished\":\"2018-08-02T13:36:03+00:00\",\"dateModified\":\"2018-08-02T13:36:30+00:00\",\"mainEntityOfPage\":{\"@id\":\"https:\/\/ubanews.com\/site\/2018\/08\/02\/acidente-de-transito-com-vitima-inabilitado\/\"},\"wordCount\":249,\"commentCount\":0,\"publisher\":{\"@id\":\"https:\/\/ubanews.com\/site\/#organization\"},\"image\":{\"@id\":\"https:\/\/ubanews.com\/site\/2018\/08\/02\/acidente-de-transito-com-vitima-inabilitado\/#primaryimage\"},\"thumbnailUrl\":\"https:\/\/ubanews.com\/site\/wp-content\/uploads\/2018\/08\/Acidente.png\",\"articleSection\":[\"S\u00edntese das Ocorr\u00eancias\"],\"inLanguage\":\"pt-BR\",\"potentialAction\":[{\"@type\":\"CommentAction\",\"name\":\"Comment\",\"target\":[\"https:\/\/ubanews.com\/site\/2018\/08\/02\/acidente-de-transito-com-vitima-inabilitado\/#respond\"]}]},{\"@type\":\"WebPage\",\"@id\":\"https:\/\/ubanews.com\/site\/2018\/08\/02\/acidente-de-transito-com-vitima-inabilitado\/\",\"url\":\"https:\/\/ubanews.com\/site\/2018\/08\/02\/acidente-de-transito-com-vitima-inabilitado\/\",\"name\":\"ACIDENTE DE TR\u00c2NSITO COM V\u00cdTIMA INABILITADO - Ub\u00e1 News\",\"isPartOf\":{\"@id\":\"https:\/\/ubanews.com\/site\/#website\"},\"primaryImageOfPage\":{\"@id\":\"https:\/\/ubanews.com\/site\/2018\/08\/02\/acidente-de-transito-com-vitima-inabilitado\/#primaryimage\"},\"image\":{\"@id\":\"https:\/\/ubanews.com\/site\/2018\/08\/02\/acidente-de-transito-com-vitima-inabilitado\/#primaryimage\"},\"thumbnailUrl\":\"https:\/\/ubanews.com\/site\/wp-content\/uploads\/2018\/08\/Acidente.png\",\"datePublished\":\"2018-08-02T13:36:03+00:00\",\"dateModified\":\"2018-08-02T13:36:30+00:00\",\"breadcrumb\":{\"@id\":\"https:\/\/ubanews.com\/site\/2018\/08\/02\/acidente-de-transito-com-vitima-inabilitado\/#breadcrumb\"},\"inLanguage\":\"pt-BR\",\"potentialAction\":[{\"@type\":\"ReadAction\",\"target\":[\"https:\/\/ubanews.com\/site\/2018\/08\/02\/acidente-de-transito-com-vitima-inabilitado\/\"]}]},{\"@type\":\"ImageObject\",\"inLanguage\":\"pt-BR\",\"@id\":\"https:\/\/ubanews.com\/site\/2018\/08\/02\/acidente-de-transito-com-vitima-inabilitado\/#primaryimage\",\"url\":\"https:\/\/ubanews.com\/site\/wp-content\/uploads\/2018\/08\/Acidente.png\",\"contentUrl\":\"https:\/\/ubanews.com\/site\/wp-content\/uploads\/2018\/08\/Acidente.png\",\"width\":800,\"height\":389},{\"@type\":\"BreadcrumbList\",\"@id\":\"https:\/\/ubanews.com\/site\/2018\/08\/02\/acidente-de-transito-com-vitima-inabilitado\/#breadcrumb\",\"itemListElement\":[{\"@type\":\"ListItem\",\"position\":1,\"name\":\"Home\",\"item\":\"https:\/\/ubanews.com\/site\/\"},{\"@type\":\"ListItem\",\"position\":2,\"name\":\"ACIDENTE DE TR\u00c2NSITO COM V\u00cdTIMA INABILITADO\"}]},{\"@type\":\"WebSite\",\"@id\":\"https:\/\/ubanews.com\/site\/#website\",\"url\":\"https:\/\/ubanews.com\/site\/\",\"name\":\"Ub\u00e1 News\",\"description\":\"\",\"publisher\":{\"@id\":\"https:\/\/ubanews.com\/site\/#organization\"},\"potentialAction\":[{\"@type\":\"SearchAction\",\"target\":{\"@type\":\"EntryPoint\",\"urlTemplate\":\"https:\/\/ubanews.com\/site\/?s={search_term_string}\"},\"query-input\":{\"@type\":\"PropertyValueSpecification\",\"valueRequired\":true,\"valueName\":\"search_term_string\"}}],\"inLanguage\":\"pt-BR\"},{\"@type\":\"Organization\",\"@id\":\"https:\/\/ubanews.com\/site\/#organization\",\"name\":\"Ub\u00e1 News\",\"url\":\"https:\/\/ubanews.com\/site\/\",\"logo\":{\"@type\":\"ImageObject\",\"inLanguage\":\"pt-BR\",\"@id\":\"https:\/\/ubanews.com\/site\/#\/schema\/logo\/image\/\",\"url\":\"https:\/\/ubanews.com\/site\/wp-content\/uploads\/2018\/01\/logoubanews.png\",\"contentUrl\":\"https:\/\/ubanews.com\/site\/wp-content\/uploads\/2018\/01\/logoubanews.png\",\"width\":261,\"height\":99,\"caption\":\"Ub\u00e1 News\"},\"image\":{\"@id\":\"https:\/\/ubanews.com\/site\/#\/schema\/logo\/image\/\"},\"sameAs\":[\"https:\/\/www.facebook.com\/Ub\u00e1News-Carlos-Roberto-Sodr\u00e9-418778301977370\"]},{\"@type\":\"Person\",\"@id\":\"https:\/\/ubanews.com\/site\/#\/schema\/person\/d90c9e47252fbb63dcc969fe4c8b9d10\",\"name\":\"Sodr\u00e9\",\"image\":{\"@type\":\"ImageObject\",\"inLanguage\":\"pt-BR\",\"@id\":\"https:\/\/secure.gravatar.com\/avatar\/5ba2793f0590b9dbfad3fdec4ee714485b3eef211c9b32ee53d414060454a56c?s=96&d=mm&r=g\",\"url\":\"https:\/\/secure.gravatar.com\/avatar\/5ba2793f0590b9dbfad3fdec4ee714485b3eef211c9b32ee53d414060454a56c?s=96&d=mm&r=g\",\"contentUrl\":\"https:\/\/secure.gravatar.com\/avatar\/5ba2793f0590b9dbfad3fdec4ee714485b3eef211c9b32ee53d414060454a56c?s=96&d=mm&r=g\",\"caption\":\"Sodr\u00e9\"},\"sameAs\":[\"https:\/\/www.facebook.com\/carosroberto.sodre.5\/\"],\"url\":\"https:\/\/ubanews.com\/site\/author\/felipe\/\"}]}<\/script>\n<!-- \/ Yoast SEO plugin. -->","yoast_head_json":{"title":"ACIDENTE DE TR\u00c2NSITO COM V\u00cdTIMA INABILITADO - Ub\u00e1 News","robots":{"index":"index","follow":"follow","max-snippet":"max-snippet:-1","max-image-preview":"max-image-preview:large","max-video-preview":"max-video-preview:-1"},"canonical":"https:\/\/ubanews.com\/site\/2018\/08\/02\/acidente-de-transito-com-vitima-inabilitado\/","og_locale":"pt_BR","og_type":"article","og_title":"ACIDENTE DE TR\u00c2NSITO COM V\u00cdTIMA INABILITADO - Ub\u00e1 News","og_description":"No dia 1\u00ba de agosto \u00e0s 19h 37min a Pol\u00edcia","og_url":"https:\/\/ubanews.com\/site\/2018\/08\/02\/acidente-de-transito-com-vitima-inabilitado\/","og_site_name":"Ub\u00e1 News","article_publisher":"https:\/\/www.facebook.com\/Ub%c3%a1News-Carlos-Roberto-Sodr%c3%a9-418778301977370","article_author":"https:\/\/www.facebook.com\/carosroberto.sodre.5\/","article_published_time":"2018-08-02T13:36:03+00:00","article_modified_time":"2018-08-02T13:36:30+00:00","og_image":[{"width":800,"height":389,"url":"https:\/\/ubanews.com\/site\/wp-content\/uploads\/2018\/08\/Acidente.png","type":"image\/png"}],"author":"Sodr\u00e9","twitter_card":"summary_large_image","twitter_misc":{"Escrito por":"Sodr\u00e9","Est. tempo de leitura":"1 minuto"},"schema":{"@context":"https:\/\/schema.org","@graph":[{"@type":"Article","@id":"https:\/\/ubanews.com\/site\/2018\/08\/02\/acidente-de-transito-com-vitima-inabilitado\/#article","isPartOf":{"@id":"https:\/\/ubanews.com\/site\/2018\/08\/02\/acidente-de-transito-com-vitima-inabilitado\/"},"author":{"name":"Sodr\u00e9","@id":"https:\/\/ubanews.com\/site\/#\/schema\/person\/d90c9e47252fbb63dcc969fe4c8b9d10"},"headline":"ACIDENTE DE TR\u00c2NSITO COM V\u00cdTIMA INABILITADO","datePublished":"2018-08-02T13:36:03+00:00","dateModified":"2018-08-02T13:36:30+00:00","mainEntityOfPage":{"@id":"https:\/\/ubanews.com\/site\/2018\/08\/02\/acidente-de-transito-com-vitima-inabilitado\/"},"wordCount":249,"commentCount":0,"publisher":{"@id":"https:\/\/ubanews.com\/site\/#organization"},"image":{"@id":"https:\/\/ubanews.com\/site\/2018\/08\/02\/acidente-de-transito-com-vitima-inabilitado\/#primaryimage"},"thumbnailUrl":"https:\/\/ubanews.com\/site\/wp-content\/uploads\/2018\/08\/Acidente.png","articleSection":["S\u00edntese das Ocorr\u00eancias"],"inLanguage":"pt-BR","potentialAction":[{"@type":"CommentAction","name":"Comment","target":["https:\/\/ubanews.com\/site\/2018\/08\/02\/acidente-de-transito-com-vitima-inabilitado\/#respond"]}]},{"@type":"WebPage","@id":"https:\/\/ubanews.com\/site\/2018\/08\/02\/acidente-de-transito-com-vitima-inabilitado\/","url":"https:\/\/ubanews.com\/site\/2018\/08\/02\/acidente-de-transito-com-vitima-inabilitado\/","name":"ACIDENTE DE TR\u00c2NSITO COM V\u00cdTIMA INABILITADO - Ub\u00e1 News","isPartOf":{"@id":"https:\/\/ubanews.com\/site\/#website"},"primaryImageOfPage":{"@id":"https:\/\/ubanews.com\/site\/2018\/08\/02\/acidente-de-transito-com-vitima-inabilitado\/#primaryimage"},"image":{"@id":"https:\/\/ubanews.com\/site\/2018\/08\/02\/acidente-de-transito-com-vitima-inabilitado\/#primaryimage"},"thumbnailUrl":"https:\/\/ubanews.com\/site\/wp-content\/uploads\/2018\/08\/Acidente.png","datePublished":"2018-08-02T13:36:03+00:00","dateModified":"2018-08-02T13:36:30+00:00","breadcrumb":{"@id":"https:\/\/ubanews.com\/site\/2018\/08\/02\/acidente-de-transito-com-vitima-inabilitado\/#breadcrumb"},"inLanguage":"pt-BR","potentialAction":[{"@type":"ReadAction","target":["https:\/\/ubanews.com\/site\/2018\/08\/02\/acidente-de-transito-com-vitima-inabilitado\/"]}]},{"@type":"ImageObject","inLanguage":"pt-BR","@id":"https:\/\/ubanews.com\/site\/2018\/08\/02\/acidente-de-transito-com-vitima-inabilitado\/#primaryimage","url":"https:\/\/ubanews.com\/site\/wp-content\/uploads\/2018\/08\/Acidente.png","contentUrl":"https:\/\/ubanews.com\/site\/wp-content\/uploads\/2018\/08\/Acidente.png","width":800,"height":389},{"@type":"BreadcrumbList","@id":"https:\/\/ubanews.com\/site\/2018\/08\/02\/acidente-de-transito-com-vitima-inabilitado\/#breadcrumb","itemListElement":[{"@type":"ListItem","position":1,"name":"Home","item":"https:\/\/ubanews.com\/site\/"},{"@type":"ListItem","position":2,"name":"ACIDENTE DE TR\u00c2NSITO COM V\u00cdTIMA INABILITADO"}]},{"@type":"WebSite","@id":"https:\/\/ubanews.com\/site\/#website","url":"https:\/\/ubanews.com\/site\/","name":"Ub\u00e1 News","description":"","publisher":{"@id":"https:\/\/ubanews.com\/site\/#organization"},"potentialAction":[{"@type":"SearchAction","target":{"@type":"EntryPoint","urlTemplate":"https:\/\/ubanews.com\/site\/?s={search_term_string}"},"query-input":{"@type":"PropertyValueSpecification","valueRequired":true,"valueName":"search_term_string"}}],"inLanguage":"pt-BR"},{"@type":"Organization","@id":"https:\/\/ubanews.com\/site\/#organization","name":"Ub\u00e1 News","url":"https:\/\/ubanews.com\/site\/","logo":{"@type":"ImageObject","inLanguage":"pt-BR","@id":"https:\/\/ubanews.com\/site\/#\/schema\/logo\/image\/","url":"https:\/\/ubanews.com\/site\/wp-content\/uploads\/2018\/01\/logoubanews.png","contentUrl":"https:\/\/ubanews.com\/site\/wp-content\/uploads\/2018\/01\/logoubanews.png","width":261,"height":99,"caption":"Ub\u00e1 News"},"image":{"@id":"https:\/\/ubanews.com\/site\/#\/schema\/logo\/image\/"},"sameAs":["https:\/\/www.facebook.com\/Ub\u00e1News-Carlos-Roberto-Sodr\u00e9-418778301977370"]},{"@type":"Person","@id":"https:\/\/ubanews.com\/site\/#\/schema\/person\/d90c9e47252fbb63dcc969fe4c8b9d10","name":"Sodr\u00e9","image":{"@type":"ImageObject","inLanguage":"pt-BR","@id":"https:\/\/secure.gravatar.com\/avatar\/5ba2793f0590b9dbfad3fdec4ee714485b3eef211c9b32ee53d414060454a56c?s=96&d=mm&r=g","url":"https:\/\/secure.gravatar.com\/avatar\/5ba2793f0590b9dbfad3fdec4ee714485b3eef211c9b32ee53d414060454a56c?s=96&d=mm&r=g","contentUrl":"https:\/\/secure.gravatar.com\/avatar\/5ba2793f0590b9dbfad3fdec4ee714485b3eef211c9b32ee53d414060454a56c?s=96&d=mm&r=g","caption":"Sodr\u00e9"},"sameAs":["https:\/\/www.facebook.com\/carosroberto.sodre.5\/"],"url":"https:\/\/ubanews.com\/site\/author\/felipe\/"}]}},"_links":{"self":[{"href":"https:\/\/ubanews.com\/site\/wp-json\/wp\/v2\/posts\/6115","targetHints":{"allow":["GET"]}}],"collection":[{"href":"https:\/\/ubanews.com\/site\/wp-json\/wp\/v2\/posts"}],"about":[{"href":"https:\/\/ubanews.com\/site\/wp-json\/wp\/v2\/types\/post"}],"author":[{"embeddable":true,"href":"https:\/\/ubanews.com\/site\/wp-json\/wp\/v2\/users\/2"}],"replies":[{"embeddable":true,"href":"https:\/\/ubanews.com\/site\/wp-json\/wp\/v2\/comments?post=6115"}],"version-history":[{"count":0,"href":"https:\/\/ubanews.com\/site\/wp-json\/wp\/v2\/posts\/6115\/revisions"}],"wp:featuredmedia":[{"embeddable":true,"href":"https:\/\/ubanews.com\/site\/wp-json\/wp\/v2\/media\/6116"}],"wp:attachment":[{"href":"https:\/\/ubanews.com\/site\/wp-json\/wp\/v2\/media?parent=6115"}],"wp:term":[{"taxonomy":"category","embeddable":true,"href":"https:\/\/ubanews.com\/site\/wp-json\/wp\/v2\/categories?post=6115"},{"taxonomy":"post_tag","embeddable":true,"href":"https:\/\/ubanews.com\/site\/wp-json\/wp\/v2\/tags?post=6115"}],"curies":[{"name":"wp","href":"https:\/\/api.w.org\/{rel}","templated":true}]}}