{"id":6103,"date":"2018-08-02T15:27:43","date_gmt":"2018-08-02T18:27:43","guid":{"rendered":"http:\/\/ubanews.com\/site\/?p=6103"},"modified":"2018-08-09T08:59:51","modified_gmt":"2018-08-09T11:59:51","slug":"comecam-neste-sabado-as-aulas-do-pre-enem-2018","status":"publish","type":"post","link":"https:\/\/ubanews.com\/site\/2018\/08\/02\/comecam-neste-sabado-as-aulas-do-pre-enem-2018\/","title":{"rendered":"COME\u00c7AM NESTE S\u00c1BADO AS AULAS DO PR\u00c9-ENEM 2018"},"content":{"rendered":"<p>Numa parceria entre a Escola do Legislativo (EL) da C\u00e2mara Municipal de Ub\u00e1 (CMU) e o Instituto Federal de Educa\u00e7\u00e3o, Ci\u00eancia e Tecnologia do Sudeste de Minas Gerais &#8211; IF Sudeste MG (campus Rio Pomba e campus avan\u00e7ado Ub\u00e1), come\u00e7a no pr\u00f3ximo s\u00e1bado, 4 de agosto, o Pr\u00e9-Enem Social 2018. A aula inaugural ser\u00e1 \u00e0s 14 horas, no plen\u00e1rio da CMU, iniciando com a participa\u00e7\u00e3o do Diretor da EL e Vice-Presidente da C\u00e2mara, vereador Edeir Pacheco, e da Diretora de Extens\u00e3o e Professora do Departamento de Ci\u00eancias Gerenciais do Campus Rio Pomba do IF Sudeste MG, Dr.\u00aa Elisete Reis de Oliveira, que v\u00e3o apresentar o projeto e a institui\u00e7\u00e3o parceira.<br \/>\n\u201cReda\u00e7\u00e3o\u201d \u00e9 o tema desta primeira aula do curso preparat\u00f3rio para o Exame Nacional do Ensino M\u00e9dio, marcado para os dias 4 e 11 de novembro. O conte\u00fado ser\u00e1 ministrado pela Prof.\u00aa Dr. \u00aa Marcela Zambolim de Moura, graduada em Letras pela Universidade Federal de Juiz de Fora (UFJF) e Doutora em Lingu\u00edstica, tamb\u00e9m pela UFJF. \u00c9 professora efetiva do Instituto Federal de Educa\u00e7\u00e3o, Ci\u00eancia e Tecnologia do Sudeste de Minas Gerais (IFET), campus Rio Pomba, onde ministra L\u00edngua Portuguesa, Literatura e Reda\u00e7\u00e3o, Produ\u00e7\u00e3o de textos t\u00e9cnico-cient\u00edficos, Ingl\u00eas Instrumental e \u00e1reas afins para cursos T\u00e9cnicos Integrados e cursos de Gradua\u00e7\u00e3o.<\/p>\n<p>O PROJETO<\/p>\n<p>Desde 2015 o Pr\u00e9-Enem Social est\u00e1 entre os projetos de destaque da C\u00e2mara Municipal de Ub\u00e1 e em 2018 n\u00e3o poderia ser diferente. Cerca de 900 alunos participaram das tr\u00eas edi\u00e7\u00f5es anteriores desta iniciativa que visa oferecer a prepara\u00e7\u00e3o de aprendizagem para os estudantes que v\u00e3o prestar o exame.<br \/>\nAs aulas gratuitas e direcionadas prioritariamente a estudantes da rede p\u00fablica de ensino de Ub\u00e1 s\u00e3o realizadas aos s\u00e1bados, das 14 \u00e0s 18 horas, na sede do Poder Legislativo Ubaense.<br \/>\nParcerias n\u00e3o onerosas s\u00e3o firmadas entre a CMU e institui\u00e7\u00f5es de ensino reconhecidas. Neste ano, nosso parceiro \u00e9 o IF Sudeste MG (campus Rio Pomba e Ub\u00e1), cujo quadro docente est\u00e1 respons\u00e1vel por ministrar as aulas.<\/p>\n<p>SOBRE O IF-SUDESTE\/MG<\/p>\n<p>O Instituto Federal de Educa\u00e7\u00e3o, Ci\u00eancia e Tecnologia do Sudeste de Minhas Gerais foi criado em dezembro de 2008, e integrou, em uma \u00fanica institui\u00e7\u00e3o, os antigos Centro Federal de Educa\u00e7\u00e3o Tecnol\u00f3gica de Rio Pomba (Cefet-RP), a Escola Agrot\u00e9cnica Federal de Barbacena e o Col\u00e9gio T\u00e9cnico Universit\u00e1rio (CTU) da UFJF. Atualmente a institui\u00e7\u00e3o \u00e9 composta por campi localizados nas cidades de Barbacena, Bom Sucesso, Cataguases, Juiz de Fora, Manhua\u00e7u, Muria\u00e9, Rio Pomba, Santos Dumont, S\u00e3o Jo\u00e3o del-Rei e Ub\u00e1. O munic\u00edpio de Juiz de Fora abriga, ainda, a Reitoria do instituto.<br \/>\nO IF Sudeste MG \u00e9 uma institui\u00e7\u00e3o de educa\u00e7\u00e3o superior, b\u00e1sica e profissional, pluricurricular e multicampi, especializada na oferta de educa\u00e7\u00e3o profissional e tecnol\u00f3gica nas diferentes modalidades de ensino, com base na conjuga\u00e7\u00e3o de conhecimentos t\u00e9cnicos e tecnol\u00f3gicos com as suas pr\u00e1ticas pedag\u00f3gicas. Os institutos federais t\u00eam por objetivo desenvolver e ofertar a educa\u00e7\u00e3o t\u00e9cnica e profissional em todos os seus n\u00edveis de modalidade e, com isso, formar e qualificar cidad\u00e3os para atuar nos diversos setores da economia, com \u00eanfase no desenvolvimento socioecon\u00f4mico local, regional e nacional.<\/p>\n<p><span style=\"color: #ff0000;\">Por Gisele Caires<\/span><br \/>\n<span style=\"color: #ff0000;\">Jornalista CMU<\/span><\/p>\n","protected":false},"excerpt":{"rendered":"<p>Numa parceria entre a Escola do Legislativo (EL) da C\u00e2mara<\/p>\n","protected":false},"author":2,"featured_media":6126,"comment_status":"open","ping_status":"open","sticky":false,"template":"","format":"standard","meta":{"footnotes":""},"categories":[16],"tags":[],"class_list":["post-6103","post","type-post","status-publish","format-standard","has-post-thumbnail","hentry","category-camara-municipal"],"yoast_head":"<!-- This site is optimized with the Yoast SEO plugin v27.2 - https:\/\/yoast.com\/product\/yoast-seo-wordpress\/ -->\n<title>COME\u00c7AM NESTE S\u00c1BADO AS AULAS DO PR\u00c9-ENEM 2018 - Ub\u00e1 News<\/title>\n<meta name=\"robots\" content=\"index, follow, max-snippet:-1, max-image-preview:large, max-video-preview:-1\" \/>\n<link rel=\"canonical\" href=\"https:\/\/ubanews.com\/site\/2018\/08\/02\/comecam-neste-sabado-as-aulas-do-pre-enem-2018\/\" \/>\n<meta property=\"og:locale\" content=\"pt_BR\" \/>\n<meta property=\"og:type\" content=\"article\" \/>\n<meta property=\"og:title\" content=\"COME\u00c7AM NESTE S\u00c1BADO AS AULAS DO PR\u00c9-ENEM 2018 - Ub\u00e1 News\" \/>\n<meta property=\"og:description\" content=\"Numa parceria entre a Escola do Legislativo (EL) da C\u00e2mara\" \/>\n<meta property=\"og:url\" content=\"https:\/\/ubanews.com\/site\/2018\/08\/02\/comecam-neste-sabado-as-aulas-do-pre-enem-2018\/\" \/>\n<meta property=\"og:site_name\" content=\"Ub\u00e1 News\" \/>\n<meta property=\"article:publisher\" content=\"https:\/\/www.facebook.com\/Ub%c3%a1News-Carlos-Roberto-Sodr%c3%a9-418778301977370\" \/>\n<meta property=\"article:author\" content=\"https:\/\/www.facebook.com\/carosroberto.sodre.5\/\" \/>\n<meta property=\"article:published_time\" content=\"2018-08-02T18:27:43+00:00\" \/>\n<meta property=\"article:modified_time\" content=\"2018-08-09T11:59:51+00:00\" \/>\n<meta property=\"og:image\" content=\"https:\/\/ubanews.com\/site\/wp-content\/uploads\/2018\/08\/001-2.jpg\" \/>\n\t<meta property=\"og:image:width\" content=\"800\" \/>\n\t<meta property=\"og:image:height\" content=\"389\" \/>\n\t<meta property=\"og:image:type\" content=\"image\/jpeg\" \/>\n<meta name=\"author\" content=\"Sodr\u00e9\" \/>\n<meta name=\"twitter:card\" content=\"summary_large_image\" \/>\n<meta name=\"twitter:label1\" content=\"Escrito por\" \/>\n\t<meta name=\"twitter:data1\" content=\"Sodr\u00e9\" \/>\n\t<meta name=\"twitter:label2\" content=\"Est. tempo de leitura\" \/>\n\t<meta name=\"twitter:data2\" content=\"3 minutos\" \/>\n<script type=\"application\/ld+json\" class=\"yoast-schema-graph\">{\"@context\":\"https:\/\/schema.org\",\"@graph\":[{\"@type\":\"Article\",\"@id\":\"https:\/\/ubanews.com\/site\/2018\/08\/02\/comecam-neste-sabado-as-aulas-do-pre-enem-2018\/#article\",\"isPartOf\":{\"@id\":\"https:\/\/ubanews.com\/site\/2018\/08\/02\/comecam-neste-sabado-as-aulas-do-pre-enem-2018\/\"},\"author\":{\"name\":\"Sodr\u00e9\",\"@id\":\"https:\/\/ubanews.com\/site\/#\/schema\/person\/d90c9e47252fbb63dcc969fe4c8b9d10\"},\"headline\":\"COME\u00c7AM NESTE S\u00c1BADO AS AULAS DO PR\u00c9-ENEM 2018\",\"datePublished\":\"2018-08-02T18:27:43+00:00\",\"dateModified\":\"2018-08-09T11:59:51+00:00\",\"mainEntityOfPage\":{\"@id\":\"https:\/\/ubanews.com\/site\/2018\/08\/02\/comecam-neste-sabado-as-aulas-do-pre-enem-2018\/\"},\"wordCount\":582,\"commentCount\":0,\"publisher\":{\"@id\":\"https:\/\/ubanews.com\/site\/#organization\"},\"image\":{\"@id\":\"https:\/\/ubanews.com\/site\/2018\/08\/02\/comecam-neste-sabado-as-aulas-do-pre-enem-2018\/#primaryimage\"},\"thumbnailUrl\":\"https:\/\/ubanews.com\/site\/wp-content\/uploads\/2018\/08\/001-2.jpg\",\"articleSection\":[\"C\u00e2mara Municipal\"],\"inLanguage\":\"pt-BR\",\"potentialAction\":[{\"@type\":\"CommentAction\",\"name\":\"Comment\",\"target\":[\"https:\/\/ubanews.com\/site\/2018\/08\/02\/comecam-neste-sabado-as-aulas-do-pre-enem-2018\/#respond\"]}]},{\"@type\":\"WebPage\",\"@id\":\"https:\/\/ubanews.com\/site\/2018\/08\/02\/comecam-neste-sabado-as-aulas-do-pre-enem-2018\/\",\"url\":\"https:\/\/ubanews.com\/site\/2018\/08\/02\/comecam-neste-sabado-as-aulas-do-pre-enem-2018\/\",\"name\":\"COME\u00c7AM NESTE S\u00c1BADO AS AULAS DO PR\u00c9-ENEM 2018 - Ub\u00e1 News\",\"isPartOf\":{\"@id\":\"https:\/\/ubanews.com\/site\/#website\"},\"primaryImageOfPage\":{\"@id\":\"https:\/\/ubanews.com\/site\/2018\/08\/02\/comecam-neste-sabado-as-aulas-do-pre-enem-2018\/#primaryimage\"},\"image\":{\"@id\":\"https:\/\/ubanews.com\/site\/2018\/08\/02\/comecam-neste-sabado-as-aulas-do-pre-enem-2018\/#primaryimage\"},\"thumbnailUrl\":\"https:\/\/ubanews.com\/site\/wp-content\/uploads\/2018\/08\/001-2.jpg\",\"datePublished\":\"2018-08-02T18:27:43+00:00\",\"dateModified\":\"2018-08-09T11:59:51+00:00\",\"breadcrumb\":{\"@id\":\"https:\/\/ubanews.com\/site\/2018\/08\/02\/comecam-neste-sabado-as-aulas-do-pre-enem-2018\/#breadcrumb\"},\"inLanguage\":\"pt-BR\",\"potentialAction\":[{\"@type\":\"ReadAction\",\"target\":[\"https:\/\/ubanews.com\/site\/2018\/08\/02\/comecam-neste-sabado-as-aulas-do-pre-enem-2018\/\"]}]},{\"@type\":\"ImageObject\",\"inLanguage\":\"pt-BR\",\"@id\":\"https:\/\/ubanews.com\/site\/2018\/08\/02\/comecam-neste-sabado-as-aulas-do-pre-enem-2018\/#primaryimage\",\"url\":\"https:\/\/ubanews.com\/site\/wp-content\/uploads\/2018\/08\/001-2.jpg\",\"contentUrl\":\"https:\/\/ubanews.com\/site\/wp-content\/uploads\/2018\/08\/001-2.jpg\",\"width\":800,\"height\":389},{\"@type\":\"BreadcrumbList\",\"@id\":\"https:\/\/ubanews.com\/site\/2018\/08\/02\/comecam-neste-sabado-as-aulas-do-pre-enem-2018\/#breadcrumb\",\"itemListElement\":[{\"@type\":\"ListItem\",\"position\":1,\"name\":\"Home\",\"item\":\"https:\/\/ubanews.com\/site\/\"},{\"@type\":\"ListItem\",\"position\":2,\"name\":\"COME\u00c7AM NESTE S\u00c1BADO AS AULAS DO PR\u00c9-ENEM 2018\"}]},{\"@type\":\"WebSite\",\"@id\":\"https:\/\/ubanews.com\/site\/#website\",\"url\":\"https:\/\/ubanews.com\/site\/\",\"name\":\"Ub\u00e1 News\",\"description\":\"\",\"publisher\":{\"@id\":\"https:\/\/ubanews.com\/site\/#organization\"},\"potentialAction\":[{\"@type\":\"SearchAction\",\"target\":{\"@type\":\"EntryPoint\",\"urlTemplate\":\"https:\/\/ubanews.com\/site\/?s={search_term_string}\"},\"query-input\":{\"@type\":\"PropertyValueSpecification\",\"valueRequired\":true,\"valueName\":\"search_term_string\"}}],\"inLanguage\":\"pt-BR\"},{\"@type\":\"Organization\",\"@id\":\"https:\/\/ubanews.com\/site\/#organization\",\"name\":\"Ub\u00e1 News\",\"url\":\"https:\/\/ubanews.com\/site\/\",\"logo\":{\"@type\":\"ImageObject\",\"inLanguage\":\"pt-BR\",\"@id\":\"https:\/\/ubanews.com\/site\/#\/schema\/logo\/image\/\",\"url\":\"https:\/\/ubanews.com\/site\/wp-content\/uploads\/2018\/01\/logoubanews.png\",\"contentUrl\":\"https:\/\/ubanews.com\/site\/wp-content\/uploads\/2018\/01\/logoubanews.png\",\"width\":261,\"height\":99,\"caption\":\"Ub\u00e1 News\"},\"image\":{\"@id\":\"https:\/\/ubanews.com\/site\/#\/schema\/logo\/image\/\"},\"sameAs\":[\"https:\/\/www.facebook.com\/Ub\u00e1News-Carlos-Roberto-Sodr\u00e9-418778301977370\"]},{\"@type\":\"Person\",\"@id\":\"https:\/\/ubanews.com\/site\/#\/schema\/person\/d90c9e47252fbb63dcc969fe4c8b9d10\",\"name\":\"Sodr\u00e9\",\"image\":{\"@type\":\"ImageObject\",\"inLanguage\":\"pt-BR\",\"@id\":\"https:\/\/secure.gravatar.com\/avatar\/5ba2793f0590b9dbfad3fdec4ee714485b3eef211c9b32ee53d414060454a56c?s=96&d=mm&r=g\",\"url\":\"https:\/\/secure.gravatar.com\/avatar\/5ba2793f0590b9dbfad3fdec4ee714485b3eef211c9b32ee53d414060454a56c?s=96&d=mm&r=g\",\"contentUrl\":\"https:\/\/secure.gravatar.com\/avatar\/5ba2793f0590b9dbfad3fdec4ee714485b3eef211c9b32ee53d414060454a56c?s=96&d=mm&r=g\",\"caption\":\"Sodr\u00e9\"},\"sameAs\":[\"https:\/\/www.facebook.com\/carosroberto.sodre.5\/\"],\"url\":\"https:\/\/ubanews.com\/site\/author\/felipe\/\"}]}<\/script>\n<!-- \/ Yoast SEO plugin. -->","yoast_head_json":{"title":"COME\u00c7AM NESTE S\u00c1BADO AS AULAS DO PR\u00c9-ENEM 2018 - Ub\u00e1 News","robots":{"index":"index","follow":"follow","max-snippet":"max-snippet:-1","max-image-preview":"max-image-preview:large","max-video-preview":"max-video-preview:-1"},"canonical":"https:\/\/ubanews.com\/site\/2018\/08\/02\/comecam-neste-sabado-as-aulas-do-pre-enem-2018\/","og_locale":"pt_BR","og_type":"article","og_title":"COME\u00c7AM NESTE S\u00c1BADO AS AULAS DO PR\u00c9-ENEM 2018 - Ub\u00e1 News","og_description":"Numa parceria entre a Escola do Legislativo (EL) da C\u00e2mara","og_url":"https:\/\/ubanews.com\/site\/2018\/08\/02\/comecam-neste-sabado-as-aulas-do-pre-enem-2018\/","og_site_name":"Ub\u00e1 News","article_publisher":"https:\/\/www.facebook.com\/Ub%c3%a1News-Carlos-Roberto-Sodr%c3%a9-418778301977370","article_author":"https:\/\/www.facebook.com\/carosroberto.sodre.5\/","article_published_time":"2018-08-02T18:27:43+00:00","article_modified_time":"2018-08-09T11:59:51+00:00","og_image":[{"width":800,"height":389,"url":"https:\/\/ubanews.com\/site\/wp-content\/uploads\/2018\/08\/001-2.jpg","type":"image\/jpeg"}],"author":"Sodr\u00e9","twitter_card":"summary_large_image","twitter_misc":{"Escrito por":"Sodr\u00e9","Est. tempo de leitura":"3 minutos"},"schema":{"@context":"https:\/\/schema.org","@graph":[{"@type":"Article","@id":"https:\/\/ubanews.com\/site\/2018\/08\/02\/comecam-neste-sabado-as-aulas-do-pre-enem-2018\/#article","isPartOf":{"@id":"https:\/\/ubanews.com\/site\/2018\/08\/02\/comecam-neste-sabado-as-aulas-do-pre-enem-2018\/"},"author":{"name":"Sodr\u00e9","@id":"https:\/\/ubanews.com\/site\/#\/schema\/person\/d90c9e47252fbb63dcc969fe4c8b9d10"},"headline":"COME\u00c7AM NESTE S\u00c1BADO AS AULAS DO PR\u00c9-ENEM 2018","datePublished":"2018-08-02T18:27:43+00:00","dateModified":"2018-08-09T11:59:51+00:00","mainEntityOfPage":{"@id":"https:\/\/ubanews.com\/site\/2018\/08\/02\/comecam-neste-sabado-as-aulas-do-pre-enem-2018\/"},"wordCount":582,"commentCount":0,"publisher":{"@id":"https:\/\/ubanews.com\/site\/#organization"},"image":{"@id":"https:\/\/ubanews.com\/site\/2018\/08\/02\/comecam-neste-sabado-as-aulas-do-pre-enem-2018\/#primaryimage"},"thumbnailUrl":"https:\/\/ubanews.com\/site\/wp-content\/uploads\/2018\/08\/001-2.jpg","articleSection":["C\u00e2mara Municipal"],"inLanguage":"pt-BR","potentialAction":[{"@type":"CommentAction","name":"Comment","target":["https:\/\/ubanews.com\/site\/2018\/08\/02\/comecam-neste-sabado-as-aulas-do-pre-enem-2018\/#respond"]}]},{"@type":"WebPage","@id":"https:\/\/ubanews.com\/site\/2018\/08\/02\/comecam-neste-sabado-as-aulas-do-pre-enem-2018\/","url":"https:\/\/ubanews.com\/site\/2018\/08\/02\/comecam-neste-sabado-as-aulas-do-pre-enem-2018\/","name":"COME\u00c7AM NESTE S\u00c1BADO AS AULAS DO PR\u00c9-ENEM 2018 - Ub\u00e1 News","isPartOf":{"@id":"https:\/\/ubanews.com\/site\/#website"},"primaryImageOfPage":{"@id":"https:\/\/ubanews.com\/site\/2018\/08\/02\/comecam-neste-sabado-as-aulas-do-pre-enem-2018\/#primaryimage"},"image":{"@id":"https:\/\/ubanews.com\/site\/2018\/08\/02\/comecam-neste-sabado-as-aulas-do-pre-enem-2018\/#primaryimage"},"thumbnailUrl":"https:\/\/ubanews.com\/site\/wp-content\/uploads\/2018\/08\/001-2.jpg","datePublished":"2018-08-02T18:27:43+00:00","dateModified":"2018-08-09T11:59:51+00:00","breadcrumb":{"@id":"https:\/\/ubanews.com\/site\/2018\/08\/02\/comecam-neste-sabado-as-aulas-do-pre-enem-2018\/#breadcrumb"},"inLanguage":"pt-BR","potentialAction":[{"@type":"ReadAction","target":["https:\/\/ubanews.com\/site\/2018\/08\/02\/comecam-neste-sabado-as-aulas-do-pre-enem-2018\/"]}]},{"@type":"ImageObject","inLanguage":"pt-BR","@id":"https:\/\/ubanews.com\/site\/2018\/08\/02\/comecam-neste-sabado-as-aulas-do-pre-enem-2018\/#primaryimage","url":"https:\/\/ubanews.com\/site\/wp-content\/uploads\/2018\/08\/001-2.jpg","contentUrl":"https:\/\/ubanews.com\/site\/wp-content\/uploads\/2018\/08\/001-2.jpg","width":800,"height":389},{"@type":"BreadcrumbList","@id":"https:\/\/ubanews.com\/site\/2018\/08\/02\/comecam-neste-sabado-as-aulas-do-pre-enem-2018\/#breadcrumb","itemListElement":[{"@type":"ListItem","position":1,"name":"Home","item":"https:\/\/ubanews.com\/site\/"},{"@type":"ListItem","position":2,"name":"COME\u00c7AM NESTE S\u00c1BADO AS AULAS DO PR\u00c9-ENEM 2018"}]},{"@type":"WebSite","@id":"https:\/\/ubanews.com\/site\/#website","url":"https:\/\/ubanews.com\/site\/","name":"Ub\u00e1 News","description":"","publisher":{"@id":"https:\/\/ubanews.com\/site\/#organization"},"potentialAction":[{"@type":"SearchAction","target":{"@type":"EntryPoint","urlTemplate":"https:\/\/ubanews.com\/site\/?s={search_term_string}"},"query-input":{"@type":"PropertyValueSpecification","valueRequired":true,"valueName":"search_term_string"}}],"inLanguage":"pt-BR"},{"@type":"Organization","@id":"https:\/\/ubanews.com\/site\/#organization","name":"Ub\u00e1 News","url":"https:\/\/ubanews.com\/site\/","logo":{"@type":"ImageObject","inLanguage":"pt-BR","@id":"https:\/\/ubanews.com\/site\/#\/schema\/logo\/image\/","url":"https:\/\/ubanews.com\/site\/wp-content\/uploads\/2018\/01\/logoubanews.png","contentUrl":"https:\/\/ubanews.com\/site\/wp-content\/uploads\/2018\/01\/logoubanews.png","width":261,"height":99,"caption":"Ub\u00e1 News"},"image":{"@id":"https:\/\/ubanews.com\/site\/#\/schema\/logo\/image\/"},"sameAs":["https:\/\/www.facebook.com\/Ub\u00e1News-Carlos-Roberto-Sodr\u00e9-418778301977370"]},{"@type":"Person","@id":"https:\/\/ubanews.com\/site\/#\/schema\/person\/d90c9e47252fbb63dcc969fe4c8b9d10","name":"Sodr\u00e9","image":{"@type":"ImageObject","inLanguage":"pt-BR","@id":"https:\/\/secure.gravatar.com\/avatar\/5ba2793f0590b9dbfad3fdec4ee714485b3eef211c9b32ee53d414060454a56c?s=96&d=mm&r=g","url":"https:\/\/secure.gravatar.com\/avatar\/5ba2793f0590b9dbfad3fdec4ee714485b3eef211c9b32ee53d414060454a56c?s=96&d=mm&r=g","contentUrl":"https:\/\/secure.gravatar.com\/avatar\/5ba2793f0590b9dbfad3fdec4ee714485b3eef211c9b32ee53d414060454a56c?s=96&d=mm&r=g","caption":"Sodr\u00e9"},"sameAs":["https:\/\/www.facebook.com\/carosroberto.sodre.5\/"],"url":"https:\/\/ubanews.com\/site\/author\/felipe\/"}]}},"_links":{"self":[{"href":"https:\/\/ubanews.com\/site\/wp-json\/wp\/v2\/posts\/6103","targetHints":{"allow":["GET"]}}],"collection":[{"href":"https:\/\/ubanews.com\/site\/wp-json\/wp\/v2\/posts"}],"about":[{"href":"https:\/\/ubanews.com\/site\/wp-json\/wp\/v2\/types\/post"}],"author":[{"embeddable":true,"href":"https:\/\/ubanews.com\/site\/wp-json\/wp\/v2\/users\/2"}],"replies":[{"embeddable":true,"href":"https:\/\/ubanews.com\/site\/wp-json\/wp\/v2\/comments?post=6103"}],"version-history":[{"count":0,"href":"https:\/\/ubanews.com\/site\/wp-json\/wp\/v2\/posts\/6103\/revisions"}],"wp:featuredmedia":[{"embeddable":true,"href":"https:\/\/ubanews.com\/site\/wp-json\/wp\/v2\/media\/6126"}],"wp:attachment":[{"href":"https:\/\/ubanews.com\/site\/wp-json\/wp\/v2\/media?parent=6103"}],"wp:term":[{"taxonomy":"category","embeddable":true,"href":"https:\/\/ubanews.com\/site\/wp-json\/wp\/v2\/categories?post=6103"},{"taxonomy":"post_tag","embeddable":true,"href":"https:\/\/ubanews.com\/site\/wp-json\/wp\/v2\/tags?post=6103"}],"curies":[{"name":"wp","href":"https:\/\/api.w.org\/{rel}","templated":true}]}}