{"id":6084,"date":"2018-08-01T16:34:20","date_gmt":"2018-08-01T19:34:20","guid":{"rendered":"http:\/\/ubanews.com\/site\/?p=6084"},"modified":"2018-08-09T09:00:54","modified_gmt":"2018-08-09T12:00:54","slug":"alunos-do-caps-promovem-noite-alegre-com-teatro-no-cantinho-do-sao-francisco","status":"publish","type":"post","link":"https:\/\/ubanews.com\/site\/2018\/08\/01\/alunos-do-caps-promovem-noite-alegre-com-teatro-no-cantinho-do-sao-francisco\/","title":{"rendered":"Alunos do Caps promovem noite alegre com teatro no Cantinho do S\u00e3o Francisco"},"content":{"rendered":"<p><a href=\"https:\/\/ubanews.com\/site\/wp-content\/uploads\/2018\/08\/DSC_2783-copiar.jpg\"><img decoding=\"async\" class=\"alignnone size-medium wp-image-6085 lazyload\" data-src=\"https:\/\/ubanews.com\/site\/wp-content\/uploads\/2018\/08\/DSC_2783-copiar-300x171.jpg\" alt=\"\" width=\"300\" height=\"171\" data-srcset=\"https:\/\/ubanews.com\/site\/wp-content\/uploads\/2018\/08\/DSC_2783-copiar-300x171.jpg 300w, https:\/\/ubanews.com\/site\/wp-content\/uploads\/2018\/08\/DSC_2783-copiar-768x439.jpg 768w, https:\/\/ubanews.com\/site\/wp-content\/uploads\/2018\/08\/DSC_2783-copiar.jpg 800w\" data-sizes=\"(max-width: 300px) 100vw, 300px\" src=\"data:image\/svg+xml;base64,PHN2ZyB3aWR0aD0iMSIgaGVpZ2h0PSIxIiB4bWxucz0iaHR0cDovL3d3dy53My5vcmcvMjAwMC9zdmciPjwvc3ZnPg==\" style=\"--smush-placeholder-width: 300px; --smush-placeholder-aspect-ratio: 300\/171;\" \/><\/a> <a href=\"https:\/\/ubanews.com\/site\/wp-content\/uploads\/2018\/08\/DSC_2862.jpg\"><img decoding=\"async\" class=\"alignnone size-medium wp-image-6096 lazyload\" data-src=\"https:\/\/ubanews.com\/site\/wp-content\/uploads\/2018\/08\/DSC_2862-300x171.jpg\" alt=\"\" width=\"300\" height=\"171\" data-srcset=\"https:\/\/ubanews.com\/site\/wp-content\/uploads\/2018\/08\/DSC_2862-300x171.jpg 300w, https:\/\/ubanews.com\/site\/wp-content\/uploads\/2018\/08\/DSC_2862-768x439.jpg 768w, https:\/\/ubanews.com\/site\/wp-content\/uploads\/2018\/08\/DSC_2862.jpg 800w\" data-sizes=\"(max-width: 300px) 100vw, 300px\" src=\"data:image\/svg+xml;base64,PHN2ZyB3aWR0aD0iMSIgaGVpZ2h0PSIxIiB4bWxucz0iaHR0cDovL3d3dy53My5vcmcvMjAwMC9zdmciPjwvc3ZnPg==\" style=\"--smush-placeholder-width: 300px; --smush-placeholder-aspect-ratio: 300\/171;\" \/><\/a> <a href=\"https:\/\/ubanews.com\/site\/wp-content\/uploads\/2018\/08\/DSC_2860-copiar.jpg\"><img decoding=\"async\" class=\"alignnone size-medium wp-image-6095 lazyload\" data-src=\"https:\/\/ubanews.com\/site\/wp-content\/uploads\/2018\/08\/DSC_2860-copiar-300x171.jpg\" alt=\"\" width=\"300\" height=\"171\" data-srcset=\"https:\/\/ubanews.com\/site\/wp-content\/uploads\/2018\/08\/DSC_2860-copiar-300x171.jpg 300w, https:\/\/ubanews.com\/site\/wp-content\/uploads\/2018\/08\/DSC_2860-copiar-768x439.jpg 768w, https:\/\/ubanews.com\/site\/wp-content\/uploads\/2018\/08\/DSC_2860-copiar.jpg 800w\" data-sizes=\"(max-width: 300px) 100vw, 300px\" src=\"data:image\/svg+xml;base64,PHN2ZyB3aWR0aD0iMSIgaGVpZ2h0PSIxIiB4bWxucz0iaHR0cDovL3d3dy53My5vcmcvMjAwMC9zdmciPjwvc3ZnPg==\" style=\"--smush-placeholder-width: 300px; --smush-placeholder-aspect-ratio: 300\/171;\" \/><\/a> <a href=\"https:\/\/ubanews.com\/site\/wp-content\/uploads\/2018\/08\/DSC_2845-copiar.jpg\"><img decoding=\"async\" class=\"alignnone size-medium wp-image-6093 lazyload\" data-src=\"https:\/\/ubanews.com\/site\/wp-content\/uploads\/2018\/08\/DSC_2845-copiar-300x171.jpg\" alt=\"\" width=\"300\" height=\"171\" data-srcset=\"https:\/\/ubanews.com\/site\/wp-content\/uploads\/2018\/08\/DSC_2845-copiar-300x171.jpg 300w, https:\/\/ubanews.com\/site\/wp-content\/uploads\/2018\/08\/DSC_2845-copiar-768x439.jpg 768w, https:\/\/ubanews.com\/site\/wp-content\/uploads\/2018\/08\/DSC_2845-copiar.jpg 800w\" data-sizes=\"(max-width: 300px) 100vw, 300px\" src=\"data:image\/svg+xml;base64,PHN2ZyB3aWR0aD0iMSIgaGVpZ2h0PSIxIiB4bWxucz0iaHR0cDovL3d3dy53My5vcmcvMjAwMC9zdmciPjwvc3ZnPg==\" style=\"--smush-placeholder-width: 300px; --smush-placeholder-aspect-ratio: 300\/171;\" \/><\/a> <a href=\"https:\/\/ubanews.com\/site\/wp-content\/uploads\/2018\/08\/DSC_2842-copiar.jpg\"><img decoding=\"async\" class=\"alignnone size-medium wp-image-6092 lazyload\" data-src=\"https:\/\/ubanews.com\/site\/wp-content\/uploads\/2018\/08\/DSC_2842-copiar-300x171.jpg\" alt=\"\" width=\"300\" height=\"171\" data-srcset=\"https:\/\/ubanews.com\/site\/wp-content\/uploads\/2018\/08\/DSC_2842-copiar-300x171.jpg 300w, https:\/\/ubanews.com\/site\/wp-content\/uploads\/2018\/08\/DSC_2842-copiar-768x439.jpg 768w, https:\/\/ubanews.com\/site\/wp-content\/uploads\/2018\/08\/DSC_2842-copiar.jpg 800w\" data-sizes=\"(max-width: 300px) 100vw, 300px\" src=\"data:image\/svg+xml;base64,PHN2ZyB3aWR0aD0iMSIgaGVpZ2h0PSIxIiB4bWxucz0iaHR0cDovL3d3dy53My5vcmcvMjAwMC9zdmciPjwvc3ZnPg==\" style=\"--smush-placeholder-width: 300px; --smush-placeholder-aspect-ratio: 300\/171;\" \/><\/a> <a href=\"https:\/\/ubanews.com\/site\/wp-content\/uploads\/2018\/08\/DSC_2819-copiar.jpg\"><img decoding=\"async\" class=\"alignnone size-medium wp-image-6091 lazyload\" data-src=\"https:\/\/ubanews.com\/site\/wp-content\/uploads\/2018\/08\/DSC_2819-copiar-300x171.jpg\" alt=\"\" width=\"300\" height=\"171\" data-srcset=\"https:\/\/ubanews.com\/site\/wp-content\/uploads\/2018\/08\/DSC_2819-copiar-300x171.jpg 300w, https:\/\/ubanews.com\/site\/wp-content\/uploads\/2018\/08\/DSC_2819-copiar-768x439.jpg 768w, https:\/\/ubanews.com\/site\/wp-content\/uploads\/2018\/08\/DSC_2819-copiar.jpg 800w\" data-sizes=\"(max-width: 300px) 100vw, 300px\" src=\"data:image\/svg+xml;base64,PHN2ZyB3aWR0aD0iMSIgaGVpZ2h0PSIxIiB4bWxucz0iaHR0cDovL3d3dy53My5vcmcvMjAwMC9zdmciPjwvc3ZnPg==\" style=\"--smush-placeholder-width: 300px; --smush-placeholder-aspect-ratio: 300\/171;\" \/><\/a> <a href=\"https:\/\/ubanews.com\/site\/wp-content\/uploads\/2018\/08\/DSC_2807-copiar.jpg\"><img decoding=\"async\" class=\"alignnone size-medium wp-image-6090 lazyload\" data-src=\"https:\/\/ubanews.com\/site\/wp-content\/uploads\/2018\/08\/DSC_2807-copiar-300x171.jpg\" alt=\"\" width=\"300\" height=\"171\" data-srcset=\"https:\/\/ubanews.com\/site\/wp-content\/uploads\/2018\/08\/DSC_2807-copiar-300x171.jpg 300w, https:\/\/ubanews.com\/site\/wp-content\/uploads\/2018\/08\/DSC_2807-copiar-768x439.jpg 768w, https:\/\/ubanews.com\/site\/wp-content\/uploads\/2018\/08\/DSC_2807-copiar.jpg 800w\" data-sizes=\"(max-width: 300px) 100vw, 300px\" src=\"data:image\/svg+xml;base64,PHN2ZyB3aWR0aD0iMSIgaGVpZ2h0PSIxIiB4bWxucz0iaHR0cDovL3d3dy53My5vcmcvMjAwMC9zdmciPjwvc3ZnPg==\" style=\"--smush-placeholder-width: 300px; --smush-placeholder-aspect-ratio: 300\/171;\" \/><\/a> <a href=\"https:\/\/ubanews.com\/site\/wp-content\/uploads\/2018\/08\/DSC_2803-copiar.jpg\"><img decoding=\"async\" class=\"alignnone size-medium wp-image-6089 lazyload\" data-src=\"https:\/\/ubanews.com\/site\/wp-content\/uploads\/2018\/08\/DSC_2803-copiar-300x171.jpg\" alt=\"\" width=\"300\" height=\"171\" data-srcset=\"https:\/\/ubanews.com\/site\/wp-content\/uploads\/2018\/08\/DSC_2803-copiar-300x171.jpg 300w, https:\/\/ubanews.com\/site\/wp-content\/uploads\/2018\/08\/DSC_2803-copiar-768x439.jpg 768w, https:\/\/ubanews.com\/site\/wp-content\/uploads\/2018\/08\/DSC_2803-copiar.jpg 800w\" data-sizes=\"(max-width: 300px) 100vw, 300px\" src=\"data:image\/svg+xml;base64,PHN2ZyB3aWR0aD0iMSIgaGVpZ2h0PSIxIiB4bWxucz0iaHR0cDovL3d3dy53My5vcmcvMjAwMC9zdmciPjwvc3ZnPg==\" style=\"--smush-placeholder-width: 300px; --smush-placeholder-aspect-ratio: 300\/171;\" \/><\/a> <a href=\"https:\/\/ubanews.com\/site\/wp-content\/uploads\/2018\/08\/DSC_2798-copiar.jpg\"><img decoding=\"async\" class=\"alignnone size-medium wp-image-6088 lazyload\" data-src=\"https:\/\/ubanews.com\/site\/wp-content\/uploads\/2018\/08\/DSC_2798-copiar-300x171.jpg\" alt=\"\" width=\"300\" height=\"171\" data-srcset=\"https:\/\/ubanews.com\/site\/wp-content\/uploads\/2018\/08\/DSC_2798-copiar-300x171.jpg 300w, https:\/\/ubanews.com\/site\/wp-content\/uploads\/2018\/08\/DSC_2798-copiar-768x439.jpg 768w, https:\/\/ubanews.com\/site\/wp-content\/uploads\/2018\/08\/DSC_2798-copiar.jpg 800w\" data-sizes=\"(max-width: 300px) 100vw, 300px\" src=\"data:image\/svg+xml;base64,PHN2ZyB3aWR0aD0iMSIgaGVpZ2h0PSIxIiB4bWxucz0iaHR0cDovL3d3dy53My5vcmcvMjAwMC9zdmciPjwvc3ZnPg==\" style=\"--smush-placeholder-width: 300px; --smush-placeholder-aspect-ratio: 300\/171;\" \/><\/a> <a href=\"https:\/\/ubanews.com\/site\/wp-content\/uploads\/2018\/08\/DSC_2796-copiar.jpg\"><img decoding=\"async\" class=\"alignnone size-medium wp-image-6087 lazyload\" data-src=\"https:\/\/ubanews.com\/site\/wp-content\/uploads\/2018\/08\/DSC_2796-copiar-300x171.jpg\" alt=\"\" width=\"300\" height=\"171\" data-srcset=\"https:\/\/ubanews.com\/site\/wp-content\/uploads\/2018\/08\/DSC_2796-copiar-300x171.jpg 300w, https:\/\/ubanews.com\/site\/wp-content\/uploads\/2018\/08\/DSC_2796-copiar-768x439.jpg 768w, https:\/\/ubanews.com\/site\/wp-content\/uploads\/2018\/08\/DSC_2796-copiar.jpg 800w\" data-sizes=\"(max-width: 300px) 100vw, 300px\" src=\"data:image\/svg+xml;base64,PHN2ZyB3aWR0aD0iMSIgaGVpZ2h0PSIxIiB4bWxucz0iaHR0cDovL3d3dy53My5vcmcvMjAwMC9zdmciPjwvc3ZnPg==\" style=\"--smush-placeholder-width: 300px; --smush-placeholder-aspect-ratio: 300\/171;\" \/><\/a> <a href=\"https:\/\/ubanews.com\/site\/wp-content\/uploads\/2018\/08\/DSC_2790-copiar.jpg\"><img decoding=\"async\" class=\"alignnone wp-image-6086 size-medium lazyload\" data-src=\"https:\/\/ubanews.com\/site\/wp-content\/uploads\/2018\/08\/DSC_2790-copiar-300x171.jpg\" alt=\"\" width=\"300\" height=\"171\" data-srcset=\"https:\/\/ubanews.com\/site\/wp-content\/uploads\/2018\/08\/DSC_2790-copiar-300x171.jpg 300w, https:\/\/ubanews.com\/site\/wp-content\/uploads\/2018\/08\/DSC_2790-copiar-768x439.jpg 768w, https:\/\/ubanews.com\/site\/wp-content\/uploads\/2018\/08\/DSC_2790-copiar.jpg 800w\" data-sizes=\"(max-width: 300px) 100vw, 300px\" src=\"data:image\/svg+xml;base64,PHN2ZyB3aWR0aD0iMSIgaGVpZ2h0PSIxIiB4bWxucz0iaHR0cDovL3d3dy53My5vcmcvMjAwMC9zdmciPjwvc3ZnPg==\" style=\"--smush-placeholder-width: 300px; --smush-placeholder-aspect-ratio: 300\/171;\" \/><\/a><\/p>\n<p>O Cantinho do S\u00e3o Francisco recebeu na noite de ter\u00e7a-feira (31), \u00e0s 19h, o grupo teatral \u201cQueira ou N\u00e3o Estamos A\u00ed\u201d dirigido pelo ator Fabr\u00edcio Sereno e com entrada franca. Alunos do CAPS foram os pr\u00f3prios personagens e apresentaram \u201cOutro Lado a Performance\u201d. O trabalho discute a fronteira do conceito de normalidade. Prop\u00f5e uma reflex\u00e3o, partindo do cotidiano do p\u00fablico, que acaba identificando-se com a singela realidade do indiv\u00edduo com sofrimento mental. Uma aproxima\u00e7\u00e3o pela identifica\u00e7\u00e3o.<\/p>\n<p><strong>Voc\u00ea conhece o Caps Sollero?<\/strong><\/p>\n<p>O Caps Guida Sollero foi criado em setembro de 1998 no munic\u00edpio de Ub\u00e1\/MG. Come\u00e7ou os atendimentos no bairro Palmeiras de munic\u00edpio, atualmente ele esta localizado no bairro Jardim Gl\u00f3ria.<\/p>\n<p><strong>Voc\u00ea sabe o que o Caps oferece?<\/strong><\/p>\n<p>Os Caps t\u00eam como objetivo oferecer atendimento \u00e0 popula\u00e7\u00e3o, realizar o acompanhamento cl\u00ednico e a reinser\u00e7\u00e3o social dos usu\u00e1rios com transtorno mental pelo acesso ao trabalho, lazer, exerc\u00edcio dos direitos civis e fortalecimento dos la\u00e7os familiares e comunit\u00e1rios.<\/p>\n<p>A tarefa de promover a reinser\u00e7\u00e3o social exigo uma articula\u00e7\u00e3o ampla, desenhada com variados componentes ou recusos da assist\u00eancia, para a promo\u00e7\u00e3o da vida comunit\u00e1ria e da autonomia dos usu\u00e1rios dos servi\u00e7os. Os Caps, nesso processo de constru\u00e7\u00e3o de uma l\u00f3gica comunit\u00e1ria de aten\u00e7\u00e3o \u00e0 sa\u00fade mental, oferecem ent\u00e3o os recursos fundamentais para a reiser\u00e7\u00e3o social de pessoas com transtornos mentais.<\/p>\n<p>Os Caps s\u00e3o considerados estrat\u00e9gicos para o servi\u00e7o em rede em sa\u00fade mental, no entanto, apesar de serem considerados pontos estrat\u00e9gicos n\u00e3o s\u00e3o os \u00fanicos primordiais neste servi\u00e7o de rede, pois h\u00e1 outros servi\u00e7os de aten\u00e7\u00e3o \u00e0 sa\u00fade menteal que valem ser ressaltados e que devem participar desta rede que incluem a aten\u00e7\u00e3o b\u00e1sica, as resid\u00eancias terap\u00eauticas, os ambulat\u00f3rios, os centros de conviv\u00eancia, os clubes de lazer, entre outros. Pode-se dizer que todo problema de sa\u00fade \u00e9 tamb\u00e9m \u2013 e sempre- mental, e que toda sa\u00fade mental \u00e9 tamb\u00e9m \u2013 e sempre \u2013 produ\u00e7\u00e3o de sa\u00fade, portanto \u00e9 imprescind\u00edvel um olhar e atua\u00e7\u00e3o ampla a esses sujeitos para um melhor tratar.<\/p>\n<p><strong>Atividades do Caps Guida Sollero:<\/strong><\/p>\n<p>Todos os profissionais envolvidos no servi\u00e7o buscam realizar o acompanhamento clinico e a reinser\u00e7\u00e3o social dos usu\u00e1rios pelo acesso ao trabalho, lazer, exerc\u00edcio dos direitos civis e fortalecimento dos la\u00e7os familiares e comunit\u00e1rios e para tanto buscamos principalmente o tratar atrav\u00e9s de um processo de produ\u00e7\u00e3o de novas subjetividades entre os profissionais e usu\u00e1rios dos servi\u00e7os de sa\u00fade, subjetividade entendida como a maneira particular de cada um de sentir, ver e estar no mundo, proporcionando uma pr\u00e1tica de sa\u00fade mais humanizada. Dentre as atividades realizadas no Caps temos:<\/p>\n<ul>\n<li>Reuni\u00f5es de fam\u00edlia;<\/li>\n<li>Apoio as equipes de sa\u00fade e redirecionamento no tratar a sa\u00fade mental;<\/li>\n<li>Projetos de confraterniza\u00e7\u00e3o como passeios e eventos;<\/li>\n<li>Oficinas terap\u00eauticas e s\u00f3cio-educativas;<\/li>\n<\/ul>\n<p>As oficinas terap\u00eauticas s\u00e3o uma das principais formas de tratamento oferecido nos CAPS. Os Caps tem frequentemente, mais de um tipo de oficina terap\u00eautica. Esssas oficinas s\u00e3o atividades realizadas em grupo com a presen\u00e7a e orienta\u00e7\u00e3o de um ou mais profissionais, monitores e\/ou estagi\u00e1rios e que podem ser pr\u00e1ticas e educativas proporcionando o exerc\u00edcio e a pr\u00e1tica da cidadania.<\/p>\n<p>No Caps temos as oficinas terap\u00eauticas expressivas como espa\u00e7os de express\u00e3o pl\u00e1stica (pintura, argila, desenho, etc), express\u00e3o verbal (poesias, contos, leitura e reda\u00e7\u00e3o de textos, de pe\u00e7as teatrais e de letras de m\u00fasicas) e express\u00e3o musical (atividades musicais). Temos tamb\u00e9m as oficinas geradoras de renda que servem de instrumentos de gera\u00e7\u00e3o de renda atrav\u00e9s do aprendizado de uma atividade especifica e que podem ser usadas como reinser\u00e7\u00e3o social fazendo com que os usu\u00e1rios apreendam e possam exercer estas at\u00e9 mesmo fora do Caps. Como oficinas geradoras de renda oferecidas no Caps temos: a culin\u00e1ria, costura, venda de roupas e acess\u00f3rios em nosso bazar, artesanatos em geral \u2013 como pintura em tecidos, confec\u00e7\u00e3o de produtos em MDF e artesanatos em feltro.<\/p>\n<p>Dentro das atividades s\u00f3cio \u2013 educativas temos oficinas praticas como caminhada e futebol e tamb\u00e9m grupos de discuss\u00e3o relacionados a higiene e beleza, assembl\u00e9ias gerais e reuni\u00f5es di\u00e1rias denominadas \u201cBom-dia\u201d onde os pacientes podem colocar suas opini\u00f5es e discutirmos pr\u00e1ticas do servi\u00e7o e tamb\u00e9m o exerc\u00edcio da cidadania e reinser\u00e7\u00e3o social que vai al\u00e9m do Caps e no qual precisam se colocar e podem exercer seus direitos.<\/p>\n<p>&nbsp;<\/p>\n","protected":false},"excerpt":{"rendered":"<p>O Cantinho do S\u00e3o Francisco recebeu na noite de ter\u00e7a-feira<\/p>\n","protected":false},"author":2,"featured_media":6094,"comment_status":"open","ping_status":"open","sticky":false,"template":"","format":"standard","meta":{"footnotes":""},"categories":[1],"tags":[],"class_list":["post-6084","post","type-post","status-publish","format-standard","has-post-thumbnail","hentry","category-sem-categoria"],"yoast_head":"<!-- This site is optimized with the Yoast SEO plugin v27.2 - https:\/\/yoast.com\/product\/yoast-seo-wordpress\/ -->\n<title>Alunos do Caps promovem noite alegre com teatro no Cantinho do S\u00e3o Francisco - Ub\u00e1 News<\/title>\n<meta name=\"robots\" content=\"index, follow, max-snippet:-1, max-image-preview:large, max-video-preview:-1\" \/>\n<link rel=\"canonical\" href=\"https:\/\/ubanews.com\/site\/2018\/08\/01\/alunos-do-caps-promovem-noite-alegre-com-teatro-no-cantinho-do-sao-francisco\/\" \/>\n<meta property=\"og:locale\" content=\"pt_BR\" \/>\n<meta property=\"og:type\" content=\"article\" \/>\n<meta property=\"og:title\" content=\"Alunos do Caps promovem noite alegre com teatro no Cantinho do S\u00e3o Francisco - Ub\u00e1 News\" \/>\n<meta property=\"og:description\" content=\"O Cantinho do S\u00e3o Francisco recebeu na noite de ter\u00e7a-feira\" \/>\n<meta property=\"og:url\" content=\"https:\/\/ubanews.com\/site\/2018\/08\/01\/alunos-do-caps-promovem-noite-alegre-com-teatro-no-cantinho-do-sao-francisco\/\" \/>\n<meta property=\"og:site_name\" content=\"Ub\u00e1 News\" \/>\n<meta property=\"article:publisher\" content=\"https:\/\/www.facebook.com\/Ub%c3%a1News-Carlos-Roberto-Sodr%c3%a9-418778301977370\" \/>\n<meta property=\"article:author\" content=\"https:\/\/www.facebook.com\/carosroberto.sodre.5\/\" \/>\n<meta property=\"article:published_time\" content=\"2018-08-01T19:34:20+00:00\" \/>\n<meta property=\"article:modified_time\" content=\"2018-08-09T12:00:54+00:00\" \/>\n<meta property=\"og:image\" content=\"https:\/\/ubanews.com\/site\/wp-content\/uploads\/2018\/08\/DSC_2858-copiar.jpg\" \/>\n\t<meta property=\"og:image:width\" content=\"800\" \/>\n\t<meta property=\"og:image:height\" content=\"389\" \/>\n\t<meta property=\"og:image:type\" content=\"image\/jpeg\" \/>\n<meta name=\"author\" content=\"Sodr\u00e9\" \/>\n<meta name=\"twitter:card\" content=\"summary_large_image\" \/>\n<meta name=\"twitter:label1\" content=\"Escrito por\" \/>\n\t<meta name=\"twitter:data1\" content=\"Sodr\u00e9\" \/>\n\t<meta name=\"twitter:label2\" content=\"Est. tempo de leitura\" \/>\n\t<meta name=\"twitter:data2\" content=\"4 minutos\" \/>\n<script type=\"application\/ld+json\" class=\"yoast-schema-graph\">{\"@context\":\"https:\/\/schema.org\",\"@graph\":[{\"@type\":\"Article\",\"@id\":\"https:\/\/ubanews.com\/site\/2018\/08\/01\/alunos-do-caps-promovem-noite-alegre-com-teatro-no-cantinho-do-sao-francisco\/#article\",\"isPartOf\":{\"@id\":\"https:\/\/ubanews.com\/site\/2018\/08\/01\/alunos-do-caps-promovem-noite-alegre-com-teatro-no-cantinho-do-sao-francisco\/\"},\"author\":{\"name\":\"Sodr\u00e9\",\"@id\":\"https:\/\/ubanews.com\/site\/#\/schema\/person\/d90c9e47252fbb63dcc969fe4c8b9d10\"},\"headline\":\"Alunos do Caps promovem noite alegre com teatro no Cantinho do S\u00e3o Francisco\",\"datePublished\":\"2018-08-01T19:34:20+00:00\",\"dateModified\":\"2018-08-09T12:00:54+00:00\",\"mainEntityOfPage\":{\"@id\":\"https:\/\/ubanews.com\/site\/2018\/08\/01\/alunos-do-caps-promovem-noite-alegre-com-teatro-no-cantinho-do-sao-francisco\/\"},\"wordCount\":819,\"commentCount\":0,\"publisher\":{\"@id\":\"https:\/\/ubanews.com\/site\/#organization\"},\"image\":{\"@id\":\"https:\/\/ubanews.com\/site\/2018\/08\/01\/alunos-do-caps-promovem-noite-alegre-com-teatro-no-cantinho-do-sao-francisco\/#primaryimage\"},\"thumbnailUrl\":\"https:\/\/ubanews.com\/site\/wp-content\/uploads\/2018\/08\/DSC_2858-copiar.jpg\",\"articleSection\":[\"Geral\"],\"inLanguage\":\"pt-BR\",\"potentialAction\":[{\"@type\":\"CommentAction\",\"name\":\"Comment\",\"target\":[\"https:\/\/ubanews.com\/site\/2018\/08\/01\/alunos-do-caps-promovem-noite-alegre-com-teatro-no-cantinho-do-sao-francisco\/#respond\"]}]},{\"@type\":\"WebPage\",\"@id\":\"https:\/\/ubanews.com\/site\/2018\/08\/01\/alunos-do-caps-promovem-noite-alegre-com-teatro-no-cantinho-do-sao-francisco\/\",\"url\":\"https:\/\/ubanews.com\/site\/2018\/08\/01\/alunos-do-caps-promovem-noite-alegre-com-teatro-no-cantinho-do-sao-francisco\/\",\"name\":\"Alunos do Caps promovem noite alegre com teatro no Cantinho do S\u00e3o Francisco - Ub\u00e1 News\",\"isPartOf\":{\"@id\":\"https:\/\/ubanews.com\/site\/#website\"},\"primaryImageOfPage\":{\"@id\":\"https:\/\/ubanews.com\/site\/2018\/08\/01\/alunos-do-caps-promovem-noite-alegre-com-teatro-no-cantinho-do-sao-francisco\/#primaryimage\"},\"image\":{\"@id\":\"https:\/\/ubanews.com\/site\/2018\/08\/01\/alunos-do-caps-promovem-noite-alegre-com-teatro-no-cantinho-do-sao-francisco\/#primaryimage\"},\"thumbnailUrl\":\"https:\/\/ubanews.com\/site\/wp-content\/uploads\/2018\/08\/DSC_2858-copiar.jpg\",\"datePublished\":\"2018-08-01T19:34:20+00:00\",\"dateModified\":\"2018-08-09T12:00:54+00:00\",\"breadcrumb\":{\"@id\":\"https:\/\/ubanews.com\/site\/2018\/08\/01\/alunos-do-caps-promovem-noite-alegre-com-teatro-no-cantinho-do-sao-francisco\/#breadcrumb\"},\"inLanguage\":\"pt-BR\",\"potentialAction\":[{\"@type\":\"ReadAction\",\"target\":[\"https:\/\/ubanews.com\/site\/2018\/08\/01\/alunos-do-caps-promovem-noite-alegre-com-teatro-no-cantinho-do-sao-francisco\/\"]}]},{\"@type\":\"ImageObject\",\"inLanguage\":\"pt-BR\",\"@id\":\"https:\/\/ubanews.com\/site\/2018\/08\/01\/alunos-do-caps-promovem-noite-alegre-com-teatro-no-cantinho-do-sao-francisco\/#primaryimage\",\"url\":\"https:\/\/ubanews.com\/site\/wp-content\/uploads\/2018\/08\/DSC_2858-copiar.jpg\",\"contentUrl\":\"https:\/\/ubanews.com\/site\/wp-content\/uploads\/2018\/08\/DSC_2858-copiar.jpg\",\"width\":800,\"height\":389},{\"@type\":\"BreadcrumbList\",\"@id\":\"https:\/\/ubanews.com\/site\/2018\/08\/01\/alunos-do-caps-promovem-noite-alegre-com-teatro-no-cantinho-do-sao-francisco\/#breadcrumb\",\"itemListElement\":[{\"@type\":\"ListItem\",\"position\":1,\"name\":\"Home\",\"item\":\"https:\/\/ubanews.com\/site\/\"},{\"@type\":\"ListItem\",\"position\":2,\"name\":\"Alunos do Caps promovem noite alegre com teatro no Cantinho do S\u00e3o Francisco\"}]},{\"@type\":\"WebSite\",\"@id\":\"https:\/\/ubanews.com\/site\/#website\",\"url\":\"https:\/\/ubanews.com\/site\/\",\"name\":\"Ub\u00e1 News\",\"description\":\"\",\"publisher\":{\"@id\":\"https:\/\/ubanews.com\/site\/#organization\"},\"potentialAction\":[{\"@type\":\"SearchAction\",\"target\":{\"@type\":\"EntryPoint\",\"urlTemplate\":\"https:\/\/ubanews.com\/site\/?s={search_term_string}\"},\"query-input\":{\"@type\":\"PropertyValueSpecification\",\"valueRequired\":true,\"valueName\":\"search_term_string\"}}],\"inLanguage\":\"pt-BR\"},{\"@type\":\"Organization\",\"@id\":\"https:\/\/ubanews.com\/site\/#organization\",\"name\":\"Ub\u00e1 News\",\"url\":\"https:\/\/ubanews.com\/site\/\",\"logo\":{\"@type\":\"ImageObject\",\"inLanguage\":\"pt-BR\",\"@id\":\"https:\/\/ubanews.com\/site\/#\/schema\/logo\/image\/\",\"url\":\"https:\/\/ubanews.com\/site\/wp-content\/uploads\/2018\/01\/logoubanews.png\",\"contentUrl\":\"https:\/\/ubanews.com\/site\/wp-content\/uploads\/2018\/01\/logoubanews.png\",\"width\":261,\"height\":99,\"caption\":\"Ub\u00e1 News\"},\"image\":{\"@id\":\"https:\/\/ubanews.com\/site\/#\/schema\/logo\/image\/\"},\"sameAs\":[\"https:\/\/www.facebook.com\/Ub\u00e1News-Carlos-Roberto-Sodr\u00e9-418778301977370\"]},{\"@type\":\"Person\",\"@id\":\"https:\/\/ubanews.com\/site\/#\/schema\/person\/d90c9e47252fbb63dcc969fe4c8b9d10\",\"name\":\"Sodr\u00e9\",\"image\":{\"@type\":\"ImageObject\",\"inLanguage\":\"pt-BR\",\"@id\":\"https:\/\/secure.gravatar.com\/avatar\/5ba2793f0590b9dbfad3fdec4ee714485b3eef211c9b32ee53d414060454a56c?s=96&d=mm&r=g\",\"url\":\"https:\/\/secure.gravatar.com\/avatar\/5ba2793f0590b9dbfad3fdec4ee714485b3eef211c9b32ee53d414060454a56c?s=96&d=mm&r=g\",\"contentUrl\":\"https:\/\/secure.gravatar.com\/avatar\/5ba2793f0590b9dbfad3fdec4ee714485b3eef211c9b32ee53d414060454a56c?s=96&d=mm&r=g\",\"caption\":\"Sodr\u00e9\"},\"sameAs\":[\"https:\/\/www.facebook.com\/carosroberto.sodre.5\/\"],\"url\":\"https:\/\/ubanews.com\/site\/author\/felipe\/\"}]}<\/script>\n<!-- \/ Yoast SEO plugin. -->","yoast_head_json":{"title":"Alunos do Caps promovem noite alegre com teatro no Cantinho do S\u00e3o Francisco - Ub\u00e1 News","robots":{"index":"index","follow":"follow","max-snippet":"max-snippet:-1","max-image-preview":"max-image-preview:large","max-video-preview":"max-video-preview:-1"},"canonical":"https:\/\/ubanews.com\/site\/2018\/08\/01\/alunos-do-caps-promovem-noite-alegre-com-teatro-no-cantinho-do-sao-francisco\/","og_locale":"pt_BR","og_type":"article","og_title":"Alunos do Caps promovem noite alegre com teatro no Cantinho do S\u00e3o Francisco - Ub\u00e1 News","og_description":"O Cantinho do S\u00e3o Francisco recebeu na noite de ter\u00e7a-feira","og_url":"https:\/\/ubanews.com\/site\/2018\/08\/01\/alunos-do-caps-promovem-noite-alegre-com-teatro-no-cantinho-do-sao-francisco\/","og_site_name":"Ub\u00e1 News","article_publisher":"https:\/\/www.facebook.com\/Ub%c3%a1News-Carlos-Roberto-Sodr%c3%a9-418778301977370","article_author":"https:\/\/www.facebook.com\/carosroberto.sodre.5\/","article_published_time":"2018-08-01T19:34:20+00:00","article_modified_time":"2018-08-09T12:00:54+00:00","og_image":[{"width":800,"height":389,"url":"https:\/\/ubanews.com\/site\/wp-content\/uploads\/2018\/08\/DSC_2858-copiar.jpg","type":"image\/jpeg"}],"author":"Sodr\u00e9","twitter_card":"summary_large_image","twitter_misc":{"Escrito por":"Sodr\u00e9","Est. tempo de leitura":"4 minutos"},"schema":{"@context":"https:\/\/schema.org","@graph":[{"@type":"Article","@id":"https:\/\/ubanews.com\/site\/2018\/08\/01\/alunos-do-caps-promovem-noite-alegre-com-teatro-no-cantinho-do-sao-francisco\/#article","isPartOf":{"@id":"https:\/\/ubanews.com\/site\/2018\/08\/01\/alunos-do-caps-promovem-noite-alegre-com-teatro-no-cantinho-do-sao-francisco\/"},"author":{"name":"Sodr\u00e9","@id":"https:\/\/ubanews.com\/site\/#\/schema\/person\/d90c9e47252fbb63dcc969fe4c8b9d10"},"headline":"Alunos do Caps promovem noite alegre com teatro no Cantinho do S\u00e3o Francisco","datePublished":"2018-08-01T19:34:20+00:00","dateModified":"2018-08-09T12:00:54+00:00","mainEntityOfPage":{"@id":"https:\/\/ubanews.com\/site\/2018\/08\/01\/alunos-do-caps-promovem-noite-alegre-com-teatro-no-cantinho-do-sao-francisco\/"},"wordCount":819,"commentCount":0,"publisher":{"@id":"https:\/\/ubanews.com\/site\/#organization"},"image":{"@id":"https:\/\/ubanews.com\/site\/2018\/08\/01\/alunos-do-caps-promovem-noite-alegre-com-teatro-no-cantinho-do-sao-francisco\/#primaryimage"},"thumbnailUrl":"https:\/\/ubanews.com\/site\/wp-content\/uploads\/2018\/08\/DSC_2858-copiar.jpg","articleSection":["Geral"],"inLanguage":"pt-BR","potentialAction":[{"@type":"CommentAction","name":"Comment","target":["https:\/\/ubanews.com\/site\/2018\/08\/01\/alunos-do-caps-promovem-noite-alegre-com-teatro-no-cantinho-do-sao-francisco\/#respond"]}]},{"@type":"WebPage","@id":"https:\/\/ubanews.com\/site\/2018\/08\/01\/alunos-do-caps-promovem-noite-alegre-com-teatro-no-cantinho-do-sao-francisco\/","url":"https:\/\/ubanews.com\/site\/2018\/08\/01\/alunos-do-caps-promovem-noite-alegre-com-teatro-no-cantinho-do-sao-francisco\/","name":"Alunos do Caps promovem noite alegre com teatro no Cantinho do S\u00e3o Francisco - Ub\u00e1 News","isPartOf":{"@id":"https:\/\/ubanews.com\/site\/#website"},"primaryImageOfPage":{"@id":"https:\/\/ubanews.com\/site\/2018\/08\/01\/alunos-do-caps-promovem-noite-alegre-com-teatro-no-cantinho-do-sao-francisco\/#primaryimage"},"image":{"@id":"https:\/\/ubanews.com\/site\/2018\/08\/01\/alunos-do-caps-promovem-noite-alegre-com-teatro-no-cantinho-do-sao-francisco\/#primaryimage"},"thumbnailUrl":"https:\/\/ubanews.com\/site\/wp-content\/uploads\/2018\/08\/DSC_2858-copiar.jpg","datePublished":"2018-08-01T19:34:20+00:00","dateModified":"2018-08-09T12:00:54+00:00","breadcrumb":{"@id":"https:\/\/ubanews.com\/site\/2018\/08\/01\/alunos-do-caps-promovem-noite-alegre-com-teatro-no-cantinho-do-sao-francisco\/#breadcrumb"},"inLanguage":"pt-BR","potentialAction":[{"@type":"ReadAction","target":["https:\/\/ubanews.com\/site\/2018\/08\/01\/alunos-do-caps-promovem-noite-alegre-com-teatro-no-cantinho-do-sao-francisco\/"]}]},{"@type":"ImageObject","inLanguage":"pt-BR","@id":"https:\/\/ubanews.com\/site\/2018\/08\/01\/alunos-do-caps-promovem-noite-alegre-com-teatro-no-cantinho-do-sao-francisco\/#primaryimage","url":"https:\/\/ubanews.com\/site\/wp-content\/uploads\/2018\/08\/DSC_2858-copiar.jpg","contentUrl":"https:\/\/ubanews.com\/site\/wp-content\/uploads\/2018\/08\/DSC_2858-copiar.jpg","width":800,"height":389},{"@type":"BreadcrumbList","@id":"https:\/\/ubanews.com\/site\/2018\/08\/01\/alunos-do-caps-promovem-noite-alegre-com-teatro-no-cantinho-do-sao-francisco\/#breadcrumb","itemListElement":[{"@type":"ListItem","position":1,"name":"Home","item":"https:\/\/ubanews.com\/site\/"},{"@type":"ListItem","position":2,"name":"Alunos do Caps promovem noite alegre com teatro no Cantinho do S\u00e3o Francisco"}]},{"@type":"WebSite","@id":"https:\/\/ubanews.com\/site\/#website","url":"https:\/\/ubanews.com\/site\/","name":"Ub\u00e1 News","description":"","publisher":{"@id":"https:\/\/ubanews.com\/site\/#organization"},"potentialAction":[{"@type":"SearchAction","target":{"@type":"EntryPoint","urlTemplate":"https:\/\/ubanews.com\/site\/?s={search_term_string}"},"query-input":{"@type":"PropertyValueSpecification","valueRequired":true,"valueName":"search_term_string"}}],"inLanguage":"pt-BR"},{"@type":"Organization","@id":"https:\/\/ubanews.com\/site\/#organization","name":"Ub\u00e1 News","url":"https:\/\/ubanews.com\/site\/","logo":{"@type":"ImageObject","inLanguage":"pt-BR","@id":"https:\/\/ubanews.com\/site\/#\/schema\/logo\/image\/","url":"https:\/\/ubanews.com\/site\/wp-content\/uploads\/2018\/01\/logoubanews.png","contentUrl":"https:\/\/ubanews.com\/site\/wp-content\/uploads\/2018\/01\/logoubanews.png","width":261,"height":99,"caption":"Ub\u00e1 News"},"image":{"@id":"https:\/\/ubanews.com\/site\/#\/schema\/logo\/image\/"},"sameAs":["https:\/\/www.facebook.com\/Ub\u00e1News-Carlos-Roberto-Sodr\u00e9-418778301977370"]},{"@type":"Person","@id":"https:\/\/ubanews.com\/site\/#\/schema\/person\/d90c9e47252fbb63dcc969fe4c8b9d10","name":"Sodr\u00e9","image":{"@type":"ImageObject","inLanguage":"pt-BR","@id":"https:\/\/secure.gravatar.com\/avatar\/5ba2793f0590b9dbfad3fdec4ee714485b3eef211c9b32ee53d414060454a56c?s=96&d=mm&r=g","url":"https:\/\/secure.gravatar.com\/avatar\/5ba2793f0590b9dbfad3fdec4ee714485b3eef211c9b32ee53d414060454a56c?s=96&d=mm&r=g","contentUrl":"https:\/\/secure.gravatar.com\/avatar\/5ba2793f0590b9dbfad3fdec4ee714485b3eef211c9b32ee53d414060454a56c?s=96&d=mm&r=g","caption":"Sodr\u00e9"},"sameAs":["https:\/\/www.facebook.com\/carosroberto.sodre.5\/"],"url":"https:\/\/ubanews.com\/site\/author\/felipe\/"}]}},"_links":{"self":[{"href":"https:\/\/ubanews.com\/site\/wp-json\/wp\/v2\/posts\/6084","targetHints":{"allow":["GET"]}}],"collection":[{"href":"https:\/\/ubanews.com\/site\/wp-json\/wp\/v2\/posts"}],"about":[{"href":"https:\/\/ubanews.com\/site\/wp-json\/wp\/v2\/types\/post"}],"author":[{"embeddable":true,"href":"https:\/\/ubanews.com\/site\/wp-json\/wp\/v2\/users\/2"}],"replies":[{"embeddable":true,"href":"https:\/\/ubanews.com\/site\/wp-json\/wp\/v2\/comments?post=6084"}],"version-history":[{"count":0,"href":"https:\/\/ubanews.com\/site\/wp-json\/wp\/v2\/posts\/6084\/revisions"}],"wp:featuredmedia":[{"embeddable":true,"href":"https:\/\/ubanews.com\/site\/wp-json\/wp\/v2\/media\/6094"}],"wp:attachment":[{"href":"https:\/\/ubanews.com\/site\/wp-json\/wp\/v2\/media?parent=6084"}],"wp:term":[{"taxonomy":"category","embeddable":true,"href":"https:\/\/ubanews.com\/site\/wp-json\/wp\/v2\/categories?post=6084"},{"taxonomy":"post_tag","embeddable":true,"href":"https:\/\/ubanews.com\/site\/wp-json\/wp\/v2\/tags?post=6084"}],"curies":[{"name":"wp","href":"https:\/\/api.w.org\/{rel}","templated":true}]}}