{"id":6061,"date":"2018-08-01T14:52:38","date_gmt":"2018-08-01T17:52:38","guid":{"rendered":"http:\/\/ubanews.com\/site\/?p=6061"},"modified":"2018-08-09T09:00:48","modified_gmt":"2018-08-09T12:00:48","slug":"inspirada-na-missionaria-camila-barros-mulher-cria-grupo-ecumenico-orando-por-uba","status":"publish","type":"post","link":"https:\/\/ubanews.com\/site\/2018\/08\/01\/inspirada-na-missionaria-camila-barros-mulher-cria-grupo-ecumenico-orando-por-uba\/","title":{"rendered":"Inspirada na mission\u00e1ria Camila Barros mulher cria grupo ecum\u00eanico \u201cOrando por Ub\u00e1&#8221;"},"content":{"rendered":"<p><a href=\"https:\/\/ubanews.com\/site\/wp-content\/uploads\/2018\/07\/003-1.jpeg\"><img decoding=\"async\" class=\"alignnone size-full wp-image-6077 lazyload\" data-src=\"https:\/\/ubanews.com\/site\/wp-content\/uploads\/2018\/07\/003-1.jpeg\" alt=\"\" width=\"720\" height=\"432\" data-srcset=\"https:\/\/ubanews.com\/site\/wp-content\/uploads\/2018\/07\/003-1.jpeg 720w, https:\/\/ubanews.com\/site\/wp-content\/uploads\/2018\/07\/003-1-300x180.jpeg 300w\" data-sizes=\"(max-width: 720px) 100vw, 720px\" src=\"data:image\/svg+xml;base64,PHN2ZyB3aWR0aD0iMSIgaGVpZ2h0PSIxIiB4bWxucz0iaHR0cDovL3d3dy53My5vcmcvMjAwMC9zdmciPjwvc3ZnPg==\" style=\"--smush-placeholder-width: 720px; --smush-placeholder-aspect-ratio: 720\/432;\" \/><\/a> &nbsp;<a href=\"https:\/\/ubanews.com\/site\/wp-content\/uploads\/2018\/07\/001-2.jpeg\"><img decoding=\"async\" class=\"alignnone size-full wp-image-6079 lazyload\" data-src=\"https:\/\/ubanews.com\/site\/wp-content\/uploads\/2018\/07\/001-2.jpeg\" alt=\"\" width=\"720\" height=\"405\" data-srcset=\"https:\/\/ubanews.com\/site\/wp-content\/uploads\/2018\/07\/001-2.jpeg 720w, https:\/\/ubanews.com\/site\/wp-content\/uploads\/2018\/07\/001-2-300x169.jpeg 300w\" data-sizes=\"(max-width: 720px) 100vw, 720px\" src=\"data:image\/svg+xml;base64,PHN2ZyB3aWR0aD0iMSIgaGVpZ2h0PSIxIiB4bWxucz0iaHR0cDovL3d3dy53My5vcmcvMjAwMC9zdmciPjwvc3ZnPg==\" style=\"--smush-placeholder-width: 720px; --smush-placeholder-aspect-ratio: 720\/405;\" \/><\/a> <a href=\"https:\/\/ubanews.com\/site\/wp-content\/uploads\/2018\/07\/002-2.jpeg\"><img decoding=\"async\" class=\"alignnone size-full wp-image-6080 lazyload\" data-src=\"https:\/\/ubanews.com\/site\/wp-content\/uploads\/2018\/07\/002-2.jpeg\" alt=\"\" width=\"720\" height=\"539\" data-srcset=\"https:\/\/ubanews.com\/site\/wp-content\/uploads\/2018\/07\/002-2.jpeg 720w, https:\/\/ubanews.com\/site\/wp-content\/uploads\/2018\/07\/002-2-300x225.jpeg 300w\" data-sizes=\"(max-width: 720px) 100vw, 720px\" src=\"data:image\/svg+xml;base64,PHN2ZyB3aWR0aD0iMSIgaGVpZ2h0PSIxIiB4bWxucz0iaHR0cDovL3d3dy53My5vcmcvMjAwMC9zdmciPjwvc3ZnPg==\" style=\"--smush-placeholder-width: 720px; --smush-placeholder-aspect-ratio: 720\/539;\" \/><\/a><a href=\"https:\/\/ubanews.com\/site\/wp-content\/uploads\/2018\/07\/005-1.jpeg\"><img decoding=\"async\" class=\"alignnone size-full wp-image-6078 lazyload\" data-src=\"https:\/\/ubanews.com\/site\/wp-content\/uploads\/2018\/07\/005-1.jpeg\" alt=\"\" width=\"600\" height=\"600\" data-srcset=\"https:\/\/ubanews.com\/site\/wp-content\/uploads\/2018\/07\/005-1.jpeg 600w, https:\/\/ubanews.com\/site\/wp-content\/uploads\/2018\/07\/005-1-150x150.jpeg 150w, https:\/\/ubanews.com\/site\/wp-content\/uploads\/2018\/07\/005-1-300x300.jpeg 300w\" data-sizes=\"(max-width: 600px) 100vw, 600px\" src=\"data:image\/svg+xml;base64,PHN2ZyB3aWR0aD0iMSIgaGVpZ2h0PSIxIiB4bWxucz0iaHR0cDovL3d3dy53My5vcmcvMjAwMC9zdmciPjwvc3ZnPg==\" style=\"--smush-placeholder-width: 600px; --smush-placeholder-aspect-ratio: 600\/600;\" \/><\/a><\/p>\n<p>H\u00e1 dois anos existe na cidade um movimento ecum\u00eanico denominado \u201cOrando Por Ub\u00e1\u201d. Por iniciativa de Fabiana \u00c2ngelo (Igreja Minist\u00e9rio Vida) e a participa\u00e7\u00e3o da Mission\u00e1ria Roseli (Igreja Vida no Altar) elas resolveram que no anivers\u00e1rio da cidade de Ub\u00e1 iriam formar um grupo com o objetivo de orar pela cidade, pela regi\u00e3o, por Minas, pelo Brasil e Pelo mundo.<\/p>\n<p>Fabiana nos contou que foi atrav\u00e9s de uma mensagem no Youtube que ela assistiu, onde a mission\u00e1ria Camila Barros se apresentando no Congresso \u201cMulheres Avivadas\u201d, em Bras\u00edlia. A partir da\u00ed, tomou a iniciativa de sair da zona de conforto de sua casa, convidando, inicialmente uma amiga, a Roseli, e posteriormente vieram as demais. Todo \u00faltimo s\u00e1bado do m\u00eas, \u00e0s 19h e 30min at\u00e9 \u00e0s 21h acontece uma reuni\u00e3o, Orando Por Ub\u00e1.&nbsp;<\/p>\n<div style=\"position: relative; height: 0; padding-bottom: 56.25%;\"><iframe style=\"position: absolute; width: 100%; height: 100%; left: 0;\" data-src=\"https:\/\/www.youtube.com\/embed\/oH6xgVvsTkw?ecver=2\" width=\"640\" height=\"360\" frameborder=\"0\" allowfullscreen=\"allowfullscreen\" src=\"data:image\/svg+xml;base64,PHN2ZyB3aWR0aD0iMSIgaGVpZ2h0PSIxIiB4bWxucz0iaHR0cDovL3d3dy53My5vcmcvMjAwMC9zdmciPjwvc3ZnPg==\" class=\"lazyload\" data-load-mode=\"1\"><\/iframe><\/div>\n","protected":false},"excerpt":{"rendered":"<p>&nbsp; H\u00e1 dois anos existe na cidade um movimento ecum\u00eanico<\/p>\n","protected":false},"author":2,"featured_media":6081,"comment_status":"open","ping_status":"open","sticky":false,"template":"","format":"standard","meta":{"footnotes":""},"categories":[1],"tags":[],"class_list":["post-6061","post","type-post","status-publish","format-standard","has-post-thumbnail","hentry","category-sem-categoria"],"yoast_head":"<!-- This site is optimized with the Yoast SEO plugin v27.2 - https:\/\/yoast.com\/product\/yoast-seo-wordpress\/ -->\n<title>Inspirada na mission\u00e1ria Camila Barros mulher cria grupo ecum\u00eanico \u201cOrando por Ub\u00e1&quot; - Ub\u00e1 News<\/title>\n<meta name=\"robots\" content=\"index, follow, max-snippet:-1, max-image-preview:large, max-video-preview:-1\" \/>\n<link rel=\"canonical\" href=\"https:\/\/ubanews.com\/site\/2018\/08\/01\/inspirada-na-missionaria-camila-barros-mulher-cria-grupo-ecumenico-orando-por-uba\/\" \/>\n<meta property=\"og:locale\" content=\"pt_BR\" \/>\n<meta property=\"og:type\" content=\"article\" \/>\n<meta property=\"og:title\" content=\"Inspirada na mission\u00e1ria Camila Barros mulher cria grupo ecum\u00eanico \u201cOrando por Ub\u00e1&quot; - Ub\u00e1 News\" \/>\n<meta property=\"og:description\" content=\"&nbsp; H\u00e1 dois anos existe na cidade um movimento ecum\u00eanico\" \/>\n<meta property=\"og:url\" content=\"https:\/\/ubanews.com\/site\/2018\/08\/01\/inspirada-na-missionaria-camila-barros-mulher-cria-grupo-ecumenico-orando-por-uba\/\" \/>\n<meta property=\"og:site_name\" content=\"Ub\u00e1 News\" \/>\n<meta property=\"article:publisher\" content=\"https:\/\/www.facebook.com\/Ub%c3%a1News-Carlos-Roberto-Sodr%c3%a9-418778301977370\" \/>\n<meta property=\"article:author\" content=\"https:\/\/www.facebook.com\/carosroberto.sodre.5\/\" \/>\n<meta property=\"article:published_time\" content=\"2018-08-01T17:52:38+00:00\" \/>\n<meta property=\"article:modified_time\" content=\"2018-08-09T12:00:48+00:00\" \/>\n<meta property=\"og:image\" content=\"https:\/\/ubanews.com\/site\/wp-content\/uploads\/2018\/08\/orando-por-ub\u00e1.jpg\" \/>\n\t<meta property=\"og:image:width\" content=\"800\" \/>\n\t<meta property=\"og:image:height\" content=\"389\" \/>\n\t<meta property=\"og:image:type\" content=\"image\/jpeg\" \/>\n<meta name=\"author\" content=\"Sodr\u00e9\" \/>\n<meta name=\"twitter:card\" content=\"summary_large_image\" \/>\n<meta name=\"twitter:label1\" content=\"Escrito por\" \/>\n\t<meta name=\"twitter:data1\" content=\"Sodr\u00e9\" \/>\n\t<meta name=\"twitter:label2\" content=\"Est. tempo de leitura\" \/>\n\t<meta name=\"twitter:data2\" content=\"1 minuto\" \/>\n<script type=\"application\/ld+json\" class=\"yoast-schema-graph\">{\"@context\":\"https:\/\/schema.org\",\"@graph\":[{\"@type\":\"Article\",\"@id\":\"https:\/\/ubanews.com\/site\/2018\/08\/01\/inspirada-na-missionaria-camila-barros-mulher-cria-grupo-ecumenico-orando-por-uba\/#article\",\"isPartOf\":{\"@id\":\"https:\/\/ubanews.com\/site\/2018\/08\/01\/inspirada-na-missionaria-camila-barros-mulher-cria-grupo-ecumenico-orando-por-uba\/\"},\"author\":{\"name\":\"Sodr\u00e9\",\"@id\":\"https:\/\/ubanews.com\/site\/#\/schema\/person\/d90c9e47252fbb63dcc969fe4c8b9d10\"},\"headline\":\"Inspirada na mission\u00e1ria Camila Barros mulher cria grupo ecum\u00eanico \u201cOrando por Ub\u00e1&#8221;\",\"datePublished\":\"2018-08-01T17:52:38+00:00\",\"dateModified\":\"2018-08-09T12:00:48+00:00\",\"mainEntityOfPage\":{\"@id\":\"https:\/\/ubanews.com\/site\/2018\/08\/01\/inspirada-na-missionaria-camila-barros-mulher-cria-grupo-ecumenico-orando-por-uba\/\"},\"wordCount\":159,\"commentCount\":1,\"publisher\":{\"@id\":\"https:\/\/ubanews.com\/site\/#organization\"},\"image\":{\"@id\":\"https:\/\/ubanews.com\/site\/2018\/08\/01\/inspirada-na-missionaria-camila-barros-mulher-cria-grupo-ecumenico-orando-por-uba\/#primaryimage\"},\"thumbnailUrl\":\"https:\/\/ubanews.com\/site\/wp-content\/uploads\/2018\/08\/orando-por-ub\u00e1.jpg\",\"articleSection\":[\"Geral\"],\"inLanguage\":\"pt-BR\",\"potentialAction\":[{\"@type\":\"CommentAction\",\"name\":\"Comment\",\"target\":[\"https:\/\/ubanews.com\/site\/2018\/08\/01\/inspirada-na-missionaria-camila-barros-mulher-cria-grupo-ecumenico-orando-por-uba\/#respond\"]}]},{\"@type\":\"WebPage\",\"@id\":\"https:\/\/ubanews.com\/site\/2018\/08\/01\/inspirada-na-missionaria-camila-barros-mulher-cria-grupo-ecumenico-orando-por-uba\/\",\"url\":\"https:\/\/ubanews.com\/site\/2018\/08\/01\/inspirada-na-missionaria-camila-barros-mulher-cria-grupo-ecumenico-orando-por-uba\/\",\"name\":\"Inspirada na mission\u00e1ria Camila Barros mulher cria grupo ecum\u00eanico \u201cOrando por Ub\u00e1\\\" - Ub\u00e1 News\",\"isPartOf\":{\"@id\":\"https:\/\/ubanews.com\/site\/#website\"},\"primaryImageOfPage\":{\"@id\":\"https:\/\/ubanews.com\/site\/2018\/08\/01\/inspirada-na-missionaria-camila-barros-mulher-cria-grupo-ecumenico-orando-por-uba\/#primaryimage\"},\"image\":{\"@id\":\"https:\/\/ubanews.com\/site\/2018\/08\/01\/inspirada-na-missionaria-camila-barros-mulher-cria-grupo-ecumenico-orando-por-uba\/#primaryimage\"},\"thumbnailUrl\":\"https:\/\/ubanews.com\/site\/wp-content\/uploads\/2018\/08\/orando-por-ub\u00e1.jpg\",\"datePublished\":\"2018-08-01T17:52:38+00:00\",\"dateModified\":\"2018-08-09T12:00:48+00:00\",\"breadcrumb\":{\"@id\":\"https:\/\/ubanews.com\/site\/2018\/08\/01\/inspirada-na-missionaria-camila-barros-mulher-cria-grupo-ecumenico-orando-por-uba\/#breadcrumb\"},\"inLanguage\":\"pt-BR\",\"potentialAction\":[{\"@type\":\"ReadAction\",\"target\":[\"https:\/\/ubanews.com\/site\/2018\/08\/01\/inspirada-na-missionaria-camila-barros-mulher-cria-grupo-ecumenico-orando-por-uba\/\"]}]},{\"@type\":\"ImageObject\",\"inLanguage\":\"pt-BR\",\"@id\":\"https:\/\/ubanews.com\/site\/2018\/08\/01\/inspirada-na-missionaria-camila-barros-mulher-cria-grupo-ecumenico-orando-por-uba\/#primaryimage\",\"url\":\"https:\/\/ubanews.com\/site\/wp-content\/uploads\/2018\/08\/orando-por-ub\u00e1.jpg\",\"contentUrl\":\"https:\/\/ubanews.com\/site\/wp-content\/uploads\/2018\/08\/orando-por-ub\u00e1.jpg\",\"width\":800,\"height\":389},{\"@type\":\"BreadcrumbList\",\"@id\":\"https:\/\/ubanews.com\/site\/2018\/08\/01\/inspirada-na-missionaria-camila-barros-mulher-cria-grupo-ecumenico-orando-por-uba\/#breadcrumb\",\"itemListElement\":[{\"@type\":\"ListItem\",\"position\":1,\"name\":\"Home\",\"item\":\"https:\/\/ubanews.com\/site\/\"},{\"@type\":\"ListItem\",\"position\":2,\"name\":\"Inspirada na mission\u00e1ria Camila Barros mulher cria grupo ecum\u00eanico \u201cOrando por Ub\u00e1&#8221;\"}]},{\"@type\":\"WebSite\",\"@id\":\"https:\/\/ubanews.com\/site\/#website\",\"url\":\"https:\/\/ubanews.com\/site\/\",\"name\":\"Ub\u00e1 News\",\"description\":\"\",\"publisher\":{\"@id\":\"https:\/\/ubanews.com\/site\/#organization\"},\"potentialAction\":[{\"@type\":\"SearchAction\",\"target\":{\"@type\":\"EntryPoint\",\"urlTemplate\":\"https:\/\/ubanews.com\/site\/?s={search_term_string}\"},\"query-input\":{\"@type\":\"PropertyValueSpecification\",\"valueRequired\":true,\"valueName\":\"search_term_string\"}}],\"inLanguage\":\"pt-BR\"},{\"@type\":\"Organization\",\"@id\":\"https:\/\/ubanews.com\/site\/#organization\",\"name\":\"Ub\u00e1 News\",\"url\":\"https:\/\/ubanews.com\/site\/\",\"logo\":{\"@type\":\"ImageObject\",\"inLanguage\":\"pt-BR\",\"@id\":\"https:\/\/ubanews.com\/site\/#\/schema\/logo\/image\/\",\"url\":\"https:\/\/ubanews.com\/site\/wp-content\/uploads\/2018\/01\/logoubanews.png\",\"contentUrl\":\"https:\/\/ubanews.com\/site\/wp-content\/uploads\/2018\/01\/logoubanews.png\",\"width\":261,\"height\":99,\"caption\":\"Ub\u00e1 News\"},\"image\":{\"@id\":\"https:\/\/ubanews.com\/site\/#\/schema\/logo\/image\/\"},\"sameAs\":[\"https:\/\/www.facebook.com\/Ub\u00e1News-Carlos-Roberto-Sodr\u00e9-418778301977370\"]},{\"@type\":\"Person\",\"@id\":\"https:\/\/ubanews.com\/site\/#\/schema\/person\/d90c9e47252fbb63dcc969fe4c8b9d10\",\"name\":\"Sodr\u00e9\",\"image\":{\"@type\":\"ImageObject\",\"inLanguage\":\"pt-BR\",\"@id\":\"https:\/\/secure.gravatar.com\/avatar\/5ba2793f0590b9dbfad3fdec4ee714485b3eef211c9b32ee53d414060454a56c?s=96&d=mm&r=g\",\"url\":\"https:\/\/secure.gravatar.com\/avatar\/5ba2793f0590b9dbfad3fdec4ee714485b3eef211c9b32ee53d414060454a56c?s=96&d=mm&r=g\",\"contentUrl\":\"https:\/\/secure.gravatar.com\/avatar\/5ba2793f0590b9dbfad3fdec4ee714485b3eef211c9b32ee53d414060454a56c?s=96&d=mm&r=g\",\"caption\":\"Sodr\u00e9\"},\"sameAs\":[\"https:\/\/www.facebook.com\/carosroberto.sodre.5\/\"],\"url\":\"https:\/\/ubanews.com\/site\/author\/felipe\/\"}]}<\/script>\n<!-- \/ Yoast SEO plugin. -->","yoast_head_json":{"title":"Inspirada na mission\u00e1ria Camila Barros mulher cria grupo ecum\u00eanico \u201cOrando por Ub\u00e1\" - Ub\u00e1 News","robots":{"index":"index","follow":"follow","max-snippet":"max-snippet:-1","max-image-preview":"max-image-preview:large","max-video-preview":"max-video-preview:-1"},"canonical":"https:\/\/ubanews.com\/site\/2018\/08\/01\/inspirada-na-missionaria-camila-barros-mulher-cria-grupo-ecumenico-orando-por-uba\/","og_locale":"pt_BR","og_type":"article","og_title":"Inspirada na mission\u00e1ria Camila Barros mulher cria grupo ecum\u00eanico \u201cOrando por Ub\u00e1\" - Ub\u00e1 News","og_description":"&nbsp; H\u00e1 dois anos existe na cidade um movimento ecum\u00eanico","og_url":"https:\/\/ubanews.com\/site\/2018\/08\/01\/inspirada-na-missionaria-camila-barros-mulher-cria-grupo-ecumenico-orando-por-uba\/","og_site_name":"Ub\u00e1 News","article_publisher":"https:\/\/www.facebook.com\/Ub%c3%a1News-Carlos-Roberto-Sodr%c3%a9-418778301977370","article_author":"https:\/\/www.facebook.com\/carosroberto.sodre.5\/","article_published_time":"2018-08-01T17:52:38+00:00","article_modified_time":"2018-08-09T12:00:48+00:00","og_image":[{"width":800,"height":389,"url":"https:\/\/ubanews.com\/site\/wp-content\/uploads\/2018\/08\/orando-por-ub\u00e1.jpg","type":"image\/jpeg"}],"author":"Sodr\u00e9","twitter_card":"summary_large_image","twitter_misc":{"Escrito por":"Sodr\u00e9","Est. tempo de leitura":"1 minuto"},"schema":{"@context":"https:\/\/schema.org","@graph":[{"@type":"Article","@id":"https:\/\/ubanews.com\/site\/2018\/08\/01\/inspirada-na-missionaria-camila-barros-mulher-cria-grupo-ecumenico-orando-por-uba\/#article","isPartOf":{"@id":"https:\/\/ubanews.com\/site\/2018\/08\/01\/inspirada-na-missionaria-camila-barros-mulher-cria-grupo-ecumenico-orando-por-uba\/"},"author":{"name":"Sodr\u00e9","@id":"https:\/\/ubanews.com\/site\/#\/schema\/person\/d90c9e47252fbb63dcc969fe4c8b9d10"},"headline":"Inspirada na mission\u00e1ria Camila Barros mulher cria grupo ecum\u00eanico \u201cOrando por Ub\u00e1&#8221;","datePublished":"2018-08-01T17:52:38+00:00","dateModified":"2018-08-09T12:00:48+00:00","mainEntityOfPage":{"@id":"https:\/\/ubanews.com\/site\/2018\/08\/01\/inspirada-na-missionaria-camila-barros-mulher-cria-grupo-ecumenico-orando-por-uba\/"},"wordCount":159,"commentCount":1,"publisher":{"@id":"https:\/\/ubanews.com\/site\/#organization"},"image":{"@id":"https:\/\/ubanews.com\/site\/2018\/08\/01\/inspirada-na-missionaria-camila-barros-mulher-cria-grupo-ecumenico-orando-por-uba\/#primaryimage"},"thumbnailUrl":"https:\/\/ubanews.com\/site\/wp-content\/uploads\/2018\/08\/orando-por-ub\u00e1.jpg","articleSection":["Geral"],"inLanguage":"pt-BR","potentialAction":[{"@type":"CommentAction","name":"Comment","target":["https:\/\/ubanews.com\/site\/2018\/08\/01\/inspirada-na-missionaria-camila-barros-mulher-cria-grupo-ecumenico-orando-por-uba\/#respond"]}]},{"@type":"WebPage","@id":"https:\/\/ubanews.com\/site\/2018\/08\/01\/inspirada-na-missionaria-camila-barros-mulher-cria-grupo-ecumenico-orando-por-uba\/","url":"https:\/\/ubanews.com\/site\/2018\/08\/01\/inspirada-na-missionaria-camila-barros-mulher-cria-grupo-ecumenico-orando-por-uba\/","name":"Inspirada na mission\u00e1ria Camila Barros mulher cria grupo ecum\u00eanico \u201cOrando por Ub\u00e1\" - Ub\u00e1 News","isPartOf":{"@id":"https:\/\/ubanews.com\/site\/#website"},"primaryImageOfPage":{"@id":"https:\/\/ubanews.com\/site\/2018\/08\/01\/inspirada-na-missionaria-camila-barros-mulher-cria-grupo-ecumenico-orando-por-uba\/#primaryimage"},"image":{"@id":"https:\/\/ubanews.com\/site\/2018\/08\/01\/inspirada-na-missionaria-camila-barros-mulher-cria-grupo-ecumenico-orando-por-uba\/#primaryimage"},"thumbnailUrl":"https:\/\/ubanews.com\/site\/wp-content\/uploads\/2018\/08\/orando-por-ub\u00e1.jpg","datePublished":"2018-08-01T17:52:38+00:00","dateModified":"2018-08-09T12:00:48+00:00","breadcrumb":{"@id":"https:\/\/ubanews.com\/site\/2018\/08\/01\/inspirada-na-missionaria-camila-barros-mulher-cria-grupo-ecumenico-orando-por-uba\/#breadcrumb"},"inLanguage":"pt-BR","potentialAction":[{"@type":"ReadAction","target":["https:\/\/ubanews.com\/site\/2018\/08\/01\/inspirada-na-missionaria-camila-barros-mulher-cria-grupo-ecumenico-orando-por-uba\/"]}]},{"@type":"ImageObject","inLanguage":"pt-BR","@id":"https:\/\/ubanews.com\/site\/2018\/08\/01\/inspirada-na-missionaria-camila-barros-mulher-cria-grupo-ecumenico-orando-por-uba\/#primaryimage","url":"https:\/\/ubanews.com\/site\/wp-content\/uploads\/2018\/08\/orando-por-ub\u00e1.jpg","contentUrl":"https:\/\/ubanews.com\/site\/wp-content\/uploads\/2018\/08\/orando-por-ub\u00e1.jpg","width":800,"height":389},{"@type":"BreadcrumbList","@id":"https:\/\/ubanews.com\/site\/2018\/08\/01\/inspirada-na-missionaria-camila-barros-mulher-cria-grupo-ecumenico-orando-por-uba\/#breadcrumb","itemListElement":[{"@type":"ListItem","position":1,"name":"Home","item":"https:\/\/ubanews.com\/site\/"},{"@type":"ListItem","position":2,"name":"Inspirada na mission\u00e1ria Camila Barros mulher cria grupo ecum\u00eanico \u201cOrando por Ub\u00e1&#8221;"}]},{"@type":"WebSite","@id":"https:\/\/ubanews.com\/site\/#website","url":"https:\/\/ubanews.com\/site\/","name":"Ub\u00e1 News","description":"","publisher":{"@id":"https:\/\/ubanews.com\/site\/#organization"},"potentialAction":[{"@type":"SearchAction","target":{"@type":"EntryPoint","urlTemplate":"https:\/\/ubanews.com\/site\/?s={search_term_string}"},"query-input":{"@type":"PropertyValueSpecification","valueRequired":true,"valueName":"search_term_string"}}],"inLanguage":"pt-BR"},{"@type":"Organization","@id":"https:\/\/ubanews.com\/site\/#organization","name":"Ub\u00e1 News","url":"https:\/\/ubanews.com\/site\/","logo":{"@type":"ImageObject","inLanguage":"pt-BR","@id":"https:\/\/ubanews.com\/site\/#\/schema\/logo\/image\/","url":"https:\/\/ubanews.com\/site\/wp-content\/uploads\/2018\/01\/logoubanews.png","contentUrl":"https:\/\/ubanews.com\/site\/wp-content\/uploads\/2018\/01\/logoubanews.png","width":261,"height":99,"caption":"Ub\u00e1 News"},"image":{"@id":"https:\/\/ubanews.com\/site\/#\/schema\/logo\/image\/"},"sameAs":["https:\/\/www.facebook.com\/Ub\u00e1News-Carlos-Roberto-Sodr\u00e9-418778301977370"]},{"@type":"Person","@id":"https:\/\/ubanews.com\/site\/#\/schema\/person\/d90c9e47252fbb63dcc969fe4c8b9d10","name":"Sodr\u00e9","image":{"@type":"ImageObject","inLanguage":"pt-BR","@id":"https:\/\/secure.gravatar.com\/avatar\/5ba2793f0590b9dbfad3fdec4ee714485b3eef211c9b32ee53d414060454a56c?s=96&d=mm&r=g","url":"https:\/\/secure.gravatar.com\/avatar\/5ba2793f0590b9dbfad3fdec4ee714485b3eef211c9b32ee53d414060454a56c?s=96&d=mm&r=g","contentUrl":"https:\/\/secure.gravatar.com\/avatar\/5ba2793f0590b9dbfad3fdec4ee714485b3eef211c9b32ee53d414060454a56c?s=96&d=mm&r=g","caption":"Sodr\u00e9"},"sameAs":["https:\/\/www.facebook.com\/carosroberto.sodre.5\/"],"url":"https:\/\/ubanews.com\/site\/author\/felipe\/"}]}},"_links":{"self":[{"href":"https:\/\/ubanews.com\/site\/wp-json\/wp\/v2\/posts\/6061","targetHints":{"allow":["GET"]}}],"collection":[{"href":"https:\/\/ubanews.com\/site\/wp-json\/wp\/v2\/posts"}],"about":[{"href":"https:\/\/ubanews.com\/site\/wp-json\/wp\/v2\/types\/post"}],"author":[{"embeddable":true,"href":"https:\/\/ubanews.com\/site\/wp-json\/wp\/v2\/users\/2"}],"replies":[{"embeddable":true,"href":"https:\/\/ubanews.com\/site\/wp-json\/wp\/v2\/comments?post=6061"}],"version-history":[{"count":0,"href":"https:\/\/ubanews.com\/site\/wp-json\/wp\/v2\/posts\/6061\/revisions"}],"wp:featuredmedia":[{"embeddable":true,"href":"https:\/\/ubanews.com\/site\/wp-json\/wp\/v2\/media\/6081"}],"wp:attachment":[{"href":"https:\/\/ubanews.com\/site\/wp-json\/wp\/v2\/media?parent=6061"}],"wp:term":[{"taxonomy":"category","embeddable":true,"href":"https:\/\/ubanews.com\/site\/wp-json\/wp\/v2\/categories?post=6061"},{"taxonomy":"post_tag","embeddable":true,"href":"https:\/\/ubanews.com\/site\/wp-json\/wp\/v2\/tags?post=6061"}],"curies":[{"name":"wp","href":"https:\/\/api.w.org\/{rel}","templated":true}]}}