{"id":6058,"date":"2018-07-31T17:14:35","date_gmt":"2018-07-31T20:14:35","guid":{"rendered":"http:\/\/ubanews.com\/site\/?p=6058"},"modified":"2018-08-02T10:16:58","modified_gmt":"2018-08-02T13:16:58","slug":"vereadores-da-melhor-idade-voltam-a-se-reunir-na-cmu","status":"publish","type":"post","link":"https:\/\/ubanews.com\/site\/2018\/07\/31\/vereadores-da-melhor-idade-voltam-a-se-reunir-na-cmu\/","title":{"rendered":"VEREADORES DA MELHOR IDADE VOLTAM A SE REUNIR NA CMU"},"content":{"rendered":"<p>Ap\u00f3s um curto recesso, os integrantes do projeto \u201cC\u00e2mara da Melhor Idade\u201d retomaram suas atividades na sede da C\u00e2mara Municipal de Ub\u00e1 (CMU), na \u00faltima sexta-feira (26). Eles foram recepcionados pelo diretor da Escola do Legislativo (EL) e vice-presidente da CMU, vereador Edeir Pacheco.<br \/>\nOrientados pelo assessor da EL, Luiz Alberto Vargas, os Vereadores da Melhor Idade relacionaram as proposi\u00e7\u00f5es que foram apresentadas \u00e0 prefeitura durante o primeiro semestre, discutiram novas demandas a serem inclu\u00eddas na pauta e planejaram suas pr\u00f3ximas a\u00e7\u00f5es.<br \/>\nPresididos pelo senhor Roberto Garcia, participaram da reuni\u00e3o as senhoras Maria Jos\u00e9 Cardoso C\u00e9sar, Sirene Corr\u00eaa Monteiro de Barros, Jesu\u00edna Alves Torres e Margarida Rita Cruz dos Santos, al\u00e9m do senhor Geraldo Greg\u00f3rio.<\/p>\n<p><strong>Melhor Idade e Inclus\u00e3o Digital<\/strong><\/p>\n<p>Durante este ano, os vereadores da Melhor Idade est\u00e3o realizando a segunda etapa de sua capacita\u00e7\u00e3o no curso de Inclus\u00e3o Digital promovido pela CMU, por meio da Escola do Legislativo, e j\u00e1 retornaram \u00e0s aulas. O foco s\u00e3o as ferramentas digitais de monitoramento e fiscaliza\u00e7\u00e3o do Poder P\u00fablico, como consultas aos Portais da Transpar\u00eancia, \u00e0s legisla\u00e7\u00f5es e aos processos licitat\u00f3rios, al\u00e9m da busca por projetos de interesse coletivo.<\/p>\n<p><strong>C\u00e2mara da Melhor Idade<\/strong><\/p>\n<p>O projeto tem o objetivo de incentivar a participa\u00e7\u00e3o pol\u00edtica e cidad\u00e3 dessa faixa et\u00e1ria da popula\u00e7\u00e3o e, assim, contribuir para promover a intera\u00e7\u00e3o entre a C\u00e2mara Municipal de Ub\u00e1, a sociedade e as institui\u00e7\u00f5es que trabalham com o direito dos idosos. Al\u00e9m disso, busca estimular a forma\u00e7\u00e3o da pol\u00edtica social, econ\u00f4mica, cultural, ambiental em nossa cidade e, especificamente, da pol\u00edtica municipal para a pessoa idosa.<br \/>\nOs membros s\u00e3o indicados por institui\u00e7\u00f5es sociais, culturais, p\u00fablicas e de assist\u00eancia ao idoso do nosso munic\u00edpio. As reuni\u00f5es s\u00e3o quinzenais, geralmente \u00e0s quartas-feiras, no plen\u00e1rio da CMU.<\/p>\n<p><span style=\"color: #ff0000;\"><strong>Por: Gisele Caires \/ Luiz Alberto Vargas<\/strong><\/span><\/p>\n","protected":false},"excerpt":{"rendered":"<p>Ap\u00f3s um curto recesso, os integrantes do projeto \u201cC\u00e2mara da<\/p>\n","protected":false},"author":2,"featured_media":6059,"comment_status":"open","ping_status":"open","sticky":false,"template":"","format":"standard","meta":{"footnotes":""},"categories":[16],"tags":[],"class_list":["post-6058","post","type-post","status-publish","format-standard","has-post-thumbnail","hentry","category-camara-municipal"],"yoast_head":"<!-- This site is optimized with the Yoast SEO plugin v27.2 - https:\/\/yoast.com\/product\/yoast-seo-wordpress\/ -->\n<title>VEREADORES DA MELHOR IDADE VOLTAM A SE REUNIR NA CMU - Ub\u00e1 News<\/title>\n<meta name=\"robots\" content=\"index, follow, max-snippet:-1, max-image-preview:large, max-video-preview:-1\" \/>\n<link rel=\"canonical\" href=\"https:\/\/ubanews.com\/site\/2018\/07\/31\/vereadores-da-melhor-idade-voltam-a-se-reunir-na-cmu\/\" \/>\n<meta property=\"og:locale\" content=\"pt_BR\" \/>\n<meta property=\"og:type\" content=\"article\" \/>\n<meta property=\"og:title\" content=\"VEREADORES DA MELHOR IDADE VOLTAM A SE REUNIR NA CMU - Ub\u00e1 News\" \/>\n<meta property=\"og:description\" content=\"Ap\u00f3s um curto recesso, os integrantes do projeto \u201cC\u00e2mara da\" \/>\n<meta property=\"og:url\" content=\"https:\/\/ubanews.com\/site\/2018\/07\/31\/vereadores-da-melhor-idade-voltam-a-se-reunir-na-cmu\/\" \/>\n<meta property=\"og:site_name\" content=\"Ub\u00e1 News\" \/>\n<meta property=\"article:publisher\" content=\"https:\/\/www.facebook.com\/Ub%c3%a1News-Carlos-Roberto-Sodr%c3%a9-418778301977370\" \/>\n<meta property=\"article:author\" content=\"https:\/\/www.facebook.com\/carosroberto.sodre.5\/\" \/>\n<meta property=\"article:published_time\" content=\"2018-07-31T20:14:35+00:00\" \/>\n<meta property=\"article:modified_time\" content=\"2018-08-02T13:16:58+00:00\" \/>\n<meta property=\"og:image\" content=\"https:\/\/ubanews.com\/site\/wp-content\/uploads\/2018\/07\/001-14.jpg\" \/>\n\t<meta property=\"og:image:width\" content=\"800\" \/>\n\t<meta property=\"og:image:height\" content=\"389\" \/>\n\t<meta property=\"og:image:type\" content=\"image\/jpeg\" \/>\n<meta name=\"author\" content=\"Sodr\u00e9\" \/>\n<meta name=\"twitter:card\" content=\"summary_large_image\" \/>\n<meta name=\"twitter:label1\" content=\"Escrito por\" \/>\n\t<meta name=\"twitter:data1\" content=\"Sodr\u00e9\" \/>\n\t<meta name=\"twitter:label2\" content=\"Est. tempo de leitura\" \/>\n\t<meta name=\"twitter:data2\" content=\"2 minutos\" \/>\n<script type=\"application\/ld+json\" class=\"yoast-schema-graph\">{\"@context\":\"https:\/\/schema.org\",\"@graph\":[{\"@type\":\"Article\",\"@id\":\"https:\/\/ubanews.com\/site\/2018\/07\/31\/vereadores-da-melhor-idade-voltam-a-se-reunir-na-cmu\/#article\",\"isPartOf\":{\"@id\":\"https:\/\/ubanews.com\/site\/2018\/07\/31\/vereadores-da-melhor-idade-voltam-a-se-reunir-na-cmu\/\"},\"author\":{\"name\":\"Sodr\u00e9\",\"@id\":\"https:\/\/ubanews.com\/site\/#\/schema\/person\/d90c9e47252fbb63dcc969fe4c8b9d10\"},\"headline\":\"VEREADORES DA MELHOR IDADE VOLTAM A SE REUNIR NA CMU\",\"datePublished\":\"2018-07-31T20:14:35+00:00\",\"dateModified\":\"2018-08-02T13:16:58+00:00\",\"mainEntityOfPage\":{\"@id\":\"https:\/\/ubanews.com\/site\/2018\/07\/31\/vereadores-da-melhor-idade-voltam-a-se-reunir-na-cmu\/\"},\"wordCount\":345,\"commentCount\":0,\"publisher\":{\"@id\":\"https:\/\/ubanews.com\/site\/#organization\"},\"image\":{\"@id\":\"https:\/\/ubanews.com\/site\/2018\/07\/31\/vereadores-da-melhor-idade-voltam-a-se-reunir-na-cmu\/#primaryimage\"},\"thumbnailUrl\":\"https:\/\/ubanews.com\/site\/wp-content\/uploads\/2018\/07\/001-14.jpg\",\"articleSection\":[\"C\u00e2mara Municipal\"],\"inLanguage\":\"pt-BR\",\"potentialAction\":[{\"@type\":\"CommentAction\",\"name\":\"Comment\",\"target\":[\"https:\/\/ubanews.com\/site\/2018\/07\/31\/vereadores-da-melhor-idade-voltam-a-se-reunir-na-cmu\/#respond\"]}]},{\"@type\":\"WebPage\",\"@id\":\"https:\/\/ubanews.com\/site\/2018\/07\/31\/vereadores-da-melhor-idade-voltam-a-se-reunir-na-cmu\/\",\"url\":\"https:\/\/ubanews.com\/site\/2018\/07\/31\/vereadores-da-melhor-idade-voltam-a-se-reunir-na-cmu\/\",\"name\":\"VEREADORES DA MELHOR IDADE VOLTAM A SE REUNIR NA CMU - Ub\u00e1 News\",\"isPartOf\":{\"@id\":\"https:\/\/ubanews.com\/site\/#website\"},\"primaryImageOfPage\":{\"@id\":\"https:\/\/ubanews.com\/site\/2018\/07\/31\/vereadores-da-melhor-idade-voltam-a-se-reunir-na-cmu\/#primaryimage\"},\"image\":{\"@id\":\"https:\/\/ubanews.com\/site\/2018\/07\/31\/vereadores-da-melhor-idade-voltam-a-se-reunir-na-cmu\/#primaryimage\"},\"thumbnailUrl\":\"https:\/\/ubanews.com\/site\/wp-content\/uploads\/2018\/07\/001-14.jpg\",\"datePublished\":\"2018-07-31T20:14:35+00:00\",\"dateModified\":\"2018-08-02T13:16:58+00:00\",\"breadcrumb\":{\"@id\":\"https:\/\/ubanews.com\/site\/2018\/07\/31\/vereadores-da-melhor-idade-voltam-a-se-reunir-na-cmu\/#breadcrumb\"},\"inLanguage\":\"pt-BR\",\"potentialAction\":[{\"@type\":\"ReadAction\",\"target\":[\"https:\/\/ubanews.com\/site\/2018\/07\/31\/vereadores-da-melhor-idade-voltam-a-se-reunir-na-cmu\/\"]}]},{\"@type\":\"ImageObject\",\"inLanguage\":\"pt-BR\",\"@id\":\"https:\/\/ubanews.com\/site\/2018\/07\/31\/vereadores-da-melhor-idade-voltam-a-se-reunir-na-cmu\/#primaryimage\",\"url\":\"https:\/\/ubanews.com\/site\/wp-content\/uploads\/2018\/07\/001-14.jpg\",\"contentUrl\":\"https:\/\/ubanews.com\/site\/wp-content\/uploads\/2018\/07\/001-14.jpg\",\"width\":800,\"height\":389},{\"@type\":\"BreadcrumbList\",\"@id\":\"https:\/\/ubanews.com\/site\/2018\/07\/31\/vereadores-da-melhor-idade-voltam-a-se-reunir-na-cmu\/#breadcrumb\",\"itemListElement\":[{\"@type\":\"ListItem\",\"position\":1,\"name\":\"Home\",\"item\":\"https:\/\/ubanews.com\/site\/\"},{\"@type\":\"ListItem\",\"position\":2,\"name\":\"VEREADORES DA MELHOR IDADE VOLTAM A SE REUNIR NA CMU\"}]},{\"@type\":\"WebSite\",\"@id\":\"https:\/\/ubanews.com\/site\/#website\",\"url\":\"https:\/\/ubanews.com\/site\/\",\"name\":\"Ub\u00e1 News\",\"description\":\"\",\"publisher\":{\"@id\":\"https:\/\/ubanews.com\/site\/#organization\"},\"potentialAction\":[{\"@type\":\"SearchAction\",\"target\":{\"@type\":\"EntryPoint\",\"urlTemplate\":\"https:\/\/ubanews.com\/site\/?s={search_term_string}\"},\"query-input\":{\"@type\":\"PropertyValueSpecification\",\"valueRequired\":true,\"valueName\":\"search_term_string\"}}],\"inLanguage\":\"pt-BR\"},{\"@type\":\"Organization\",\"@id\":\"https:\/\/ubanews.com\/site\/#organization\",\"name\":\"Ub\u00e1 News\",\"url\":\"https:\/\/ubanews.com\/site\/\",\"logo\":{\"@type\":\"ImageObject\",\"inLanguage\":\"pt-BR\",\"@id\":\"https:\/\/ubanews.com\/site\/#\/schema\/logo\/image\/\",\"url\":\"https:\/\/ubanews.com\/site\/wp-content\/uploads\/2018\/01\/logoubanews.png\",\"contentUrl\":\"https:\/\/ubanews.com\/site\/wp-content\/uploads\/2018\/01\/logoubanews.png\",\"width\":261,\"height\":99,\"caption\":\"Ub\u00e1 News\"},\"image\":{\"@id\":\"https:\/\/ubanews.com\/site\/#\/schema\/logo\/image\/\"},\"sameAs\":[\"https:\/\/www.facebook.com\/Ub\u00e1News-Carlos-Roberto-Sodr\u00e9-418778301977370\"]},{\"@type\":\"Person\",\"@id\":\"https:\/\/ubanews.com\/site\/#\/schema\/person\/d90c9e47252fbb63dcc969fe4c8b9d10\",\"name\":\"Sodr\u00e9\",\"image\":{\"@type\":\"ImageObject\",\"inLanguage\":\"pt-BR\",\"@id\":\"https:\/\/secure.gravatar.com\/avatar\/5ba2793f0590b9dbfad3fdec4ee714485b3eef211c9b32ee53d414060454a56c?s=96&d=mm&r=g\",\"url\":\"https:\/\/secure.gravatar.com\/avatar\/5ba2793f0590b9dbfad3fdec4ee714485b3eef211c9b32ee53d414060454a56c?s=96&d=mm&r=g\",\"contentUrl\":\"https:\/\/secure.gravatar.com\/avatar\/5ba2793f0590b9dbfad3fdec4ee714485b3eef211c9b32ee53d414060454a56c?s=96&d=mm&r=g\",\"caption\":\"Sodr\u00e9\"},\"sameAs\":[\"https:\/\/www.facebook.com\/carosroberto.sodre.5\/\"],\"url\":\"https:\/\/ubanews.com\/site\/author\/felipe\/\"}]}<\/script>\n<!-- \/ Yoast SEO plugin. -->","yoast_head_json":{"title":"VEREADORES DA MELHOR IDADE VOLTAM A SE REUNIR NA CMU - Ub\u00e1 News","robots":{"index":"index","follow":"follow","max-snippet":"max-snippet:-1","max-image-preview":"max-image-preview:large","max-video-preview":"max-video-preview:-1"},"canonical":"https:\/\/ubanews.com\/site\/2018\/07\/31\/vereadores-da-melhor-idade-voltam-a-se-reunir-na-cmu\/","og_locale":"pt_BR","og_type":"article","og_title":"VEREADORES DA MELHOR IDADE VOLTAM A SE REUNIR NA CMU - Ub\u00e1 News","og_description":"Ap\u00f3s um curto recesso, os integrantes do projeto \u201cC\u00e2mara da","og_url":"https:\/\/ubanews.com\/site\/2018\/07\/31\/vereadores-da-melhor-idade-voltam-a-se-reunir-na-cmu\/","og_site_name":"Ub\u00e1 News","article_publisher":"https:\/\/www.facebook.com\/Ub%c3%a1News-Carlos-Roberto-Sodr%c3%a9-418778301977370","article_author":"https:\/\/www.facebook.com\/carosroberto.sodre.5\/","article_published_time":"2018-07-31T20:14:35+00:00","article_modified_time":"2018-08-02T13:16:58+00:00","og_image":[{"width":800,"height":389,"url":"https:\/\/ubanews.com\/site\/wp-content\/uploads\/2018\/07\/001-14.jpg","type":"image\/jpeg"}],"author":"Sodr\u00e9","twitter_card":"summary_large_image","twitter_misc":{"Escrito por":"Sodr\u00e9","Est. tempo de leitura":"2 minutos"},"schema":{"@context":"https:\/\/schema.org","@graph":[{"@type":"Article","@id":"https:\/\/ubanews.com\/site\/2018\/07\/31\/vereadores-da-melhor-idade-voltam-a-se-reunir-na-cmu\/#article","isPartOf":{"@id":"https:\/\/ubanews.com\/site\/2018\/07\/31\/vereadores-da-melhor-idade-voltam-a-se-reunir-na-cmu\/"},"author":{"name":"Sodr\u00e9","@id":"https:\/\/ubanews.com\/site\/#\/schema\/person\/d90c9e47252fbb63dcc969fe4c8b9d10"},"headline":"VEREADORES DA MELHOR IDADE VOLTAM A SE REUNIR NA CMU","datePublished":"2018-07-31T20:14:35+00:00","dateModified":"2018-08-02T13:16:58+00:00","mainEntityOfPage":{"@id":"https:\/\/ubanews.com\/site\/2018\/07\/31\/vereadores-da-melhor-idade-voltam-a-se-reunir-na-cmu\/"},"wordCount":345,"commentCount":0,"publisher":{"@id":"https:\/\/ubanews.com\/site\/#organization"},"image":{"@id":"https:\/\/ubanews.com\/site\/2018\/07\/31\/vereadores-da-melhor-idade-voltam-a-se-reunir-na-cmu\/#primaryimage"},"thumbnailUrl":"https:\/\/ubanews.com\/site\/wp-content\/uploads\/2018\/07\/001-14.jpg","articleSection":["C\u00e2mara Municipal"],"inLanguage":"pt-BR","potentialAction":[{"@type":"CommentAction","name":"Comment","target":["https:\/\/ubanews.com\/site\/2018\/07\/31\/vereadores-da-melhor-idade-voltam-a-se-reunir-na-cmu\/#respond"]}]},{"@type":"WebPage","@id":"https:\/\/ubanews.com\/site\/2018\/07\/31\/vereadores-da-melhor-idade-voltam-a-se-reunir-na-cmu\/","url":"https:\/\/ubanews.com\/site\/2018\/07\/31\/vereadores-da-melhor-idade-voltam-a-se-reunir-na-cmu\/","name":"VEREADORES DA MELHOR IDADE VOLTAM A SE REUNIR NA CMU - Ub\u00e1 News","isPartOf":{"@id":"https:\/\/ubanews.com\/site\/#website"},"primaryImageOfPage":{"@id":"https:\/\/ubanews.com\/site\/2018\/07\/31\/vereadores-da-melhor-idade-voltam-a-se-reunir-na-cmu\/#primaryimage"},"image":{"@id":"https:\/\/ubanews.com\/site\/2018\/07\/31\/vereadores-da-melhor-idade-voltam-a-se-reunir-na-cmu\/#primaryimage"},"thumbnailUrl":"https:\/\/ubanews.com\/site\/wp-content\/uploads\/2018\/07\/001-14.jpg","datePublished":"2018-07-31T20:14:35+00:00","dateModified":"2018-08-02T13:16:58+00:00","breadcrumb":{"@id":"https:\/\/ubanews.com\/site\/2018\/07\/31\/vereadores-da-melhor-idade-voltam-a-se-reunir-na-cmu\/#breadcrumb"},"inLanguage":"pt-BR","potentialAction":[{"@type":"ReadAction","target":["https:\/\/ubanews.com\/site\/2018\/07\/31\/vereadores-da-melhor-idade-voltam-a-se-reunir-na-cmu\/"]}]},{"@type":"ImageObject","inLanguage":"pt-BR","@id":"https:\/\/ubanews.com\/site\/2018\/07\/31\/vereadores-da-melhor-idade-voltam-a-se-reunir-na-cmu\/#primaryimage","url":"https:\/\/ubanews.com\/site\/wp-content\/uploads\/2018\/07\/001-14.jpg","contentUrl":"https:\/\/ubanews.com\/site\/wp-content\/uploads\/2018\/07\/001-14.jpg","width":800,"height":389},{"@type":"BreadcrumbList","@id":"https:\/\/ubanews.com\/site\/2018\/07\/31\/vereadores-da-melhor-idade-voltam-a-se-reunir-na-cmu\/#breadcrumb","itemListElement":[{"@type":"ListItem","position":1,"name":"Home","item":"https:\/\/ubanews.com\/site\/"},{"@type":"ListItem","position":2,"name":"VEREADORES DA MELHOR IDADE VOLTAM A SE REUNIR NA CMU"}]},{"@type":"WebSite","@id":"https:\/\/ubanews.com\/site\/#website","url":"https:\/\/ubanews.com\/site\/","name":"Ub\u00e1 News","description":"","publisher":{"@id":"https:\/\/ubanews.com\/site\/#organization"},"potentialAction":[{"@type":"SearchAction","target":{"@type":"EntryPoint","urlTemplate":"https:\/\/ubanews.com\/site\/?s={search_term_string}"},"query-input":{"@type":"PropertyValueSpecification","valueRequired":true,"valueName":"search_term_string"}}],"inLanguage":"pt-BR"},{"@type":"Organization","@id":"https:\/\/ubanews.com\/site\/#organization","name":"Ub\u00e1 News","url":"https:\/\/ubanews.com\/site\/","logo":{"@type":"ImageObject","inLanguage":"pt-BR","@id":"https:\/\/ubanews.com\/site\/#\/schema\/logo\/image\/","url":"https:\/\/ubanews.com\/site\/wp-content\/uploads\/2018\/01\/logoubanews.png","contentUrl":"https:\/\/ubanews.com\/site\/wp-content\/uploads\/2018\/01\/logoubanews.png","width":261,"height":99,"caption":"Ub\u00e1 News"},"image":{"@id":"https:\/\/ubanews.com\/site\/#\/schema\/logo\/image\/"},"sameAs":["https:\/\/www.facebook.com\/Ub\u00e1News-Carlos-Roberto-Sodr\u00e9-418778301977370"]},{"@type":"Person","@id":"https:\/\/ubanews.com\/site\/#\/schema\/person\/d90c9e47252fbb63dcc969fe4c8b9d10","name":"Sodr\u00e9","image":{"@type":"ImageObject","inLanguage":"pt-BR","@id":"https:\/\/secure.gravatar.com\/avatar\/5ba2793f0590b9dbfad3fdec4ee714485b3eef211c9b32ee53d414060454a56c?s=96&d=mm&r=g","url":"https:\/\/secure.gravatar.com\/avatar\/5ba2793f0590b9dbfad3fdec4ee714485b3eef211c9b32ee53d414060454a56c?s=96&d=mm&r=g","contentUrl":"https:\/\/secure.gravatar.com\/avatar\/5ba2793f0590b9dbfad3fdec4ee714485b3eef211c9b32ee53d414060454a56c?s=96&d=mm&r=g","caption":"Sodr\u00e9"},"sameAs":["https:\/\/www.facebook.com\/carosroberto.sodre.5\/"],"url":"https:\/\/ubanews.com\/site\/author\/felipe\/"}]}},"_links":{"self":[{"href":"https:\/\/ubanews.com\/site\/wp-json\/wp\/v2\/posts\/6058","targetHints":{"allow":["GET"]}}],"collection":[{"href":"https:\/\/ubanews.com\/site\/wp-json\/wp\/v2\/posts"}],"about":[{"href":"https:\/\/ubanews.com\/site\/wp-json\/wp\/v2\/types\/post"}],"author":[{"embeddable":true,"href":"https:\/\/ubanews.com\/site\/wp-json\/wp\/v2\/users\/2"}],"replies":[{"embeddable":true,"href":"https:\/\/ubanews.com\/site\/wp-json\/wp\/v2\/comments?post=6058"}],"version-history":[{"count":0,"href":"https:\/\/ubanews.com\/site\/wp-json\/wp\/v2\/posts\/6058\/revisions"}],"wp:featuredmedia":[{"embeddable":true,"href":"https:\/\/ubanews.com\/site\/wp-json\/wp\/v2\/media\/6059"}],"wp:attachment":[{"href":"https:\/\/ubanews.com\/site\/wp-json\/wp\/v2\/media?parent=6058"}],"wp:term":[{"taxonomy":"category","embeddable":true,"href":"https:\/\/ubanews.com\/site\/wp-json\/wp\/v2\/categories?post=6058"},{"taxonomy":"post_tag","embeddable":true,"href":"https:\/\/ubanews.com\/site\/wp-json\/wp\/v2\/tags?post=6058"}],"curies":[{"name":"wp","href":"https:\/\/api.w.org\/{rel}","templated":true}]}}