{"id":6019,"date":"2018-07-30T18:14:50","date_gmt":"2018-07-30T21:14:50","guid":{"rendered":"http:\/\/ubanews.com\/site\/?p=6019"},"modified":"2018-08-09T09:02:05","modified_gmt":"2018-08-09T12:02:05","slug":"a-aule-comemora-o-seu-jubileu-de-coral-da-posse-aos-novos-membros-e-contempla-agraciados-com-diploma-de-honra-ao-merito","status":"publish","type":"post","link":"https:\/\/ubanews.com\/site\/2018\/07\/30\/a-aule-comemora-o-seu-jubileu-de-coral-da-posse-aos-novos-membros-e-contempla-agraciados-com-diploma-de-honra-ao-merito\/","title":{"rendered":"A AULE COMEMORA O SEU JUBILEU DE CORAL, D\u00c1 POSSE AOS NOVOS MEMBROS E CONTEMPLA AGRACIADOS COM DIPLOMA DE HONRA AO M\u00c9RITO"},"content":{"rendered":"<p><!--more--><a href=\"https:\/\/ubanews.com\/site\/wp-content\/uploads\/2018\/07\/DSC_2484-copiar.jpg\"><img decoding=\"async\" class=\"alignnone size-medium wp-image-6021 lazyload\" data-src=\"https:\/\/ubanews.com\/site\/wp-content\/uploads\/2018\/07\/DSC_2484-copiar-300x171.jpg\" alt=\"\" width=\"300\" height=\"171\" data-srcset=\"https:\/\/ubanews.com\/site\/wp-content\/uploads\/2018\/07\/DSC_2484-copiar-300x171.jpg 300w, https:\/\/ubanews.com\/site\/wp-content\/uploads\/2018\/07\/DSC_2484-copiar-768x439.jpg 768w, https:\/\/ubanews.com\/site\/wp-content\/uploads\/2018\/07\/DSC_2484-copiar.jpg 800w\" data-sizes=\"(max-width: 300px) 100vw, 300px\" src=\"data:image\/svg+xml;base64,PHN2ZyB3aWR0aD0iMSIgaGVpZ2h0PSIxIiB4bWxucz0iaHR0cDovL3d3dy53My5vcmcvMjAwMC9zdmciPjwvc3ZnPg==\" style=\"--smush-placeholder-width: 300px; --smush-placeholder-aspect-ratio: 300\/171;\" \/><\/a> <a href=\"https:\/\/ubanews.com\/site\/wp-content\/uploads\/2018\/07\/DSC_2487-copiar.jpg\"><img decoding=\"async\" class=\"alignnone size-medium wp-image-6022 lazyload\" data-src=\"https:\/\/ubanews.com\/site\/wp-content\/uploads\/2018\/07\/DSC_2487-copiar-300x171.jpg\" alt=\"\" width=\"300\" height=\"171\" data-srcset=\"https:\/\/ubanews.com\/site\/wp-content\/uploads\/2018\/07\/DSC_2487-copiar-300x171.jpg 300w, https:\/\/ubanews.com\/site\/wp-content\/uploads\/2018\/07\/DSC_2487-copiar-768x439.jpg 768w, https:\/\/ubanews.com\/site\/wp-content\/uploads\/2018\/07\/DSC_2487-copiar.jpg 800w\" data-sizes=\"(max-width: 300px) 100vw, 300px\" src=\"data:image\/svg+xml;base64,PHN2ZyB3aWR0aD0iMSIgaGVpZ2h0PSIxIiB4bWxucz0iaHR0cDovL3d3dy53My5vcmcvMjAwMC9zdmciPjwvc3ZnPg==\" style=\"--smush-placeholder-width: 300px; --smush-placeholder-aspect-ratio: 300\/171;\" \/><\/a> <a href=\"https:\/\/ubanews.com\/site\/wp-content\/uploads\/2018\/07\/DSC_2491-copiar.jpg\"><img decoding=\"async\" class=\"alignnone size-medium wp-image-6023 lazyload\" data-src=\"https:\/\/ubanews.com\/site\/wp-content\/uploads\/2018\/07\/DSC_2491-copiar-300x171.jpg\" alt=\"\" width=\"300\" height=\"171\" data-srcset=\"https:\/\/ubanews.com\/site\/wp-content\/uploads\/2018\/07\/DSC_2491-copiar-300x171.jpg 300w, https:\/\/ubanews.com\/site\/wp-content\/uploads\/2018\/07\/DSC_2491-copiar-768x439.jpg 768w, https:\/\/ubanews.com\/site\/wp-content\/uploads\/2018\/07\/DSC_2491-copiar.jpg 800w\" data-sizes=\"(max-width: 300px) 100vw, 300px\" src=\"data:image\/svg+xml;base64,PHN2ZyB3aWR0aD0iMSIgaGVpZ2h0PSIxIiB4bWxucz0iaHR0cDovL3d3dy53My5vcmcvMjAwMC9zdmciPjwvc3ZnPg==\" style=\"--smush-placeholder-width: 300px; --smush-placeholder-aspect-ratio: 300\/171;\" \/><\/a> <a href=\"https:\/\/ubanews.com\/site\/wp-content\/uploads\/2018\/07\/DSC_2495-copiar.jpg\"><img decoding=\"async\" class=\"alignnone size-medium wp-image-6024 lazyload\" data-src=\"https:\/\/ubanews.com\/site\/wp-content\/uploads\/2018\/07\/DSC_2495-copiar-300x171.jpg\" alt=\"\" width=\"300\" height=\"171\" data-srcset=\"https:\/\/ubanews.com\/site\/wp-content\/uploads\/2018\/07\/DSC_2495-copiar-300x171.jpg 300w, https:\/\/ubanews.com\/site\/wp-content\/uploads\/2018\/07\/DSC_2495-copiar-768x439.jpg 768w, https:\/\/ubanews.com\/site\/wp-content\/uploads\/2018\/07\/DSC_2495-copiar.jpg 800w\" data-sizes=\"(max-width: 300px) 100vw, 300px\" src=\"data:image\/svg+xml;base64,PHN2ZyB3aWR0aD0iMSIgaGVpZ2h0PSIxIiB4bWxucz0iaHR0cDovL3d3dy53My5vcmcvMjAwMC9zdmciPjwvc3ZnPg==\" style=\"--smush-placeholder-width: 300px; --smush-placeholder-aspect-ratio: 300\/171;\" \/><\/a> <a href=\"https:\/\/ubanews.com\/site\/wp-content\/uploads\/2018\/07\/DSC_2501-copiar.jpg\"><img decoding=\"async\" class=\"alignnone size-medium wp-image-6025 lazyload\" data-src=\"https:\/\/ubanews.com\/site\/wp-content\/uploads\/2018\/07\/DSC_2501-copiar-300x171.jpg\" alt=\"\" width=\"300\" height=\"171\" data-srcset=\"https:\/\/ubanews.com\/site\/wp-content\/uploads\/2018\/07\/DSC_2501-copiar-300x171.jpg 300w, https:\/\/ubanews.com\/site\/wp-content\/uploads\/2018\/07\/DSC_2501-copiar-768x439.jpg 768w, https:\/\/ubanews.com\/site\/wp-content\/uploads\/2018\/07\/DSC_2501-copiar.jpg 800w\" data-sizes=\"(max-width: 300px) 100vw, 300px\" src=\"data:image\/svg+xml;base64,PHN2ZyB3aWR0aD0iMSIgaGVpZ2h0PSIxIiB4bWxucz0iaHR0cDovL3d3dy53My5vcmcvMjAwMC9zdmciPjwvc3ZnPg==\" style=\"--smush-placeholder-width: 300px; --smush-placeholder-aspect-ratio: 300\/171;\" \/><\/a> <a href=\"https:\/\/ubanews.com\/site\/wp-content\/uploads\/2018\/07\/DSC_2505-copiar.jpg\"><img decoding=\"async\" class=\"alignnone size-medium wp-image-6026 lazyload\" data-src=\"https:\/\/ubanews.com\/site\/wp-content\/uploads\/2018\/07\/DSC_2505-copiar-300x171.jpg\" alt=\"\" width=\"300\" height=\"171\" data-srcset=\"https:\/\/ubanews.com\/site\/wp-content\/uploads\/2018\/07\/DSC_2505-copiar-300x171.jpg 300w, https:\/\/ubanews.com\/site\/wp-content\/uploads\/2018\/07\/DSC_2505-copiar-768x439.jpg 768w, https:\/\/ubanews.com\/site\/wp-content\/uploads\/2018\/07\/DSC_2505-copiar.jpg 800w\" data-sizes=\"(max-width: 300px) 100vw, 300px\" src=\"data:image\/svg+xml;base64,PHN2ZyB3aWR0aD0iMSIgaGVpZ2h0PSIxIiB4bWxucz0iaHR0cDovL3d3dy53My5vcmcvMjAwMC9zdmciPjwvc3ZnPg==\" style=\"--smush-placeholder-width: 300px; --smush-placeholder-aspect-ratio: 300\/171;\" \/><\/a> <a href=\"https:\/\/ubanews.com\/site\/wp-content\/uploads\/2018\/07\/DSC_2522-copiar.jpg\"><img decoding=\"async\" class=\"alignnone size-medium wp-image-6027 lazyload\" data-src=\"https:\/\/ubanews.com\/site\/wp-content\/uploads\/2018\/07\/DSC_2522-copiar-300x171.jpg\" alt=\"\" width=\"300\" height=\"171\" data-srcset=\"https:\/\/ubanews.com\/site\/wp-content\/uploads\/2018\/07\/DSC_2522-copiar-300x171.jpg 300w, https:\/\/ubanews.com\/site\/wp-content\/uploads\/2018\/07\/DSC_2522-copiar-768x439.jpg 768w, https:\/\/ubanews.com\/site\/wp-content\/uploads\/2018\/07\/DSC_2522-copiar.jpg 800w\" data-sizes=\"(max-width: 300px) 100vw, 300px\" src=\"data:image\/svg+xml;base64,PHN2ZyB3aWR0aD0iMSIgaGVpZ2h0PSIxIiB4bWxucz0iaHR0cDovL3d3dy53My5vcmcvMjAwMC9zdmciPjwvc3ZnPg==\" style=\"--smush-placeholder-width: 300px; --smush-placeholder-aspect-ratio: 300\/171;\" \/><\/a> <a href=\"https:\/\/ubanews.com\/site\/wp-content\/uploads\/2018\/07\/DSC_2532-1.jpg\"><img decoding=\"async\" class=\"alignnone size-medium wp-image-6028 lazyload\" data-src=\"https:\/\/ubanews.com\/site\/wp-content\/uploads\/2018\/07\/DSC_2532-1-300x146.jpg\" alt=\"\" width=\"300\" height=\"146\" data-srcset=\"https:\/\/ubanews.com\/site\/wp-content\/uploads\/2018\/07\/DSC_2532-1-300x146.jpg 300w, https:\/\/ubanews.com\/site\/wp-content\/uploads\/2018\/07\/DSC_2532-1-768x373.jpg 768w, https:\/\/ubanews.com\/site\/wp-content\/uploads\/2018\/07\/DSC_2532-1.jpg 800w\" data-sizes=\"(max-width: 300px) 100vw, 300px\" src=\"data:image\/svg+xml;base64,PHN2ZyB3aWR0aD0iMSIgaGVpZ2h0PSIxIiB4bWxucz0iaHR0cDovL3d3dy53My5vcmcvMjAwMC9zdmciPjwvc3ZnPg==\" style=\"--smush-placeholder-width: 300px; --smush-placeholder-aspect-ratio: 300\/146;\" \/><\/a> <a href=\"https:\/\/ubanews.com\/site\/wp-content\/uploads\/2018\/07\/DSC_2538-copiar.jpg\"><img decoding=\"async\" class=\"alignnone size-medium wp-image-6029 lazyload\" data-src=\"https:\/\/ubanews.com\/site\/wp-content\/uploads\/2018\/07\/DSC_2538-copiar-300x171.jpg\" alt=\"\" width=\"300\" height=\"171\" data-srcset=\"https:\/\/ubanews.com\/site\/wp-content\/uploads\/2018\/07\/DSC_2538-copiar-300x171.jpg 300w, https:\/\/ubanews.com\/site\/wp-content\/uploads\/2018\/07\/DSC_2538-copiar-768x439.jpg 768w, https:\/\/ubanews.com\/site\/wp-content\/uploads\/2018\/07\/DSC_2538-copiar.jpg 800w\" data-sizes=\"(max-width: 300px) 100vw, 300px\" src=\"data:image\/svg+xml;base64,PHN2ZyB3aWR0aD0iMSIgaGVpZ2h0PSIxIiB4bWxucz0iaHR0cDovL3d3dy53My5vcmcvMjAwMC9zdmciPjwvc3ZnPg==\" style=\"--smush-placeholder-width: 300px; --smush-placeholder-aspect-ratio: 300\/171;\" \/><\/a> <a href=\"https:\/\/ubanews.com\/site\/wp-content\/uploads\/2018\/07\/DSC_2545-copiar.jpg\"><img decoding=\"async\" class=\"alignnone size-medium wp-image-6030 lazyload\" data-src=\"https:\/\/ubanews.com\/site\/wp-content\/uploads\/2018\/07\/DSC_2545-copiar-300x171.jpg\" alt=\"\" width=\"300\" height=\"171\" data-srcset=\"https:\/\/ubanews.com\/site\/wp-content\/uploads\/2018\/07\/DSC_2545-copiar-300x171.jpg 300w, https:\/\/ubanews.com\/site\/wp-content\/uploads\/2018\/07\/DSC_2545-copiar-768x439.jpg 768w, https:\/\/ubanews.com\/site\/wp-content\/uploads\/2018\/07\/DSC_2545-copiar.jpg 800w\" data-sizes=\"(max-width: 300px) 100vw, 300px\" src=\"data:image\/svg+xml;base64,PHN2ZyB3aWR0aD0iMSIgaGVpZ2h0PSIxIiB4bWxucz0iaHR0cDovL3d3dy53My5vcmcvMjAwMC9zdmciPjwvc3ZnPg==\" style=\"--smush-placeholder-width: 300px; --smush-placeholder-aspect-ratio: 300\/171;\" \/><\/a> <a href=\"https:\/\/ubanews.com\/site\/wp-content\/uploads\/2018\/07\/DSC_2570-copiar.jpg\"><img decoding=\"async\" class=\"alignnone size-medium wp-image-6031 lazyload\" data-src=\"https:\/\/ubanews.com\/site\/wp-content\/uploads\/2018\/07\/DSC_2570-copiar-300x171.jpg\" alt=\"\" width=\"300\" height=\"171\" data-srcset=\"https:\/\/ubanews.com\/site\/wp-content\/uploads\/2018\/07\/DSC_2570-copiar-300x171.jpg 300w, https:\/\/ubanews.com\/site\/wp-content\/uploads\/2018\/07\/DSC_2570-copiar-768x439.jpg 768w, https:\/\/ubanews.com\/site\/wp-content\/uploads\/2018\/07\/DSC_2570-copiar.jpg 800w\" data-sizes=\"(max-width: 300px) 100vw, 300px\" src=\"data:image\/svg+xml;base64,PHN2ZyB3aWR0aD0iMSIgaGVpZ2h0PSIxIiB4bWxucz0iaHR0cDovL3d3dy53My5vcmcvMjAwMC9zdmciPjwvc3ZnPg==\" style=\"--smush-placeholder-width: 300px; --smush-placeholder-aspect-ratio: 300\/171;\" \/><\/a> <a href=\"https:\/\/ubanews.com\/site\/wp-content\/uploads\/2018\/07\/DSC_2424.jpg\"><img decoding=\"async\" class=\"alignnone size-medium wp-image-6032 lazyload\" data-src=\"https:\/\/ubanews.com\/site\/wp-content\/uploads\/2018\/07\/DSC_2424-300x171.jpg\" alt=\"\" width=\"300\" height=\"171\" data-srcset=\"https:\/\/ubanews.com\/site\/wp-content\/uploads\/2018\/07\/DSC_2424-300x171.jpg 300w, https:\/\/ubanews.com\/site\/wp-content\/uploads\/2018\/07\/DSC_2424-768x439.jpg 768w, https:\/\/ubanews.com\/site\/wp-content\/uploads\/2018\/07\/DSC_2424.jpg 800w\" data-sizes=\"(max-width: 300px) 100vw, 300px\" src=\"data:image\/svg+xml;base64,PHN2ZyB3aWR0aD0iMSIgaGVpZ2h0PSIxIiB4bWxucz0iaHR0cDovL3d3dy53My5vcmcvMjAwMC9zdmciPjwvc3ZnPg==\" style=\"--smush-placeholder-width: 300px; --smush-placeholder-aspect-ratio: 300\/171;\" \/><\/a> <a href=\"https:\/\/ubanews.com\/site\/wp-content\/uploads\/2018\/07\/DSC_2431-copiar.jpg\"><img decoding=\"async\" class=\"alignnone size-medium wp-image-6033 lazyload\" data-src=\"https:\/\/ubanews.com\/site\/wp-content\/uploads\/2018\/07\/DSC_2431-copiar-300x171.jpg\" alt=\"\" width=\"300\" height=\"171\" data-srcset=\"https:\/\/ubanews.com\/site\/wp-content\/uploads\/2018\/07\/DSC_2431-copiar-300x171.jpg 300w, https:\/\/ubanews.com\/site\/wp-content\/uploads\/2018\/07\/DSC_2431-copiar-768x439.jpg 768w, https:\/\/ubanews.com\/site\/wp-content\/uploads\/2018\/07\/DSC_2431-copiar.jpg 800w\" data-sizes=\"(max-width: 300px) 100vw, 300px\" src=\"data:image\/svg+xml;base64,PHN2ZyB3aWR0aD0iMSIgaGVpZ2h0PSIxIiB4bWxucz0iaHR0cDovL3d3dy53My5vcmcvMjAwMC9zdmciPjwvc3ZnPg==\" style=\"--smush-placeholder-width: 300px; --smush-placeholder-aspect-ratio: 300\/171;\" \/><\/a> <a href=\"https:\/\/ubanews.com\/site\/wp-content\/uploads\/2018\/07\/DSC_2433-copiar.jpg\"><img decoding=\"async\" class=\"alignnone size-medium wp-image-6034 lazyload\" data-src=\"https:\/\/ubanews.com\/site\/wp-content\/uploads\/2018\/07\/DSC_2433-copiar-300x171.jpg\" alt=\"\" width=\"300\" height=\"171\" data-srcset=\"https:\/\/ubanews.com\/site\/wp-content\/uploads\/2018\/07\/DSC_2433-copiar-300x171.jpg 300w, https:\/\/ubanews.com\/site\/wp-content\/uploads\/2018\/07\/DSC_2433-copiar-768x439.jpg 768w, https:\/\/ubanews.com\/site\/wp-content\/uploads\/2018\/07\/DSC_2433-copiar.jpg 800w\" data-sizes=\"(max-width: 300px) 100vw, 300px\" src=\"data:image\/svg+xml;base64,PHN2ZyB3aWR0aD0iMSIgaGVpZ2h0PSIxIiB4bWxucz0iaHR0cDovL3d3dy53My5vcmcvMjAwMC9zdmciPjwvc3ZnPg==\" style=\"--smush-placeholder-width: 300px; --smush-placeholder-aspect-ratio: 300\/171;\" \/><\/a> <a href=\"https:\/\/ubanews.com\/site\/wp-content\/uploads\/2018\/07\/DSC_2445-copiar.jpg\"><img decoding=\"async\" class=\"alignnone size-medium wp-image-6035 lazyload\" data-src=\"https:\/\/ubanews.com\/site\/wp-content\/uploads\/2018\/07\/DSC_2445-copiar-300x171.jpg\" alt=\"\" width=\"300\" height=\"171\" data-srcset=\"https:\/\/ubanews.com\/site\/wp-content\/uploads\/2018\/07\/DSC_2445-copiar-300x171.jpg 300w, https:\/\/ubanews.com\/site\/wp-content\/uploads\/2018\/07\/DSC_2445-copiar-768x439.jpg 768w, https:\/\/ubanews.com\/site\/wp-content\/uploads\/2018\/07\/DSC_2445-copiar.jpg 800w\" data-sizes=\"(max-width: 300px) 100vw, 300px\" src=\"data:image\/svg+xml;base64,PHN2ZyB3aWR0aD0iMSIgaGVpZ2h0PSIxIiB4bWxucz0iaHR0cDovL3d3dy53My5vcmcvMjAwMC9zdmciPjwvc3ZnPg==\" style=\"--smush-placeholder-width: 300px; --smush-placeholder-aspect-ratio: 300\/171;\" \/><\/a> <a href=\"https:\/\/ubanews.com\/site\/wp-content\/uploads\/2018\/07\/DSC_2454-copiar.jpg\"><img decoding=\"async\" class=\"alignnone size-medium wp-image-6036 lazyload\" data-src=\"https:\/\/ubanews.com\/site\/wp-content\/uploads\/2018\/07\/DSC_2454-copiar-300x171.jpg\" alt=\"\" width=\"300\" height=\"171\" data-srcset=\"https:\/\/ubanews.com\/site\/wp-content\/uploads\/2018\/07\/DSC_2454-copiar-300x171.jpg 300w, https:\/\/ubanews.com\/site\/wp-content\/uploads\/2018\/07\/DSC_2454-copiar-768x439.jpg 768w, https:\/\/ubanews.com\/site\/wp-content\/uploads\/2018\/07\/DSC_2454-copiar.jpg 800w\" data-sizes=\"(max-width: 300px) 100vw, 300px\" src=\"data:image\/svg+xml;base64,PHN2ZyB3aWR0aD0iMSIgaGVpZ2h0PSIxIiB4bWxucz0iaHR0cDovL3d3dy53My5vcmcvMjAwMC9zdmciPjwvc3ZnPg==\" style=\"--smush-placeholder-width: 300px; --smush-placeholder-aspect-ratio: 300\/171;\" \/><\/a> <a href=\"https:\/\/ubanews.com\/site\/wp-content\/uploads\/2018\/07\/DSC_2462-copiar.jpg\"><img decoding=\"async\" class=\"alignnone size-medium wp-image-6037 lazyload\" data-src=\"https:\/\/ubanews.com\/site\/wp-content\/uploads\/2018\/07\/DSC_2462-copiar-300x171.jpg\" alt=\"\" width=\"300\" height=\"171\" data-srcset=\"https:\/\/ubanews.com\/site\/wp-content\/uploads\/2018\/07\/DSC_2462-copiar-300x171.jpg 300w, https:\/\/ubanews.com\/site\/wp-content\/uploads\/2018\/07\/DSC_2462-copiar-768x439.jpg 768w, https:\/\/ubanews.com\/site\/wp-content\/uploads\/2018\/07\/DSC_2462-copiar.jpg 800w\" data-sizes=\"(max-width: 300px) 100vw, 300px\" src=\"data:image\/svg+xml;base64,PHN2ZyB3aWR0aD0iMSIgaGVpZ2h0PSIxIiB4bWxucz0iaHR0cDovL3d3dy53My5vcmcvMjAwMC9zdmciPjwvc3ZnPg==\" style=\"--smush-placeholder-width: 300px; --smush-placeholder-aspect-ratio: 300\/171;\" \/><\/a> <a href=\"https:\/\/ubanews.com\/site\/wp-content\/uploads\/2018\/07\/DSC_2467-copiar.jpg\"><img decoding=\"async\" class=\"alignnone size-medium wp-image-6038 lazyload\" data-src=\"https:\/\/ubanews.com\/site\/wp-content\/uploads\/2018\/07\/DSC_2467-copiar-300x171.jpg\" alt=\"\" width=\"300\" height=\"171\" data-srcset=\"https:\/\/ubanews.com\/site\/wp-content\/uploads\/2018\/07\/DSC_2467-copiar-300x171.jpg 300w, https:\/\/ubanews.com\/site\/wp-content\/uploads\/2018\/07\/DSC_2467-copiar-768x439.jpg 768w, https:\/\/ubanews.com\/site\/wp-content\/uploads\/2018\/07\/DSC_2467-copiar.jpg 800w\" data-sizes=\"(max-width: 300px) 100vw, 300px\" src=\"data:image\/svg+xml;base64,PHN2ZyB3aWR0aD0iMSIgaGVpZ2h0PSIxIiB4bWxucz0iaHR0cDovL3d3dy53My5vcmcvMjAwMC9zdmciPjwvc3ZnPg==\" style=\"--smush-placeholder-width: 300px; --smush-placeholder-aspect-ratio: 300\/171;\" \/><\/a> <a href=\"https:\/\/ubanews.com\/site\/wp-content\/uploads\/2018\/07\/DSC_2469-copiar.jpg\"><img decoding=\"async\" class=\"alignnone size-medium wp-image-6039 lazyload\" data-src=\"https:\/\/ubanews.com\/site\/wp-content\/uploads\/2018\/07\/DSC_2469-copiar-300x171.jpg\" alt=\"\" width=\"300\" height=\"171\" data-srcset=\"https:\/\/ubanews.com\/site\/wp-content\/uploads\/2018\/07\/DSC_2469-copiar-300x171.jpg 300w, https:\/\/ubanews.com\/site\/wp-content\/uploads\/2018\/07\/DSC_2469-copiar-768x439.jpg 768w, https:\/\/ubanews.com\/site\/wp-content\/uploads\/2018\/07\/DSC_2469-copiar.jpg 800w\" data-sizes=\"(max-width: 300px) 100vw, 300px\" src=\"data:image\/svg+xml;base64,PHN2ZyB3aWR0aD0iMSIgaGVpZ2h0PSIxIiB4bWxucz0iaHR0cDovL3d3dy53My5vcmcvMjAwMC9zdmciPjwvc3ZnPg==\" style=\"--smush-placeholder-width: 300px; --smush-placeholder-aspect-ratio: 300\/171;\" \/><\/a> <a href=\"https:\/\/ubanews.com\/site\/wp-content\/uploads\/2018\/07\/DSC_2474-copiar.jpg\"><img decoding=\"async\" class=\"alignnone size-medium wp-image-6040 lazyload\" data-src=\"https:\/\/ubanews.com\/site\/wp-content\/uploads\/2018\/07\/DSC_2474-copiar-300x171.jpg\" alt=\"\" width=\"300\" height=\"171\" data-srcset=\"https:\/\/ubanews.com\/site\/wp-content\/uploads\/2018\/07\/DSC_2474-copiar-300x171.jpg 300w, https:\/\/ubanews.com\/site\/wp-content\/uploads\/2018\/07\/DSC_2474-copiar-768x439.jpg 768w, https:\/\/ubanews.com\/site\/wp-content\/uploads\/2018\/07\/DSC_2474-copiar.jpg 800w\" data-sizes=\"(max-width: 300px) 100vw, 300px\" src=\"data:image\/svg+xml;base64,PHN2ZyB3aWR0aD0iMSIgaGVpZ2h0PSIxIiB4bWxucz0iaHR0cDovL3d3dy53My5vcmcvMjAwMC9zdmciPjwvc3ZnPg==\" style=\"--smush-placeholder-width: 300px; --smush-placeholder-aspect-ratio: 300\/171;\" \/><\/a> <a href=\"https:\/\/ubanews.com\/site\/wp-content\/uploads\/2018\/07\/DSC_2475-copiar.jpg\"><img decoding=\"async\" class=\"alignnone size-medium wp-image-6041 lazyload\" data-src=\"https:\/\/ubanews.com\/site\/wp-content\/uploads\/2018\/07\/DSC_2475-copiar-300x171.jpg\" alt=\"\" width=\"300\" height=\"171\" data-srcset=\"https:\/\/ubanews.com\/site\/wp-content\/uploads\/2018\/07\/DSC_2475-copiar-300x171.jpg 300w, https:\/\/ubanews.com\/site\/wp-content\/uploads\/2018\/07\/DSC_2475-copiar-768x439.jpg 768w, https:\/\/ubanews.com\/site\/wp-content\/uploads\/2018\/07\/DSC_2475-copiar.jpg 800w\" data-sizes=\"(max-width: 300px) 100vw, 300px\" src=\"data:image\/svg+xml;base64,PHN2ZyB3aWR0aD0iMSIgaGVpZ2h0PSIxIiB4bWxucz0iaHR0cDovL3d3dy53My5vcmcvMjAwMC9zdmciPjwvc3ZnPg==\" style=\"--smush-placeholder-width: 300px; --smush-placeholder-aspect-ratio: 300\/171;\" \/><\/a> <a href=\"https:\/\/ubanews.com\/site\/wp-content\/uploads\/2018\/07\/DSC_2481-copiar.jpg\"><img decoding=\"async\" class=\"alignnone size-medium wp-image-6042 lazyload\" data-src=\"https:\/\/ubanews.com\/site\/wp-content\/uploads\/2018\/07\/DSC_2481-copiar-300x171.jpg\" alt=\"\" width=\"300\" height=\"171\" data-srcset=\"https:\/\/ubanews.com\/site\/wp-content\/uploads\/2018\/07\/DSC_2481-copiar-300x171.jpg 300w, https:\/\/ubanews.com\/site\/wp-content\/uploads\/2018\/07\/DSC_2481-copiar-768x439.jpg 768w, https:\/\/ubanews.com\/site\/wp-content\/uploads\/2018\/07\/DSC_2481-copiar.jpg 800w\" data-sizes=\"(max-width: 300px) 100vw, 300px\" src=\"data:image\/svg+xml;base64,PHN2ZyB3aWR0aD0iMSIgaGVpZ2h0PSIxIiB4bWxucz0iaHR0cDovL3d3dy53My5vcmcvMjAwMC9zdmciPjwvc3ZnPg==\" style=\"--smush-placeholder-width: 300px; --smush-placeholder-aspect-ratio: 300\/171;\" \/><\/a>&nbsp;<\/p>\n<p>A AULE (Academia Ubaense de Letras) completou neste domingo (29) trinta e cinco anos de exist\u00eancia (Jubileu de Coral). Por\u00e9m, as comemora\u00e7\u00f5es aconteceram um dia antes, ou seja, no s\u00e1bado, \u00e0s 19h e 30min, no Plen\u00e1rio da C\u00e2mara Municipal de Ub\u00e1.<\/p>\n<p>A Se\u00e7\u00e3o Solene teve na abertura o Momento C\u00edvico e em seguida a sauda\u00e7\u00e3o do presidente e Maestro Marum Salum Alexander, na sequ\u00eancia o primeiro secret\u00e1rio Ant\u00f4nio Carlos Estevam desempenhou as atividades do protocolo.<\/p>\n<p>No momento principal do evento foi quando o Maestro Marum designou a todos que fizessem o juramento do compromisso que na hora estavam assumindo. Ent\u00e3o aconteceu a posse dos novos membros efetivos.<\/p>\n<p>Arnaldo de Assis Prata (Pira\u00faba, MG);<\/p>\n<p>Carlos Roberto Sodr\u00e9 (Ub\u00e1, MG);<\/p>\n<p>Nilce Augusta Machado Alfenas (Ub\u00e1, MG);<\/p>\n<p>Wagner In\u00e1cio Freitas Dias (Ub\u00e1, MG);<\/p>\n<p>Juramento, posse e diploma\u00e7\u00e3o dos novos membros correspondentes<\/p>\n<p>Cecy Barbosa Campos (Juiz de Fora, MG);<\/p>\n<p>Diana Marisa Dias Freire Malito (Niter\u00f3i, RJ);<\/p>\n<p>Eni Vieira de Carvalho Duarte (Belo Horizonte, MG)<\/p>\n<p>Posse e Diploma\u00e7\u00e3o dos novos membros Honor\u00e1rios<\/p>\n<p>Cl\u00e1udia de Moraes Sarmento Cond\u00e9 (Ub\u00e1, MG);<\/p>\n<p>Maria Cristina Carone Murta (Belo Horizonte, MG);<\/p>\n<p>Raimundo Teixeira Pinto (Rio de Janeiro, RJ);<\/p>\n<p>Rosa Franco de Morais Sales (Patos de Minas, MG); &nbsp;&nbsp;<\/p>\n<p>Rosa Maria da Cruz Serrano (Ub\u00e1, MG);<\/p>\n<p>Ta\u00eds de Souza Alves Coutinho (Ub\u00e1, MG);<\/p>\n<p>Theresinha de Almeida Pinto (Visconde do Rio Branco, MG);<\/p>\n<p>Walsylvia Kummel Moreira (Ub\u00e1, MG)<\/p>\n<p>Diploma\u00e7\u00e3o dos agraciados com o \u201cM\u00e9rito Acad\u00eamico\u201d<\/p>\n<p>C\u00e2mara Municipal de Ub\u00e1 (Ub\u00e1, MG);<\/p>\n<p>Banda de M\u00fasica do 21BPM da PMMG (Ub\u00e1, MG);<\/p>\n<p>Vin\u00edcius Samor de Lacerda (Ub\u00e1, MG);<\/p>\n<p>Edson Teixeira Filho (Ub\u00e1, MG)<\/p>\n<p>A solenidade teve momentos intercalados com execu\u00e7\u00f5es de m\u00fasicas populares e eruditas com os artistas prata da casa: o jovem Samuel Colli Botelho e a acad\u00eamica Maria da Concei\u00e7\u00e3o Aparecida Rocha Ramos.<\/p>\n<p>No final da solenidade ainda no interior da C\u00e2mara Municipal de Ub\u00e1 o Maestro Marum falou \u00e0 nossa reportagem!<\/p>\n<p><iframe data-src=\"https:\/\/www.youtube.com\/embed\/2TrqO54eO2c\" width=\"560\" height=\"315\" frameborder=\"0\" allowfullscreen=\"allowfullscreen\" src=\"data:image\/svg+xml;base64,PHN2ZyB3aWR0aD0iMSIgaGVpZ2h0PSIxIiB4bWxucz0iaHR0cDovL3d3dy53My5vcmcvMjAwMC9zdmciPjwvc3ZnPg==\" class=\"lazyload\" data-load-mode=\"1\"><\/iframe><\/p>\n","protected":false},"excerpt":{"rendered":"","protected":false},"author":2,"featured_media":6044,"comment_status":"open","ping_status":"open","sticky":false,"template":"","format":"standard","meta":{"footnotes":""},"categories":[1],"tags":[],"class_list":["post-6019","post","type-post","status-publish","format-standard","has-post-thumbnail","hentry","category-sem-categoria"],"yoast_head":"<!-- This site is optimized with the Yoast SEO plugin v27.2 - https:\/\/yoast.com\/product\/yoast-seo-wordpress\/ -->\n<title>A AULE COMEMORA O SEU JUBILEU DE CORAL, D\u00c1 POSSE AOS NOVOS MEMBROS E CONTEMPLA AGRACIADOS COM DIPLOMA DE HONRA AO M\u00c9RITO - Ub\u00e1 News<\/title>\n<meta name=\"robots\" content=\"index, follow, max-snippet:-1, max-image-preview:large, max-video-preview:-1\" \/>\n<link rel=\"canonical\" href=\"https:\/\/ubanews.com\/site\/2018\/07\/30\/a-aule-comemora-o-seu-jubileu-de-coral-da-posse-aos-novos-membros-e-contempla-agraciados-com-diploma-de-honra-ao-merito\/\" \/>\n<meta property=\"og:locale\" content=\"pt_BR\" \/>\n<meta property=\"og:type\" content=\"article\" \/>\n<meta property=\"og:title\" content=\"A AULE COMEMORA O SEU JUBILEU DE CORAL, D\u00c1 POSSE AOS NOVOS MEMBROS E CONTEMPLA AGRACIADOS COM DIPLOMA DE HONRA AO M\u00c9RITO - Ub\u00e1 News\" \/>\n<meta property=\"og:url\" content=\"https:\/\/ubanews.com\/site\/2018\/07\/30\/a-aule-comemora-o-seu-jubileu-de-coral-da-posse-aos-novos-membros-e-contempla-agraciados-com-diploma-de-honra-ao-merito\/\" \/>\n<meta property=\"og:site_name\" content=\"Ub\u00e1 News\" \/>\n<meta property=\"article:publisher\" content=\"https:\/\/www.facebook.com\/Ub%c3%a1News-Carlos-Roberto-Sodr%c3%a9-418778301977370\" \/>\n<meta property=\"article:author\" content=\"https:\/\/www.facebook.com\/carosroberto.sodre.5\/\" \/>\n<meta property=\"article:published_time\" content=\"2018-07-30T21:14:50+00:00\" \/>\n<meta property=\"article:modified_time\" content=\"2018-08-09T12:02:05+00:00\" \/>\n<meta property=\"og:image\" content=\"https:\/\/ubanews.com\/site\/wp-content\/uploads\/2018\/07\/DSC_2386-copiar.jpg\" \/>\n\t<meta property=\"og:image:width\" content=\"800\" \/>\n\t<meta property=\"og:image:height\" content=\"389\" \/>\n\t<meta property=\"og:image:type\" content=\"image\/jpeg\" \/>\n<meta name=\"author\" content=\"Sodr\u00e9\" \/>\n<meta name=\"twitter:card\" content=\"summary_large_image\" \/>\n<meta name=\"twitter:label1\" content=\"Escrito por\" \/>\n\t<meta name=\"twitter:data1\" content=\"Sodr\u00e9\" \/>\n\t<meta name=\"twitter:label2\" content=\"Est. tempo de leitura\" \/>\n\t<meta name=\"twitter:data2\" content=\"2 minutos\" \/>\n<script type=\"application\/ld+json\" class=\"yoast-schema-graph\">{\"@context\":\"https:\/\/schema.org\",\"@graph\":[{\"@type\":\"Article\",\"@id\":\"https:\/\/ubanews.com\/site\/2018\/07\/30\/a-aule-comemora-o-seu-jubileu-de-coral-da-posse-aos-novos-membros-e-contempla-agraciados-com-diploma-de-honra-ao-merito\/#article\",\"isPartOf\":{\"@id\":\"https:\/\/ubanews.com\/site\/2018\/07\/30\/a-aule-comemora-o-seu-jubileu-de-coral-da-posse-aos-novos-membros-e-contempla-agraciados-com-diploma-de-honra-ao-merito\/\"},\"author\":{\"name\":\"Sodr\u00e9\",\"@id\":\"https:\/\/ubanews.com\/site\/#\/schema\/person\/d90c9e47252fbb63dcc969fe4c8b9d10\"},\"headline\":\"A AULE COMEMORA O SEU JUBILEU DE CORAL, D\u00c1 POSSE AOS NOVOS MEMBROS E CONTEMPLA AGRACIADOS COM DIPLOMA DE HONRA AO M\u00c9RITO\",\"datePublished\":\"2018-07-30T21:14:50+00:00\",\"dateModified\":\"2018-08-09T12:02:05+00:00\",\"mainEntityOfPage\":{\"@id\":\"https:\/\/ubanews.com\/site\/2018\/07\/30\/a-aule-comemora-o-seu-jubileu-de-coral-da-posse-aos-novos-membros-e-contempla-agraciados-com-diploma-de-honra-ao-merito\/\"},\"wordCount\":365,\"commentCount\":0,\"publisher\":{\"@id\":\"https:\/\/ubanews.com\/site\/#organization\"},\"image\":{\"@id\":\"https:\/\/ubanews.com\/site\/2018\/07\/30\/a-aule-comemora-o-seu-jubileu-de-coral-da-posse-aos-novos-membros-e-contempla-agraciados-com-diploma-de-honra-ao-merito\/#primaryimage\"},\"thumbnailUrl\":\"https:\/\/ubanews.com\/site\/wp-content\/uploads\/2018\/07\/DSC_2386-copiar.jpg\",\"articleSection\":[\"Geral\"],\"inLanguage\":\"pt-BR\",\"potentialAction\":[{\"@type\":\"CommentAction\",\"name\":\"Comment\",\"target\":[\"https:\/\/ubanews.com\/site\/2018\/07\/30\/a-aule-comemora-o-seu-jubileu-de-coral-da-posse-aos-novos-membros-e-contempla-agraciados-com-diploma-de-honra-ao-merito\/#respond\"]}]},{\"@type\":\"WebPage\",\"@id\":\"https:\/\/ubanews.com\/site\/2018\/07\/30\/a-aule-comemora-o-seu-jubileu-de-coral-da-posse-aos-novos-membros-e-contempla-agraciados-com-diploma-de-honra-ao-merito\/\",\"url\":\"https:\/\/ubanews.com\/site\/2018\/07\/30\/a-aule-comemora-o-seu-jubileu-de-coral-da-posse-aos-novos-membros-e-contempla-agraciados-com-diploma-de-honra-ao-merito\/\",\"name\":\"A AULE COMEMORA O SEU JUBILEU DE CORAL, D\u00c1 POSSE AOS NOVOS MEMBROS E CONTEMPLA AGRACIADOS COM DIPLOMA DE HONRA AO M\u00c9RITO - Ub\u00e1 News\",\"isPartOf\":{\"@id\":\"https:\/\/ubanews.com\/site\/#website\"},\"primaryImageOfPage\":{\"@id\":\"https:\/\/ubanews.com\/site\/2018\/07\/30\/a-aule-comemora-o-seu-jubileu-de-coral-da-posse-aos-novos-membros-e-contempla-agraciados-com-diploma-de-honra-ao-merito\/#primaryimage\"},\"image\":{\"@id\":\"https:\/\/ubanews.com\/site\/2018\/07\/30\/a-aule-comemora-o-seu-jubileu-de-coral-da-posse-aos-novos-membros-e-contempla-agraciados-com-diploma-de-honra-ao-merito\/#primaryimage\"},\"thumbnailUrl\":\"https:\/\/ubanews.com\/site\/wp-content\/uploads\/2018\/07\/DSC_2386-copiar.jpg\",\"datePublished\":\"2018-07-30T21:14:50+00:00\",\"dateModified\":\"2018-08-09T12:02:05+00:00\",\"breadcrumb\":{\"@id\":\"https:\/\/ubanews.com\/site\/2018\/07\/30\/a-aule-comemora-o-seu-jubileu-de-coral-da-posse-aos-novos-membros-e-contempla-agraciados-com-diploma-de-honra-ao-merito\/#breadcrumb\"},\"inLanguage\":\"pt-BR\",\"potentialAction\":[{\"@type\":\"ReadAction\",\"target\":[\"https:\/\/ubanews.com\/site\/2018\/07\/30\/a-aule-comemora-o-seu-jubileu-de-coral-da-posse-aos-novos-membros-e-contempla-agraciados-com-diploma-de-honra-ao-merito\/\"]}]},{\"@type\":\"ImageObject\",\"inLanguage\":\"pt-BR\",\"@id\":\"https:\/\/ubanews.com\/site\/2018\/07\/30\/a-aule-comemora-o-seu-jubileu-de-coral-da-posse-aos-novos-membros-e-contempla-agraciados-com-diploma-de-honra-ao-merito\/#primaryimage\",\"url\":\"https:\/\/ubanews.com\/site\/wp-content\/uploads\/2018\/07\/DSC_2386-copiar.jpg\",\"contentUrl\":\"https:\/\/ubanews.com\/site\/wp-content\/uploads\/2018\/07\/DSC_2386-copiar.jpg\",\"width\":800,\"height\":389},{\"@type\":\"BreadcrumbList\",\"@id\":\"https:\/\/ubanews.com\/site\/2018\/07\/30\/a-aule-comemora-o-seu-jubileu-de-coral-da-posse-aos-novos-membros-e-contempla-agraciados-com-diploma-de-honra-ao-merito\/#breadcrumb\",\"itemListElement\":[{\"@type\":\"ListItem\",\"position\":1,\"name\":\"Home\",\"item\":\"https:\/\/ubanews.com\/site\/\"},{\"@type\":\"ListItem\",\"position\":2,\"name\":\"A AULE COMEMORA O SEU JUBILEU DE CORAL, D\u00c1 POSSE AOS NOVOS MEMBROS E CONTEMPLA AGRACIADOS COM DIPLOMA DE HONRA AO M\u00c9RITO\"}]},{\"@type\":\"WebSite\",\"@id\":\"https:\/\/ubanews.com\/site\/#website\",\"url\":\"https:\/\/ubanews.com\/site\/\",\"name\":\"Ub\u00e1 News\",\"description\":\"\",\"publisher\":{\"@id\":\"https:\/\/ubanews.com\/site\/#organization\"},\"potentialAction\":[{\"@type\":\"SearchAction\",\"target\":{\"@type\":\"EntryPoint\",\"urlTemplate\":\"https:\/\/ubanews.com\/site\/?s={search_term_string}\"},\"query-input\":{\"@type\":\"PropertyValueSpecification\",\"valueRequired\":true,\"valueName\":\"search_term_string\"}}],\"inLanguage\":\"pt-BR\"},{\"@type\":\"Organization\",\"@id\":\"https:\/\/ubanews.com\/site\/#organization\",\"name\":\"Ub\u00e1 News\",\"url\":\"https:\/\/ubanews.com\/site\/\",\"logo\":{\"@type\":\"ImageObject\",\"inLanguage\":\"pt-BR\",\"@id\":\"https:\/\/ubanews.com\/site\/#\/schema\/logo\/image\/\",\"url\":\"https:\/\/ubanews.com\/site\/wp-content\/uploads\/2018\/01\/logoubanews.png\",\"contentUrl\":\"https:\/\/ubanews.com\/site\/wp-content\/uploads\/2018\/01\/logoubanews.png\",\"width\":261,\"height\":99,\"caption\":\"Ub\u00e1 News\"},\"image\":{\"@id\":\"https:\/\/ubanews.com\/site\/#\/schema\/logo\/image\/\"},\"sameAs\":[\"https:\/\/www.facebook.com\/Ub\u00e1News-Carlos-Roberto-Sodr\u00e9-418778301977370\"]},{\"@type\":\"Person\",\"@id\":\"https:\/\/ubanews.com\/site\/#\/schema\/person\/d90c9e47252fbb63dcc969fe4c8b9d10\",\"name\":\"Sodr\u00e9\",\"image\":{\"@type\":\"ImageObject\",\"inLanguage\":\"pt-BR\",\"@id\":\"https:\/\/secure.gravatar.com\/avatar\/5ba2793f0590b9dbfad3fdec4ee714485b3eef211c9b32ee53d414060454a56c?s=96&d=mm&r=g\",\"url\":\"https:\/\/secure.gravatar.com\/avatar\/5ba2793f0590b9dbfad3fdec4ee714485b3eef211c9b32ee53d414060454a56c?s=96&d=mm&r=g\",\"contentUrl\":\"https:\/\/secure.gravatar.com\/avatar\/5ba2793f0590b9dbfad3fdec4ee714485b3eef211c9b32ee53d414060454a56c?s=96&d=mm&r=g\",\"caption\":\"Sodr\u00e9\"},\"sameAs\":[\"https:\/\/www.facebook.com\/carosroberto.sodre.5\/\"],\"url\":\"https:\/\/ubanews.com\/site\/author\/felipe\/\"}]}<\/script>\n<!-- \/ Yoast SEO plugin. -->","yoast_head_json":{"title":"A AULE COMEMORA O SEU JUBILEU DE CORAL, D\u00c1 POSSE AOS NOVOS MEMBROS E CONTEMPLA AGRACIADOS COM DIPLOMA DE HONRA AO M\u00c9RITO - Ub\u00e1 News","robots":{"index":"index","follow":"follow","max-snippet":"max-snippet:-1","max-image-preview":"max-image-preview:large","max-video-preview":"max-video-preview:-1"},"canonical":"https:\/\/ubanews.com\/site\/2018\/07\/30\/a-aule-comemora-o-seu-jubileu-de-coral-da-posse-aos-novos-membros-e-contempla-agraciados-com-diploma-de-honra-ao-merito\/","og_locale":"pt_BR","og_type":"article","og_title":"A AULE COMEMORA O SEU JUBILEU DE CORAL, D\u00c1 POSSE AOS NOVOS MEMBROS E CONTEMPLA AGRACIADOS COM DIPLOMA DE HONRA AO M\u00c9RITO - Ub\u00e1 News","og_url":"https:\/\/ubanews.com\/site\/2018\/07\/30\/a-aule-comemora-o-seu-jubileu-de-coral-da-posse-aos-novos-membros-e-contempla-agraciados-com-diploma-de-honra-ao-merito\/","og_site_name":"Ub\u00e1 News","article_publisher":"https:\/\/www.facebook.com\/Ub%c3%a1News-Carlos-Roberto-Sodr%c3%a9-418778301977370","article_author":"https:\/\/www.facebook.com\/carosroberto.sodre.5\/","article_published_time":"2018-07-30T21:14:50+00:00","article_modified_time":"2018-08-09T12:02:05+00:00","og_image":[{"width":800,"height":389,"url":"https:\/\/ubanews.com\/site\/wp-content\/uploads\/2018\/07\/DSC_2386-copiar.jpg","type":"image\/jpeg"}],"author":"Sodr\u00e9","twitter_card":"summary_large_image","twitter_misc":{"Escrito por":"Sodr\u00e9","Est. tempo de leitura":"2 minutos"},"schema":{"@context":"https:\/\/schema.org","@graph":[{"@type":"Article","@id":"https:\/\/ubanews.com\/site\/2018\/07\/30\/a-aule-comemora-o-seu-jubileu-de-coral-da-posse-aos-novos-membros-e-contempla-agraciados-com-diploma-de-honra-ao-merito\/#article","isPartOf":{"@id":"https:\/\/ubanews.com\/site\/2018\/07\/30\/a-aule-comemora-o-seu-jubileu-de-coral-da-posse-aos-novos-membros-e-contempla-agraciados-com-diploma-de-honra-ao-merito\/"},"author":{"name":"Sodr\u00e9","@id":"https:\/\/ubanews.com\/site\/#\/schema\/person\/d90c9e47252fbb63dcc969fe4c8b9d10"},"headline":"A AULE COMEMORA O SEU JUBILEU DE CORAL, D\u00c1 POSSE AOS NOVOS MEMBROS E CONTEMPLA AGRACIADOS COM DIPLOMA DE HONRA AO M\u00c9RITO","datePublished":"2018-07-30T21:14:50+00:00","dateModified":"2018-08-09T12:02:05+00:00","mainEntityOfPage":{"@id":"https:\/\/ubanews.com\/site\/2018\/07\/30\/a-aule-comemora-o-seu-jubileu-de-coral-da-posse-aos-novos-membros-e-contempla-agraciados-com-diploma-de-honra-ao-merito\/"},"wordCount":365,"commentCount":0,"publisher":{"@id":"https:\/\/ubanews.com\/site\/#organization"},"image":{"@id":"https:\/\/ubanews.com\/site\/2018\/07\/30\/a-aule-comemora-o-seu-jubileu-de-coral-da-posse-aos-novos-membros-e-contempla-agraciados-com-diploma-de-honra-ao-merito\/#primaryimage"},"thumbnailUrl":"https:\/\/ubanews.com\/site\/wp-content\/uploads\/2018\/07\/DSC_2386-copiar.jpg","articleSection":["Geral"],"inLanguage":"pt-BR","potentialAction":[{"@type":"CommentAction","name":"Comment","target":["https:\/\/ubanews.com\/site\/2018\/07\/30\/a-aule-comemora-o-seu-jubileu-de-coral-da-posse-aos-novos-membros-e-contempla-agraciados-com-diploma-de-honra-ao-merito\/#respond"]}]},{"@type":"WebPage","@id":"https:\/\/ubanews.com\/site\/2018\/07\/30\/a-aule-comemora-o-seu-jubileu-de-coral-da-posse-aos-novos-membros-e-contempla-agraciados-com-diploma-de-honra-ao-merito\/","url":"https:\/\/ubanews.com\/site\/2018\/07\/30\/a-aule-comemora-o-seu-jubileu-de-coral-da-posse-aos-novos-membros-e-contempla-agraciados-com-diploma-de-honra-ao-merito\/","name":"A AULE COMEMORA O SEU JUBILEU DE CORAL, D\u00c1 POSSE AOS NOVOS MEMBROS E CONTEMPLA AGRACIADOS COM DIPLOMA DE HONRA AO M\u00c9RITO - Ub\u00e1 News","isPartOf":{"@id":"https:\/\/ubanews.com\/site\/#website"},"primaryImageOfPage":{"@id":"https:\/\/ubanews.com\/site\/2018\/07\/30\/a-aule-comemora-o-seu-jubileu-de-coral-da-posse-aos-novos-membros-e-contempla-agraciados-com-diploma-de-honra-ao-merito\/#primaryimage"},"image":{"@id":"https:\/\/ubanews.com\/site\/2018\/07\/30\/a-aule-comemora-o-seu-jubileu-de-coral-da-posse-aos-novos-membros-e-contempla-agraciados-com-diploma-de-honra-ao-merito\/#primaryimage"},"thumbnailUrl":"https:\/\/ubanews.com\/site\/wp-content\/uploads\/2018\/07\/DSC_2386-copiar.jpg","datePublished":"2018-07-30T21:14:50+00:00","dateModified":"2018-08-09T12:02:05+00:00","breadcrumb":{"@id":"https:\/\/ubanews.com\/site\/2018\/07\/30\/a-aule-comemora-o-seu-jubileu-de-coral-da-posse-aos-novos-membros-e-contempla-agraciados-com-diploma-de-honra-ao-merito\/#breadcrumb"},"inLanguage":"pt-BR","potentialAction":[{"@type":"ReadAction","target":["https:\/\/ubanews.com\/site\/2018\/07\/30\/a-aule-comemora-o-seu-jubileu-de-coral-da-posse-aos-novos-membros-e-contempla-agraciados-com-diploma-de-honra-ao-merito\/"]}]},{"@type":"ImageObject","inLanguage":"pt-BR","@id":"https:\/\/ubanews.com\/site\/2018\/07\/30\/a-aule-comemora-o-seu-jubileu-de-coral-da-posse-aos-novos-membros-e-contempla-agraciados-com-diploma-de-honra-ao-merito\/#primaryimage","url":"https:\/\/ubanews.com\/site\/wp-content\/uploads\/2018\/07\/DSC_2386-copiar.jpg","contentUrl":"https:\/\/ubanews.com\/site\/wp-content\/uploads\/2018\/07\/DSC_2386-copiar.jpg","width":800,"height":389},{"@type":"BreadcrumbList","@id":"https:\/\/ubanews.com\/site\/2018\/07\/30\/a-aule-comemora-o-seu-jubileu-de-coral-da-posse-aos-novos-membros-e-contempla-agraciados-com-diploma-de-honra-ao-merito\/#breadcrumb","itemListElement":[{"@type":"ListItem","position":1,"name":"Home","item":"https:\/\/ubanews.com\/site\/"},{"@type":"ListItem","position":2,"name":"A AULE COMEMORA O SEU JUBILEU DE CORAL, D\u00c1 POSSE AOS NOVOS MEMBROS E CONTEMPLA AGRACIADOS COM DIPLOMA DE HONRA AO M\u00c9RITO"}]},{"@type":"WebSite","@id":"https:\/\/ubanews.com\/site\/#website","url":"https:\/\/ubanews.com\/site\/","name":"Ub\u00e1 News","description":"","publisher":{"@id":"https:\/\/ubanews.com\/site\/#organization"},"potentialAction":[{"@type":"SearchAction","target":{"@type":"EntryPoint","urlTemplate":"https:\/\/ubanews.com\/site\/?s={search_term_string}"},"query-input":{"@type":"PropertyValueSpecification","valueRequired":true,"valueName":"search_term_string"}}],"inLanguage":"pt-BR"},{"@type":"Organization","@id":"https:\/\/ubanews.com\/site\/#organization","name":"Ub\u00e1 News","url":"https:\/\/ubanews.com\/site\/","logo":{"@type":"ImageObject","inLanguage":"pt-BR","@id":"https:\/\/ubanews.com\/site\/#\/schema\/logo\/image\/","url":"https:\/\/ubanews.com\/site\/wp-content\/uploads\/2018\/01\/logoubanews.png","contentUrl":"https:\/\/ubanews.com\/site\/wp-content\/uploads\/2018\/01\/logoubanews.png","width":261,"height":99,"caption":"Ub\u00e1 News"},"image":{"@id":"https:\/\/ubanews.com\/site\/#\/schema\/logo\/image\/"},"sameAs":["https:\/\/www.facebook.com\/Ub\u00e1News-Carlos-Roberto-Sodr\u00e9-418778301977370"]},{"@type":"Person","@id":"https:\/\/ubanews.com\/site\/#\/schema\/person\/d90c9e47252fbb63dcc969fe4c8b9d10","name":"Sodr\u00e9","image":{"@type":"ImageObject","inLanguage":"pt-BR","@id":"https:\/\/secure.gravatar.com\/avatar\/5ba2793f0590b9dbfad3fdec4ee714485b3eef211c9b32ee53d414060454a56c?s=96&d=mm&r=g","url":"https:\/\/secure.gravatar.com\/avatar\/5ba2793f0590b9dbfad3fdec4ee714485b3eef211c9b32ee53d414060454a56c?s=96&d=mm&r=g","contentUrl":"https:\/\/secure.gravatar.com\/avatar\/5ba2793f0590b9dbfad3fdec4ee714485b3eef211c9b32ee53d414060454a56c?s=96&d=mm&r=g","caption":"Sodr\u00e9"},"sameAs":["https:\/\/www.facebook.com\/carosroberto.sodre.5\/"],"url":"https:\/\/ubanews.com\/site\/author\/felipe\/"}]}},"_links":{"self":[{"href":"https:\/\/ubanews.com\/site\/wp-json\/wp\/v2\/posts\/6019","targetHints":{"allow":["GET"]}}],"collection":[{"href":"https:\/\/ubanews.com\/site\/wp-json\/wp\/v2\/posts"}],"about":[{"href":"https:\/\/ubanews.com\/site\/wp-json\/wp\/v2\/types\/post"}],"author":[{"embeddable":true,"href":"https:\/\/ubanews.com\/site\/wp-json\/wp\/v2\/users\/2"}],"replies":[{"embeddable":true,"href":"https:\/\/ubanews.com\/site\/wp-json\/wp\/v2\/comments?post=6019"}],"version-history":[{"count":0,"href":"https:\/\/ubanews.com\/site\/wp-json\/wp\/v2\/posts\/6019\/revisions"}],"wp:featuredmedia":[{"embeddable":true,"href":"https:\/\/ubanews.com\/site\/wp-json\/wp\/v2\/media\/6044"}],"wp:attachment":[{"href":"https:\/\/ubanews.com\/site\/wp-json\/wp\/v2\/media?parent=6019"}],"wp:term":[{"taxonomy":"category","embeddable":true,"href":"https:\/\/ubanews.com\/site\/wp-json\/wp\/v2\/categories?post=6019"},{"taxonomy":"post_tag","embeddable":true,"href":"https:\/\/ubanews.com\/site\/wp-json\/wp\/v2\/tags?post=6019"}],"curies":[{"name":"wp","href":"https:\/\/api.w.org\/{rel}","templated":true}]}}