{"id":5984,"date":"2018-07-30T10:32:38","date_gmt":"2018-07-30T13:32:38","guid":{"rendered":"http:\/\/ubanews.com\/site\/?p=5984"},"modified":"2018-07-30T10:39:23","modified_gmt":"2018-07-30T13:39:23","slug":"banda-de-musica-e-agraciada-com-o-merito-academico-pela-academia-ubaense-de-letras-aule","status":"publish","type":"post","link":"https:\/\/ubanews.com\/site\/2018\/07\/30\/banda-de-musica-e-agraciada-com-o-merito-academico-pela-academia-ubaense-de-letras-aule\/","title":{"rendered":"BANDA DE M\u00daSICA \u00c9 AGRACIADA COM O M\u00c9RITO ACAD\u00caMICO PELA ACADEMIA UBAENSE DE LETRAS (AULE)"},"content":{"rendered":"<p>Na noite do \u00faltimo s\u00e1bado, dia 28 de Julho de 2018, a Banda de M\u00fasica do 21\u00ba BPM recebeu o Diploma de M\u00e9rito Acad\u00eamico da Academia Ubaense de Letras em Solenidade Comemorativa realizada na C\u00e2mara Municipal de Vereadores da cidade de Ub\u00e1.<\/p>\n<p>Estiveram presentes diversas autoridades e personalidades, entre elas o Sub Comandante do 21\u00ba BPM Sr Major PM Clayton Pereira de S\u00e1 que representou o Comando da Unidade, o Prefeito Municipal Sr Edson Teixeira Filho e a Sra Rosangela Alfenas, Presidente da C\u00e2mara de Vereadores de Ub\u00e1.<\/p>\n<p>&nbsp;O evento marcou a comemora\u00e7\u00e3o da AULE pelo seu <em>\u201cJubileu de Coral\u201d<\/em> no transcurso de seus 35 anos de exist\u00eancia e foi conduzido pelo Presidente da Casa, o Sr Marum Salum Alexander, que em momentos distintos empossou os novos membros efetivos, correspondentes e honor\u00e1rios da Academia e logo ap\u00f3s condecorou os agraciados com o M\u00e9rito Acad\u00eamico.<\/p>\n<p>A Banda de M\u00fasica do 21\u00ba Batalh\u00e3o de Pol\u00edcia Militar de Minas Gerais foi fundada em 18 de Fevereiro do ano de 1994, e muito se destaca no contexto Cultural de Ub\u00e1 e regi\u00e3o, fazendo parte do patrim\u00f4nio art\u00edstico e hist\u00f3rico do povo ubaense. Atuando em sintonia nas quest\u00f5es de preven\u00e7\u00e3o, no\u00e7\u00f5es de civismo e cidadania, contribuindo de uma forma especial para a redu\u00e7\u00e3o dos \u00edndices de criminalidade, promovendo um ambiente de respeito, tranquilidade e cultura de paz nas comunidades, escolas, hospitais, asilos, o 21\u00baBPM tem muito orgulho e satisfa\u00e7\u00e3o tendo em vista que a banda de m\u00fasica influencia, espontaneamente, todo o efetivo da Unidade Militar e, quando levada para al\u00e9m dos muros da caserna, causa admira\u00e7\u00e3o, provocando aplausos em toda a tropa do Sentinela da Zona da Mata!<\/p>\n<p>Gerando desta forma, nos bons patriotas, intensa admira\u00e7\u00e3o pela corpora\u00e7\u00e3o militar. Quem de n\u00f3s poder\u00e1 afirmar que nunca se emocionou ao ver e ouvir uma banda de m\u00fasica executar hinos p\u00e1trios ou desfilar garbosa, despertando uma irresist\u00edvel vontade de marchar ou cantar?<\/p>\n<p>\u00c9 pura magia em forma de convite para avan\u00e7ar, como Napole\u00e3o Bonaparte afirmou: &#8220;Ponha uma banda de m\u00fasica na pra\u00e7a e o povo a seguir\u00e1 para a festa ou para a guerra&#8221;.<\/p>\n<p>A Banda de M\u00fasica foi representada pelo seu regente o 2\u00ba Ten QOE Emerson dos Santos e recebeu juntamente com o Sr Major Clayton o pr\u00eamio pelos relevantes servi\u00e7os prestados.<\/p>\n<p><strong>A<\/strong><strong>SSESSORIA DE COMUNICA\u00c7\u00c3O ORGANIZACIONAL<\/strong><\/p>\n<p><strong><em>Vig\u00e9simo Primeiro Batalh\u00e3o de Pol\u00edcia Militar<\/em><\/strong><\/p>\n","protected":false},"excerpt":{"rendered":"<p>Na noite do \u00faltimo s\u00e1bado, dia 28 de Julho de<\/p>\n","protected":false},"author":2,"featured_media":5985,"comment_status":"open","ping_status":"open","sticky":false,"template":"","format":"standard","meta":{"footnotes":""},"categories":[13],"tags":[],"class_list":["post-5984","post","type-post","status-publish","format-standard","has-post-thumbnail","hentry","category-sintese-das-ocorrencias"],"yoast_head":"<!-- This site is optimized with the Yoast SEO plugin v27.2 - https:\/\/yoast.com\/product\/yoast-seo-wordpress\/ -->\n<title>BANDA DE M\u00daSICA \u00c9 AGRACIADA COM O M\u00c9RITO ACAD\u00caMICO PELA ACADEMIA UBAENSE DE LETRAS (AULE) - Ub\u00e1 News<\/title>\n<meta name=\"robots\" content=\"index, follow, max-snippet:-1, max-image-preview:large, max-video-preview:-1\" \/>\n<link rel=\"canonical\" href=\"https:\/\/ubanews.com\/site\/2018\/07\/30\/banda-de-musica-e-agraciada-com-o-merito-academico-pela-academia-ubaense-de-letras-aule\/\" \/>\n<meta property=\"og:locale\" content=\"pt_BR\" \/>\n<meta property=\"og:type\" content=\"article\" \/>\n<meta property=\"og:title\" content=\"BANDA DE M\u00daSICA \u00c9 AGRACIADA COM O M\u00c9RITO ACAD\u00caMICO PELA ACADEMIA UBAENSE DE LETRAS (AULE) - Ub\u00e1 News\" \/>\n<meta property=\"og:description\" content=\"Na noite do \u00faltimo s\u00e1bado, dia 28 de Julho de\" \/>\n<meta property=\"og:url\" content=\"https:\/\/ubanews.com\/site\/2018\/07\/30\/banda-de-musica-e-agraciada-com-o-merito-academico-pela-academia-ubaense-de-letras-aule\/\" \/>\n<meta property=\"og:site_name\" content=\"Ub\u00e1 News\" \/>\n<meta property=\"article:publisher\" content=\"https:\/\/www.facebook.com\/Ub%c3%a1News-Carlos-Roberto-Sodr%c3%a9-418778301977370\" \/>\n<meta property=\"article:author\" content=\"https:\/\/www.facebook.com\/carosroberto.sodre.5\/\" \/>\n<meta property=\"article:published_time\" content=\"2018-07-30T13:32:38+00:00\" \/>\n<meta property=\"article:modified_time\" content=\"2018-07-30T13:39:23+00:00\" \/>\n<meta property=\"og:image\" content=\"https:\/\/ubanews.com\/site\/wp-content\/uploads\/2018\/07\/DSC_2532.jpg\" \/>\n\t<meta property=\"og:image:width\" content=\"800\" \/>\n\t<meta property=\"og:image:height\" content=\"389\" \/>\n\t<meta property=\"og:image:type\" content=\"image\/jpeg\" \/>\n<meta name=\"author\" content=\"Sodr\u00e9\" \/>\n<meta name=\"twitter:card\" content=\"summary_large_image\" \/>\n<meta name=\"twitter:label1\" content=\"Escrito por\" \/>\n\t<meta name=\"twitter:data1\" content=\"Sodr\u00e9\" \/>\n\t<meta name=\"twitter:label2\" content=\"Est. tempo de leitura\" \/>\n\t<meta name=\"twitter:data2\" content=\"2 minutos\" \/>\n<script type=\"application\/ld+json\" class=\"yoast-schema-graph\">{\"@context\":\"https:\/\/schema.org\",\"@graph\":[{\"@type\":\"Article\",\"@id\":\"https:\/\/ubanews.com\/site\/2018\/07\/30\/banda-de-musica-e-agraciada-com-o-merito-academico-pela-academia-ubaense-de-letras-aule\/#article\",\"isPartOf\":{\"@id\":\"https:\/\/ubanews.com\/site\/2018\/07\/30\/banda-de-musica-e-agraciada-com-o-merito-academico-pela-academia-ubaense-de-letras-aule\/\"},\"author\":{\"name\":\"Sodr\u00e9\",\"@id\":\"https:\/\/ubanews.com\/site\/#\/schema\/person\/d90c9e47252fbb63dcc969fe4c8b9d10\"},\"headline\":\"BANDA DE M\u00daSICA \u00c9 AGRACIADA COM O M\u00c9RITO ACAD\u00caMICO PELA ACADEMIA UBAENSE DE LETRAS (AULE)\",\"datePublished\":\"2018-07-30T13:32:38+00:00\",\"dateModified\":\"2018-07-30T13:39:23+00:00\",\"mainEntityOfPage\":{\"@id\":\"https:\/\/ubanews.com\/site\/2018\/07\/30\/banda-de-musica-e-agraciada-com-o-merito-academico-pela-academia-ubaense-de-letras-aule\/\"},\"wordCount\":440,\"commentCount\":0,\"publisher\":{\"@id\":\"https:\/\/ubanews.com\/site\/#organization\"},\"image\":{\"@id\":\"https:\/\/ubanews.com\/site\/2018\/07\/30\/banda-de-musica-e-agraciada-com-o-merito-academico-pela-academia-ubaense-de-letras-aule\/#primaryimage\"},\"thumbnailUrl\":\"https:\/\/ubanews.com\/site\/wp-content\/uploads\/2018\/07\/DSC_2532.jpg\",\"articleSection\":[\"S\u00edntese das Ocorr\u00eancias\"],\"inLanguage\":\"pt-BR\",\"potentialAction\":[{\"@type\":\"CommentAction\",\"name\":\"Comment\",\"target\":[\"https:\/\/ubanews.com\/site\/2018\/07\/30\/banda-de-musica-e-agraciada-com-o-merito-academico-pela-academia-ubaense-de-letras-aule\/#respond\"]}]},{\"@type\":\"WebPage\",\"@id\":\"https:\/\/ubanews.com\/site\/2018\/07\/30\/banda-de-musica-e-agraciada-com-o-merito-academico-pela-academia-ubaense-de-letras-aule\/\",\"url\":\"https:\/\/ubanews.com\/site\/2018\/07\/30\/banda-de-musica-e-agraciada-com-o-merito-academico-pela-academia-ubaense-de-letras-aule\/\",\"name\":\"BANDA DE M\u00daSICA \u00c9 AGRACIADA COM O M\u00c9RITO ACAD\u00caMICO PELA ACADEMIA UBAENSE DE LETRAS (AULE) - Ub\u00e1 News\",\"isPartOf\":{\"@id\":\"https:\/\/ubanews.com\/site\/#website\"},\"primaryImageOfPage\":{\"@id\":\"https:\/\/ubanews.com\/site\/2018\/07\/30\/banda-de-musica-e-agraciada-com-o-merito-academico-pela-academia-ubaense-de-letras-aule\/#primaryimage\"},\"image\":{\"@id\":\"https:\/\/ubanews.com\/site\/2018\/07\/30\/banda-de-musica-e-agraciada-com-o-merito-academico-pela-academia-ubaense-de-letras-aule\/#primaryimage\"},\"thumbnailUrl\":\"https:\/\/ubanews.com\/site\/wp-content\/uploads\/2018\/07\/DSC_2532.jpg\",\"datePublished\":\"2018-07-30T13:32:38+00:00\",\"dateModified\":\"2018-07-30T13:39:23+00:00\",\"breadcrumb\":{\"@id\":\"https:\/\/ubanews.com\/site\/2018\/07\/30\/banda-de-musica-e-agraciada-com-o-merito-academico-pela-academia-ubaense-de-letras-aule\/#breadcrumb\"},\"inLanguage\":\"pt-BR\",\"potentialAction\":[{\"@type\":\"ReadAction\",\"target\":[\"https:\/\/ubanews.com\/site\/2018\/07\/30\/banda-de-musica-e-agraciada-com-o-merito-academico-pela-academia-ubaense-de-letras-aule\/\"]}]},{\"@type\":\"ImageObject\",\"inLanguage\":\"pt-BR\",\"@id\":\"https:\/\/ubanews.com\/site\/2018\/07\/30\/banda-de-musica-e-agraciada-com-o-merito-academico-pela-academia-ubaense-de-letras-aule\/#primaryimage\",\"url\":\"https:\/\/ubanews.com\/site\/wp-content\/uploads\/2018\/07\/DSC_2532.jpg\",\"contentUrl\":\"https:\/\/ubanews.com\/site\/wp-content\/uploads\/2018\/07\/DSC_2532.jpg\",\"width\":800,\"height\":389},{\"@type\":\"BreadcrumbList\",\"@id\":\"https:\/\/ubanews.com\/site\/2018\/07\/30\/banda-de-musica-e-agraciada-com-o-merito-academico-pela-academia-ubaense-de-letras-aule\/#breadcrumb\",\"itemListElement\":[{\"@type\":\"ListItem\",\"position\":1,\"name\":\"Home\",\"item\":\"https:\/\/ubanews.com\/site\/\"},{\"@type\":\"ListItem\",\"position\":2,\"name\":\"BANDA DE M\u00daSICA \u00c9 AGRACIADA COM O M\u00c9RITO ACAD\u00caMICO PELA ACADEMIA UBAENSE DE LETRAS (AULE)\"}]},{\"@type\":\"WebSite\",\"@id\":\"https:\/\/ubanews.com\/site\/#website\",\"url\":\"https:\/\/ubanews.com\/site\/\",\"name\":\"Ub\u00e1 News\",\"description\":\"\",\"publisher\":{\"@id\":\"https:\/\/ubanews.com\/site\/#organization\"},\"potentialAction\":[{\"@type\":\"SearchAction\",\"target\":{\"@type\":\"EntryPoint\",\"urlTemplate\":\"https:\/\/ubanews.com\/site\/?s={search_term_string}\"},\"query-input\":{\"@type\":\"PropertyValueSpecification\",\"valueRequired\":true,\"valueName\":\"search_term_string\"}}],\"inLanguage\":\"pt-BR\"},{\"@type\":\"Organization\",\"@id\":\"https:\/\/ubanews.com\/site\/#organization\",\"name\":\"Ub\u00e1 News\",\"url\":\"https:\/\/ubanews.com\/site\/\",\"logo\":{\"@type\":\"ImageObject\",\"inLanguage\":\"pt-BR\",\"@id\":\"https:\/\/ubanews.com\/site\/#\/schema\/logo\/image\/\",\"url\":\"https:\/\/ubanews.com\/site\/wp-content\/uploads\/2018\/01\/logoubanews.png\",\"contentUrl\":\"https:\/\/ubanews.com\/site\/wp-content\/uploads\/2018\/01\/logoubanews.png\",\"width\":261,\"height\":99,\"caption\":\"Ub\u00e1 News\"},\"image\":{\"@id\":\"https:\/\/ubanews.com\/site\/#\/schema\/logo\/image\/\"},\"sameAs\":[\"https:\/\/www.facebook.com\/Ub\u00e1News-Carlos-Roberto-Sodr\u00e9-418778301977370\"]},{\"@type\":\"Person\",\"@id\":\"https:\/\/ubanews.com\/site\/#\/schema\/person\/d90c9e47252fbb63dcc969fe4c8b9d10\",\"name\":\"Sodr\u00e9\",\"image\":{\"@type\":\"ImageObject\",\"inLanguage\":\"pt-BR\",\"@id\":\"https:\/\/secure.gravatar.com\/avatar\/5ba2793f0590b9dbfad3fdec4ee714485b3eef211c9b32ee53d414060454a56c?s=96&d=mm&r=g\",\"url\":\"https:\/\/secure.gravatar.com\/avatar\/5ba2793f0590b9dbfad3fdec4ee714485b3eef211c9b32ee53d414060454a56c?s=96&d=mm&r=g\",\"contentUrl\":\"https:\/\/secure.gravatar.com\/avatar\/5ba2793f0590b9dbfad3fdec4ee714485b3eef211c9b32ee53d414060454a56c?s=96&d=mm&r=g\",\"caption\":\"Sodr\u00e9\"},\"sameAs\":[\"https:\/\/www.facebook.com\/carosroberto.sodre.5\/\"],\"url\":\"https:\/\/ubanews.com\/site\/author\/felipe\/\"}]}<\/script>\n<!-- \/ Yoast SEO plugin. -->","yoast_head_json":{"title":"BANDA DE M\u00daSICA \u00c9 AGRACIADA COM O M\u00c9RITO ACAD\u00caMICO PELA ACADEMIA UBAENSE DE LETRAS (AULE) - Ub\u00e1 News","robots":{"index":"index","follow":"follow","max-snippet":"max-snippet:-1","max-image-preview":"max-image-preview:large","max-video-preview":"max-video-preview:-1"},"canonical":"https:\/\/ubanews.com\/site\/2018\/07\/30\/banda-de-musica-e-agraciada-com-o-merito-academico-pela-academia-ubaense-de-letras-aule\/","og_locale":"pt_BR","og_type":"article","og_title":"BANDA DE M\u00daSICA \u00c9 AGRACIADA COM O M\u00c9RITO ACAD\u00caMICO PELA ACADEMIA UBAENSE DE LETRAS (AULE) - Ub\u00e1 News","og_description":"Na noite do \u00faltimo s\u00e1bado, dia 28 de Julho de","og_url":"https:\/\/ubanews.com\/site\/2018\/07\/30\/banda-de-musica-e-agraciada-com-o-merito-academico-pela-academia-ubaense-de-letras-aule\/","og_site_name":"Ub\u00e1 News","article_publisher":"https:\/\/www.facebook.com\/Ub%c3%a1News-Carlos-Roberto-Sodr%c3%a9-418778301977370","article_author":"https:\/\/www.facebook.com\/carosroberto.sodre.5\/","article_published_time":"2018-07-30T13:32:38+00:00","article_modified_time":"2018-07-30T13:39:23+00:00","og_image":[{"width":800,"height":389,"url":"https:\/\/ubanews.com\/site\/wp-content\/uploads\/2018\/07\/DSC_2532.jpg","type":"image\/jpeg"}],"author":"Sodr\u00e9","twitter_card":"summary_large_image","twitter_misc":{"Escrito por":"Sodr\u00e9","Est. tempo de leitura":"2 minutos"},"schema":{"@context":"https:\/\/schema.org","@graph":[{"@type":"Article","@id":"https:\/\/ubanews.com\/site\/2018\/07\/30\/banda-de-musica-e-agraciada-com-o-merito-academico-pela-academia-ubaense-de-letras-aule\/#article","isPartOf":{"@id":"https:\/\/ubanews.com\/site\/2018\/07\/30\/banda-de-musica-e-agraciada-com-o-merito-academico-pela-academia-ubaense-de-letras-aule\/"},"author":{"name":"Sodr\u00e9","@id":"https:\/\/ubanews.com\/site\/#\/schema\/person\/d90c9e47252fbb63dcc969fe4c8b9d10"},"headline":"BANDA DE M\u00daSICA \u00c9 AGRACIADA COM O M\u00c9RITO ACAD\u00caMICO PELA ACADEMIA UBAENSE DE LETRAS (AULE)","datePublished":"2018-07-30T13:32:38+00:00","dateModified":"2018-07-30T13:39:23+00:00","mainEntityOfPage":{"@id":"https:\/\/ubanews.com\/site\/2018\/07\/30\/banda-de-musica-e-agraciada-com-o-merito-academico-pela-academia-ubaense-de-letras-aule\/"},"wordCount":440,"commentCount":0,"publisher":{"@id":"https:\/\/ubanews.com\/site\/#organization"},"image":{"@id":"https:\/\/ubanews.com\/site\/2018\/07\/30\/banda-de-musica-e-agraciada-com-o-merito-academico-pela-academia-ubaense-de-letras-aule\/#primaryimage"},"thumbnailUrl":"https:\/\/ubanews.com\/site\/wp-content\/uploads\/2018\/07\/DSC_2532.jpg","articleSection":["S\u00edntese das Ocorr\u00eancias"],"inLanguage":"pt-BR","potentialAction":[{"@type":"CommentAction","name":"Comment","target":["https:\/\/ubanews.com\/site\/2018\/07\/30\/banda-de-musica-e-agraciada-com-o-merito-academico-pela-academia-ubaense-de-letras-aule\/#respond"]}]},{"@type":"WebPage","@id":"https:\/\/ubanews.com\/site\/2018\/07\/30\/banda-de-musica-e-agraciada-com-o-merito-academico-pela-academia-ubaense-de-letras-aule\/","url":"https:\/\/ubanews.com\/site\/2018\/07\/30\/banda-de-musica-e-agraciada-com-o-merito-academico-pela-academia-ubaense-de-letras-aule\/","name":"BANDA DE M\u00daSICA \u00c9 AGRACIADA COM O M\u00c9RITO ACAD\u00caMICO PELA ACADEMIA UBAENSE DE LETRAS (AULE) - Ub\u00e1 News","isPartOf":{"@id":"https:\/\/ubanews.com\/site\/#website"},"primaryImageOfPage":{"@id":"https:\/\/ubanews.com\/site\/2018\/07\/30\/banda-de-musica-e-agraciada-com-o-merito-academico-pela-academia-ubaense-de-letras-aule\/#primaryimage"},"image":{"@id":"https:\/\/ubanews.com\/site\/2018\/07\/30\/banda-de-musica-e-agraciada-com-o-merito-academico-pela-academia-ubaense-de-letras-aule\/#primaryimage"},"thumbnailUrl":"https:\/\/ubanews.com\/site\/wp-content\/uploads\/2018\/07\/DSC_2532.jpg","datePublished":"2018-07-30T13:32:38+00:00","dateModified":"2018-07-30T13:39:23+00:00","breadcrumb":{"@id":"https:\/\/ubanews.com\/site\/2018\/07\/30\/banda-de-musica-e-agraciada-com-o-merito-academico-pela-academia-ubaense-de-letras-aule\/#breadcrumb"},"inLanguage":"pt-BR","potentialAction":[{"@type":"ReadAction","target":["https:\/\/ubanews.com\/site\/2018\/07\/30\/banda-de-musica-e-agraciada-com-o-merito-academico-pela-academia-ubaense-de-letras-aule\/"]}]},{"@type":"ImageObject","inLanguage":"pt-BR","@id":"https:\/\/ubanews.com\/site\/2018\/07\/30\/banda-de-musica-e-agraciada-com-o-merito-academico-pela-academia-ubaense-de-letras-aule\/#primaryimage","url":"https:\/\/ubanews.com\/site\/wp-content\/uploads\/2018\/07\/DSC_2532.jpg","contentUrl":"https:\/\/ubanews.com\/site\/wp-content\/uploads\/2018\/07\/DSC_2532.jpg","width":800,"height":389},{"@type":"BreadcrumbList","@id":"https:\/\/ubanews.com\/site\/2018\/07\/30\/banda-de-musica-e-agraciada-com-o-merito-academico-pela-academia-ubaense-de-letras-aule\/#breadcrumb","itemListElement":[{"@type":"ListItem","position":1,"name":"Home","item":"https:\/\/ubanews.com\/site\/"},{"@type":"ListItem","position":2,"name":"BANDA DE M\u00daSICA \u00c9 AGRACIADA COM O M\u00c9RITO ACAD\u00caMICO PELA ACADEMIA UBAENSE DE LETRAS (AULE)"}]},{"@type":"WebSite","@id":"https:\/\/ubanews.com\/site\/#website","url":"https:\/\/ubanews.com\/site\/","name":"Ub\u00e1 News","description":"","publisher":{"@id":"https:\/\/ubanews.com\/site\/#organization"},"potentialAction":[{"@type":"SearchAction","target":{"@type":"EntryPoint","urlTemplate":"https:\/\/ubanews.com\/site\/?s={search_term_string}"},"query-input":{"@type":"PropertyValueSpecification","valueRequired":true,"valueName":"search_term_string"}}],"inLanguage":"pt-BR"},{"@type":"Organization","@id":"https:\/\/ubanews.com\/site\/#organization","name":"Ub\u00e1 News","url":"https:\/\/ubanews.com\/site\/","logo":{"@type":"ImageObject","inLanguage":"pt-BR","@id":"https:\/\/ubanews.com\/site\/#\/schema\/logo\/image\/","url":"https:\/\/ubanews.com\/site\/wp-content\/uploads\/2018\/01\/logoubanews.png","contentUrl":"https:\/\/ubanews.com\/site\/wp-content\/uploads\/2018\/01\/logoubanews.png","width":261,"height":99,"caption":"Ub\u00e1 News"},"image":{"@id":"https:\/\/ubanews.com\/site\/#\/schema\/logo\/image\/"},"sameAs":["https:\/\/www.facebook.com\/Ub\u00e1News-Carlos-Roberto-Sodr\u00e9-418778301977370"]},{"@type":"Person","@id":"https:\/\/ubanews.com\/site\/#\/schema\/person\/d90c9e47252fbb63dcc969fe4c8b9d10","name":"Sodr\u00e9","image":{"@type":"ImageObject","inLanguage":"pt-BR","@id":"https:\/\/secure.gravatar.com\/avatar\/5ba2793f0590b9dbfad3fdec4ee714485b3eef211c9b32ee53d414060454a56c?s=96&d=mm&r=g","url":"https:\/\/secure.gravatar.com\/avatar\/5ba2793f0590b9dbfad3fdec4ee714485b3eef211c9b32ee53d414060454a56c?s=96&d=mm&r=g","contentUrl":"https:\/\/secure.gravatar.com\/avatar\/5ba2793f0590b9dbfad3fdec4ee714485b3eef211c9b32ee53d414060454a56c?s=96&d=mm&r=g","caption":"Sodr\u00e9"},"sameAs":["https:\/\/www.facebook.com\/carosroberto.sodre.5\/"],"url":"https:\/\/ubanews.com\/site\/author\/felipe\/"}]}},"_links":{"self":[{"href":"https:\/\/ubanews.com\/site\/wp-json\/wp\/v2\/posts\/5984","targetHints":{"allow":["GET"]}}],"collection":[{"href":"https:\/\/ubanews.com\/site\/wp-json\/wp\/v2\/posts"}],"about":[{"href":"https:\/\/ubanews.com\/site\/wp-json\/wp\/v2\/types\/post"}],"author":[{"embeddable":true,"href":"https:\/\/ubanews.com\/site\/wp-json\/wp\/v2\/users\/2"}],"replies":[{"embeddable":true,"href":"https:\/\/ubanews.com\/site\/wp-json\/wp\/v2\/comments?post=5984"}],"version-history":[{"count":0,"href":"https:\/\/ubanews.com\/site\/wp-json\/wp\/v2\/posts\/5984\/revisions"}],"wp:featuredmedia":[{"embeddable":true,"href":"https:\/\/ubanews.com\/site\/wp-json\/wp\/v2\/media\/5985"}],"wp:attachment":[{"href":"https:\/\/ubanews.com\/site\/wp-json\/wp\/v2\/media?parent=5984"}],"wp:term":[{"taxonomy":"category","embeddable":true,"href":"https:\/\/ubanews.com\/site\/wp-json\/wp\/v2\/categories?post=5984"},{"taxonomy":"post_tag","embeddable":true,"href":"https:\/\/ubanews.com\/site\/wp-json\/wp\/v2\/tags?post=5984"}],"curies":[{"name":"wp","href":"https:\/\/api.w.org\/{rel}","templated":true}]}}