{"id":5978,"date":"2018-07-29T22:09:56","date_gmt":"2018-07-30T01:09:56","guid":{"rendered":"http:\/\/ubanews.com\/site\/?p=5978"},"modified":"2018-08-09T09:01:58","modified_gmt":"2018-08-09T12:01:58","slug":"familiares-e-amigos-de-jovem-de-16-anos-morto-em-acidente-de-transito-se-reunem-na-praca-de-rodeiro-e-pedem-justica","status":"publish","type":"post","link":"https:\/\/ubanews.com\/site\/2018\/07\/29\/familiares-e-amigos-de-jovem-de-16-anos-morto-em-acidente-de-transito-se-reunem-na-praca-de-rodeiro-e-pedem-justica\/","title":{"rendered":"FAMILIARES E AMIGOS DE JOVEM DE 16 ANOS MORTO EM ACIDENTE DE TR\u00c2NSITO SE RE\u00daNEM NA PRA\u00c7A DE RODEIRO E PEDEM JUSTI\u00c7A"},"content":{"rendered":"<p><!--more-->Rony Ferreira de Souza (16) foi v\u00edtima fatal de acidente de tr\u00e2nsito. Ele pilotava uma moto, tendo em sua garupa o adolescente Ivo Coelho Neto (17), esse ficou gravemente ferido, mas recebeu alta no Hospital Santa Isabel, onde esteve internado por quinze dias. Ainda foram envolvidos nesse epis\u00f3dio um fiat Uno, conduzido por J\u00fanior Barbosa Moreira (30), tendo como passageiros Rafael Luciano do Nascimento de Oliveira (22) e Adrian do Nascimento Miranda (16). Os tr\u00eas ficaram gravemente feridos; e ainda um ve\u00edculo Camaro de cor prata, placa LLJ 4306 \u2013 Ub\u00e1\/MG. No momento do acidente o condutor do ve\u00edculo Camaro evadiu do local, se apresentando na delegacia na companhia de um advogado na manh\u00e3 da quinta-feira (19). O Camaro e a motocicleta foram removidos para o p\u00e1tio do Autossocorro MC, autorizado pelo DETRAN, de Visconde do Rio Branco.<\/p>\n<p>Estava programada uma passeata em forma de manifesta\u00e7\u00e3o na tarde deste domingo (29). No entanto, apesar de tudo acertado, n\u00e3o houve ades\u00e3o por parte dos amigos da v\u00edtima. Roger Ferreira de Souza (21) falou \u00e0 nossa reportagem.<\/p>\n<div style=\"position: relative; height: 0; padding-bottom: 56.25%;\"><iframe style=\"position: absolute; width: 100%; height: 100%; left: 0;\" data-src=\"https:\/\/www.youtube.com\/embed\/_dYXyVZYU_E?ecver=2\" width=\"640\" height=\"360\" frameborder=\"0\" allowfullscreen=\"allowfullscreen\" src=\"data:image\/svg+xml;base64,PHN2ZyB3aWR0aD0iMSIgaGVpZ2h0PSIxIiB4bWxucz0iaHR0cDovL3d3dy53My5vcmcvMjAwMC9zdmciPjwvc3ZnPg==\" class=\"lazyload\" data-load-mode=\"1\"><\/iframe><\/div>\n","protected":false},"excerpt":{"rendered":"","protected":false},"author":2,"featured_media":5980,"comment_status":"open","ping_status":"open","sticky":false,"template":"","format":"standard","meta":{"footnotes":""},"categories":[1],"tags":[],"class_list":["post-5978","post","type-post","status-publish","format-standard","has-post-thumbnail","hentry","category-sem-categoria"],"yoast_head":"<!-- This site is optimized with the Yoast SEO plugin v27.2 - https:\/\/yoast.com\/product\/yoast-seo-wordpress\/ -->\n<title>FAMILIARES E AMIGOS DE JOVEM DE 16 ANOS MORTO EM ACIDENTE DE TR\u00c2NSITO SE RE\u00daNEM NA PRA\u00c7A DE RODEIRO E PEDEM JUSTI\u00c7A - Ub\u00e1 News<\/title>\n<meta name=\"robots\" content=\"index, follow, max-snippet:-1, max-image-preview:large, max-video-preview:-1\" \/>\n<link rel=\"canonical\" href=\"https:\/\/ubanews.com\/site\/2018\/07\/29\/familiares-e-amigos-de-jovem-de-16-anos-morto-em-acidente-de-transito-se-reunem-na-praca-de-rodeiro-e-pedem-justica\/\" \/>\n<meta property=\"og:locale\" content=\"pt_BR\" \/>\n<meta property=\"og:type\" content=\"article\" \/>\n<meta property=\"og:title\" content=\"FAMILIARES E AMIGOS DE JOVEM DE 16 ANOS MORTO EM ACIDENTE DE TR\u00c2NSITO SE RE\u00daNEM NA PRA\u00c7A DE RODEIRO E PEDEM JUSTI\u00c7A - Ub\u00e1 News\" \/>\n<meta property=\"og:url\" content=\"https:\/\/ubanews.com\/site\/2018\/07\/29\/familiares-e-amigos-de-jovem-de-16-anos-morto-em-acidente-de-transito-se-reunem-na-praca-de-rodeiro-e-pedem-justica\/\" \/>\n<meta property=\"og:site_name\" content=\"Ub\u00e1 News\" \/>\n<meta property=\"article:publisher\" content=\"https:\/\/www.facebook.com\/Ub%c3%a1News-Carlos-Roberto-Sodr%c3%a9-418778301977370\" \/>\n<meta property=\"article:author\" content=\"https:\/\/www.facebook.com\/carosroberto.sodre.5\/\" \/>\n<meta property=\"article:published_time\" content=\"2018-07-30T01:09:56+00:00\" \/>\n<meta property=\"article:modified_time\" content=\"2018-08-09T12:01:58+00:00\" \/>\n<meta property=\"og:image\" content=\"https:\/\/ubanews.com\/site\/wp-content\/uploads\/2018\/07\/DSC_2753.jpg\" \/>\n\t<meta property=\"og:image:width\" content=\"800\" \/>\n\t<meta property=\"og:image:height\" content=\"389\" \/>\n\t<meta property=\"og:image:type\" content=\"image\/jpeg\" \/>\n<meta name=\"author\" content=\"Sodr\u00e9\" \/>\n<meta name=\"twitter:card\" content=\"summary_large_image\" \/>\n<meta name=\"twitter:label1\" content=\"Escrito por\" \/>\n\t<meta name=\"twitter:data1\" content=\"Sodr\u00e9\" \/>\n\t<meta name=\"twitter:label2\" content=\"Est. tempo de leitura\" \/>\n\t<meta name=\"twitter:data2\" content=\"1 minuto\" \/>\n<script type=\"application\/ld+json\" class=\"yoast-schema-graph\">{\"@context\":\"https:\/\/schema.org\",\"@graph\":[{\"@type\":\"Article\",\"@id\":\"https:\/\/ubanews.com\/site\/2018\/07\/29\/familiares-e-amigos-de-jovem-de-16-anos-morto-em-acidente-de-transito-se-reunem-na-praca-de-rodeiro-e-pedem-justica\/#article\",\"isPartOf\":{\"@id\":\"https:\/\/ubanews.com\/site\/2018\/07\/29\/familiares-e-amigos-de-jovem-de-16-anos-morto-em-acidente-de-transito-se-reunem-na-praca-de-rodeiro-e-pedem-justica\/\"},\"author\":{\"name\":\"Sodr\u00e9\",\"@id\":\"https:\/\/ubanews.com\/site\/#\/schema\/person\/d90c9e47252fbb63dcc969fe4c8b9d10\"},\"headline\":\"FAMILIARES E AMIGOS DE JOVEM DE 16 ANOS MORTO EM ACIDENTE DE TR\u00c2NSITO SE RE\u00daNEM NA PRA\u00c7A DE RODEIRO E PEDEM JUSTI\u00c7A\",\"datePublished\":\"2018-07-30T01:09:56+00:00\",\"dateModified\":\"2018-08-09T12:01:58+00:00\",\"mainEntityOfPage\":{\"@id\":\"https:\/\/ubanews.com\/site\/2018\/07\/29\/familiares-e-amigos-de-jovem-de-16-anos-morto-em-acidente-de-transito-se-reunem-na-praca-de-rodeiro-e-pedem-justica\/\"},\"wordCount\":202,\"commentCount\":1,\"publisher\":{\"@id\":\"https:\/\/ubanews.com\/site\/#organization\"},\"image\":{\"@id\":\"https:\/\/ubanews.com\/site\/2018\/07\/29\/familiares-e-amigos-de-jovem-de-16-anos-morto-em-acidente-de-transito-se-reunem-na-praca-de-rodeiro-e-pedem-justica\/#primaryimage\"},\"thumbnailUrl\":\"https:\/\/ubanews.com\/site\/wp-content\/uploads\/2018\/07\/DSC_2753.jpg\",\"articleSection\":[\"Geral\"],\"inLanguage\":\"pt-BR\",\"potentialAction\":[{\"@type\":\"CommentAction\",\"name\":\"Comment\",\"target\":[\"https:\/\/ubanews.com\/site\/2018\/07\/29\/familiares-e-amigos-de-jovem-de-16-anos-morto-em-acidente-de-transito-se-reunem-na-praca-de-rodeiro-e-pedem-justica\/#respond\"]}]},{\"@type\":\"WebPage\",\"@id\":\"https:\/\/ubanews.com\/site\/2018\/07\/29\/familiares-e-amigos-de-jovem-de-16-anos-morto-em-acidente-de-transito-se-reunem-na-praca-de-rodeiro-e-pedem-justica\/\",\"url\":\"https:\/\/ubanews.com\/site\/2018\/07\/29\/familiares-e-amigos-de-jovem-de-16-anos-morto-em-acidente-de-transito-se-reunem-na-praca-de-rodeiro-e-pedem-justica\/\",\"name\":\"FAMILIARES E AMIGOS DE JOVEM DE 16 ANOS MORTO EM ACIDENTE DE TR\u00c2NSITO SE RE\u00daNEM NA PRA\u00c7A DE RODEIRO E PEDEM JUSTI\u00c7A - Ub\u00e1 News\",\"isPartOf\":{\"@id\":\"https:\/\/ubanews.com\/site\/#website\"},\"primaryImageOfPage\":{\"@id\":\"https:\/\/ubanews.com\/site\/2018\/07\/29\/familiares-e-amigos-de-jovem-de-16-anos-morto-em-acidente-de-transito-se-reunem-na-praca-de-rodeiro-e-pedem-justica\/#primaryimage\"},\"image\":{\"@id\":\"https:\/\/ubanews.com\/site\/2018\/07\/29\/familiares-e-amigos-de-jovem-de-16-anos-morto-em-acidente-de-transito-se-reunem-na-praca-de-rodeiro-e-pedem-justica\/#primaryimage\"},\"thumbnailUrl\":\"https:\/\/ubanews.com\/site\/wp-content\/uploads\/2018\/07\/DSC_2753.jpg\",\"datePublished\":\"2018-07-30T01:09:56+00:00\",\"dateModified\":\"2018-08-09T12:01:58+00:00\",\"breadcrumb\":{\"@id\":\"https:\/\/ubanews.com\/site\/2018\/07\/29\/familiares-e-amigos-de-jovem-de-16-anos-morto-em-acidente-de-transito-se-reunem-na-praca-de-rodeiro-e-pedem-justica\/#breadcrumb\"},\"inLanguage\":\"pt-BR\",\"potentialAction\":[{\"@type\":\"ReadAction\",\"target\":[\"https:\/\/ubanews.com\/site\/2018\/07\/29\/familiares-e-amigos-de-jovem-de-16-anos-morto-em-acidente-de-transito-se-reunem-na-praca-de-rodeiro-e-pedem-justica\/\"]}]},{\"@type\":\"ImageObject\",\"inLanguage\":\"pt-BR\",\"@id\":\"https:\/\/ubanews.com\/site\/2018\/07\/29\/familiares-e-amigos-de-jovem-de-16-anos-morto-em-acidente-de-transito-se-reunem-na-praca-de-rodeiro-e-pedem-justica\/#primaryimage\",\"url\":\"https:\/\/ubanews.com\/site\/wp-content\/uploads\/2018\/07\/DSC_2753.jpg\",\"contentUrl\":\"https:\/\/ubanews.com\/site\/wp-content\/uploads\/2018\/07\/DSC_2753.jpg\",\"width\":800,\"height\":389},{\"@type\":\"BreadcrumbList\",\"@id\":\"https:\/\/ubanews.com\/site\/2018\/07\/29\/familiares-e-amigos-de-jovem-de-16-anos-morto-em-acidente-de-transito-se-reunem-na-praca-de-rodeiro-e-pedem-justica\/#breadcrumb\",\"itemListElement\":[{\"@type\":\"ListItem\",\"position\":1,\"name\":\"Home\",\"item\":\"https:\/\/ubanews.com\/site\/\"},{\"@type\":\"ListItem\",\"position\":2,\"name\":\"FAMILIARES E AMIGOS DE JOVEM DE 16 ANOS MORTO EM ACIDENTE DE TR\u00c2NSITO SE RE\u00daNEM NA PRA\u00c7A DE RODEIRO E PEDEM JUSTI\u00c7A\"}]},{\"@type\":\"WebSite\",\"@id\":\"https:\/\/ubanews.com\/site\/#website\",\"url\":\"https:\/\/ubanews.com\/site\/\",\"name\":\"Ub\u00e1 News\",\"description\":\"\",\"publisher\":{\"@id\":\"https:\/\/ubanews.com\/site\/#organization\"},\"potentialAction\":[{\"@type\":\"SearchAction\",\"target\":{\"@type\":\"EntryPoint\",\"urlTemplate\":\"https:\/\/ubanews.com\/site\/?s={search_term_string}\"},\"query-input\":{\"@type\":\"PropertyValueSpecification\",\"valueRequired\":true,\"valueName\":\"search_term_string\"}}],\"inLanguage\":\"pt-BR\"},{\"@type\":\"Organization\",\"@id\":\"https:\/\/ubanews.com\/site\/#organization\",\"name\":\"Ub\u00e1 News\",\"url\":\"https:\/\/ubanews.com\/site\/\",\"logo\":{\"@type\":\"ImageObject\",\"inLanguage\":\"pt-BR\",\"@id\":\"https:\/\/ubanews.com\/site\/#\/schema\/logo\/image\/\",\"url\":\"https:\/\/ubanews.com\/site\/wp-content\/uploads\/2018\/01\/logoubanews.png\",\"contentUrl\":\"https:\/\/ubanews.com\/site\/wp-content\/uploads\/2018\/01\/logoubanews.png\",\"width\":261,\"height\":99,\"caption\":\"Ub\u00e1 News\"},\"image\":{\"@id\":\"https:\/\/ubanews.com\/site\/#\/schema\/logo\/image\/\"},\"sameAs\":[\"https:\/\/www.facebook.com\/Ub\u00e1News-Carlos-Roberto-Sodr\u00e9-418778301977370\"]},{\"@type\":\"Person\",\"@id\":\"https:\/\/ubanews.com\/site\/#\/schema\/person\/d90c9e47252fbb63dcc969fe4c8b9d10\",\"name\":\"Sodr\u00e9\",\"image\":{\"@type\":\"ImageObject\",\"inLanguage\":\"pt-BR\",\"@id\":\"https:\/\/secure.gravatar.com\/avatar\/5ba2793f0590b9dbfad3fdec4ee714485b3eef211c9b32ee53d414060454a56c?s=96&d=mm&r=g\",\"url\":\"https:\/\/secure.gravatar.com\/avatar\/5ba2793f0590b9dbfad3fdec4ee714485b3eef211c9b32ee53d414060454a56c?s=96&d=mm&r=g\",\"contentUrl\":\"https:\/\/secure.gravatar.com\/avatar\/5ba2793f0590b9dbfad3fdec4ee714485b3eef211c9b32ee53d414060454a56c?s=96&d=mm&r=g\",\"caption\":\"Sodr\u00e9\"},\"sameAs\":[\"https:\/\/www.facebook.com\/carosroberto.sodre.5\/\"],\"url\":\"https:\/\/ubanews.com\/site\/author\/felipe\/\"}]}<\/script>\n<!-- \/ Yoast SEO plugin. -->","yoast_head_json":{"title":"FAMILIARES E AMIGOS DE JOVEM DE 16 ANOS MORTO EM ACIDENTE DE TR\u00c2NSITO SE RE\u00daNEM NA PRA\u00c7A DE RODEIRO E PEDEM JUSTI\u00c7A - Ub\u00e1 News","robots":{"index":"index","follow":"follow","max-snippet":"max-snippet:-1","max-image-preview":"max-image-preview:large","max-video-preview":"max-video-preview:-1"},"canonical":"https:\/\/ubanews.com\/site\/2018\/07\/29\/familiares-e-amigos-de-jovem-de-16-anos-morto-em-acidente-de-transito-se-reunem-na-praca-de-rodeiro-e-pedem-justica\/","og_locale":"pt_BR","og_type":"article","og_title":"FAMILIARES E AMIGOS DE JOVEM DE 16 ANOS MORTO EM ACIDENTE DE TR\u00c2NSITO SE RE\u00daNEM NA PRA\u00c7A DE RODEIRO E PEDEM JUSTI\u00c7A - Ub\u00e1 News","og_url":"https:\/\/ubanews.com\/site\/2018\/07\/29\/familiares-e-amigos-de-jovem-de-16-anos-morto-em-acidente-de-transito-se-reunem-na-praca-de-rodeiro-e-pedem-justica\/","og_site_name":"Ub\u00e1 News","article_publisher":"https:\/\/www.facebook.com\/Ub%c3%a1News-Carlos-Roberto-Sodr%c3%a9-418778301977370","article_author":"https:\/\/www.facebook.com\/carosroberto.sodre.5\/","article_published_time":"2018-07-30T01:09:56+00:00","article_modified_time":"2018-08-09T12:01:58+00:00","og_image":[{"width":800,"height":389,"url":"https:\/\/ubanews.com\/site\/wp-content\/uploads\/2018\/07\/DSC_2753.jpg","type":"image\/jpeg"}],"author":"Sodr\u00e9","twitter_card":"summary_large_image","twitter_misc":{"Escrito por":"Sodr\u00e9","Est. tempo de leitura":"1 minuto"},"schema":{"@context":"https:\/\/schema.org","@graph":[{"@type":"Article","@id":"https:\/\/ubanews.com\/site\/2018\/07\/29\/familiares-e-amigos-de-jovem-de-16-anos-morto-em-acidente-de-transito-se-reunem-na-praca-de-rodeiro-e-pedem-justica\/#article","isPartOf":{"@id":"https:\/\/ubanews.com\/site\/2018\/07\/29\/familiares-e-amigos-de-jovem-de-16-anos-morto-em-acidente-de-transito-se-reunem-na-praca-de-rodeiro-e-pedem-justica\/"},"author":{"name":"Sodr\u00e9","@id":"https:\/\/ubanews.com\/site\/#\/schema\/person\/d90c9e47252fbb63dcc969fe4c8b9d10"},"headline":"FAMILIARES E AMIGOS DE JOVEM DE 16 ANOS MORTO EM ACIDENTE DE TR\u00c2NSITO SE RE\u00daNEM NA PRA\u00c7A DE RODEIRO E PEDEM JUSTI\u00c7A","datePublished":"2018-07-30T01:09:56+00:00","dateModified":"2018-08-09T12:01:58+00:00","mainEntityOfPage":{"@id":"https:\/\/ubanews.com\/site\/2018\/07\/29\/familiares-e-amigos-de-jovem-de-16-anos-morto-em-acidente-de-transito-se-reunem-na-praca-de-rodeiro-e-pedem-justica\/"},"wordCount":202,"commentCount":1,"publisher":{"@id":"https:\/\/ubanews.com\/site\/#organization"},"image":{"@id":"https:\/\/ubanews.com\/site\/2018\/07\/29\/familiares-e-amigos-de-jovem-de-16-anos-morto-em-acidente-de-transito-se-reunem-na-praca-de-rodeiro-e-pedem-justica\/#primaryimage"},"thumbnailUrl":"https:\/\/ubanews.com\/site\/wp-content\/uploads\/2018\/07\/DSC_2753.jpg","articleSection":["Geral"],"inLanguage":"pt-BR","potentialAction":[{"@type":"CommentAction","name":"Comment","target":["https:\/\/ubanews.com\/site\/2018\/07\/29\/familiares-e-amigos-de-jovem-de-16-anos-morto-em-acidente-de-transito-se-reunem-na-praca-de-rodeiro-e-pedem-justica\/#respond"]}]},{"@type":"WebPage","@id":"https:\/\/ubanews.com\/site\/2018\/07\/29\/familiares-e-amigos-de-jovem-de-16-anos-morto-em-acidente-de-transito-se-reunem-na-praca-de-rodeiro-e-pedem-justica\/","url":"https:\/\/ubanews.com\/site\/2018\/07\/29\/familiares-e-amigos-de-jovem-de-16-anos-morto-em-acidente-de-transito-se-reunem-na-praca-de-rodeiro-e-pedem-justica\/","name":"FAMILIARES E AMIGOS DE JOVEM DE 16 ANOS MORTO EM ACIDENTE DE TR\u00c2NSITO SE RE\u00daNEM NA PRA\u00c7A DE RODEIRO E PEDEM JUSTI\u00c7A - Ub\u00e1 News","isPartOf":{"@id":"https:\/\/ubanews.com\/site\/#website"},"primaryImageOfPage":{"@id":"https:\/\/ubanews.com\/site\/2018\/07\/29\/familiares-e-amigos-de-jovem-de-16-anos-morto-em-acidente-de-transito-se-reunem-na-praca-de-rodeiro-e-pedem-justica\/#primaryimage"},"image":{"@id":"https:\/\/ubanews.com\/site\/2018\/07\/29\/familiares-e-amigos-de-jovem-de-16-anos-morto-em-acidente-de-transito-se-reunem-na-praca-de-rodeiro-e-pedem-justica\/#primaryimage"},"thumbnailUrl":"https:\/\/ubanews.com\/site\/wp-content\/uploads\/2018\/07\/DSC_2753.jpg","datePublished":"2018-07-30T01:09:56+00:00","dateModified":"2018-08-09T12:01:58+00:00","breadcrumb":{"@id":"https:\/\/ubanews.com\/site\/2018\/07\/29\/familiares-e-amigos-de-jovem-de-16-anos-morto-em-acidente-de-transito-se-reunem-na-praca-de-rodeiro-e-pedem-justica\/#breadcrumb"},"inLanguage":"pt-BR","potentialAction":[{"@type":"ReadAction","target":["https:\/\/ubanews.com\/site\/2018\/07\/29\/familiares-e-amigos-de-jovem-de-16-anos-morto-em-acidente-de-transito-se-reunem-na-praca-de-rodeiro-e-pedem-justica\/"]}]},{"@type":"ImageObject","inLanguage":"pt-BR","@id":"https:\/\/ubanews.com\/site\/2018\/07\/29\/familiares-e-amigos-de-jovem-de-16-anos-morto-em-acidente-de-transito-se-reunem-na-praca-de-rodeiro-e-pedem-justica\/#primaryimage","url":"https:\/\/ubanews.com\/site\/wp-content\/uploads\/2018\/07\/DSC_2753.jpg","contentUrl":"https:\/\/ubanews.com\/site\/wp-content\/uploads\/2018\/07\/DSC_2753.jpg","width":800,"height":389},{"@type":"BreadcrumbList","@id":"https:\/\/ubanews.com\/site\/2018\/07\/29\/familiares-e-amigos-de-jovem-de-16-anos-morto-em-acidente-de-transito-se-reunem-na-praca-de-rodeiro-e-pedem-justica\/#breadcrumb","itemListElement":[{"@type":"ListItem","position":1,"name":"Home","item":"https:\/\/ubanews.com\/site\/"},{"@type":"ListItem","position":2,"name":"FAMILIARES E AMIGOS DE JOVEM DE 16 ANOS MORTO EM ACIDENTE DE TR\u00c2NSITO SE RE\u00daNEM NA PRA\u00c7A DE RODEIRO E PEDEM JUSTI\u00c7A"}]},{"@type":"WebSite","@id":"https:\/\/ubanews.com\/site\/#website","url":"https:\/\/ubanews.com\/site\/","name":"Ub\u00e1 News","description":"","publisher":{"@id":"https:\/\/ubanews.com\/site\/#organization"},"potentialAction":[{"@type":"SearchAction","target":{"@type":"EntryPoint","urlTemplate":"https:\/\/ubanews.com\/site\/?s={search_term_string}"},"query-input":{"@type":"PropertyValueSpecification","valueRequired":true,"valueName":"search_term_string"}}],"inLanguage":"pt-BR"},{"@type":"Organization","@id":"https:\/\/ubanews.com\/site\/#organization","name":"Ub\u00e1 News","url":"https:\/\/ubanews.com\/site\/","logo":{"@type":"ImageObject","inLanguage":"pt-BR","@id":"https:\/\/ubanews.com\/site\/#\/schema\/logo\/image\/","url":"https:\/\/ubanews.com\/site\/wp-content\/uploads\/2018\/01\/logoubanews.png","contentUrl":"https:\/\/ubanews.com\/site\/wp-content\/uploads\/2018\/01\/logoubanews.png","width":261,"height":99,"caption":"Ub\u00e1 News"},"image":{"@id":"https:\/\/ubanews.com\/site\/#\/schema\/logo\/image\/"},"sameAs":["https:\/\/www.facebook.com\/Ub\u00e1News-Carlos-Roberto-Sodr\u00e9-418778301977370"]},{"@type":"Person","@id":"https:\/\/ubanews.com\/site\/#\/schema\/person\/d90c9e47252fbb63dcc969fe4c8b9d10","name":"Sodr\u00e9","image":{"@type":"ImageObject","inLanguage":"pt-BR","@id":"https:\/\/secure.gravatar.com\/avatar\/5ba2793f0590b9dbfad3fdec4ee714485b3eef211c9b32ee53d414060454a56c?s=96&d=mm&r=g","url":"https:\/\/secure.gravatar.com\/avatar\/5ba2793f0590b9dbfad3fdec4ee714485b3eef211c9b32ee53d414060454a56c?s=96&d=mm&r=g","contentUrl":"https:\/\/secure.gravatar.com\/avatar\/5ba2793f0590b9dbfad3fdec4ee714485b3eef211c9b32ee53d414060454a56c?s=96&d=mm&r=g","caption":"Sodr\u00e9"},"sameAs":["https:\/\/www.facebook.com\/carosroberto.sodre.5\/"],"url":"https:\/\/ubanews.com\/site\/author\/felipe\/"}]}},"_links":{"self":[{"href":"https:\/\/ubanews.com\/site\/wp-json\/wp\/v2\/posts\/5978","targetHints":{"allow":["GET"]}}],"collection":[{"href":"https:\/\/ubanews.com\/site\/wp-json\/wp\/v2\/posts"}],"about":[{"href":"https:\/\/ubanews.com\/site\/wp-json\/wp\/v2\/types\/post"}],"author":[{"embeddable":true,"href":"https:\/\/ubanews.com\/site\/wp-json\/wp\/v2\/users\/2"}],"replies":[{"embeddable":true,"href":"https:\/\/ubanews.com\/site\/wp-json\/wp\/v2\/comments?post=5978"}],"version-history":[{"count":0,"href":"https:\/\/ubanews.com\/site\/wp-json\/wp\/v2\/posts\/5978\/revisions"}],"wp:featuredmedia":[{"embeddable":true,"href":"https:\/\/ubanews.com\/site\/wp-json\/wp\/v2\/media\/5980"}],"wp:attachment":[{"href":"https:\/\/ubanews.com\/site\/wp-json\/wp\/v2\/media?parent=5978"}],"wp:term":[{"taxonomy":"category","embeddable":true,"href":"https:\/\/ubanews.com\/site\/wp-json\/wp\/v2\/categories?post=5978"},{"taxonomy":"post_tag","embeddable":true,"href":"https:\/\/ubanews.com\/site\/wp-json\/wp\/v2\/tags?post=5978"}],"curies":[{"name":"wp","href":"https:\/\/api.w.org\/{rel}","templated":true}]}}