{"id":5895,"date":"2018-07-28T09:29:42","date_gmt":"2018-07-28T12:29:42","guid":{"rendered":"http:\/\/ubanews.com\/site\/?p=5895"},"modified":"2018-07-30T10:42:16","modified_gmt":"2018-07-30T13:42:16","slug":"militar-da-reserva-e-filho-da-terra-busca-apoio-visando-uma-cadeira-na-camara-federal","status":"publish","type":"post","link":"https:\/\/ubanews.com\/site\/2018\/07\/28\/militar-da-reserva-e-filho-da-terra-busca-apoio-visando-uma-cadeira-na-camara-federal\/","title":{"rendered":"MILITAR DA RESERVA E FILHO DA TERRA BUSCA APOIO VISANDO UMA CADEIRA NA C\u00c2MARA FEDERAL"},"content":{"rendered":"<p><a href=\"https:\/\/ubanews.com\/site\/wp-content\/uploads\/2018\/07\/DSC_1978-copiar.jpg\"><img decoding=\"async\" class=\"alignnone size-medium wp-image-5899 lazyload\" data-src=\"https:\/\/ubanews.com\/site\/wp-content\/uploads\/2018\/07\/DSC_1978-copiar-300x171.jpg\" alt=\"\" width=\"300\" height=\"171\" data-srcset=\"https:\/\/ubanews.com\/site\/wp-content\/uploads\/2018\/07\/DSC_1978-copiar-300x171.jpg 300w, https:\/\/ubanews.com\/site\/wp-content\/uploads\/2018\/07\/DSC_1978-copiar-768x439.jpg 768w, https:\/\/ubanews.com\/site\/wp-content\/uploads\/2018\/07\/DSC_1978-copiar.jpg 800w\" data-sizes=\"(max-width: 300px) 100vw, 300px\" src=\"data:image\/svg+xml;base64,PHN2ZyB3aWR0aD0iMSIgaGVpZ2h0PSIxIiB4bWxucz0iaHR0cDovL3d3dy53My5vcmcvMjAwMC9zdmciPjwvc3ZnPg==\" style=\"--smush-placeholder-width: 300px; --smush-placeholder-aspect-ratio: 300\/171;\" \/><\/a> <a href=\"https:\/\/ubanews.com\/site\/wp-content\/uploads\/2018\/07\/DSC_1985-copiar.jpg\"><img decoding=\"async\" class=\"alignnone size-medium wp-image-5900 lazyload\" data-src=\"https:\/\/ubanews.com\/site\/wp-content\/uploads\/2018\/07\/DSC_1985-copiar-300x171.jpg\" alt=\"\" width=\"300\" height=\"171\" data-srcset=\"https:\/\/ubanews.com\/site\/wp-content\/uploads\/2018\/07\/DSC_1985-copiar-300x171.jpg 300w, https:\/\/ubanews.com\/site\/wp-content\/uploads\/2018\/07\/DSC_1985-copiar-768x439.jpg 768w, https:\/\/ubanews.com\/site\/wp-content\/uploads\/2018\/07\/DSC_1985-copiar.jpg 800w\" data-sizes=\"(max-width: 300px) 100vw, 300px\" src=\"data:image\/svg+xml;base64,PHN2ZyB3aWR0aD0iMSIgaGVpZ2h0PSIxIiB4bWxucz0iaHR0cDovL3d3dy53My5vcmcvMjAwMC9zdmciPjwvc3ZnPg==\" style=\"--smush-placeholder-width: 300px; --smush-placeholder-aspect-ratio: 300\/171;\" \/><\/a><a href=\"https:\/\/ubanews.com\/site\/wp-content\/uploads\/2018\/07\/001-10.jpg\"><img decoding=\"async\" class=\"alignnone size-medium wp-image-5901 lazyload\" data-src=\"https:\/\/ubanews.com\/site\/wp-content\/uploads\/2018\/07\/001-10-300x169.jpg\" alt=\"\" width=\"300\" height=\"169\" data-srcset=\"https:\/\/ubanews.com\/site\/wp-content\/uploads\/2018\/07\/001-10-300x169.jpg 300w, https:\/\/ubanews.com\/site\/wp-content\/uploads\/2018\/07\/001-10-768x432.jpg 768w, https:\/\/ubanews.com\/site\/wp-content\/uploads\/2018\/07\/001-10.jpg 800w\" data-sizes=\"(max-width: 300px) 100vw, 300px\" src=\"data:image\/svg+xml;base64,PHN2ZyB3aWR0aD0iMSIgaGVpZ2h0PSIxIiB4bWxucz0iaHR0cDovL3d3dy53My5vcmcvMjAwMC9zdmciPjwvc3ZnPg==\" style=\"--smush-placeholder-width: 300px; --smush-placeholder-aspect-ratio: 300\/169;\" \/><\/a> <a href=\"https:\/\/ubanews.com\/site\/wp-content\/uploads\/2018\/07\/002-3.jpg\"><img decoding=\"async\" class=\"alignnone size-medium wp-image-5902 lazyload\" data-src=\"https:\/\/ubanews.com\/site\/wp-content\/uploads\/2018\/07\/002-3-300x171.jpg\" alt=\"\" width=\"300\" height=\"171\" data-srcset=\"https:\/\/ubanews.com\/site\/wp-content\/uploads\/2018\/07\/002-3-300x171.jpg 300w, https:\/\/ubanews.com\/site\/wp-content\/uploads\/2018\/07\/002-3-768x439.jpg 768w, https:\/\/ubanews.com\/site\/wp-content\/uploads\/2018\/07\/002-3.jpg 800w\" data-sizes=\"(max-width: 300px) 100vw, 300px\" src=\"data:image\/svg+xml;base64,PHN2ZyB3aWR0aD0iMSIgaGVpZ2h0PSIxIiB4bWxucz0iaHR0cDovL3d3dy53My5vcmcvMjAwMC9zdmciPjwvc3ZnPg==\" style=\"--smush-placeholder-width: 300px; --smush-placeholder-aspect-ratio: 300\/171;\" \/><\/a><\/p>\n<p>O ex-Comandante Geral da Pol\u00edcia Militar do Estado de Minas Gerais, Cel Marco Ant\u00f4nio Badar\u00f3 Bianchini, pr\u00e9-candidato a deputado federal continua com sua peregrina\u00e7\u00e3o pelo Estado, buscando apoio \u00e0 sua futura candidatura \u00e0 C\u00e2mara de Deputados, elei\u00e7\u00f5es confirmadas para 07 de outubro.<\/p>\n<p>Sua agenda foi intensa nesta semana na cidade. Na quinta-feira (26) foi recebido no Rotary Club Ub\u00e1, onde durante quarenta minutos falou aos rotarianos de suas ideias e projetos para ajudar o pa\u00eds a se erguer novamente. No dia seguinte, o militar da reserva, foi prestigiado por uma seleta plateia na C\u00e2mara Municipal.<\/p>\n<p>Quando esteve no comando da PMMG, Cel Bianchini trouxe muitos recursos na \u00e1rea da Seguran\u00e7a P\u00fablica. Foi importante na Escola de Forma\u00e7\u00e3o de 130 Policiais Militares, permanecendo todos eles aqui na regi\u00e3o de Ub\u00e1. Nossa equipe conversou com o ex-Comandante. &nbsp;<\/p>\n<p><iframe data-src=\"https:\/\/www.youtube.com\/embed\/L4XnmAcPvg4\" width=\"560\" height=\"315\" frameborder=\"0\" allowfullscreen=\"allowfullscreen\" src=\"data:image\/svg+xml;base64,PHN2ZyB3aWR0aD0iMSIgaGVpZ2h0PSIxIiB4bWxucz0iaHR0cDovL3d3dy53My5vcmcvMjAwMC9zdmciPjwvc3ZnPg==\" class=\"lazyload\" data-load-mode=\"1\"><\/iframe>&nbsp;<\/p>\n","protected":false},"excerpt":{"rendered":"<p>O ex-Comandante Geral da Pol\u00edcia Militar do Estado de Minas<\/p>\n","protected":false},"author":2,"featured_media":5898,"comment_status":"open","ping_status":"open","sticky":false,"template":"","format":"standard","meta":{"footnotes":""},"categories":[1],"tags":[],"class_list":["post-5895","post","type-post","status-publish","format-standard","has-post-thumbnail","hentry","category-sem-categoria"],"yoast_head":"<!-- This site is optimized with the Yoast SEO plugin v27.2 - https:\/\/yoast.com\/product\/yoast-seo-wordpress\/ -->\n<title>MILITAR DA RESERVA E FILHO DA TERRA BUSCA APOIO VISANDO UMA CADEIRA NA C\u00c2MARA FEDERAL - Ub\u00e1 News<\/title>\n<meta name=\"robots\" content=\"index, follow, max-snippet:-1, max-image-preview:large, max-video-preview:-1\" \/>\n<link rel=\"canonical\" href=\"https:\/\/ubanews.com\/site\/2018\/07\/28\/militar-da-reserva-e-filho-da-terra-busca-apoio-visando-uma-cadeira-na-camara-federal\/\" \/>\n<meta property=\"og:locale\" content=\"pt_BR\" \/>\n<meta property=\"og:type\" content=\"article\" \/>\n<meta property=\"og:title\" content=\"MILITAR DA RESERVA E FILHO DA TERRA BUSCA APOIO VISANDO UMA CADEIRA NA C\u00c2MARA FEDERAL - Ub\u00e1 News\" \/>\n<meta property=\"og:description\" content=\"O ex-Comandante Geral da Pol\u00edcia Militar do Estado de Minas\" \/>\n<meta property=\"og:url\" content=\"https:\/\/ubanews.com\/site\/2018\/07\/28\/militar-da-reserva-e-filho-da-terra-busca-apoio-visando-uma-cadeira-na-camara-federal\/\" \/>\n<meta property=\"og:site_name\" content=\"Ub\u00e1 News\" \/>\n<meta property=\"article:publisher\" content=\"https:\/\/www.facebook.com\/Ub%c3%a1News-Carlos-Roberto-Sodr%c3%a9-418778301977370\" \/>\n<meta property=\"article:author\" content=\"https:\/\/www.facebook.com\/carosroberto.sodre.5\/\" \/>\n<meta property=\"article:published_time\" content=\"2018-07-28T12:29:42+00:00\" \/>\n<meta property=\"article:modified_time\" content=\"2018-07-30T13:42:16+00:00\" \/>\n<meta property=\"og:image\" content=\"https:\/\/ubanews.com\/site\/wp-content\/uploads\/2018\/07\/DSC_1976-copiar.jpg\" \/>\n\t<meta property=\"og:image:width\" content=\"800\" \/>\n\t<meta property=\"og:image:height\" content=\"389\" \/>\n\t<meta property=\"og:image:type\" content=\"image\/jpeg\" \/>\n<meta name=\"author\" content=\"Sodr\u00e9\" \/>\n<meta name=\"twitter:card\" content=\"summary_large_image\" \/>\n<meta name=\"twitter:label1\" content=\"Escrito por\" \/>\n\t<meta name=\"twitter:data1\" content=\"Sodr\u00e9\" \/>\n\t<meta name=\"twitter:label2\" content=\"Est. tempo de leitura\" \/>\n\t<meta name=\"twitter:data2\" content=\"1 minuto\" \/>\n<script type=\"application\/ld+json\" class=\"yoast-schema-graph\">{\"@context\":\"https:\/\/schema.org\",\"@graph\":[{\"@type\":\"Article\",\"@id\":\"https:\/\/ubanews.com\/site\/2018\/07\/28\/militar-da-reserva-e-filho-da-terra-busca-apoio-visando-uma-cadeira-na-camara-federal\/#article\",\"isPartOf\":{\"@id\":\"https:\/\/ubanews.com\/site\/2018\/07\/28\/militar-da-reserva-e-filho-da-terra-busca-apoio-visando-uma-cadeira-na-camara-federal\/\"},\"author\":{\"name\":\"Sodr\u00e9\",\"@id\":\"https:\/\/ubanews.com\/site\/#\/schema\/person\/d90c9e47252fbb63dcc969fe4c8b9d10\"},\"headline\":\"MILITAR DA RESERVA E FILHO DA TERRA BUSCA APOIO VISANDO UMA CADEIRA NA C\u00c2MARA FEDERAL\",\"datePublished\":\"2018-07-28T12:29:42+00:00\",\"dateModified\":\"2018-07-30T13:42:16+00:00\",\"mainEntityOfPage\":{\"@id\":\"https:\/\/ubanews.com\/site\/2018\/07\/28\/militar-da-reserva-e-filho-da-terra-busca-apoio-visando-uma-cadeira-na-camara-federal\/\"},\"wordCount\":160,\"commentCount\":0,\"publisher\":{\"@id\":\"https:\/\/ubanews.com\/site\/#organization\"},\"image\":{\"@id\":\"https:\/\/ubanews.com\/site\/2018\/07\/28\/militar-da-reserva-e-filho-da-terra-busca-apoio-visando-uma-cadeira-na-camara-federal\/#primaryimage\"},\"thumbnailUrl\":\"https:\/\/ubanews.com\/site\/wp-content\/uploads\/2018\/07\/DSC_1976-copiar.jpg\",\"articleSection\":[\"Geral\"],\"inLanguage\":\"pt-BR\",\"potentialAction\":[{\"@type\":\"CommentAction\",\"name\":\"Comment\",\"target\":[\"https:\/\/ubanews.com\/site\/2018\/07\/28\/militar-da-reserva-e-filho-da-terra-busca-apoio-visando-uma-cadeira-na-camara-federal\/#respond\"]}]},{\"@type\":\"WebPage\",\"@id\":\"https:\/\/ubanews.com\/site\/2018\/07\/28\/militar-da-reserva-e-filho-da-terra-busca-apoio-visando-uma-cadeira-na-camara-federal\/\",\"url\":\"https:\/\/ubanews.com\/site\/2018\/07\/28\/militar-da-reserva-e-filho-da-terra-busca-apoio-visando-uma-cadeira-na-camara-federal\/\",\"name\":\"MILITAR DA RESERVA E FILHO DA TERRA BUSCA APOIO VISANDO UMA CADEIRA NA C\u00c2MARA FEDERAL - Ub\u00e1 News\",\"isPartOf\":{\"@id\":\"https:\/\/ubanews.com\/site\/#website\"},\"primaryImageOfPage\":{\"@id\":\"https:\/\/ubanews.com\/site\/2018\/07\/28\/militar-da-reserva-e-filho-da-terra-busca-apoio-visando-uma-cadeira-na-camara-federal\/#primaryimage\"},\"image\":{\"@id\":\"https:\/\/ubanews.com\/site\/2018\/07\/28\/militar-da-reserva-e-filho-da-terra-busca-apoio-visando-uma-cadeira-na-camara-federal\/#primaryimage\"},\"thumbnailUrl\":\"https:\/\/ubanews.com\/site\/wp-content\/uploads\/2018\/07\/DSC_1976-copiar.jpg\",\"datePublished\":\"2018-07-28T12:29:42+00:00\",\"dateModified\":\"2018-07-30T13:42:16+00:00\",\"breadcrumb\":{\"@id\":\"https:\/\/ubanews.com\/site\/2018\/07\/28\/militar-da-reserva-e-filho-da-terra-busca-apoio-visando-uma-cadeira-na-camara-federal\/#breadcrumb\"},\"inLanguage\":\"pt-BR\",\"potentialAction\":[{\"@type\":\"ReadAction\",\"target\":[\"https:\/\/ubanews.com\/site\/2018\/07\/28\/militar-da-reserva-e-filho-da-terra-busca-apoio-visando-uma-cadeira-na-camara-federal\/\"]}]},{\"@type\":\"ImageObject\",\"inLanguage\":\"pt-BR\",\"@id\":\"https:\/\/ubanews.com\/site\/2018\/07\/28\/militar-da-reserva-e-filho-da-terra-busca-apoio-visando-uma-cadeira-na-camara-federal\/#primaryimage\",\"url\":\"https:\/\/ubanews.com\/site\/wp-content\/uploads\/2018\/07\/DSC_1976-copiar.jpg\",\"contentUrl\":\"https:\/\/ubanews.com\/site\/wp-content\/uploads\/2018\/07\/DSC_1976-copiar.jpg\",\"width\":800,\"height\":389},{\"@type\":\"BreadcrumbList\",\"@id\":\"https:\/\/ubanews.com\/site\/2018\/07\/28\/militar-da-reserva-e-filho-da-terra-busca-apoio-visando-uma-cadeira-na-camara-federal\/#breadcrumb\",\"itemListElement\":[{\"@type\":\"ListItem\",\"position\":1,\"name\":\"Home\",\"item\":\"https:\/\/ubanews.com\/site\/\"},{\"@type\":\"ListItem\",\"position\":2,\"name\":\"MILITAR DA RESERVA E FILHO DA TERRA BUSCA APOIO VISANDO UMA CADEIRA NA C\u00c2MARA FEDERAL\"}]},{\"@type\":\"WebSite\",\"@id\":\"https:\/\/ubanews.com\/site\/#website\",\"url\":\"https:\/\/ubanews.com\/site\/\",\"name\":\"Ub\u00e1 News\",\"description\":\"\",\"publisher\":{\"@id\":\"https:\/\/ubanews.com\/site\/#organization\"},\"potentialAction\":[{\"@type\":\"SearchAction\",\"target\":{\"@type\":\"EntryPoint\",\"urlTemplate\":\"https:\/\/ubanews.com\/site\/?s={search_term_string}\"},\"query-input\":{\"@type\":\"PropertyValueSpecification\",\"valueRequired\":true,\"valueName\":\"search_term_string\"}}],\"inLanguage\":\"pt-BR\"},{\"@type\":\"Organization\",\"@id\":\"https:\/\/ubanews.com\/site\/#organization\",\"name\":\"Ub\u00e1 News\",\"url\":\"https:\/\/ubanews.com\/site\/\",\"logo\":{\"@type\":\"ImageObject\",\"inLanguage\":\"pt-BR\",\"@id\":\"https:\/\/ubanews.com\/site\/#\/schema\/logo\/image\/\",\"url\":\"https:\/\/ubanews.com\/site\/wp-content\/uploads\/2018\/01\/logoubanews.png\",\"contentUrl\":\"https:\/\/ubanews.com\/site\/wp-content\/uploads\/2018\/01\/logoubanews.png\",\"width\":261,\"height\":99,\"caption\":\"Ub\u00e1 News\"},\"image\":{\"@id\":\"https:\/\/ubanews.com\/site\/#\/schema\/logo\/image\/\"},\"sameAs\":[\"https:\/\/www.facebook.com\/Ub\u00e1News-Carlos-Roberto-Sodr\u00e9-418778301977370\"]},{\"@type\":\"Person\",\"@id\":\"https:\/\/ubanews.com\/site\/#\/schema\/person\/d90c9e47252fbb63dcc969fe4c8b9d10\",\"name\":\"Sodr\u00e9\",\"image\":{\"@type\":\"ImageObject\",\"inLanguage\":\"pt-BR\",\"@id\":\"https:\/\/secure.gravatar.com\/avatar\/5ba2793f0590b9dbfad3fdec4ee714485b3eef211c9b32ee53d414060454a56c?s=96&d=mm&r=g\",\"url\":\"https:\/\/secure.gravatar.com\/avatar\/5ba2793f0590b9dbfad3fdec4ee714485b3eef211c9b32ee53d414060454a56c?s=96&d=mm&r=g\",\"contentUrl\":\"https:\/\/secure.gravatar.com\/avatar\/5ba2793f0590b9dbfad3fdec4ee714485b3eef211c9b32ee53d414060454a56c?s=96&d=mm&r=g\",\"caption\":\"Sodr\u00e9\"},\"sameAs\":[\"https:\/\/www.facebook.com\/carosroberto.sodre.5\/\"],\"url\":\"https:\/\/ubanews.com\/site\/author\/felipe\/\"}]}<\/script>\n<!-- \/ Yoast SEO plugin. -->","yoast_head_json":{"title":"MILITAR DA RESERVA E FILHO DA TERRA BUSCA APOIO VISANDO UMA CADEIRA NA C\u00c2MARA FEDERAL - Ub\u00e1 News","robots":{"index":"index","follow":"follow","max-snippet":"max-snippet:-1","max-image-preview":"max-image-preview:large","max-video-preview":"max-video-preview:-1"},"canonical":"https:\/\/ubanews.com\/site\/2018\/07\/28\/militar-da-reserva-e-filho-da-terra-busca-apoio-visando-uma-cadeira-na-camara-federal\/","og_locale":"pt_BR","og_type":"article","og_title":"MILITAR DA RESERVA E FILHO DA TERRA BUSCA APOIO VISANDO UMA CADEIRA NA C\u00c2MARA FEDERAL - Ub\u00e1 News","og_description":"O ex-Comandante Geral da Pol\u00edcia Militar do Estado de Minas","og_url":"https:\/\/ubanews.com\/site\/2018\/07\/28\/militar-da-reserva-e-filho-da-terra-busca-apoio-visando-uma-cadeira-na-camara-federal\/","og_site_name":"Ub\u00e1 News","article_publisher":"https:\/\/www.facebook.com\/Ub%c3%a1News-Carlos-Roberto-Sodr%c3%a9-418778301977370","article_author":"https:\/\/www.facebook.com\/carosroberto.sodre.5\/","article_published_time":"2018-07-28T12:29:42+00:00","article_modified_time":"2018-07-30T13:42:16+00:00","og_image":[{"width":800,"height":389,"url":"https:\/\/ubanews.com\/site\/wp-content\/uploads\/2018\/07\/DSC_1976-copiar.jpg","type":"image\/jpeg"}],"author":"Sodr\u00e9","twitter_card":"summary_large_image","twitter_misc":{"Escrito por":"Sodr\u00e9","Est. tempo de leitura":"1 minuto"},"schema":{"@context":"https:\/\/schema.org","@graph":[{"@type":"Article","@id":"https:\/\/ubanews.com\/site\/2018\/07\/28\/militar-da-reserva-e-filho-da-terra-busca-apoio-visando-uma-cadeira-na-camara-federal\/#article","isPartOf":{"@id":"https:\/\/ubanews.com\/site\/2018\/07\/28\/militar-da-reserva-e-filho-da-terra-busca-apoio-visando-uma-cadeira-na-camara-federal\/"},"author":{"name":"Sodr\u00e9","@id":"https:\/\/ubanews.com\/site\/#\/schema\/person\/d90c9e47252fbb63dcc969fe4c8b9d10"},"headline":"MILITAR DA RESERVA E FILHO DA TERRA BUSCA APOIO VISANDO UMA CADEIRA NA C\u00c2MARA FEDERAL","datePublished":"2018-07-28T12:29:42+00:00","dateModified":"2018-07-30T13:42:16+00:00","mainEntityOfPage":{"@id":"https:\/\/ubanews.com\/site\/2018\/07\/28\/militar-da-reserva-e-filho-da-terra-busca-apoio-visando-uma-cadeira-na-camara-federal\/"},"wordCount":160,"commentCount":0,"publisher":{"@id":"https:\/\/ubanews.com\/site\/#organization"},"image":{"@id":"https:\/\/ubanews.com\/site\/2018\/07\/28\/militar-da-reserva-e-filho-da-terra-busca-apoio-visando-uma-cadeira-na-camara-federal\/#primaryimage"},"thumbnailUrl":"https:\/\/ubanews.com\/site\/wp-content\/uploads\/2018\/07\/DSC_1976-copiar.jpg","articleSection":["Geral"],"inLanguage":"pt-BR","potentialAction":[{"@type":"CommentAction","name":"Comment","target":["https:\/\/ubanews.com\/site\/2018\/07\/28\/militar-da-reserva-e-filho-da-terra-busca-apoio-visando-uma-cadeira-na-camara-federal\/#respond"]}]},{"@type":"WebPage","@id":"https:\/\/ubanews.com\/site\/2018\/07\/28\/militar-da-reserva-e-filho-da-terra-busca-apoio-visando-uma-cadeira-na-camara-federal\/","url":"https:\/\/ubanews.com\/site\/2018\/07\/28\/militar-da-reserva-e-filho-da-terra-busca-apoio-visando-uma-cadeira-na-camara-federal\/","name":"MILITAR DA RESERVA E FILHO DA TERRA BUSCA APOIO VISANDO UMA CADEIRA NA C\u00c2MARA FEDERAL - Ub\u00e1 News","isPartOf":{"@id":"https:\/\/ubanews.com\/site\/#website"},"primaryImageOfPage":{"@id":"https:\/\/ubanews.com\/site\/2018\/07\/28\/militar-da-reserva-e-filho-da-terra-busca-apoio-visando-uma-cadeira-na-camara-federal\/#primaryimage"},"image":{"@id":"https:\/\/ubanews.com\/site\/2018\/07\/28\/militar-da-reserva-e-filho-da-terra-busca-apoio-visando-uma-cadeira-na-camara-federal\/#primaryimage"},"thumbnailUrl":"https:\/\/ubanews.com\/site\/wp-content\/uploads\/2018\/07\/DSC_1976-copiar.jpg","datePublished":"2018-07-28T12:29:42+00:00","dateModified":"2018-07-30T13:42:16+00:00","breadcrumb":{"@id":"https:\/\/ubanews.com\/site\/2018\/07\/28\/militar-da-reserva-e-filho-da-terra-busca-apoio-visando-uma-cadeira-na-camara-federal\/#breadcrumb"},"inLanguage":"pt-BR","potentialAction":[{"@type":"ReadAction","target":["https:\/\/ubanews.com\/site\/2018\/07\/28\/militar-da-reserva-e-filho-da-terra-busca-apoio-visando-uma-cadeira-na-camara-federal\/"]}]},{"@type":"ImageObject","inLanguage":"pt-BR","@id":"https:\/\/ubanews.com\/site\/2018\/07\/28\/militar-da-reserva-e-filho-da-terra-busca-apoio-visando-uma-cadeira-na-camara-federal\/#primaryimage","url":"https:\/\/ubanews.com\/site\/wp-content\/uploads\/2018\/07\/DSC_1976-copiar.jpg","contentUrl":"https:\/\/ubanews.com\/site\/wp-content\/uploads\/2018\/07\/DSC_1976-copiar.jpg","width":800,"height":389},{"@type":"BreadcrumbList","@id":"https:\/\/ubanews.com\/site\/2018\/07\/28\/militar-da-reserva-e-filho-da-terra-busca-apoio-visando-uma-cadeira-na-camara-federal\/#breadcrumb","itemListElement":[{"@type":"ListItem","position":1,"name":"Home","item":"https:\/\/ubanews.com\/site\/"},{"@type":"ListItem","position":2,"name":"MILITAR DA RESERVA E FILHO DA TERRA BUSCA APOIO VISANDO UMA CADEIRA NA C\u00c2MARA FEDERAL"}]},{"@type":"WebSite","@id":"https:\/\/ubanews.com\/site\/#website","url":"https:\/\/ubanews.com\/site\/","name":"Ub\u00e1 News","description":"","publisher":{"@id":"https:\/\/ubanews.com\/site\/#organization"},"potentialAction":[{"@type":"SearchAction","target":{"@type":"EntryPoint","urlTemplate":"https:\/\/ubanews.com\/site\/?s={search_term_string}"},"query-input":{"@type":"PropertyValueSpecification","valueRequired":true,"valueName":"search_term_string"}}],"inLanguage":"pt-BR"},{"@type":"Organization","@id":"https:\/\/ubanews.com\/site\/#organization","name":"Ub\u00e1 News","url":"https:\/\/ubanews.com\/site\/","logo":{"@type":"ImageObject","inLanguage":"pt-BR","@id":"https:\/\/ubanews.com\/site\/#\/schema\/logo\/image\/","url":"https:\/\/ubanews.com\/site\/wp-content\/uploads\/2018\/01\/logoubanews.png","contentUrl":"https:\/\/ubanews.com\/site\/wp-content\/uploads\/2018\/01\/logoubanews.png","width":261,"height":99,"caption":"Ub\u00e1 News"},"image":{"@id":"https:\/\/ubanews.com\/site\/#\/schema\/logo\/image\/"},"sameAs":["https:\/\/www.facebook.com\/Ub\u00e1News-Carlos-Roberto-Sodr\u00e9-418778301977370"]},{"@type":"Person","@id":"https:\/\/ubanews.com\/site\/#\/schema\/person\/d90c9e47252fbb63dcc969fe4c8b9d10","name":"Sodr\u00e9","image":{"@type":"ImageObject","inLanguage":"pt-BR","@id":"https:\/\/secure.gravatar.com\/avatar\/5ba2793f0590b9dbfad3fdec4ee714485b3eef211c9b32ee53d414060454a56c?s=96&d=mm&r=g","url":"https:\/\/secure.gravatar.com\/avatar\/5ba2793f0590b9dbfad3fdec4ee714485b3eef211c9b32ee53d414060454a56c?s=96&d=mm&r=g","contentUrl":"https:\/\/secure.gravatar.com\/avatar\/5ba2793f0590b9dbfad3fdec4ee714485b3eef211c9b32ee53d414060454a56c?s=96&d=mm&r=g","caption":"Sodr\u00e9"},"sameAs":["https:\/\/www.facebook.com\/carosroberto.sodre.5\/"],"url":"https:\/\/ubanews.com\/site\/author\/felipe\/"}]}},"_links":{"self":[{"href":"https:\/\/ubanews.com\/site\/wp-json\/wp\/v2\/posts\/5895","targetHints":{"allow":["GET"]}}],"collection":[{"href":"https:\/\/ubanews.com\/site\/wp-json\/wp\/v2\/posts"}],"about":[{"href":"https:\/\/ubanews.com\/site\/wp-json\/wp\/v2\/types\/post"}],"author":[{"embeddable":true,"href":"https:\/\/ubanews.com\/site\/wp-json\/wp\/v2\/users\/2"}],"replies":[{"embeddable":true,"href":"https:\/\/ubanews.com\/site\/wp-json\/wp\/v2\/comments?post=5895"}],"version-history":[{"count":0,"href":"https:\/\/ubanews.com\/site\/wp-json\/wp\/v2\/posts\/5895\/revisions"}],"wp:featuredmedia":[{"embeddable":true,"href":"https:\/\/ubanews.com\/site\/wp-json\/wp\/v2\/media\/5898"}],"wp:attachment":[{"href":"https:\/\/ubanews.com\/site\/wp-json\/wp\/v2\/media?parent=5895"}],"wp:term":[{"taxonomy":"category","embeddable":true,"href":"https:\/\/ubanews.com\/site\/wp-json\/wp\/v2\/categories?post=5895"},{"taxonomy":"post_tag","embeddable":true,"href":"https:\/\/ubanews.com\/site\/wp-json\/wp\/v2\/tags?post=5895"}],"curies":[{"name":"wp","href":"https:\/\/api.w.org\/{rel}","templated":true}]}}