{"id":5886,"date":"2018-07-27T11:05:58","date_gmt":"2018-07-27T14:05:58","guid":{"rendered":"http:\/\/ubanews.com\/site\/?p=5886"},"modified":"2018-07-27T11:05:58","modified_gmt":"2018-07-27T14:05:58","slug":"receptacao-de-aparelho-celular-leva-uma-pessoa-presa","status":"publish","type":"post","link":"https:\/\/ubanews.com\/site\/2018\/07\/27\/receptacao-de-aparelho-celular-leva-uma-pessoa-presa\/","title":{"rendered":"RECEPTA\u00c7\u00c3O DE APARELHO CELULAR LEVA UMA PESSOA PRESA"},"content":{"rendered":"<p>No dia 25 de julho \u00e0s 10h45min a PM foi acionada por um jovem de 18 anos procurou a PM e relatou que no \u00faltimo dia 21\/07 foi v\u00edtima de um assalto, registrado pela PM, e que teria sido levado um celular, contudo este jovem de 18 anos estava rastreando seu celular e constatava que seu aparelho estava na Av. Ver\u00edssimo Mendon\u00e7a, Bairro Para\u00edso, Cataguases.<\/p>\n<p>Diante das informa\u00e7\u00f5es os militares foram at\u00e9 o endere\u00e7o apontado pelo rastreador sendo em uma loja de consertos de aparelho celular. Em contato com o propriet\u00e1rio que informou o aparelho teria sido deixado por Aur\u00e9lio Brito Ferreira de 21 anos para consertar. Com estas novas informa\u00e7\u00f5es os militares foram at\u00e9 o endere\u00e7o de Aur\u00e9lio que alegou que sua irm\u00e3, Juliana Ferreira Brito e seu namorado Nathan do Carmo teriam lhe vendido o celular.<\/p>\n<p>Em seguida os militares realizaram o rastreamento na tentativa de localizar Juliana e Nathan, contudo n\u00e3o foram encontrados, mas est\u00e3o qualificados no Boletim de ocorr\u00eancia como suspeitos e ser\u00e3o investigados.<\/p>\n<p>Aur\u00e9lio Brito Ferreira foi preso e conduzido at\u00e9 a Delegacia de Pol\u00edcia Civil com o celular apreendido.<\/p>\n<p><strong>Recepta\u00e7\u00e3o:<\/strong><\/p>\n<p>Art. 180 &#8211; Adquirir, receber, transportar, conduzir ou ocultar, em proveito pr\u00f3prio ou alheio, coisa que sabe ser produto de <strong>crime<\/strong>, ou influir para que terceiro, de boa-f\u00e9, a adquira, receba ou oculte: Pena &#8211; reclus\u00e3o, de um a quatro anos, e multa.<\/p>\n<p><strong>&nbsp;<\/strong><strong>Passagens Policiais de <\/strong><strong>Aur\u00e9lio Brito Ferreira<\/strong><\/p>\n<p>Les\u00e3o corporal em 05\/04\/2012<\/p>\n<p>Rixa em 19\/08\/2011<\/p>\n","protected":false},"excerpt":{"rendered":"<p>No dia 25 de julho \u00e0s 10h45min a PM foi<\/p>\n","protected":false},"author":2,"featured_media":5887,"comment_status":"open","ping_status":"open","sticky":false,"template":"","format":"standard","meta":{"footnotes":""},"categories":[13],"tags":[],"class_list":["post-5886","post","type-post","status-publish","format-standard","has-post-thumbnail","hentry","category-sintese-das-ocorrencias"],"yoast_head":"<!-- This site is optimized with the Yoast SEO plugin v27.2 - https:\/\/yoast.com\/product\/yoast-seo-wordpress\/ -->\n<title>RECEPTA\u00c7\u00c3O DE APARELHO CELULAR LEVA UMA PESSOA PRESA - Ub\u00e1 News<\/title>\n<meta name=\"robots\" content=\"index, follow, max-snippet:-1, max-image-preview:large, max-video-preview:-1\" \/>\n<link rel=\"canonical\" href=\"https:\/\/ubanews.com\/site\/2018\/07\/27\/receptacao-de-aparelho-celular-leva-uma-pessoa-presa\/\" \/>\n<meta property=\"og:locale\" content=\"pt_BR\" \/>\n<meta property=\"og:type\" content=\"article\" \/>\n<meta property=\"og:title\" content=\"RECEPTA\u00c7\u00c3O DE APARELHO CELULAR LEVA UMA PESSOA PRESA - Ub\u00e1 News\" \/>\n<meta property=\"og:description\" content=\"No dia 25 de julho \u00e0s 10h45min a PM foi\" \/>\n<meta property=\"og:url\" content=\"https:\/\/ubanews.com\/site\/2018\/07\/27\/receptacao-de-aparelho-celular-leva-uma-pessoa-presa\/\" \/>\n<meta property=\"og:site_name\" content=\"Ub\u00e1 News\" \/>\n<meta property=\"article:publisher\" content=\"https:\/\/www.facebook.com\/Ub%c3%a1News-Carlos-Roberto-Sodr%c3%a9-418778301977370\" \/>\n<meta property=\"article:author\" content=\"https:\/\/www.facebook.com\/carosroberto.sodre.5\/\" \/>\n<meta property=\"article:published_time\" content=\"2018-07-27T14:05:58+00:00\" \/>\n<meta property=\"og:image\" content=\"https:\/\/ubanews.com\/site\/wp-content\/uploads\/2018\/07\/celular.jpg\" \/>\n\t<meta property=\"og:image:width\" content=\"800\" \/>\n\t<meta property=\"og:image:height\" content=\"389\" \/>\n\t<meta property=\"og:image:type\" content=\"image\/jpeg\" \/>\n<meta name=\"author\" content=\"Sodr\u00e9\" \/>\n<meta name=\"twitter:card\" content=\"summary_large_image\" \/>\n<meta name=\"twitter:label1\" content=\"Escrito por\" \/>\n\t<meta name=\"twitter:data1\" content=\"Sodr\u00e9\" \/>\n\t<meta name=\"twitter:label2\" content=\"Est. tempo de leitura\" \/>\n\t<meta name=\"twitter:data2\" content=\"1 minuto\" \/>\n<script type=\"application\/ld+json\" class=\"yoast-schema-graph\">{\"@context\":\"https:\/\/schema.org\",\"@graph\":[{\"@type\":\"Article\",\"@id\":\"https:\/\/ubanews.com\/site\/2018\/07\/27\/receptacao-de-aparelho-celular-leva-uma-pessoa-presa\/#article\",\"isPartOf\":{\"@id\":\"https:\/\/ubanews.com\/site\/2018\/07\/27\/receptacao-de-aparelho-celular-leva-uma-pessoa-presa\/\"},\"author\":{\"name\":\"Sodr\u00e9\",\"@id\":\"https:\/\/ubanews.com\/site\/#\/schema\/person\/d90c9e47252fbb63dcc969fe4c8b9d10\"},\"headline\":\"RECEPTA\u00c7\u00c3O DE APARELHO CELULAR LEVA UMA PESSOA PRESA\",\"datePublished\":\"2018-07-27T14:05:58+00:00\",\"mainEntityOfPage\":{\"@id\":\"https:\/\/ubanews.com\/site\/2018\/07\/27\/receptacao-de-aparelho-celular-leva-uma-pessoa-presa\/\"},\"wordCount\":267,\"commentCount\":0,\"publisher\":{\"@id\":\"https:\/\/ubanews.com\/site\/#organization\"},\"image\":{\"@id\":\"https:\/\/ubanews.com\/site\/2018\/07\/27\/receptacao-de-aparelho-celular-leva-uma-pessoa-presa\/#primaryimage\"},\"thumbnailUrl\":\"https:\/\/ubanews.com\/site\/wp-content\/uploads\/2018\/07\/celular.jpg\",\"articleSection\":[\"S\u00edntese das Ocorr\u00eancias\"],\"inLanguage\":\"pt-BR\",\"potentialAction\":[{\"@type\":\"CommentAction\",\"name\":\"Comment\",\"target\":[\"https:\/\/ubanews.com\/site\/2018\/07\/27\/receptacao-de-aparelho-celular-leva-uma-pessoa-presa\/#respond\"]}]},{\"@type\":\"WebPage\",\"@id\":\"https:\/\/ubanews.com\/site\/2018\/07\/27\/receptacao-de-aparelho-celular-leva-uma-pessoa-presa\/\",\"url\":\"https:\/\/ubanews.com\/site\/2018\/07\/27\/receptacao-de-aparelho-celular-leva-uma-pessoa-presa\/\",\"name\":\"RECEPTA\u00c7\u00c3O DE APARELHO CELULAR LEVA UMA PESSOA PRESA - Ub\u00e1 News\",\"isPartOf\":{\"@id\":\"https:\/\/ubanews.com\/site\/#website\"},\"primaryImageOfPage\":{\"@id\":\"https:\/\/ubanews.com\/site\/2018\/07\/27\/receptacao-de-aparelho-celular-leva-uma-pessoa-presa\/#primaryimage\"},\"image\":{\"@id\":\"https:\/\/ubanews.com\/site\/2018\/07\/27\/receptacao-de-aparelho-celular-leva-uma-pessoa-presa\/#primaryimage\"},\"thumbnailUrl\":\"https:\/\/ubanews.com\/site\/wp-content\/uploads\/2018\/07\/celular.jpg\",\"datePublished\":\"2018-07-27T14:05:58+00:00\",\"breadcrumb\":{\"@id\":\"https:\/\/ubanews.com\/site\/2018\/07\/27\/receptacao-de-aparelho-celular-leva-uma-pessoa-presa\/#breadcrumb\"},\"inLanguage\":\"pt-BR\",\"potentialAction\":[{\"@type\":\"ReadAction\",\"target\":[\"https:\/\/ubanews.com\/site\/2018\/07\/27\/receptacao-de-aparelho-celular-leva-uma-pessoa-presa\/\"]}]},{\"@type\":\"ImageObject\",\"inLanguage\":\"pt-BR\",\"@id\":\"https:\/\/ubanews.com\/site\/2018\/07\/27\/receptacao-de-aparelho-celular-leva-uma-pessoa-presa\/#primaryimage\",\"url\":\"https:\/\/ubanews.com\/site\/wp-content\/uploads\/2018\/07\/celular.jpg\",\"contentUrl\":\"https:\/\/ubanews.com\/site\/wp-content\/uploads\/2018\/07\/celular.jpg\",\"width\":800,\"height\":389},{\"@type\":\"BreadcrumbList\",\"@id\":\"https:\/\/ubanews.com\/site\/2018\/07\/27\/receptacao-de-aparelho-celular-leva-uma-pessoa-presa\/#breadcrumb\",\"itemListElement\":[{\"@type\":\"ListItem\",\"position\":1,\"name\":\"Home\",\"item\":\"https:\/\/ubanews.com\/site\/\"},{\"@type\":\"ListItem\",\"position\":2,\"name\":\"RECEPTA\u00c7\u00c3O DE APARELHO CELULAR LEVA UMA PESSOA PRESA\"}]},{\"@type\":\"WebSite\",\"@id\":\"https:\/\/ubanews.com\/site\/#website\",\"url\":\"https:\/\/ubanews.com\/site\/\",\"name\":\"Ub\u00e1 News\",\"description\":\"\",\"publisher\":{\"@id\":\"https:\/\/ubanews.com\/site\/#organization\"},\"potentialAction\":[{\"@type\":\"SearchAction\",\"target\":{\"@type\":\"EntryPoint\",\"urlTemplate\":\"https:\/\/ubanews.com\/site\/?s={search_term_string}\"},\"query-input\":{\"@type\":\"PropertyValueSpecification\",\"valueRequired\":true,\"valueName\":\"search_term_string\"}}],\"inLanguage\":\"pt-BR\"},{\"@type\":\"Organization\",\"@id\":\"https:\/\/ubanews.com\/site\/#organization\",\"name\":\"Ub\u00e1 News\",\"url\":\"https:\/\/ubanews.com\/site\/\",\"logo\":{\"@type\":\"ImageObject\",\"inLanguage\":\"pt-BR\",\"@id\":\"https:\/\/ubanews.com\/site\/#\/schema\/logo\/image\/\",\"url\":\"https:\/\/ubanews.com\/site\/wp-content\/uploads\/2018\/01\/logoubanews.png\",\"contentUrl\":\"https:\/\/ubanews.com\/site\/wp-content\/uploads\/2018\/01\/logoubanews.png\",\"width\":261,\"height\":99,\"caption\":\"Ub\u00e1 News\"},\"image\":{\"@id\":\"https:\/\/ubanews.com\/site\/#\/schema\/logo\/image\/\"},\"sameAs\":[\"https:\/\/www.facebook.com\/Ub\u00e1News-Carlos-Roberto-Sodr\u00e9-418778301977370\"]},{\"@type\":\"Person\",\"@id\":\"https:\/\/ubanews.com\/site\/#\/schema\/person\/d90c9e47252fbb63dcc969fe4c8b9d10\",\"name\":\"Sodr\u00e9\",\"image\":{\"@type\":\"ImageObject\",\"inLanguage\":\"pt-BR\",\"@id\":\"https:\/\/secure.gravatar.com\/avatar\/5ba2793f0590b9dbfad3fdec4ee714485b3eef211c9b32ee53d414060454a56c?s=96&d=mm&r=g\",\"url\":\"https:\/\/secure.gravatar.com\/avatar\/5ba2793f0590b9dbfad3fdec4ee714485b3eef211c9b32ee53d414060454a56c?s=96&d=mm&r=g\",\"contentUrl\":\"https:\/\/secure.gravatar.com\/avatar\/5ba2793f0590b9dbfad3fdec4ee714485b3eef211c9b32ee53d414060454a56c?s=96&d=mm&r=g\",\"caption\":\"Sodr\u00e9\"},\"sameAs\":[\"https:\/\/www.facebook.com\/carosroberto.sodre.5\/\"],\"url\":\"https:\/\/ubanews.com\/site\/author\/felipe\/\"}]}<\/script>\n<!-- \/ Yoast SEO plugin. -->","yoast_head_json":{"title":"RECEPTA\u00c7\u00c3O DE APARELHO CELULAR LEVA UMA PESSOA PRESA - Ub\u00e1 News","robots":{"index":"index","follow":"follow","max-snippet":"max-snippet:-1","max-image-preview":"max-image-preview:large","max-video-preview":"max-video-preview:-1"},"canonical":"https:\/\/ubanews.com\/site\/2018\/07\/27\/receptacao-de-aparelho-celular-leva-uma-pessoa-presa\/","og_locale":"pt_BR","og_type":"article","og_title":"RECEPTA\u00c7\u00c3O DE APARELHO CELULAR LEVA UMA PESSOA PRESA - Ub\u00e1 News","og_description":"No dia 25 de julho \u00e0s 10h45min a PM foi","og_url":"https:\/\/ubanews.com\/site\/2018\/07\/27\/receptacao-de-aparelho-celular-leva-uma-pessoa-presa\/","og_site_name":"Ub\u00e1 News","article_publisher":"https:\/\/www.facebook.com\/Ub%c3%a1News-Carlos-Roberto-Sodr%c3%a9-418778301977370","article_author":"https:\/\/www.facebook.com\/carosroberto.sodre.5\/","article_published_time":"2018-07-27T14:05:58+00:00","og_image":[{"width":800,"height":389,"url":"https:\/\/ubanews.com\/site\/wp-content\/uploads\/2018\/07\/celular.jpg","type":"image\/jpeg"}],"author":"Sodr\u00e9","twitter_card":"summary_large_image","twitter_misc":{"Escrito por":"Sodr\u00e9","Est. tempo de leitura":"1 minuto"},"schema":{"@context":"https:\/\/schema.org","@graph":[{"@type":"Article","@id":"https:\/\/ubanews.com\/site\/2018\/07\/27\/receptacao-de-aparelho-celular-leva-uma-pessoa-presa\/#article","isPartOf":{"@id":"https:\/\/ubanews.com\/site\/2018\/07\/27\/receptacao-de-aparelho-celular-leva-uma-pessoa-presa\/"},"author":{"name":"Sodr\u00e9","@id":"https:\/\/ubanews.com\/site\/#\/schema\/person\/d90c9e47252fbb63dcc969fe4c8b9d10"},"headline":"RECEPTA\u00c7\u00c3O DE APARELHO CELULAR LEVA UMA PESSOA PRESA","datePublished":"2018-07-27T14:05:58+00:00","mainEntityOfPage":{"@id":"https:\/\/ubanews.com\/site\/2018\/07\/27\/receptacao-de-aparelho-celular-leva-uma-pessoa-presa\/"},"wordCount":267,"commentCount":0,"publisher":{"@id":"https:\/\/ubanews.com\/site\/#organization"},"image":{"@id":"https:\/\/ubanews.com\/site\/2018\/07\/27\/receptacao-de-aparelho-celular-leva-uma-pessoa-presa\/#primaryimage"},"thumbnailUrl":"https:\/\/ubanews.com\/site\/wp-content\/uploads\/2018\/07\/celular.jpg","articleSection":["S\u00edntese das Ocorr\u00eancias"],"inLanguage":"pt-BR","potentialAction":[{"@type":"CommentAction","name":"Comment","target":["https:\/\/ubanews.com\/site\/2018\/07\/27\/receptacao-de-aparelho-celular-leva-uma-pessoa-presa\/#respond"]}]},{"@type":"WebPage","@id":"https:\/\/ubanews.com\/site\/2018\/07\/27\/receptacao-de-aparelho-celular-leva-uma-pessoa-presa\/","url":"https:\/\/ubanews.com\/site\/2018\/07\/27\/receptacao-de-aparelho-celular-leva-uma-pessoa-presa\/","name":"RECEPTA\u00c7\u00c3O DE APARELHO CELULAR LEVA UMA PESSOA PRESA - Ub\u00e1 News","isPartOf":{"@id":"https:\/\/ubanews.com\/site\/#website"},"primaryImageOfPage":{"@id":"https:\/\/ubanews.com\/site\/2018\/07\/27\/receptacao-de-aparelho-celular-leva-uma-pessoa-presa\/#primaryimage"},"image":{"@id":"https:\/\/ubanews.com\/site\/2018\/07\/27\/receptacao-de-aparelho-celular-leva-uma-pessoa-presa\/#primaryimage"},"thumbnailUrl":"https:\/\/ubanews.com\/site\/wp-content\/uploads\/2018\/07\/celular.jpg","datePublished":"2018-07-27T14:05:58+00:00","breadcrumb":{"@id":"https:\/\/ubanews.com\/site\/2018\/07\/27\/receptacao-de-aparelho-celular-leva-uma-pessoa-presa\/#breadcrumb"},"inLanguage":"pt-BR","potentialAction":[{"@type":"ReadAction","target":["https:\/\/ubanews.com\/site\/2018\/07\/27\/receptacao-de-aparelho-celular-leva-uma-pessoa-presa\/"]}]},{"@type":"ImageObject","inLanguage":"pt-BR","@id":"https:\/\/ubanews.com\/site\/2018\/07\/27\/receptacao-de-aparelho-celular-leva-uma-pessoa-presa\/#primaryimage","url":"https:\/\/ubanews.com\/site\/wp-content\/uploads\/2018\/07\/celular.jpg","contentUrl":"https:\/\/ubanews.com\/site\/wp-content\/uploads\/2018\/07\/celular.jpg","width":800,"height":389},{"@type":"BreadcrumbList","@id":"https:\/\/ubanews.com\/site\/2018\/07\/27\/receptacao-de-aparelho-celular-leva-uma-pessoa-presa\/#breadcrumb","itemListElement":[{"@type":"ListItem","position":1,"name":"Home","item":"https:\/\/ubanews.com\/site\/"},{"@type":"ListItem","position":2,"name":"RECEPTA\u00c7\u00c3O DE APARELHO CELULAR LEVA UMA PESSOA PRESA"}]},{"@type":"WebSite","@id":"https:\/\/ubanews.com\/site\/#website","url":"https:\/\/ubanews.com\/site\/","name":"Ub\u00e1 News","description":"","publisher":{"@id":"https:\/\/ubanews.com\/site\/#organization"},"potentialAction":[{"@type":"SearchAction","target":{"@type":"EntryPoint","urlTemplate":"https:\/\/ubanews.com\/site\/?s={search_term_string}"},"query-input":{"@type":"PropertyValueSpecification","valueRequired":true,"valueName":"search_term_string"}}],"inLanguage":"pt-BR"},{"@type":"Organization","@id":"https:\/\/ubanews.com\/site\/#organization","name":"Ub\u00e1 News","url":"https:\/\/ubanews.com\/site\/","logo":{"@type":"ImageObject","inLanguage":"pt-BR","@id":"https:\/\/ubanews.com\/site\/#\/schema\/logo\/image\/","url":"https:\/\/ubanews.com\/site\/wp-content\/uploads\/2018\/01\/logoubanews.png","contentUrl":"https:\/\/ubanews.com\/site\/wp-content\/uploads\/2018\/01\/logoubanews.png","width":261,"height":99,"caption":"Ub\u00e1 News"},"image":{"@id":"https:\/\/ubanews.com\/site\/#\/schema\/logo\/image\/"},"sameAs":["https:\/\/www.facebook.com\/Ub\u00e1News-Carlos-Roberto-Sodr\u00e9-418778301977370"]},{"@type":"Person","@id":"https:\/\/ubanews.com\/site\/#\/schema\/person\/d90c9e47252fbb63dcc969fe4c8b9d10","name":"Sodr\u00e9","image":{"@type":"ImageObject","inLanguage":"pt-BR","@id":"https:\/\/secure.gravatar.com\/avatar\/5ba2793f0590b9dbfad3fdec4ee714485b3eef211c9b32ee53d414060454a56c?s=96&d=mm&r=g","url":"https:\/\/secure.gravatar.com\/avatar\/5ba2793f0590b9dbfad3fdec4ee714485b3eef211c9b32ee53d414060454a56c?s=96&d=mm&r=g","contentUrl":"https:\/\/secure.gravatar.com\/avatar\/5ba2793f0590b9dbfad3fdec4ee714485b3eef211c9b32ee53d414060454a56c?s=96&d=mm&r=g","caption":"Sodr\u00e9"},"sameAs":["https:\/\/www.facebook.com\/carosroberto.sodre.5\/"],"url":"https:\/\/ubanews.com\/site\/author\/felipe\/"}]}},"_links":{"self":[{"href":"https:\/\/ubanews.com\/site\/wp-json\/wp\/v2\/posts\/5886","targetHints":{"allow":["GET"]}}],"collection":[{"href":"https:\/\/ubanews.com\/site\/wp-json\/wp\/v2\/posts"}],"about":[{"href":"https:\/\/ubanews.com\/site\/wp-json\/wp\/v2\/types\/post"}],"author":[{"embeddable":true,"href":"https:\/\/ubanews.com\/site\/wp-json\/wp\/v2\/users\/2"}],"replies":[{"embeddable":true,"href":"https:\/\/ubanews.com\/site\/wp-json\/wp\/v2\/comments?post=5886"}],"version-history":[{"count":0,"href":"https:\/\/ubanews.com\/site\/wp-json\/wp\/v2\/posts\/5886\/revisions"}],"wp:featuredmedia":[{"embeddable":true,"href":"https:\/\/ubanews.com\/site\/wp-json\/wp\/v2\/media\/5887"}],"wp:attachment":[{"href":"https:\/\/ubanews.com\/site\/wp-json\/wp\/v2\/media?parent=5886"}],"wp:term":[{"taxonomy":"category","embeddable":true,"href":"https:\/\/ubanews.com\/site\/wp-json\/wp\/v2\/categories?post=5886"},{"taxonomy":"post_tag","embeddable":true,"href":"https:\/\/ubanews.com\/site\/wp-json\/wp\/v2\/tags?post=5886"}],"curies":[{"name":"wp","href":"https:\/\/api.w.org\/{rel}","templated":true}]}}