{"id":5884,"date":"2018-07-27T10:58:50","date_gmt":"2018-07-27T13:58:50","guid":{"rendered":"http:\/\/ubanews.com\/site\/?p=5884"},"modified":"2018-07-27T10:58:50","modified_gmt":"2018-07-27T13:58:50","slug":"briga-em-bar-termina-com-vitima-no-hospital-em-estado-grave-e-com-risco-de-morte","status":"publish","type":"post","link":"https:\/\/ubanews.com\/site\/2018\/07\/27\/briga-em-bar-termina-com-vitima-no-hospital-em-estado-grave-e-com-risco-de-morte\/","title":{"rendered":"Briga em bar termina com vitima no hospital em estado grave e com risco de morte"},"content":{"rendered":"<p>No dia 26 de julho \u00e0s 03h13min a Pol\u00edcia Militar foi acionada via 190 onde informa\u00e7\u00f5es davam conta que um homem de 25 anos havia sido esfaqueado no Distrito de Piacatuba. De imediato os militares foram at\u00e9 a Rua Jos\u00e9 Furtado de Mendon\u00e7a.<\/p>\n<p>Quando a guarni\u00e7\u00e3o policial chegou no endere\u00e7o, a v\u00edtima Nilton Ramos Nicolau de 35 anos estava sendo socorrido pela equipe do SAMU. Os militares fizeram contato com a am\u00e1sia de Nilton que o casal estavam em um bar quando Sebasti\u00e3o Luiz da Paz de 48 anos, apelido Baianinho passou pelo casal olhando fixo que ent\u00e3o seu am\u00e1sio, Nilton, questionou se Baianinho estava cantando sua companheira, tendo ambos entrado em discuss\u00e3o, gerando atrito verbal entre as partes. Diante o conflito, Baianinho saiu prometendo retornar ao bar para acertar as contas. Passados alguns minutos Sebasti\u00e3o, vulgo Baianinho, voltou segurando alguma coisa oculta debaixo da manga de sua blusa de frio, vindo na sequ\u00eancia caminhar na dire\u00e7\u00e3o de Nilton que desconfiou que seria atacado, saiu correndo sendo perseguido por Sebasti\u00e3o. Nilton entrou em um loteamento quando foi alcan\u00e7ado por Baianinho que desferiu v\u00e1rios golpes de fac\u00e3o. Nilton saiu do local ensanguentado pedindo por socorro.<\/p>\n<p>Diante do crime os militares iniciaram o rastreamento pelo Distrito quando receberam informa\u00e7\u00f5es que Baianinho escondeu-se em sua resid\u00eancia. De imediato os militares cercaram a casa que ap\u00f3s diversas ordens para abertura do im\u00f3vel que foram negadas, os policiais arrobaram a porta e localizaram Baianinho que confessou o crime e mostrando o local onde estava a arma utilizado no delito. Em seguida os militares realizaram buscas no im\u00f3vel onde encontraram 01 tablete de uma subst\u00e2ncia an\u00e1loga a maconha.<\/p>\n<p>Sebasti\u00e3o Luiz da Paz de 48 anos, apelido Baianinho foi preso e conduzido at\u00e9 a delegacia de Pol\u00edcia Civil com o fac\u00e3o e a subst\u00e2ncia entorpecente apreendidos.<\/p>\n<p>Quanto \u00e0 v\u00edtima, Nilton deu entrada no Hospital de Cataguases sendo encaminhado para o centro cir\u00fargico apresentando estado de sa\u00fade e grave com risco de morte.<\/p>\n","protected":false},"excerpt":{"rendered":"<p>No dia 26 de julho \u00e0s 03h13min a Pol\u00edcia Militar<\/p>\n","protected":false},"author":2,"featured_media":5764,"comment_status":"open","ping_status":"open","sticky":false,"template":"","format":"standard","meta":{"footnotes":""},"categories":[13],"tags":[],"class_list":["post-5884","post","type-post","status-publish","format-standard","has-post-thumbnail","hentry","category-sintese-das-ocorrencias"],"yoast_head":"<!-- This site is optimized with the Yoast SEO plugin v27.2 - https:\/\/yoast.com\/product\/yoast-seo-wordpress\/ -->\n<title>Briga em bar termina com vitima no hospital em estado grave e com risco de morte - Ub\u00e1 News<\/title>\n<meta name=\"robots\" content=\"index, follow, max-snippet:-1, max-image-preview:large, max-video-preview:-1\" \/>\n<link rel=\"canonical\" href=\"https:\/\/ubanews.com\/site\/2018\/07\/27\/briga-em-bar-termina-com-vitima-no-hospital-em-estado-grave-e-com-risco-de-morte\/\" \/>\n<meta property=\"og:locale\" content=\"pt_BR\" \/>\n<meta property=\"og:type\" content=\"article\" \/>\n<meta property=\"og:title\" content=\"Briga em bar termina com vitima no hospital em estado grave e com risco de morte - Ub\u00e1 News\" \/>\n<meta property=\"og:description\" content=\"No dia 26 de julho \u00e0s 03h13min a Pol\u00edcia Militar\" \/>\n<meta property=\"og:url\" content=\"https:\/\/ubanews.com\/site\/2018\/07\/27\/briga-em-bar-termina-com-vitima-no-hospital-em-estado-grave-e-com-risco-de-morte\/\" \/>\n<meta property=\"og:site_name\" content=\"Ub\u00e1 News\" \/>\n<meta property=\"article:publisher\" content=\"https:\/\/www.facebook.com\/Ub%c3%a1News-Carlos-Roberto-Sodr%c3%a9-418778301977370\" \/>\n<meta property=\"article:author\" content=\"https:\/\/www.facebook.com\/carosroberto.sodre.5\/\" \/>\n<meta property=\"article:published_time\" content=\"2018-07-27T13:58:50+00:00\" \/>\n<meta property=\"og:image\" content=\"https:\/\/ubanews.com\/site\/wp-content\/uploads\/2018\/07\/giroflex-policia.jpg\" \/>\n\t<meta property=\"og:image:width\" content=\"800\" \/>\n\t<meta property=\"og:image:height\" content=\"389\" \/>\n\t<meta property=\"og:image:type\" content=\"image\/jpeg\" \/>\n<meta name=\"author\" content=\"Sodr\u00e9\" \/>\n<meta name=\"twitter:card\" content=\"summary_large_image\" \/>\n<meta name=\"twitter:label1\" content=\"Escrito por\" \/>\n\t<meta name=\"twitter:data1\" content=\"Sodr\u00e9\" \/>\n\t<meta name=\"twitter:label2\" content=\"Est. tempo de leitura\" \/>\n\t<meta name=\"twitter:data2\" content=\"2 minutos\" \/>\n<script type=\"application\/ld+json\" class=\"yoast-schema-graph\">{\"@context\":\"https:\/\/schema.org\",\"@graph\":[{\"@type\":\"Article\",\"@id\":\"https:\/\/ubanews.com\/site\/2018\/07\/27\/briga-em-bar-termina-com-vitima-no-hospital-em-estado-grave-e-com-risco-de-morte\/#article\",\"isPartOf\":{\"@id\":\"https:\/\/ubanews.com\/site\/2018\/07\/27\/briga-em-bar-termina-com-vitima-no-hospital-em-estado-grave-e-com-risco-de-morte\/\"},\"author\":{\"name\":\"Sodr\u00e9\",\"@id\":\"https:\/\/ubanews.com\/site\/#\/schema\/person\/d90c9e47252fbb63dcc969fe4c8b9d10\"},\"headline\":\"Briga em bar termina com vitima no hospital em estado grave e com risco de morte\",\"datePublished\":\"2018-07-27T13:58:50+00:00\",\"mainEntityOfPage\":{\"@id\":\"https:\/\/ubanews.com\/site\/2018\/07\/27\/briga-em-bar-termina-com-vitima-no-hospital-em-estado-grave-e-com-risco-de-morte\/\"},\"wordCount\":366,\"commentCount\":0,\"publisher\":{\"@id\":\"https:\/\/ubanews.com\/site\/#organization\"},\"image\":{\"@id\":\"https:\/\/ubanews.com\/site\/2018\/07\/27\/briga-em-bar-termina-com-vitima-no-hospital-em-estado-grave-e-com-risco-de-morte\/#primaryimage\"},\"thumbnailUrl\":\"https:\/\/ubanews.com\/site\/wp-content\/uploads\/2018\/07\/giroflex-policia.jpg\",\"articleSection\":[\"S\u00edntese das Ocorr\u00eancias\"],\"inLanguage\":\"pt-BR\",\"potentialAction\":[{\"@type\":\"CommentAction\",\"name\":\"Comment\",\"target\":[\"https:\/\/ubanews.com\/site\/2018\/07\/27\/briga-em-bar-termina-com-vitima-no-hospital-em-estado-grave-e-com-risco-de-morte\/#respond\"]}]},{\"@type\":\"WebPage\",\"@id\":\"https:\/\/ubanews.com\/site\/2018\/07\/27\/briga-em-bar-termina-com-vitima-no-hospital-em-estado-grave-e-com-risco-de-morte\/\",\"url\":\"https:\/\/ubanews.com\/site\/2018\/07\/27\/briga-em-bar-termina-com-vitima-no-hospital-em-estado-grave-e-com-risco-de-morte\/\",\"name\":\"Briga em bar termina com vitima no hospital em estado grave e com risco de morte - Ub\u00e1 News\",\"isPartOf\":{\"@id\":\"https:\/\/ubanews.com\/site\/#website\"},\"primaryImageOfPage\":{\"@id\":\"https:\/\/ubanews.com\/site\/2018\/07\/27\/briga-em-bar-termina-com-vitima-no-hospital-em-estado-grave-e-com-risco-de-morte\/#primaryimage\"},\"image\":{\"@id\":\"https:\/\/ubanews.com\/site\/2018\/07\/27\/briga-em-bar-termina-com-vitima-no-hospital-em-estado-grave-e-com-risco-de-morte\/#primaryimage\"},\"thumbnailUrl\":\"https:\/\/ubanews.com\/site\/wp-content\/uploads\/2018\/07\/giroflex-policia.jpg\",\"datePublished\":\"2018-07-27T13:58:50+00:00\",\"breadcrumb\":{\"@id\":\"https:\/\/ubanews.com\/site\/2018\/07\/27\/briga-em-bar-termina-com-vitima-no-hospital-em-estado-grave-e-com-risco-de-morte\/#breadcrumb\"},\"inLanguage\":\"pt-BR\",\"potentialAction\":[{\"@type\":\"ReadAction\",\"target\":[\"https:\/\/ubanews.com\/site\/2018\/07\/27\/briga-em-bar-termina-com-vitima-no-hospital-em-estado-grave-e-com-risco-de-morte\/\"]}]},{\"@type\":\"ImageObject\",\"inLanguage\":\"pt-BR\",\"@id\":\"https:\/\/ubanews.com\/site\/2018\/07\/27\/briga-em-bar-termina-com-vitima-no-hospital-em-estado-grave-e-com-risco-de-morte\/#primaryimage\",\"url\":\"https:\/\/ubanews.com\/site\/wp-content\/uploads\/2018\/07\/giroflex-policia.jpg\",\"contentUrl\":\"https:\/\/ubanews.com\/site\/wp-content\/uploads\/2018\/07\/giroflex-policia.jpg\",\"width\":800,\"height\":389},{\"@type\":\"BreadcrumbList\",\"@id\":\"https:\/\/ubanews.com\/site\/2018\/07\/27\/briga-em-bar-termina-com-vitima-no-hospital-em-estado-grave-e-com-risco-de-morte\/#breadcrumb\",\"itemListElement\":[{\"@type\":\"ListItem\",\"position\":1,\"name\":\"Home\",\"item\":\"https:\/\/ubanews.com\/site\/\"},{\"@type\":\"ListItem\",\"position\":2,\"name\":\"Briga em bar termina com vitima no hospital em estado grave e com risco de morte\"}]},{\"@type\":\"WebSite\",\"@id\":\"https:\/\/ubanews.com\/site\/#website\",\"url\":\"https:\/\/ubanews.com\/site\/\",\"name\":\"Ub\u00e1 News\",\"description\":\"\",\"publisher\":{\"@id\":\"https:\/\/ubanews.com\/site\/#organization\"},\"potentialAction\":[{\"@type\":\"SearchAction\",\"target\":{\"@type\":\"EntryPoint\",\"urlTemplate\":\"https:\/\/ubanews.com\/site\/?s={search_term_string}\"},\"query-input\":{\"@type\":\"PropertyValueSpecification\",\"valueRequired\":true,\"valueName\":\"search_term_string\"}}],\"inLanguage\":\"pt-BR\"},{\"@type\":\"Organization\",\"@id\":\"https:\/\/ubanews.com\/site\/#organization\",\"name\":\"Ub\u00e1 News\",\"url\":\"https:\/\/ubanews.com\/site\/\",\"logo\":{\"@type\":\"ImageObject\",\"inLanguage\":\"pt-BR\",\"@id\":\"https:\/\/ubanews.com\/site\/#\/schema\/logo\/image\/\",\"url\":\"https:\/\/ubanews.com\/site\/wp-content\/uploads\/2018\/01\/logoubanews.png\",\"contentUrl\":\"https:\/\/ubanews.com\/site\/wp-content\/uploads\/2018\/01\/logoubanews.png\",\"width\":261,\"height\":99,\"caption\":\"Ub\u00e1 News\"},\"image\":{\"@id\":\"https:\/\/ubanews.com\/site\/#\/schema\/logo\/image\/\"},\"sameAs\":[\"https:\/\/www.facebook.com\/Ub\u00e1News-Carlos-Roberto-Sodr\u00e9-418778301977370\"]},{\"@type\":\"Person\",\"@id\":\"https:\/\/ubanews.com\/site\/#\/schema\/person\/d90c9e47252fbb63dcc969fe4c8b9d10\",\"name\":\"Sodr\u00e9\",\"image\":{\"@type\":\"ImageObject\",\"inLanguage\":\"pt-BR\",\"@id\":\"https:\/\/secure.gravatar.com\/avatar\/5ba2793f0590b9dbfad3fdec4ee714485b3eef211c9b32ee53d414060454a56c?s=96&d=mm&r=g\",\"url\":\"https:\/\/secure.gravatar.com\/avatar\/5ba2793f0590b9dbfad3fdec4ee714485b3eef211c9b32ee53d414060454a56c?s=96&d=mm&r=g\",\"contentUrl\":\"https:\/\/secure.gravatar.com\/avatar\/5ba2793f0590b9dbfad3fdec4ee714485b3eef211c9b32ee53d414060454a56c?s=96&d=mm&r=g\",\"caption\":\"Sodr\u00e9\"},\"sameAs\":[\"https:\/\/www.facebook.com\/carosroberto.sodre.5\/\"],\"url\":\"https:\/\/ubanews.com\/site\/author\/felipe\/\"}]}<\/script>\n<!-- \/ Yoast SEO plugin. -->","yoast_head_json":{"title":"Briga em bar termina com vitima no hospital em estado grave e com risco de morte - Ub\u00e1 News","robots":{"index":"index","follow":"follow","max-snippet":"max-snippet:-1","max-image-preview":"max-image-preview:large","max-video-preview":"max-video-preview:-1"},"canonical":"https:\/\/ubanews.com\/site\/2018\/07\/27\/briga-em-bar-termina-com-vitima-no-hospital-em-estado-grave-e-com-risco-de-morte\/","og_locale":"pt_BR","og_type":"article","og_title":"Briga em bar termina com vitima no hospital em estado grave e com risco de morte - Ub\u00e1 News","og_description":"No dia 26 de julho \u00e0s 03h13min a Pol\u00edcia Militar","og_url":"https:\/\/ubanews.com\/site\/2018\/07\/27\/briga-em-bar-termina-com-vitima-no-hospital-em-estado-grave-e-com-risco-de-morte\/","og_site_name":"Ub\u00e1 News","article_publisher":"https:\/\/www.facebook.com\/Ub%c3%a1News-Carlos-Roberto-Sodr%c3%a9-418778301977370","article_author":"https:\/\/www.facebook.com\/carosroberto.sodre.5\/","article_published_time":"2018-07-27T13:58:50+00:00","og_image":[{"width":800,"height":389,"url":"https:\/\/ubanews.com\/site\/wp-content\/uploads\/2018\/07\/giroflex-policia.jpg","type":"image\/jpeg"}],"author":"Sodr\u00e9","twitter_card":"summary_large_image","twitter_misc":{"Escrito por":"Sodr\u00e9","Est. tempo de leitura":"2 minutos"},"schema":{"@context":"https:\/\/schema.org","@graph":[{"@type":"Article","@id":"https:\/\/ubanews.com\/site\/2018\/07\/27\/briga-em-bar-termina-com-vitima-no-hospital-em-estado-grave-e-com-risco-de-morte\/#article","isPartOf":{"@id":"https:\/\/ubanews.com\/site\/2018\/07\/27\/briga-em-bar-termina-com-vitima-no-hospital-em-estado-grave-e-com-risco-de-morte\/"},"author":{"name":"Sodr\u00e9","@id":"https:\/\/ubanews.com\/site\/#\/schema\/person\/d90c9e47252fbb63dcc969fe4c8b9d10"},"headline":"Briga em bar termina com vitima no hospital em estado grave e com risco de morte","datePublished":"2018-07-27T13:58:50+00:00","mainEntityOfPage":{"@id":"https:\/\/ubanews.com\/site\/2018\/07\/27\/briga-em-bar-termina-com-vitima-no-hospital-em-estado-grave-e-com-risco-de-morte\/"},"wordCount":366,"commentCount":0,"publisher":{"@id":"https:\/\/ubanews.com\/site\/#organization"},"image":{"@id":"https:\/\/ubanews.com\/site\/2018\/07\/27\/briga-em-bar-termina-com-vitima-no-hospital-em-estado-grave-e-com-risco-de-morte\/#primaryimage"},"thumbnailUrl":"https:\/\/ubanews.com\/site\/wp-content\/uploads\/2018\/07\/giroflex-policia.jpg","articleSection":["S\u00edntese das Ocorr\u00eancias"],"inLanguage":"pt-BR","potentialAction":[{"@type":"CommentAction","name":"Comment","target":["https:\/\/ubanews.com\/site\/2018\/07\/27\/briga-em-bar-termina-com-vitima-no-hospital-em-estado-grave-e-com-risco-de-morte\/#respond"]}]},{"@type":"WebPage","@id":"https:\/\/ubanews.com\/site\/2018\/07\/27\/briga-em-bar-termina-com-vitima-no-hospital-em-estado-grave-e-com-risco-de-morte\/","url":"https:\/\/ubanews.com\/site\/2018\/07\/27\/briga-em-bar-termina-com-vitima-no-hospital-em-estado-grave-e-com-risco-de-morte\/","name":"Briga em bar termina com vitima no hospital em estado grave e com risco de morte - Ub\u00e1 News","isPartOf":{"@id":"https:\/\/ubanews.com\/site\/#website"},"primaryImageOfPage":{"@id":"https:\/\/ubanews.com\/site\/2018\/07\/27\/briga-em-bar-termina-com-vitima-no-hospital-em-estado-grave-e-com-risco-de-morte\/#primaryimage"},"image":{"@id":"https:\/\/ubanews.com\/site\/2018\/07\/27\/briga-em-bar-termina-com-vitima-no-hospital-em-estado-grave-e-com-risco-de-morte\/#primaryimage"},"thumbnailUrl":"https:\/\/ubanews.com\/site\/wp-content\/uploads\/2018\/07\/giroflex-policia.jpg","datePublished":"2018-07-27T13:58:50+00:00","breadcrumb":{"@id":"https:\/\/ubanews.com\/site\/2018\/07\/27\/briga-em-bar-termina-com-vitima-no-hospital-em-estado-grave-e-com-risco-de-morte\/#breadcrumb"},"inLanguage":"pt-BR","potentialAction":[{"@type":"ReadAction","target":["https:\/\/ubanews.com\/site\/2018\/07\/27\/briga-em-bar-termina-com-vitima-no-hospital-em-estado-grave-e-com-risco-de-morte\/"]}]},{"@type":"ImageObject","inLanguage":"pt-BR","@id":"https:\/\/ubanews.com\/site\/2018\/07\/27\/briga-em-bar-termina-com-vitima-no-hospital-em-estado-grave-e-com-risco-de-morte\/#primaryimage","url":"https:\/\/ubanews.com\/site\/wp-content\/uploads\/2018\/07\/giroflex-policia.jpg","contentUrl":"https:\/\/ubanews.com\/site\/wp-content\/uploads\/2018\/07\/giroflex-policia.jpg","width":800,"height":389},{"@type":"BreadcrumbList","@id":"https:\/\/ubanews.com\/site\/2018\/07\/27\/briga-em-bar-termina-com-vitima-no-hospital-em-estado-grave-e-com-risco-de-morte\/#breadcrumb","itemListElement":[{"@type":"ListItem","position":1,"name":"Home","item":"https:\/\/ubanews.com\/site\/"},{"@type":"ListItem","position":2,"name":"Briga em bar termina com vitima no hospital em estado grave e com risco de morte"}]},{"@type":"WebSite","@id":"https:\/\/ubanews.com\/site\/#website","url":"https:\/\/ubanews.com\/site\/","name":"Ub\u00e1 News","description":"","publisher":{"@id":"https:\/\/ubanews.com\/site\/#organization"},"potentialAction":[{"@type":"SearchAction","target":{"@type":"EntryPoint","urlTemplate":"https:\/\/ubanews.com\/site\/?s={search_term_string}"},"query-input":{"@type":"PropertyValueSpecification","valueRequired":true,"valueName":"search_term_string"}}],"inLanguage":"pt-BR"},{"@type":"Organization","@id":"https:\/\/ubanews.com\/site\/#organization","name":"Ub\u00e1 News","url":"https:\/\/ubanews.com\/site\/","logo":{"@type":"ImageObject","inLanguage":"pt-BR","@id":"https:\/\/ubanews.com\/site\/#\/schema\/logo\/image\/","url":"https:\/\/ubanews.com\/site\/wp-content\/uploads\/2018\/01\/logoubanews.png","contentUrl":"https:\/\/ubanews.com\/site\/wp-content\/uploads\/2018\/01\/logoubanews.png","width":261,"height":99,"caption":"Ub\u00e1 News"},"image":{"@id":"https:\/\/ubanews.com\/site\/#\/schema\/logo\/image\/"},"sameAs":["https:\/\/www.facebook.com\/Ub\u00e1News-Carlos-Roberto-Sodr\u00e9-418778301977370"]},{"@type":"Person","@id":"https:\/\/ubanews.com\/site\/#\/schema\/person\/d90c9e47252fbb63dcc969fe4c8b9d10","name":"Sodr\u00e9","image":{"@type":"ImageObject","inLanguage":"pt-BR","@id":"https:\/\/secure.gravatar.com\/avatar\/5ba2793f0590b9dbfad3fdec4ee714485b3eef211c9b32ee53d414060454a56c?s=96&d=mm&r=g","url":"https:\/\/secure.gravatar.com\/avatar\/5ba2793f0590b9dbfad3fdec4ee714485b3eef211c9b32ee53d414060454a56c?s=96&d=mm&r=g","contentUrl":"https:\/\/secure.gravatar.com\/avatar\/5ba2793f0590b9dbfad3fdec4ee714485b3eef211c9b32ee53d414060454a56c?s=96&d=mm&r=g","caption":"Sodr\u00e9"},"sameAs":["https:\/\/www.facebook.com\/carosroberto.sodre.5\/"],"url":"https:\/\/ubanews.com\/site\/author\/felipe\/"}]}},"_links":{"self":[{"href":"https:\/\/ubanews.com\/site\/wp-json\/wp\/v2\/posts\/5884","targetHints":{"allow":["GET"]}}],"collection":[{"href":"https:\/\/ubanews.com\/site\/wp-json\/wp\/v2\/posts"}],"about":[{"href":"https:\/\/ubanews.com\/site\/wp-json\/wp\/v2\/types\/post"}],"author":[{"embeddable":true,"href":"https:\/\/ubanews.com\/site\/wp-json\/wp\/v2\/users\/2"}],"replies":[{"embeddable":true,"href":"https:\/\/ubanews.com\/site\/wp-json\/wp\/v2\/comments?post=5884"}],"version-history":[{"count":0,"href":"https:\/\/ubanews.com\/site\/wp-json\/wp\/v2\/posts\/5884\/revisions"}],"wp:featuredmedia":[{"embeddable":true,"href":"https:\/\/ubanews.com\/site\/wp-json\/wp\/v2\/media\/5764"}],"wp:attachment":[{"href":"https:\/\/ubanews.com\/site\/wp-json\/wp\/v2\/media?parent=5884"}],"wp:term":[{"taxonomy":"category","embeddable":true,"href":"https:\/\/ubanews.com\/site\/wp-json\/wp\/v2\/categories?post=5884"},{"taxonomy":"post_tag","embeddable":true,"href":"https:\/\/ubanews.com\/site\/wp-json\/wp\/v2\/tags?post=5884"}],"curies":[{"name":"wp","href":"https:\/\/api.w.org\/{rel}","templated":true}]}}