{"id":5882,"date":"2018-07-27T10:41:23","date_gmt":"2018-07-27T13:41:23","guid":{"rendered":"http:\/\/ubanews.com\/site\/?p=5882"},"modified":"2018-07-30T10:42:03","modified_gmt":"2018-07-30T13:42:03","slug":"professor-escritor-e-historiador-ministra-palestra-no-lancamento-do-uba-didatico","status":"publish","type":"post","link":"https:\/\/ubanews.com\/site\/2018\/07\/27\/professor-escritor-e-historiador-ministra-palestra-no-lancamento-do-uba-didatico\/","title":{"rendered":"PROFESSOR, ESCRITOR E HISTORIADOR MINISTRA PALESTRA NO LAN\u00c7AMENTO DO UB\u00c1 DID\u00c1TICO."},"content":{"rendered":"<p>O professor, escritor e historiador da Hist\u00f3ria da \u00c1frica Jos\u00e9 do Carmo de Ara\u00fajo ministrou palestra no lan\u00e7amento do livro <strong><a href=\"https:\/\/ubanews.com\/site\/2018\/07\/27\/livro-uba-didatico-editado-no-ano-passado-e-lancado-no-auditorio-chiquinha-dias-paes\/\">\u201cUb\u00e1 Did\u00e1tico\u201d<\/a><\/strong> nesta quinta-feira (26), no F\u00f3rum Cultural, Audit\u00f3rio Chiquinha Dias Paes, na Pra\u00e7a S\u00e3o Janu\u00e1rio para capacita\u00e7\u00e3o de professores e alunos, da Rede Municipal de Ensino. O evento contou com a participa\u00e7\u00e3o de representantes de diversas entidades e institui\u00e7\u00f5es de ensino.<\/p>\n","protected":false},"excerpt":{"rendered":"<p>O professor, escritor e historiador da Hist\u00f3ria da \u00c1frica Jos\u00e9<\/p>\n","protected":false},"author":2,"featured_media":5880,"comment_status":"open","ping_status":"open","sticky":false,"template":"","format":"standard","meta":{"footnotes":""},"categories":[1],"tags":[],"class_list":["post-5882","post","type-post","status-publish","format-standard","has-post-thumbnail","hentry","category-sem-categoria"],"yoast_head":"<!-- This site is optimized with the Yoast SEO plugin v27.2 - https:\/\/yoast.com\/product\/yoast-seo-wordpress\/ -->\n<title>PROFESSOR, ESCRITOR E HISTORIADOR MINISTRA PALESTRA NO LAN\u00c7AMENTO DO UB\u00c1 DID\u00c1TICO. - Ub\u00e1 News<\/title>\n<meta name=\"robots\" content=\"index, follow, max-snippet:-1, max-image-preview:large, max-video-preview:-1\" \/>\n<link rel=\"canonical\" href=\"https:\/\/ubanews.com\/site\/2018\/07\/27\/professor-escritor-e-historiador-ministra-palestra-no-lancamento-do-uba-didatico\/\" \/>\n<meta property=\"og:locale\" content=\"pt_BR\" \/>\n<meta property=\"og:type\" content=\"article\" \/>\n<meta property=\"og:title\" content=\"PROFESSOR, ESCRITOR E HISTORIADOR MINISTRA PALESTRA NO LAN\u00c7AMENTO DO UB\u00c1 DID\u00c1TICO. - Ub\u00e1 News\" \/>\n<meta property=\"og:description\" content=\"O professor, escritor e historiador da Hist\u00f3ria da \u00c1frica Jos\u00e9\" \/>\n<meta property=\"og:url\" content=\"https:\/\/ubanews.com\/site\/2018\/07\/27\/professor-escritor-e-historiador-ministra-palestra-no-lancamento-do-uba-didatico\/\" \/>\n<meta property=\"og:site_name\" content=\"Ub\u00e1 News\" \/>\n<meta property=\"article:publisher\" content=\"https:\/\/www.facebook.com\/Ub%c3%a1News-Carlos-Roberto-Sodr%c3%a9-418778301977370\" \/>\n<meta property=\"article:author\" content=\"https:\/\/www.facebook.com\/carosroberto.sodre.5\/\" \/>\n<meta property=\"article:published_time\" content=\"2018-07-27T13:41:23+00:00\" \/>\n<meta property=\"article:modified_time\" content=\"2018-07-30T13:42:03+00:00\" \/>\n<meta property=\"og:image\" content=\"https:\/\/ubanews.com\/site\/wp-content\/uploads\/2018\/07\/DSC_1932.jpg\" \/>\n\t<meta property=\"og:image:width\" content=\"800\" \/>\n\t<meta property=\"og:image:height\" content=\"389\" \/>\n\t<meta property=\"og:image:type\" content=\"image\/jpeg\" \/>\n<meta name=\"author\" content=\"Sodr\u00e9\" \/>\n<meta name=\"twitter:card\" content=\"summary_large_image\" \/>\n<meta name=\"twitter:label1\" content=\"Escrito por\" \/>\n\t<meta name=\"twitter:data1\" content=\"Sodr\u00e9\" \/>\n<script type=\"application\/ld+json\" class=\"yoast-schema-graph\">{\"@context\":\"https:\/\/schema.org\",\"@graph\":[{\"@type\":\"Article\",\"@id\":\"https:\/\/ubanews.com\/site\/2018\/07\/27\/professor-escritor-e-historiador-ministra-palestra-no-lancamento-do-uba-didatico\/#article\",\"isPartOf\":{\"@id\":\"https:\/\/ubanews.com\/site\/2018\/07\/27\/professor-escritor-e-historiador-ministra-palestra-no-lancamento-do-uba-didatico\/\"},\"author\":{\"name\":\"Sodr\u00e9\",\"@id\":\"https:\/\/ubanews.com\/site\/#\/schema\/person\/d90c9e47252fbb63dcc969fe4c8b9d10\"},\"headline\":\"PROFESSOR, ESCRITOR E HISTORIADOR MINISTRA PALESTRA NO LAN\u00c7AMENTO DO UB\u00c1 DID\u00c1TICO.\",\"datePublished\":\"2018-07-27T13:41:23+00:00\",\"dateModified\":\"2018-07-30T13:42:03+00:00\",\"mainEntityOfPage\":{\"@id\":\"https:\/\/ubanews.com\/site\/2018\/07\/27\/professor-escritor-e-historiador-ministra-palestra-no-lancamento-do-uba-didatico\/\"},\"wordCount\":86,\"commentCount\":0,\"publisher\":{\"@id\":\"https:\/\/ubanews.com\/site\/#organization\"},\"image\":{\"@id\":\"https:\/\/ubanews.com\/site\/2018\/07\/27\/professor-escritor-e-historiador-ministra-palestra-no-lancamento-do-uba-didatico\/#primaryimage\"},\"thumbnailUrl\":\"https:\/\/ubanews.com\/site\/wp-content\/uploads\/2018\/07\/DSC_1932.jpg\",\"articleSection\":[\"Geral\"],\"inLanguage\":\"pt-BR\",\"potentialAction\":[{\"@type\":\"CommentAction\",\"name\":\"Comment\",\"target\":[\"https:\/\/ubanews.com\/site\/2018\/07\/27\/professor-escritor-e-historiador-ministra-palestra-no-lancamento-do-uba-didatico\/#respond\"]}]},{\"@type\":\"WebPage\",\"@id\":\"https:\/\/ubanews.com\/site\/2018\/07\/27\/professor-escritor-e-historiador-ministra-palestra-no-lancamento-do-uba-didatico\/\",\"url\":\"https:\/\/ubanews.com\/site\/2018\/07\/27\/professor-escritor-e-historiador-ministra-palestra-no-lancamento-do-uba-didatico\/\",\"name\":\"PROFESSOR, ESCRITOR E HISTORIADOR MINISTRA PALESTRA NO LAN\u00c7AMENTO DO UB\u00c1 DID\u00c1TICO. - Ub\u00e1 News\",\"isPartOf\":{\"@id\":\"https:\/\/ubanews.com\/site\/#website\"},\"primaryImageOfPage\":{\"@id\":\"https:\/\/ubanews.com\/site\/2018\/07\/27\/professor-escritor-e-historiador-ministra-palestra-no-lancamento-do-uba-didatico\/#primaryimage\"},\"image\":{\"@id\":\"https:\/\/ubanews.com\/site\/2018\/07\/27\/professor-escritor-e-historiador-ministra-palestra-no-lancamento-do-uba-didatico\/#primaryimage\"},\"thumbnailUrl\":\"https:\/\/ubanews.com\/site\/wp-content\/uploads\/2018\/07\/DSC_1932.jpg\",\"datePublished\":\"2018-07-27T13:41:23+00:00\",\"dateModified\":\"2018-07-30T13:42:03+00:00\",\"breadcrumb\":{\"@id\":\"https:\/\/ubanews.com\/site\/2018\/07\/27\/professor-escritor-e-historiador-ministra-palestra-no-lancamento-do-uba-didatico\/#breadcrumb\"},\"inLanguage\":\"pt-BR\",\"potentialAction\":[{\"@type\":\"ReadAction\",\"target\":[\"https:\/\/ubanews.com\/site\/2018\/07\/27\/professor-escritor-e-historiador-ministra-palestra-no-lancamento-do-uba-didatico\/\"]}]},{\"@type\":\"ImageObject\",\"inLanguage\":\"pt-BR\",\"@id\":\"https:\/\/ubanews.com\/site\/2018\/07\/27\/professor-escritor-e-historiador-ministra-palestra-no-lancamento-do-uba-didatico\/#primaryimage\",\"url\":\"https:\/\/ubanews.com\/site\/wp-content\/uploads\/2018\/07\/DSC_1932.jpg\",\"contentUrl\":\"https:\/\/ubanews.com\/site\/wp-content\/uploads\/2018\/07\/DSC_1932.jpg\",\"width\":800,\"height\":389},{\"@type\":\"BreadcrumbList\",\"@id\":\"https:\/\/ubanews.com\/site\/2018\/07\/27\/professor-escritor-e-historiador-ministra-palestra-no-lancamento-do-uba-didatico\/#breadcrumb\",\"itemListElement\":[{\"@type\":\"ListItem\",\"position\":1,\"name\":\"Home\",\"item\":\"https:\/\/ubanews.com\/site\/\"},{\"@type\":\"ListItem\",\"position\":2,\"name\":\"PROFESSOR, ESCRITOR E HISTORIADOR MINISTRA PALESTRA NO LAN\u00c7AMENTO DO UB\u00c1 DID\u00c1TICO.\"}]},{\"@type\":\"WebSite\",\"@id\":\"https:\/\/ubanews.com\/site\/#website\",\"url\":\"https:\/\/ubanews.com\/site\/\",\"name\":\"Ub\u00e1 News\",\"description\":\"\",\"publisher\":{\"@id\":\"https:\/\/ubanews.com\/site\/#organization\"},\"potentialAction\":[{\"@type\":\"SearchAction\",\"target\":{\"@type\":\"EntryPoint\",\"urlTemplate\":\"https:\/\/ubanews.com\/site\/?s={search_term_string}\"},\"query-input\":{\"@type\":\"PropertyValueSpecification\",\"valueRequired\":true,\"valueName\":\"search_term_string\"}}],\"inLanguage\":\"pt-BR\"},{\"@type\":\"Organization\",\"@id\":\"https:\/\/ubanews.com\/site\/#organization\",\"name\":\"Ub\u00e1 News\",\"url\":\"https:\/\/ubanews.com\/site\/\",\"logo\":{\"@type\":\"ImageObject\",\"inLanguage\":\"pt-BR\",\"@id\":\"https:\/\/ubanews.com\/site\/#\/schema\/logo\/image\/\",\"url\":\"https:\/\/ubanews.com\/site\/wp-content\/uploads\/2018\/01\/logoubanews.png\",\"contentUrl\":\"https:\/\/ubanews.com\/site\/wp-content\/uploads\/2018\/01\/logoubanews.png\",\"width\":261,\"height\":99,\"caption\":\"Ub\u00e1 News\"},\"image\":{\"@id\":\"https:\/\/ubanews.com\/site\/#\/schema\/logo\/image\/\"},\"sameAs\":[\"https:\/\/www.facebook.com\/Ub\u00e1News-Carlos-Roberto-Sodr\u00e9-418778301977370\"]},{\"@type\":\"Person\",\"@id\":\"https:\/\/ubanews.com\/site\/#\/schema\/person\/d90c9e47252fbb63dcc969fe4c8b9d10\",\"name\":\"Sodr\u00e9\",\"image\":{\"@type\":\"ImageObject\",\"inLanguage\":\"pt-BR\",\"@id\":\"https:\/\/secure.gravatar.com\/avatar\/5ba2793f0590b9dbfad3fdec4ee714485b3eef211c9b32ee53d414060454a56c?s=96&d=mm&r=g\",\"url\":\"https:\/\/secure.gravatar.com\/avatar\/5ba2793f0590b9dbfad3fdec4ee714485b3eef211c9b32ee53d414060454a56c?s=96&d=mm&r=g\",\"contentUrl\":\"https:\/\/secure.gravatar.com\/avatar\/5ba2793f0590b9dbfad3fdec4ee714485b3eef211c9b32ee53d414060454a56c?s=96&d=mm&r=g\",\"caption\":\"Sodr\u00e9\"},\"sameAs\":[\"https:\/\/www.facebook.com\/carosroberto.sodre.5\/\"],\"url\":\"https:\/\/ubanews.com\/site\/author\/felipe\/\"}]}<\/script>\n<!-- \/ Yoast SEO plugin. -->","yoast_head_json":{"title":"PROFESSOR, ESCRITOR E HISTORIADOR MINISTRA PALESTRA NO LAN\u00c7AMENTO DO UB\u00c1 DID\u00c1TICO. - Ub\u00e1 News","robots":{"index":"index","follow":"follow","max-snippet":"max-snippet:-1","max-image-preview":"max-image-preview:large","max-video-preview":"max-video-preview:-1"},"canonical":"https:\/\/ubanews.com\/site\/2018\/07\/27\/professor-escritor-e-historiador-ministra-palestra-no-lancamento-do-uba-didatico\/","og_locale":"pt_BR","og_type":"article","og_title":"PROFESSOR, ESCRITOR E HISTORIADOR MINISTRA PALESTRA NO LAN\u00c7AMENTO DO UB\u00c1 DID\u00c1TICO. - Ub\u00e1 News","og_description":"O professor, escritor e historiador da Hist\u00f3ria da \u00c1frica Jos\u00e9","og_url":"https:\/\/ubanews.com\/site\/2018\/07\/27\/professor-escritor-e-historiador-ministra-palestra-no-lancamento-do-uba-didatico\/","og_site_name":"Ub\u00e1 News","article_publisher":"https:\/\/www.facebook.com\/Ub%c3%a1News-Carlos-Roberto-Sodr%c3%a9-418778301977370","article_author":"https:\/\/www.facebook.com\/carosroberto.sodre.5\/","article_published_time":"2018-07-27T13:41:23+00:00","article_modified_time":"2018-07-30T13:42:03+00:00","og_image":[{"width":800,"height":389,"url":"https:\/\/ubanews.com\/site\/wp-content\/uploads\/2018\/07\/DSC_1932.jpg","type":"image\/jpeg"}],"author":"Sodr\u00e9","twitter_card":"summary_large_image","twitter_misc":{"Escrito por":"Sodr\u00e9"},"schema":{"@context":"https:\/\/schema.org","@graph":[{"@type":"Article","@id":"https:\/\/ubanews.com\/site\/2018\/07\/27\/professor-escritor-e-historiador-ministra-palestra-no-lancamento-do-uba-didatico\/#article","isPartOf":{"@id":"https:\/\/ubanews.com\/site\/2018\/07\/27\/professor-escritor-e-historiador-ministra-palestra-no-lancamento-do-uba-didatico\/"},"author":{"name":"Sodr\u00e9","@id":"https:\/\/ubanews.com\/site\/#\/schema\/person\/d90c9e47252fbb63dcc969fe4c8b9d10"},"headline":"PROFESSOR, ESCRITOR E HISTORIADOR MINISTRA PALESTRA NO LAN\u00c7AMENTO DO UB\u00c1 DID\u00c1TICO.","datePublished":"2018-07-27T13:41:23+00:00","dateModified":"2018-07-30T13:42:03+00:00","mainEntityOfPage":{"@id":"https:\/\/ubanews.com\/site\/2018\/07\/27\/professor-escritor-e-historiador-ministra-palestra-no-lancamento-do-uba-didatico\/"},"wordCount":86,"commentCount":0,"publisher":{"@id":"https:\/\/ubanews.com\/site\/#organization"},"image":{"@id":"https:\/\/ubanews.com\/site\/2018\/07\/27\/professor-escritor-e-historiador-ministra-palestra-no-lancamento-do-uba-didatico\/#primaryimage"},"thumbnailUrl":"https:\/\/ubanews.com\/site\/wp-content\/uploads\/2018\/07\/DSC_1932.jpg","articleSection":["Geral"],"inLanguage":"pt-BR","potentialAction":[{"@type":"CommentAction","name":"Comment","target":["https:\/\/ubanews.com\/site\/2018\/07\/27\/professor-escritor-e-historiador-ministra-palestra-no-lancamento-do-uba-didatico\/#respond"]}]},{"@type":"WebPage","@id":"https:\/\/ubanews.com\/site\/2018\/07\/27\/professor-escritor-e-historiador-ministra-palestra-no-lancamento-do-uba-didatico\/","url":"https:\/\/ubanews.com\/site\/2018\/07\/27\/professor-escritor-e-historiador-ministra-palestra-no-lancamento-do-uba-didatico\/","name":"PROFESSOR, ESCRITOR E HISTORIADOR MINISTRA PALESTRA NO LAN\u00c7AMENTO DO UB\u00c1 DID\u00c1TICO. - Ub\u00e1 News","isPartOf":{"@id":"https:\/\/ubanews.com\/site\/#website"},"primaryImageOfPage":{"@id":"https:\/\/ubanews.com\/site\/2018\/07\/27\/professor-escritor-e-historiador-ministra-palestra-no-lancamento-do-uba-didatico\/#primaryimage"},"image":{"@id":"https:\/\/ubanews.com\/site\/2018\/07\/27\/professor-escritor-e-historiador-ministra-palestra-no-lancamento-do-uba-didatico\/#primaryimage"},"thumbnailUrl":"https:\/\/ubanews.com\/site\/wp-content\/uploads\/2018\/07\/DSC_1932.jpg","datePublished":"2018-07-27T13:41:23+00:00","dateModified":"2018-07-30T13:42:03+00:00","breadcrumb":{"@id":"https:\/\/ubanews.com\/site\/2018\/07\/27\/professor-escritor-e-historiador-ministra-palestra-no-lancamento-do-uba-didatico\/#breadcrumb"},"inLanguage":"pt-BR","potentialAction":[{"@type":"ReadAction","target":["https:\/\/ubanews.com\/site\/2018\/07\/27\/professor-escritor-e-historiador-ministra-palestra-no-lancamento-do-uba-didatico\/"]}]},{"@type":"ImageObject","inLanguage":"pt-BR","@id":"https:\/\/ubanews.com\/site\/2018\/07\/27\/professor-escritor-e-historiador-ministra-palestra-no-lancamento-do-uba-didatico\/#primaryimage","url":"https:\/\/ubanews.com\/site\/wp-content\/uploads\/2018\/07\/DSC_1932.jpg","contentUrl":"https:\/\/ubanews.com\/site\/wp-content\/uploads\/2018\/07\/DSC_1932.jpg","width":800,"height":389},{"@type":"BreadcrumbList","@id":"https:\/\/ubanews.com\/site\/2018\/07\/27\/professor-escritor-e-historiador-ministra-palestra-no-lancamento-do-uba-didatico\/#breadcrumb","itemListElement":[{"@type":"ListItem","position":1,"name":"Home","item":"https:\/\/ubanews.com\/site\/"},{"@type":"ListItem","position":2,"name":"PROFESSOR, ESCRITOR E HISTORIADOR MINISTRA PALESTRA NO LAN\u00c7AMENTO DO UB\u00c1 DID\u00c1TICO."}]},{"@type":"WebSite","@id":"https:\/\/ubanews.com\/site\/#website","url":"https:\/\/ubanews.com\/site\/","name":"Ub\u00e1 News","description":"","publisher":{"@id":"https:\/\/ubanews.com\/site\/#organization"},"potentialAction":[{"@type":"SearchAction","target":{"@type":"EntryPoint","urlTemplate":"https:\/\/ubanews.com\/site\/?s={search_term_string}"},"query-input":{"@type":"PropertyValueSpecification","valueRequired":true,"valueName":"search_term_string"}}],"inLanguage":"pt-BR"},{"@type":"Organization","@id":"https:\/\/ubanews.com\/site\/#organization","name":"Ub\u00e1 News","url":"https:\/\/ubanews.com\/site\/","logo":{"@type":"ImageObject","inLanguage":"pt-BR","@id":"https:\/\/ubanews.com\/site\/#\/schema\/logo\/image\/","url":"https:\/\/ubanews.com\/site\/wp-content\/uploads\/2018\/01\/logoubanews.png","contentUrl":"https:\/\/ubanews.com\/site\/wp-content\/uploads\/2018\/01\/logoubanews.png","width":261,"height":99,"caption":"Ub\u00e1 News"},"image":{"@id":"https:\/\/ubanews.com\/site\/#\/schema\/logo\/image\/"},"sameAs":["https:\/\/www.facebook.com\/Ub\u00e1News-Carlos-Roberto-Sodr\u00e9-418778301977370"]},{"@type":"Person","@id":"https:\/\/ubanews.com\/site\/#\/schema\/person\/d90c9e47252fbb63dcc969fe4c8b9d10","name":"Sodr\u00e9","image":{"@type":"ImageObject","inLanguage":"pt-BR","@id":"https:\/\/secure.gravatar.com\/avatar\/5ba2793f0590b9dbfad3fdec4ee714485b3eef211c9b32ee53d414060454a56c?s=96&d=mm&r=g","url":"https:\/\/secure.gravatar.com\/avatar\/5ba2793f0590b9dbfad3fdec4ee714485b3eef211c9b32ee53d414060454a56c?s=96&d=mm&r=g","contentUrl":"https:\/\/secure.gravatar.com\/avatar\/5ba2793f0590b9dbfad3fdec4ee714485b3eef211c9b32ee53d414060454a56c?s=96&d=mm&r=g","caption":"Sodr\u00e9"},"sameAs":["https:\/\/www.facebook.com\/carosroberto.sodre.5\/"],"url":"https:\/\/ubanews.com\/site\/author\/felipe\/"}]}},"_links":{"self":[{"href":"https:\/\/ubanews.com\/site\/wp-json\/wp\/v2\/posts\/5882","targetHints":{"allow":["GET"]}}],"collection":[{"href":"https:\/\/ubanews.com\/site\/wp-json\/wp\/v2\/posts"}],"about":[{"href":"https:\/\/ubanews.com\/site\/wp-json\/wp\/v2\/types\/post"}],"author":[{"embeddable":true,"href":"https:\/\/ubanews.com\/site\/wp-json\/wp\/v2\/users\/2"}],"replies":[{"embeddable":true,"href":"https:\/\/ubanews.com\/site\/wp-json\/wp\/v2\/comments?post=5882"}],"version-history":[{"count":0,"href":"https:\/\/ubanews.com\/site\/wp-json\/wp\/v2\/posts\/5882\/revisions"}],"wp:featuredmedia":[{"embeddable":true,"href":"https:\/\/ubanews.com\/site\/wp-json\/wp\/v2\/media\/5880"}],"wp:attachment":[{"href":"https:\/\/ubanews.com\/site\/wp-json\/wp\/v2\/media?parent=5882"}],"wp:term":[{"taxonomy":"category","embeddable":true,"href":"https:\/\/ubanews.com\/site\/wp-json\/wp\/v2\/categories?post=5882"},{"taxonomy":"post_tag","embeddable":true,"href":"https:\/\/ubanews.com\/site\/wp-json\/wp\/v2\/tags?post=5882"}],"curies":[{"name":"wp","href":"https:\/\/api.w.org\/{rel}","templated":true}]}}