{"id":5824,"date":"2018-07-26T12:38:33","date_gmt":"2018-07-26T15:38:33","guid":{"rendered":"http:\/\/ubanews.com\/site\/?p=5824"},"modified":"2018-07-26T12:41:51","modified_gmt":"2018-07-26T15:41:51","slug":"recuperacao-de-objeto-furtado-em-escola-e-prisao-de-autores-e-receptador","status":"publish","type":"post","link":"https:\/\/ubanews.com\/site\/2018\/07\/26\/recuperacao-de-objeto-furtado-em-escola-e-prisao-de-autores-e-receptador\/","title":{"rendered":"RECUPERA\u00c7\u00c3O DE OBJETO FURTADO EM ESCOLA E PRIS\u00c3O DE AUTORES E RECEPTADOR"},"content":{"rendered":"<p>No dia 25 Julho \u00e0s 07:00h na Rua Padre Bai\u00e3o, 620, centro de Guidoval, houve uma solicita\u00e7\u00e3o por parte da v\u00edtima CBS de 46 anos,&nbsp; funcionaria da Escola Estadual Mariana de Paiva, relatando que quando chegou as 07h constatou que as grades da cantina haviam sido arrombadas e que furtaram um botij\u00e3o de g\u00e1s dourado que estava cheio. Ela relatou ainda que h\u00e1 alguns dias atr\u00e1s deu por falta tamb\u00e9m de dois carrinhos de m\u00e3o que estavam em um quartinho de ferramentas. Durante rastreamento obtivemos informa\u00e7\u00f5es que o botij\u00e3o furtado estava na resid\u00eancia de R.F.R. de 25 anos, que ao ser indagado, relatou que nesta manh\u00e3 os autores; J.C.G. de 24 anos e P.S.C.G. de 21 anos estiveram na resid\u00eancia dele lhe oferecendo um botij\u00e3o de g\u00e1s (Minas G\u00e1s) de cor dourada, cheio; ressaltou que indagou a eles sobre a proced\u00eancia, tendo eles informado que era de propriedade deles. O autor R.F.R. informou que comprou o botij\u00e3o tendo pago a quantia de R$50,00 (cinquenta reais), ficando de entregar a eles posteriormente a quantia de R$30,00 (trinta reais). Os Autores foram presos pelo crime de furto e recepta\u00e7\u00e3o sendo todos conduzidos para a delegacia.<\/p>\n<p><strong>A<\/strong><strong>SSESSORIA DE COMUNICA\u00c7\u00c3O ORGANIZACIONAL<\/strong><\/p>\n<p><strong><em>Vig\u00e9simo Primeiro Batalh\u00e3o de Pol\u00edcia Militar<\/em><\/strong><\/p>\n","protected":false},"excerpt":{"rendered":"<p>No dia 25 Julho \u00e0s 07:00h na Rua Padre Bai\u00e3o,<\/p>\n","protected":false},"author":2,"featured_media":0,"comment_status":"open","ping_status":"open","sticky":false,"template":"","format":"standard","meta":{"footnotes":""},"categories":[13],"tags":[],"class_list":["post-5824","post","type-post","status-publish","format-standard","hentry","category-sintese-das-ocorrencias"],"yoast_head":"<!-- This site is optimized with the Yoast SEO plugin v27.2 - https:\/\/yoast.com\/product\/yoast-seo-wordpress\/ -->\n<title>RECUPERA\u00c7\u00c3O DE OBJETO FURTADO EM ESCOLA E PRIS\u00c3O DE AUTORES E RECEPTADOR - Ub\u00e1 News<\/title>\n<meta name=\"robots\" content=\"index, follow, max-snippet:-1, max-image-preview:large, max-video-preview:-1\" \/>\n<link rel=\"canonical\" href=\"https:\/\/ubanews.com\/site\/2018\/07\/26\/recuperacao-de-objeto-furtado-em-escola-e-prisao-de-autores-e-receptador\/\" \/>\n<meta property=\"og:locale\" content=\"pt_BR\" \/>\n<meta property=\"og:type\" content=\"article\" \/>\n<meta property=\"og:title\" content=\"RECUPERA\u00c7\u00c3O DE OBJETO FURTADO EM ESCOLA E PRIS\u00c3O DE AUTORES E RECEPTADOR - Ub\u00e1 News\" \/>\n<meta property=\"og:description\" content=\"No dia 25 Julho \u00e0s 07:00h na Rua Padre Bai\u00e3o,\" \/>\n<meta property=\"og:url\" content=\"https:\/\/ubanews.com\/site\/2018\/07\/26\/recuperacao-de-objeto-furtado-em-escola-e-prisao-de-autores-e-receptador\/\" \/>\n<meta property=\"og:site_name\" content=\"Ub\u00e1 News\" \/>\n<meta property=\"article:publisher\" content=\"https:\/\/www.facebook.com\/Ub%c3%a1News-Carlos-Roberto-Sodr%c3%a9-418778301977370\" \/>\n<meta property=\"article:author\" content=\"https:\/\/www.facebook.com\/carosroberto.sodre.5\/\" \/>\n<meta property=\"article:published_time\" content=\"2018-07-26T15:38:33+00:00\" \/>\n<meta property=\"article:modified_time\" content=\"2018-07-26T15:41:51+00:00\" \/>\n<meta name=\"author\" content=\"Sodr\u00e9\" \/>\n<meta name=\"twitter:card\" content=\"summary_large_image\" \/>\n<meta name=\"twitter:label1\" content=\"Escrito por\" \/>\n\t<meta name=\"twitter:data1\" content=\"Sodr\u00e9\" \/>\n\t<meta name=\"twitter:label2\" content=\"Est. tempo de leitura\" \/>\n\t<meta name=\"twitter:data2\" content=\"1 minuto\" \/>\n<script type=\"application\/ld+json\" class=\"yoast-schema-graph\">{\"@context\":\"https:\/\/schema.org\",\"@graph\":[{\"@type\":\"Article\",\"@id\":\"https:\/\/ubanews.com\/site\/2018\/07\/26\/recuperacao-de-objeto-furtado-em-escola-e-prisao-de-autores-e-receptador\/#article\",\"isPartOf\":{\"@id\":\"https:\/\/ubanews.com\/site\/2018\/07\/26\/recuperacao-de-objeto-furtado-em-escola-e-prisao-de-autores-e-receptador\/\"},\"author\":{\"name\":\"Sodr\u00e9\",\"@id\":\"https:\/\/ubanews.com\/site\/#\/schema\/person\/d90c9e47252fbb63dcc969fe4c8b9d10\"},\"headline\":\"RECUPERA\u00c7\u00c3O DE OBJETO FURTADO EM ESCOLA E PRIS\u00c3O DE AUTORES E RECEPTADOR\",\"datePublished\":\"2018-07-26T15:38:33+00:00\",\"dateModified\":\"2018-07-26T15:41:51+00:00\",\"mainEntityOfPage\":{\"@id\":\"https:\/\/ubanews.com\/site\/2018\/07\/26\/recuperacao-de-objeto-furtado-em-escola-e-prisao-de-autores-e-receptador\/\"},\"wordCount\":244,\"commentCount\":0,\"publisher\":{\"@id\":\"https:\/\/ubanews.com\/site\/#organization\"},\"articleSection\":[\"S\u00edntese das Ocorr\u00eancias\"],\"inLanguage\":\"pt-BR\",\"potentialAction\":[{\"@type\":\"CommentAction\",\"name\":\"Comment\",\"target\":[\"https:\/\/ubanews.com\/site\/2018\/07\/26\/recuperacao-de-objeto-furtado-em-escola-e-prisao-de-autores-e-receptador\/#respond\"]}]},{\"@type\":\"WebPage\",\"@id\":\"https:\/\/ubanews.com\/site\/2018\/07\/26\/recuperacao-de-objeto-furtado-em-escola-e-prisao-de-autores-e-receptador\/\",\"url\":\"https:\/\/ubanews.com\/site\/2018\/07\/26\/recuperacao-de-objeto-furtado-em-escola-e-prisao-de-autores-e-receptador\/\",\"name\":\"RECUPERA\u00c7\u00c3O DE OBJETO FURTADO EM ESCOLA E PRIS\u00c3O DE AUTORES E RECEPTADOR - Ub\u00e1 News\",\"isPartOf\":{\"@id\":\"https:\/\/ubanews.com\/site\/#website\"},\"datePublished\":\"2018-07-26T15:38:33+00:00\",\"dateModified\":\"2018-07-26T15:41:51+00:00\",\"breadcrumb\":{\"@id\":\"https:\/\/ubanews.com\/site\/2018\/07\/26\/recuperacao-de-objeto-furtado-em-escola-e-prisao-de-autores-e-receptador\/#breadcrumb\"},\"inLanguage\":\"pt-BR\",\"potentialAction\":[{\"@type\":\"ReadAction\",\"target\":[\"https:\/\/ubanews.com\/site\/2018\/07\/26\/recuperacao-de-objeto-furtado-em-escola-e-prisao-de-autores-e-receptador\/\"]}]},{\"@type\":\"BreadcrumbList\",\"@id\":\"https:\/\/ubanews.com\/site\/2018\/07\/26\/recuperacao-de-objeto-furtado-em-escola-e-prisao-de-autores-e-receptador\/#breadcrumb\",\"itemListElement\":[{\"@type\":\"ListItem\",\"position\":1,\"name\":\"Home\",\"item\":\"https:\/\/ubanews.com\/site\/\"},{\"@type\":\"ListItem\",\"position\":2,\"name\":\"RECUPERA\u00c7\u00c3O DE OBJETO FURTADO EM ESCOLA E PRIS\u00c3O DE AUTORES E RECEPTADOR\"}]},{\"@type\":\"WebSite\",\"@id\":\"https:\/\/ubanews.com\/site\/#website\",\"url\":\"https:\/\/ubanews.com\/site\/\",\"name\":\"Ub\u00e1 News\",\"description\":\"\",\"publisher\":{\"@id\":\"https:\/\/ubanews.com\/site\/#organization\"},\"potentialAction\":[{\"@type\":\"SearchAction\",\"target\":{\"@type\":\"EntryPoint\",\"urlTemplate\":\"https:\/\/ubanews.com\/site\/?s={search_term_string}\"},\"query-input\":{\"@type\":\"PropertyValueSpecification\",\"valueRequired\":true,\"valueName\":\"search_term_string\"}}],\"inLanguage\":\"pt-BR\"},{\"@type\":\"Organization\",\"@id\":\"https:\/\/ubanews.com\/site\/#organization\",\"name\":\"Ub\u00e1 News\",\"url\":\"https:\/\/ubanews.com\/site\/\",\"logo\":{\"@type\":\"ImageObject\",\"inLanguage\":\"pt-BR\",\"@id\":\"https:\/\/ubanews.com\/site\/#\/schema\/logo\/image\/\",\"url\":\"https:\/\/ubanews.com\/site\/wp-content\/uploads\/2018\/01\/logoubanews.png\",\"contentUrl\":\"https:\/\/ubanews.com\/site\/wp-content\/uploads\/2018\/01\/logoubanews.png\",\"width\":261,\"height\":99,\"caption\":\"Ub\u00e1 News\"},\"image\":{\"@id\":\"https:\/\/ubanews.com\/site\/#\/schema\/logo\/image\/\"},\"sameAs\":[\"https:\/\/www.facebook.com\/Ub\u00e1News-Carlos-Roberto-Sodr\u00e9-418778301977370\"]},{\"@type\":\"Person\",\"@id\":\"https:\/\/ubanews.com\/site\/#\/schema\/person\/d90c9e47252fbb63dcc969fe4c8b9d10\",\"name\":\"Sodr\u00e9\",\"image\":{\"@type\":\"ImageObject\",\"inLanguage\":\"pt-BR\",\"@id\":\"https:\/\/secure.gravatar.com\/avatar\/5ba2793f0590b9dbfad3fdec4ee714485b3eef211c9b32ee53d414060454a56c?s=96&d=mm&r=g\",\"url\":\"https:\/\/secure.gravatar.com\/avatar\/5ba2793f0590b9dbfad3fdec4ee714485b3eef211c9b32ee53d414060454a56c?s=96&d=mm&r=g\",\"contentUrl\":\"https:\/\/secure.gravatar.com\/avatar\/5ba2793f0590b9dbfad3fdec4ee714485b3eef211c9b32ee53d414060454a56c?s=96&d=mm&r=g\",\"caption\":\"Sodr\u00e9\"},\"sameAs\":[\"https:\/\/www.facebook.com\/carosroberto.sodre.5\/\"],\"url\":\"https:\/\/ubanews.com\/site\/author\/felipe\/\"}]}<\/script>\n<!-- \/ Yoast SEO plugin. -->","yoast_head_json":{"title":"RECUPERA\u00c7\u00c3O DE OBJETO FURTADO EM ESCOLA E PRIS\u00c3O DE AUTORES E RECEPTADOR - Ub\u00e1 News","robots":{"index":"index","follow":"follow","max-snippet":"max-snippet:-1","max-image-preview":"max-image-preview:large","max-video-preview":"max-video-preview:-1"},"canonical":"https:\/\/ubanews.com\/site\/2018\/07\/26\/recuperacao-de-objeto-furtado-em-escola-e-prisao-de-autores-e-receptador\/","og_locale":"pt_BR","og_type":"article","og_title":"RECUPERA\u00c7\u00c3O DE OBJETO FURTADO EM ESCOLA E PRIS\u00c3O DE AUTORES E RECEPTADOR - Ub\u00e1 News","og_description":"No dia 25 Julho \u00e0s 07:00h na Rua Padre Bai\u00e3o,","og_url":"https:\/\/ubanews.com\/site\/2018\/07\/26\/recuperacao-de-objeto-furtado-em-escola-e-prisao-de-autores-e-receptador\/","og_site_name":"Ub\u00e1 News","article_publisher":"https:\/\/www.facebook.com\/Ub%c3%a1News-Carlos-Roberto-Sodr%c3%a9-418778301977370","article_author":"https:\/\/www.facebook.com\/carosroberto.sodre.5\/","article_published_time":"2018-07-26T15:38:33+00:00","article_modified_time":"2018-07-26T15:41:51+00:00","author":"Sodr\u00e9","twitter_card":"summary_large_image","twitter_misc":{"Escrito por":"Sodr\u00e9","Est. tempo de leitura":"1 minuto"},"schema":{"@context":"https:\/\/schema.org","@graph":[{"@type":"Article","@id":"https:\/\/ubanews.com\/site\/2018\/07\/26\/recuperacao-de-objeto-furtado-em-escola-e-prisao-de-autores-e-receptador\/#article","isPartOf":{"@id":"https:\/\/ubanews.com\/site\/2018\/07\/26\/recuperacao-de-objeto-furtado-em-escola-e-prisao-de-autores-e-receptador\/"},"author":{"name":"Sodr\u00e9","@id":"https:\/\/ubanews.com\/site\/#\/schema\/person\/d90c9e47252fbb63dcc969fe4c8b9d10"},"headline":"RECUPERA\u00c7\u00c3O DE OBJETO FURTADO EM ESCOLA E PRIS\u00c3O DE AUTORES E RECEPTADOR","datePublished":"2018-07-26T15:38:33+00:00","dateModified":"2018-07-26T15:41:51+00:00","mainEntityOfPage":{"@id":"https:\/\/ubanews.com\/site\/2018\/07\/26\/recuperacao-de-objeto-furtado-em-escola-e-prisao-de-autores-e-receptador\/"},"wordCount":244,"commentCount":0,"publisher":{"@id":"https:\/\/ubanews.com\/site\/#organization"},"articleSection":["S\u00edntese das Ocorr\u00eancias"],"inLanguage":"pt-BR","potentialAction":[{"@type":"CommentAction","name":"Comment","target":["https:\/\/ubanews.com\/site\/2018\/07\/26\/recuperacao-de-objeto-furtado-em-escola-e-prisao-de-autores-e-receptador\/#respond"]}]},{"@type":"WebPage","@id":"https:\/\/ubanews.com\/site\/2018\/07\/26\/recuperacao-de-objeto-furtado-em-escola-e-prisao-de-autores-e-receptador\/","url":"https:\/\/ubanews.com\/site\/2018\/07\/26\/recuperacao-de-objeto-furtado-em-escola-e-prisao-de-autores-e-receptador\/","name":"RECUPERA\u00c7\u00c3O DE OBJETO FURTADO EM ESCOLA E PRIS\u00c3O DE AUTORES E RECEPTADOR - Ub\u00e1 News","isPartOf":{"@id":"https:\/\/ubanews.com\/site\/#website"},"datePublished":"2018-07-26T15:38:33+00:00","dateModified":"2018-07-26T15:41:51+00:00","breadcrumb":{"@id":"https:\/\/ubanews.com\/site\/2018\/07\/26\/recuperacao-de-objeto-furtado-em-escola-e-prisao-de-autores-e-receptador\/#breadcrumb"},"inLanguage":"pt-BR","potentialAction":[{"@type":"ReadAction","target":["https:\/\/ubanews.com\/site\/2018\/07\/26\/recuperacao-de-objeto-furtado-em-escola-e-prisao-de-autores-e-receptador\/"]}]},{"@type":"BreadcrumbList","@id":"https:\/\/ubanews.com\/site\/2018\/07\/26\/recuperacao-de-objeto-furtado-em-escola-e-prisao-de-autores-e-receptador\/#breadcrumb","itemListElement":[{"@type":"ListItem","position":1,"name":"Home","item":"https:\/\/ubanews.com\/site\/"},{"@type":"ListItem","position":2,"name":"RECUPERA\u00c7\u00c3O DE OBJETO FURTADO EM ESCOLA E PRIS\u00c3O DE AUTORES E RECEPTADOR"}]},{"@type":"WebSite","@id":"https:\/\/ubanews.com\/site\/#website","url":"https:\/\/ubanews.com\/site\/","name":"Ub\u00e1 News","description":"","publisher":{"@id":"https:\/\/ubanews.com\/site\/#organization"},"potentialAction":[{"@type":"SearchAction","target":{"@type":"EntryPoint","urlTemplate":"https:\/\/ubanews.com\/site\/?s={search_term_string}"},"query-input":{"@type":"PropertyValueSpecification","valueRequired":true,"valueName":"search_term_string"}}],"inLanguage":"pt-BR"},{"@type":"Organization","@id":"https:\/\/ubanews.com\/site\/#organization","name":"Ub\u00e1 News","url":"https:\/\/ubanews.com\/site\/","logo":{"@type":"ImageObject","inLanguage":"pt-BR","@id":"https:\/\/ubanews.com\/site\/#\/schema\/logo\/image\/","url":"https:\/\/ubanews.com\/site\/wp-content\/uploads\/2018\/01\/logoubanews.png","contentUrl":"https:\/\/ubanews.com\/site\/wp-content\/uploads\/2018\/01\/logoubanews.png","width":261,"height":99,"caption":"Ub\u00e1 News"},"image":{"@id":"https:\/\/ubanews.com\/site\/#\/schema\/logo\/image\/"},"sameAs":["https:\/\/www.facebook.com\/Ub\u00e1News-Carlos-Roberto-Sodr\u00e9-418778301977370"]},{"@type":"Person","@id":"https:\/\/ubanews.com\/site\/#\/schema\/person\/d90c9e47252fbb63dcc969fe4c8b9d10","name":"Sodr\u00e9","image":{"@type":"ImageObject","inLanguage":"pt-BR","@id":"https:\/\/secure.gravatar.com\/avatar\/5ba2793f0590b9dbfad3fdec4ee714485b3eef211c9b32ee53d414060454a56c?s=96&d=mm&r=g","url":"https:\/\/secure.gravatar.com\/avatar\/5ba2793f0590b9dbfad3fdec4ee714485b3eef211c9b32ee53d414060454a56c?s=96&d=mm&r=g","contentUrl":"https:\/\/secure.gravatar.com\/avatar\/5ba2793f0590b9dbfad3fdec4ee714485b3eef211c9b32ee53d414060454a56c?s=96&d=mm&r=g","caption":"Sodr\u00e9"},"sameAs":["https:\/\/www.facebook.com\/carosroberto.sodre.5\/"],"url":"https:\/\/ubanews.com\/site\/author\/felipe\/"}]}},"_links":{"self":[{"href":"https:\/\/ubanews.com\/site\/wp-json\/wp\/v2\/posts\/5824","targetHints":{"allow":["GET"]}}],"collection":[{"href":"https:\/\/ubanews.com\/site\/wp-json\/wp\/v2\/posts"}],"about":[{"href":"https:\/\/ubanews.com\/site\/wp-json\/wp\/v2\/types\/post"}],"author":[{"embeddable":true,"href":"https:\/\/ubanews.com\/site\/wp-json\/wp\/v2\/users\/2"}],"replies":[{"embeddable":true,"href":"https:\/\/ubanews.com\/site\/wp-json\/wp\/v2\/comments?post=5824"}],"version-history":[{"count":0,"href":"https:\/\/ubanews.com\/site\/wp-json\/wp\/v2\/posts\/5824\/revisions"}],"wp:attachment":[{"href":"https:\/\/ubanews.com\/site\/wp-json\/wp\/v2\/media?parent=5824"}],"wp:term":[{"taxonomy":"category","embeddable":true,"href":"https:\/\/ubanews.com\/site\/wp-json\/wp\/v2\/categories?post=5824"},{"taxonomy":"post_tag","embeddable":true,"href":"https:\/\/ubanews.com\/site\/wp-json\/wp\/v2\/tags?post=5824"}],"curies":[{"name":"wp","href":"https:\/\/api.w.org\/{rel}","templated":true}]}}