{"id":5808,"date":"2018-07-26T12:01:28","date_gmt":"2018-07-26T15:01:28","guid":{"rendered":"http:\/\/ubanews.com\/site\/?p=5808"},"modified":"2018-07-30T10:41:44","modified_gmt":"2018-07-30T13:41:44","slug":"operacao-desmanche-em-tabuleiro-faz-prisao-de-tres-cidadaos-por-adulteracao-na-identificacao-de-veiculo-automotor","status":"publish","type":"post","link":"https:\/\/ubanews.com\/site\/2018\/07\/26\/operacao-desmanche-em-tabuleiro-faz-prisao-de-tres-cidadaos-por-adulteracao-na-identificacao-de-veiculo-automotor\/","title":{"rendered":"OPERA\u00c7\u00c3O DESMANCHE EM TABULEIRO FAZ PRIS\u00c3O DE TR\u00caS CIDAD\u00c3OS POR ADULTERA\u00c7\u00c3O NA IDENTIFICA\u00c7\u00c3O DE VE\u00cdCULO AUTOMOTOR"},"content":{"rendered":"<p><a href=\"https:\/\/ubanews.com\/site\/wp-content\/uploads\/2018\/07\/002-2.jpg\"><img decoding=\"async\" class=\"alignnone size-full wp-image-5811 lazyload\" data-src=\"https:\/\/ubanews.com\/site\/wp-content\/uploads\/2018\/07\/002-2.jpg\" alt=\"\" width=\"800\" height=\"403\" data-srcset=\"https:\/\/ubanews.com\/site\/wp-content\/uploads\/2018\/07\/002-2.jpg 800w, https:\/\/ubanews.com\/site\/wp-content\/uploads\/2018\/07\/002-2-300x151.jpg 300w, https:\/\/ubanews.com\/site\/wp-content\/uploads\/2018\/07\/002-2-768x387.jpg 768w\" data-sizes=\"(max-width: 800px) 100vw, 800px\" src=\"data:image\/svg+xml;base64,PHN2ZyB3aWR0aD0iMSIgaGVpZ2h0PSIxIiB4bWxucz0iaHR0cDovL3d3dy53My5vcmcvMjAwMC9zdmciPjwvc3ZnPg==\" style=\"--smush-placeholder-width: 800px; --smush-placeholder-aspect-ratio: 800\/403;\" \/><\/a><\/p>\n<p><strong>&nbsp;&nbsp;&nbsp;&nbsp;&nbsp;&nbsp;&nbsp;&nbsp;&nbsp;&nbsp;&nbsp; <\/strong>No dia 25 de Julho \u00e0s 08h35min, a Pol\u00edcia Militar, desencadeou na cidade de Tabuleiro-MG a <strong>Opera\u00e7\u00e3o Desmanche<\/strong>, e visitou diversos estabelecimentos comparecendo na Av. Deputado &nbsp;Doutor \u00daltimo de Carvalho, n\u00ba 68, Centro &#8211; Tabuleiro\/MG e na Rua Jos\u00e9 Augusto, n\u00ba 10, Loteamento Campo Belo.<\/p>\n<p>No primeiro endere\u00e7o, foi encontrado dois motores com chassi de ve\u00edculo automotor adulterado\/raspado na oficina denominada \u201cOFICINA DO JOHONE\u201d, sendo que autor Jol de 39 anos se responsabilizou por um motor, e autor E.A.N. de 46 anos, &nbsp;assumiu a propriedade do outro motor, narrando que seria um motor antigo que pertencia a seu falecido pai.<\/p>\n<p>Diante o exposto os autores foram presos e encaminhados para a Delegacia de Rio Pomba-MG para provid\u00eancias cab\u00edveis.<\/p>\n<p>Dando prosseguimento a opera\u00e7\u00e3o outra equipe se deslocou at\u00e9 o dep\u00f3sito de ve\u00edculos e agregados do autor J.M.F.P. de 46 anos, &nbsp;e l\u00e1 encontrou um motor de caminh\u00e3o com proced\u00eancia duvidosa, que segundo o autor foi comprado na feira livre de Juiz de Fora-MG, por um valor de R$10.000,00, sendo que foi feita consulta junto \u00e0 Pol\u00edcia Rodovi\u00e1ria Federal e repassado que o motor pertencia a um caminh\u00e3o com placa OWV-0275\/MS e que encontrava recolhido desde o dia 28\/05\/18 na cidade de Navira\u00ed\/MS, diante o exposto como o autor n\u00e3o soube informar a proced\u00eancia, bem como n\u00e3o apresentou documenta\u00e7\u00e3o ou nota fiscal do motor, o mesmo foi recolhido e o autor convidado para prestar maiores informa\u00e7\u00f5es e encaminhado para a delegacia de Rio Pomba-MG para maiores explica\u00e7\u00f5es .<\/p>\n<p><strong>A<\/strong><strong>SSESSORIA DE COMUNICA\u00c7\u00c3O ORGANIZACIONAL<\/strong><\/p>\n<p><strong><em>Vig\u00e9simo Primeiro Batalh\u00e3o de Pol\u00edcia Militar <\/em><\/strong><\/p>\n","protected":false},"excerpt":{"rendered":"<p>&nbsp;&nbsp;&nbsp;&nbsp;&nbsp;&nbsp;&nbsp;&nbsp;&nbsp;&nbsp;&nbsp; No dia 25 de Julho \u00e0s 08h35min, a Pol\u00edcia<\/p>\n","protected":false},"author":2,"featured_media":5810,"comment_status":"open","ping_status":"open","sticky":false,"template":"","format":"standard","meta":{"footnotes":""},"categories":[13],"tags":[],"class_list":["post-5808","post","type-post","status-publish","format-standard","has-post-thumbnail","hentry","category-sintese-das-ocorrencias"],"yoast_head":"<!-- This site is optimized with the Yoast SEO plugin v27.2 - https:\/\/yoast.com\/product\/yoast-seo-wordpress\/ -->\n<title>OPERA\u00c7\u00c3O DESMANCHE EM TABULEIRO FAZ PRIS\u00c3O DE TR\u00caS CIDAD\u00c3OS POR ADULTERA\u00c7\u00c3O NA IDENTIFICA\u00c7\u00c3O DE VE\u00cdCULO AUTOMOTOR - Ub\u00e1 News<\/title>\n<meta name=\"robots\" content=\"index, follow, max-snippet:-1, max-image-preview:large, max-video-preview:-1\" \/>\n<link rel=\"canonical\" href=\"https:\/\/ubanews.com\/site\/2018\/07\/26\/operacao-desmanche-em-tabuleiro-faz-prisao-de-tres-cidadaos-por-adulteracao-na-identificacao-de-veiculo-automotor\/\" \/>\n<meta property=\"og:locale\" content=\"pt_BR\" \/>\n<meta property=\"og:type\" content=\"article\" \/>\n<meta property=\"og:title\" content=\"OPERA\u00c7\u00c3O DESMANCHE EM TABULEIRO FAZ PRIS\u00c3O DE TR\u00caS CIDAD\u00c3OS POR ADULTERA\u00c7\u00c3O NA IDENTIFICA\u00c7\u00c3O DE VE\u00cdCULO AUTOMOTOR - Ub\u00e1 News\" \/>\n<meta property=\"og:description\" content=\"&nbsp;&nbsp;&nbsp;&nbsp;&nbsp;&nbsp;&nbsp;&nbsp;&nbsp;&nbsp;&nbsp; No dia 25 de Julho \u00e0s 08h35min, a Pol\u00edcia\" \/>\n<meta property=\"og:url\" content=\"https:\/\/ubanews.com\/site\/2018\/07\/26\/operacao-desmanche-em-tabuleiro-faz-prisao-de-tres-cidadaos-por-adulteracao-na-identificacao-de-veiculo-automotor\/\" \/>\n<meta property=\"og:site_name\" content=\"Ub\u00e1 News\" \/>\n<meta property=\"article:publisher\" content=\"https:\/\/www.facebook.com\/Ub%c3%a1News-Carlos-Roberto-Sodr%c3%a9-418778301977370\" \/>\n<meta property=\"article:author\" content=\"https:\/\/www.facebook.com\/carosroberto.sodre.5\/\" \/>\n<meta property=\"article:published_time\" content=\"2018-07-26T15:01:28+00:00\" \/>\n<meta property=\"article:modified_time\" content=\"2018-07-30T13:41:44+00:00\" \/>\n<meta property=\"og:image\" content=\"https:\/\/ubanews.com\/site\/wp-content\/uploads\/2018\/07\/001-5.jpg\" \/>\n\t<meta property=\"og:image:width\" content=\"800\" \/>\n\t<meta property=\"og:image:height\" content=\"403\" \/>\n\t<meta property=\"og:image:type\" content=\"image\/jpeg\" \/>\n<meta name=\"author\" content=\"Sodr\u00e9\" \/>\n<meta name=\"twitter:card\" content=\"summary_large_image\" \/>\n<meta name=\"twitter:label1\" content=\"Escrito por\" \/>\n\t<meta name=\"twitter:data1\" content=\"Sodr\u00e9\" \/>\n\t<meta name=\"twitter:label2\" content=\"Est. tempo de leitura\" \/>\n\t<meta name=\"twitter:data2\" content=\"1 minuto\" \/>\n<script type=\"application\/ld+json\" class=\"yoast-schema-graph\">{\"@context\":\"https:\/\/schema.org\",\"@graph\":[{\"@type\":\"Article\",\"@id\":\"https:\/\/ubanews.com\/site\/2018\/07\/26\/operacao-desmanche-em-tabuleiro-faz-prisao-de-tres-cidadaos-por-adulteracao-na-identificacao-de-veiculo-automotor\/#article\",\"isPartOf\":{\"@id\":\"https:\/\/ubanews.com\/site\/2018\/07\/26\/operacao-desmanche-em-tabuleiro-faz-prisao-de-tres-cidadaos-por-adulteracao-na-identificacao-de-veiculo-automotor\/\"},\"author\":{\"name\":\"Sodr\u00e9\",\"@id\":\"https:\/\/ubanews.com\/site\/#\/schema\/person\/d90c9e47252fbb63dcc969fe4c8b9d10\"},\"headline\":\"OPERA\u00c7\u00c3O DESMANCHE EM TABULEIRO FAZ PRIS\u00c3O DE TR\u00caS CIDAD\u00c3OS POR ADULTERA\u00c7\u00c3O NA IDENTIFICA\u00c7\u00c3O DE VE\u00cdCULO AUTOMOTOR\",\"datePublished\":\"2018-07-26T15:01:28+00:00\",\"dateModified\":\"2018-07-30T13:41:44+00:00\",\"mainEntityOfPage\":{\"@id\":\"https:\/\/ubanews.com\/site\/2018\/07\/26\/operacao-desmanche-em-tabuleiro-faz-prisao-de-tres-cidadaos-por-adulteracao-na-identificacao-de-veiculo-automotor\/\"},\"wordCount\":319,\"commentCount\":0,\"publisher\":{\"@id\":\"https:\/\/ubanews.com\/site\/#organization\"},\"image\":{\"@id\":\"https:\/\/ubanews.com\/site\/2018\/07\/26\/operacao-desmanche-em-tabuleiro-faz-prisao-de-tres-cidadaos-por-adulteracao-na-identificacao-de-veiculo-automotor\/#primaryimage\"},\"thumbnailUrl\":\"https:\/\/ubanews.com\/site\/wp-content\/uploads\/2018\/07\/001-5.jpg\",\"articleSection\":[\"S\u00edntese das Ocorr\u00eancias\"],\"inLanguage\":\"pt-BR\",\"potentialAction\":[{\"@type\":\"CommentAction\",\"name\":\"Comment\",\"target\":[\"https:\/\/ubanews.com\/site\/2018\/07\/26\/operacao-desmanche-em-tabuleiro-faz-prisao-de-tres-cidadaos-por-adulteracao-na-identificacao-de-veiculo-automotor\/#respond\"]}]},{\"@type\":\"WebPage\",\"@id\":\"https:\/\/ubanews.com\/site\/2018\/07\/26\/operacao-desmanche-em-tabuleiro-faz-prisao-de-tres-cidadaos-por-adulteracao-na-identificacao-de-veiculo-automotor\/\",\"url\":\"https:\/\/ubanews.com\/site\/2018\/07\/26\/operacao-desmanche-em-tabuleiro-faz-prisao-de-tres-cidadaos-por-adulteracao-na-identificacao-de-veiculo-automotor\/\",\"name\":\"OPERA\u00c7\u00c3O DESMANCHE EM TABULEIRO FAZ PRIS\u00c3O DE TR\u00caS CIDAD\u00c3OS POR ADULTERA\u00c7\u00c3O NA IDENTIFICA\u00c7\u00c3O DE VE\u00cdCULO AUTOMOTOR - Ub\u00e1 News\",\"isPartOf\":{\"@id\":\"https:\/\/ubanews.com\/site\/#website\"},\"primaryImageOfPage\":{\"@id\":\"https:\/\/ubanews.com\/site\/2018\/07\/26\/operacao-desmanche-em-tabuleiro-faz-prisao-de-tres-cidadaos-por-adulteracao-na-identificacao-de-veiculo-automotor\/#primaryimage\"},\"image\":{\"@id\":\"https:\/\/ubanews.com\/site\/2018\/07\/26\/operacao-desmanche-em-tabuleiro-faz-prisao-de-tres-cidadaos-por-adulteracao-na-identificacao-de-veiculo-automotor\/#primaryimage\"},\"thumbnailUrl\":\"https:\/\/ubanews.com\/site\/wp-content\/uploads\/2018\/07\/001-5.jpg\",\"datePublished\":\"2018-07-26T15:01:28+00:00\",\"dateModified\":\"2018-07-30T13:41:44+00:00\",\"breadcrumb\":{\"@id\":\"https:\/\/ubanews.com\/site\/2018\/07\/26\/operacao-desmanche-em-tabuleiro-faz-prisao-de-tres-cidadaos-por-adulteracao-na-identificacao-de-veiculo-automotor\/#breadcrumb\"},\"inLanguage\":\"pt-BR\",\"potentialAction\":[{\"@type\":\"ReadAction\",\"target\":[\"https:\/\/ubanews.com\/site\/2018\/07\/26\/operacao-desmanche-em-tabuleiro-faz-prisao-de-tres-cidadaos-por-adulteracao-na-identificacao-de-veiculo-automotor\/\"]}]},{\"@type\":\"ImageObject\",\"inLanguage\":\"pt-BR\",\"@id\":\"https:\/\/ubanews.com\/site\/2018\/07\/26\/operacao-desmanche-em-tabuleiro-faz-prisao-de-tres-cidadaos-por-adulteracao-na-identificacao-de-veiculo-automotor\/#primaryimage\",\"url\":\"https:\/\/ubanews.com\/site\/wp-content\/uploads\/2018\/07\/001-5.jpg\",\"contentUrl\":\"https:\/\/ubanews.com\/site\/wp-content\/uploads\/2018\/07\/001-5.jpg\",\"width\":800,\"height\":403},{\"@type\":\"BreadcrumbList\",\"@id\":\"https:\/\/ubanews.com\/site\/2018\/07\/26\/operacao-desmanche-em-tabuleiro-faz-prisao-de-tres-cidadaos-por-adulteracao-na-identificacao-de-veiculo-automotor\/#breadcrumb\",\"itemListElement\":[{\"@type\":\"ListItem\",\"position\":1,\"name\":\"Home\",\"item\":\"https:\/\/ubanews.com\/site\/\"},{\"@type\":\"ListItem\",\"position\":2,\"name\":\"OPERA\u00c7\u00c3O DESMANCHE EM TABULEIRO FAZ PRIS\u00c3O DE TR\u00caS CIDAD\u00c3OS POR ADULTERA\u00c7\u00c3O NA IDENTIFICA\u00c7\u00c3O DE VE\u00cdCULO AUTOMOTOR\"}]},{\"@type\":\"WebSite\",\"@id\":\"https:\/\/ubanews.com\/site\/#website\",\"url\":\"https:\/\/ubanews.com\/site\/\",\"name\":\"Ub\u00e1 News\",\"description\":\"\",\"publisher\":{\"@id\":\"https:\/\/ubanews.com\/site\/#organization\"},\"potentialAction\":[{\"@type\":\"SearchAction\",\"target\":{\"@type\":\"EntryPoint\",\"urlTemplate\":\"https:\/\/ubanews.com\/site\/?s={search_term_string}\"},\"query-input\":{\"@type\":\"PropertyValueSpecification\",\"valueRequired\":true,\"valueName\":\"search_term_string\"}}],\"inLanguage\":\"pt-BR\"},{\"@type\":\"Organization\",\"@id\":\"https:\/\/ubanews.com\/site\/#organization\",\"name\":\"Ub\u00e1 News\",\"url\":\"https:\/\/ubanews.com\/site\/\",\"logo\":{\"@type\":\"ImageObject\",\"inLanguage\":\"pt-BR\",\"@id\":\"https:\/\/ubanews.com\/site\/#\/schema\/logo\/image\/\",\"url\":\"https:\/\/ubanews.com\/site\/wp-content\/uploads\/2018\/01\/logoubanews.png\",\"contentUrl\":\"https:\/\/ubanews.com\/site\/wp-content\/uploads\/2018\/01\/logoubanews.png\",\"width\":261,\"height\":99,\"caption\":\"Ub\u00e1 News\"},\"image\":{\"@id\":\"https:\/\/ubanews.com\/site\/#\/schema\/logo\/image\/\"},\"sameAs\":[\"https:\/\/www.facebook.com\/Ub\u00e1News-Carlos-Roberto-Sodr\u00e9-418778301977370\"]},{\"@type\":\"Person\",\"@id\":\"https:\/\/ubanews.com\/site\/#\/schema\/person\/d90c9e47252fbb63dcc969fe4c8b9d10\",\"name\":\"Sodr\u00e9\",\"image\":{\"@type\":\"ImageObject\",\"inLanguage\":\"pt-BR\",\"@id\":\"https:\/\/secure.gravatar.com\/avatar\/5ba2793f0590b9dbfad3fdec4ee714485b3eef211c9b32ee53d414060454a56c?s=96&d=mm&r=g\",\"url\":\"https:\/\/secure.gravatar.com\/avatar\/5ba2793f0590b9dbfad3fdec4ee714485b3eef211c9b32ee53d414060454a56c?s=96&d=mm&r=g\",\"contentUrl\":\"https:\/\/secure.gravatar.com\/avatar\/5ba2793f0590b9dbfad3fdec4ee714485b3eef211c9b32ee53d414060454a56c?s=96&d=mm&r=g\",\"caption\":\"Sodr\u00e9\"},\"sameAs\":[\"https:\/\/www.facebook.com\/carosroberto.sodre.5\/\"],\"url\":\"https:\/\/ubanews.com\/site\/author\/felipe\/\"}]}<\/script>\n<!-- \/ Yoast SEO plugin. -->","yoast_head_json":{"title":"OPERA\u00c7\u00c3O DESMANCHE EM TABULEIRO FAZ PRIS\u00c3O DE TR\u00caS CIDAD\u00c3OS POR ADULTERA\u00c7\u00c3O NA IDENTIFICA\u00c7\u00c3O DE VE\u00cdCULO AUTOMOTOR - Ub\u00e1 News","robots":{"index":"index","follow":"follow","max-snippet":"max-snippet:-1","max-image-preview":"max-image-preview:large","max-video-preview":"max-video-preview:-1"},"canonical":"https:\/\/ubanews.com\/site\/2018\/07\/26\/operacao-desmanche-em-tabuleiro-faz-prisao-de-tres-cidadaos-por-adulteracao-na-identificacao-de-veiculo-automotor\/","og_locale":"pt_BR","og_type":"article","og_title":"OPERA\u00c7\u00c3O DESMANCHE EM TABULEIRO FAZ PRIS\u00c3O DE TR\u00caS CIDAD\u00c3OS POR ADULTERA\u00c7\u00c3O NA IDENTIFICA\u00c7\u00c3O DE VE\u00cdCULO AUTOMOTOR - Ub\u00e1 News","og_description":"&nbsp;&nbsp;&nbsp;&nbsp;&nbsp;&nbsp;&nbsp;&nbsp;&nbsp;&nbsp;&nbsp; No dia 25 de Julho \u00e0s 08h35min, a Pol\u00edcia","og_url":"https:\/\/ubanews.com\/site\/2018\/07\/26\/operacao-desmanche-em-tabuleiro-faz-prisao-de-tres-cidadaos-por-adulteracao-na-identificacao-de-veiculo-automotor\/","og_site_name":"Ub\u00e1 News","article_publisher":"https:\/\/www.facebook.com\/Ub%c3%a1News-Carlos-Roberto-Sodr%c3%a9-418778301977370","article_author":"https:\/\/www.facebook.com\/carosroberto.sodre.5\/","article_published_time":"2018-07-26T15:01:28+00:00","article_modified_time":"2018-07-30T13:41:44+00:00","og_image":[{"width":800,"height":403,"url":"https:\/\/ubanews.com\/site\/wp-content\/uploads\/2018\/07\/001-5.jpg","type":"image\/jpeg"}],"author":"Sodr\u00e9","twitter_card":"summary_large_image","twitter_misc":{"Escrito por":"Sodr\u00e9","Est. tempo de leitura":"1 minuto"},"schema":{"@context":"https:\/\/schema.org","@graph":[{"@type":"Article","@id":"https:\/\/ubanews.com\/site\/2018\/07\/26\/operacao-desmanche-em-tabuleiro-faz-prisao-de-tres-cidadaos-por-adulteracao-na-identificacao-de-veiculo-automotor\/#article","isPartOf":{"@id":"https:\/\/ubanews.com\/site\/2018\/07\/26\/operacao-desmanche-em-tabuleiro-faz-prisao-de-tres-cidadaos-por-adulteracao-na-identificacao-de-veiculo-automotor\/"},"author":{"name":"Sodr\u00e9","@id":"https:\/\/ubanews.com\/site\/#\/schema\/person\/d90c9e47252fbb63dcc969fe4c8b9d10"},"headline":"OPERA\u00c7\u00c3O DESMANCHE EM TABULEIRO FAZ PRIS\u00c3O DE TR\u00caS CIDAD\u00c3OS POR ADULTERA\u00c7\u00c3O NA IDENTIFICA\u00c7\u00c3O DE VE\u00cdCULO AUTOMOTOR","datePublished":"2018-07-26T15:01:28+00:00","dateModified":"2018-07-30T13:41:44+00:00","mainEntityOfPage":{"@id":"https:\/\/ubanews.com\/site\/2018\/07\/26\/operacao-desmanche-em-tabuleiro-faz-prisao-de-tres-cidadaos-por-adulteracao-na-identificacao-de-veiculo-automotor\/"},"wordCount":319,"commentCount":0,"publisher":{"@id":"https:\/\/ubanews.com\/site\/#organization"},"image":{"@id":"https:\/\/ubanews.com\/site\/2018\/07\/26\/operacao-desmanche-em-tabuleiro-faz-prisao-de-tres-cidadaos-por-adulteracao-na-identificacao-de-veiculo-automotor\/#primaryimage"},"thumbnailUrl":"https:\/\/ubanews.com\/site\/wp-content\/uploads\/2018\/07\/001-5.jpg","articleSection":["S\u00edntese das Ocorr\u00eancias"],"inLanguage":"pt-BR","potentialAction":[{"@type":"CommentAction","name":"Comment","target":["https:\/\/ubanews.com\/site\/2018\/07\/26\/operacao-desmanche-em-tabuleiro-faz-prisao-de-tres-cidadaos-por-adulteracao-na-identificacao-de-veiculo-automotor\/#respond"]}]},{"@type":"WebPage","@id":"https:\/\/ubanews.com\/site\/2018\/07\/26\/operacao-desmanche-em-tabuleiro-faz-prisao-de-tres-cidadaos-por-adulteracao-na-identificacao-de-veiculo-automotor\/","url":"https:\/\/ubanews.com\/site\/2018\/07\/26\/operacao-desmanche-em-tabuleiro-faz-prisao-de-tres-cidadaos-por-adulteracao-na-identificacao-de-veiculo-automotor\/","name":"OPERA\u00c7\u00c3O DESMANCHE EM TABULEIRO FAZ PRIS\u00c3O DE TR\u00caS CIDAD\u00c3OS POR ADULTERA\u00c7\u00c3O NA IDENTIFICA\u00c7\u00c3O DE VE\u00cdCULO AUTOMOTOR - Ub\u00e1 News","isPartOf":{"@id":"https:\/\/ubanews.com\/site\/#website"},"primaryImageOfPage":{"@id":"https:\/\/ubanews.com\/site\/2018\/07\/26\/operacao-desmanche-em-tabuleiro-faz-prisao-de-tres-cidadaos-por-adulteracao-na-identificacao-de-veiculo-automotor\/#primaryimage"},"image":{"@id":"https:\/\/ubanews.com\/site\/2018\/07\/26\/operacao-desmanche-em-tabuleiro-faz-prisao-de-tres-cidadaos-por-adulteracao-na-identificacao-de-veiculo-automotor\/#primaryimage"},"thumbnailUrl":"https:\/\/ubanews.com\/site\/wp-content\/uploads\/2018\/07\/001-5.jpg","datePublished":"2018-07-26T15:01:28+00:00","dateModified":"2018-07-30T13:41:44+00:00","breadcrumb":{"@id":"https:\/\/ubanews.com\/site\/2018\/07\/26\/operacao-desmanche-em-tabuleiro-faz-prisao-de-tres-cidadaos-por-adulteracao-na-identificacao-de-veiculo-automotor\/#breadcrumb"},"inLanguage":"pt-BR","potentialAction":[{"@type":"ReadAction","target":["https:\/\/ubanews.com\/site\/2018\/07\/26\/operacao-desmanche-em-tabuleiro-faz-prisao-de-tres-cidadaos-por-adulteracao-na-identificacao-de-veiculo-automotor\/"]}]},{"@type":"ImageObject","inLanguage":"pt-BR","@id":"https:\/\/ubanews.com\/site\/2018\/07\/26\/operacao-desmanche-em-tabuleiro-faz-prisao-de-tres-cidadaos-por-adulteracao-na-identificacao-de-veiculo-automotor\/#primaryimage","url":"https:\/\/ubanews.com\/site\/wp-content\/uploads\/2018\/07\/001-5.jpg","contentUrl":"https:\/\/ubanews.com\/site\/wp-content\/uploads\/2018\/07\/001-5.jpg","width":800,"height":403},{"@type":"BreadcrumbList","@id":"https:\/\/ubanews.com\/site\/2018\/07\/26\/operacao-desmanche-em-tabuleiro-faz-prisao-de-tres-cidadaos-por-adulteracao-na-identificacao-de-veiculo-automotor\/#breadcrumb","itemListElement":[{"@type":"ListItem","position":1,"name":"Home","item":"https:\/\/ubanews.com\/site\/"},{"@type":"ListItem","position":2,"name":"OPERA\u00c7\u00c3O DESMANCHE EM TABULEIRO FAZ PRIS\u00c3O DE TR\u00caS CIDAD\u00c3OS POR ADULTERA\u00c7\u00c3O NA IDENTIFICA\u00c7\u00c3O DE VE\u00cdCULO AUTOMOTOR"}]},{"@type":"WebSite","@id":"https:\/\/ubanews.com\/site\/#website","url":"https:\/\/ubanews.com\/site\/","name":"Ub\u00e1 News","description":"","publisher":{"@id":"https:\/\/ubanews.com\/site\/#organization"},"potentialAction":[{"@type":"SearchAction","target":{"@type":"EntryPoint","urlTemplate":"https:\/\/ubanews.com\/site\/?s={search_term_string}"},"query-input":{"@type":"PropertyValueSpecification","valueRequired":true,"valueName":"search_term_string"}}],"inLanguage":"pt-BR"},{"@type":"Organization","@id":"https:\/\/ubanews.com\/site\/#organization","name":"Ub\u00e1 News","url":"https:\/\/ubanews.com\/site\/","logo":{"@type":"ImageObject","inLanguage":"pt-BR","@id":"https:\/\/ubanews.com\/site\/#\/schema\/logo\/image\/","url":"https:\/\/ubanews.com\/site\/wp-content\/uploads\/2018\/01\/logoubanews.png","contentUrl":"https:\/\/ubanews.com\/site\/wp-content\/uploads\/2018\/01\/logoubanews.png","width":261,"height":99,"caption":"Ub\u00e1 News"},"image":{"@id":"https:\/\/ubanews.com\/site\/#\/schema\/logo\/image\/"},"sameAs":["https:\/\/www.facebook.com\/Ub\u00e1News-Carlos-Roberto-Sodr\u00e9-418778301977370"]},{"@type":"Person","@id":"https:\/\/ubanews.com\/site\/#\/schema\/person\/d90c9e47252fbb63dcc969fe4c8b9d10","name":"Sodr\u00e9","image":{"@type":"ImageObject","inLanguage":"pt-BR","@id":"https:\/\/secure.gravatar.com\/avatar\/5ba2793f0590b9dbfad3fdec4ee714485b3eef211c9b32ee53d414060454a56c?s=96&d=mm&r=g","url":"https:\/\/secure.gravatar.com\/avatar\/5ba2793f0590b9dbfad3fdec4ee714485b3eef211c9b32ee53d414060454a56c?s=96&d=mm&r=g","contentUrl":"https:\/\/secure.gravatar.com\/avatar\/5ba2793f0590b9dbfad3fdec4ee714485b3eef211c9b32ee53d414060454a56c?s=96&d=mm&r=g","caption":"Sodr\u00e9"},"sameAs":["https:\/\/www.facebook.com\/carosroberto.sodre.5\/"],"url":"https:\/\/ubanews.com\/site\/author\/felipe\/"}]}},"_links":{"self":[{"href":"https:\/\/ubanews.com\/site\/wp-json\/wp\/v2\/posts\/5808","targetHints":{"allow":["GET"]}}],"collection":[{"href":"https:\/\/ubanews.com\/site\/wp-json\/wp\/v2\/posts"}],"about":[{"href":"https:\/\/ubanews.com\/site\/wp-json\/wp\/v2\/types\/post"}],"author":[{"embeddable":true,"href":"https:\/\/ubanews.com\/site\/wp-json\/wp\/v2\/users\/2"}],"replies":[{"embeddable":true,"href":"https:\/\/ubanews.com\/site\/wp-json\/wp\/v2\/comments?post=5808"}],"version-history":[{"count":0,"href":"https:\/\/ubanews.com\/site\/wp-json\/wp\/v2\/posts\/5808\/revisions"}],"wp:featuredmedia":[{"embeddable":true,"href":"https:\/\/ubanews.com\/site\/wp-json\/wp\/v2\/media\/5810"}],"wp:attachment":[{"href":"https:\/\/ubanews.com\/site\/wp-json\/wp\/v2\/media?parent=5808"}],"wp:term":[{"taxonomy":"category","embeddable":true,"href":"https:\/\/ubanews.com\/site\/wp-json\/wp\/v2\/categories?post=5808"},{"taxonomy":"post_tag","embeddable":true,"href":"https:\/\/ubanews.com\/site\/wp-json\/wp\/v2\/tags?post=5808"}],"curies":[{"name":"wp","href":"https:\/\/api.w.org\/{rel}","templated":true}]}}