{"id":5775,"date":"2018-07-24T10:25:48","date_gmt":"2018-07-24T13:25:48","guid":{"rendered":"http:\/\/ubanews.com\/site\/?p=5775"},"modified":"2018-07-24T10:25:48","modified_gmt":"2018-07-24T13:25:48","slug":"concurso-para-soldado-da-policia-militar-de-minas-gerais","status":"publish","type":"post","link":"https:\/\/ubanews.com\/site\/2018\/07\/24\/concurso-para-soldado-da-policia-militar-de-minas-gerais\/","title":{"rendered":"CONCURSO PARA SOLDADO DA POLICIA MILITAR DE MINAS GERAIS"},"content":{"rendered":"<p>Est\u00e3o abertas as inscri\u00e7\u00f5es para o concurso para o Curso de Forma\u00e7\u00e3o de Soldados da Pol\u00edcia Militar de Minas Gerais.<\/p>\n<p>Os cursos funcionar\u00e3o em Belo Horizonte com in\u00edcio em fevereiro de 2019 e no interior do Estado com in\u00edcio em maio de 2019.<\/p>\n<p>O Soldado 2\u00aa Classe far\u00e1 jus, durante o per\u00edodo do curso, \u00e0 remunera\u00e7\u00e3o, abono fardamento, assist\u00eancia m\u00e9dico-hospitalar, psicol\u00f3gica e odontol\u00f3gica.<\/p>\n<p><strong>Requisitos para ingresso:<\/strong><\/p>\n<ol>\n<li>a) ser brasileiro(a);<\/li>\n<li>b) possuir n\u00edvel superior de escolaridade;<\/li>\n<li>c) estar quite com as obriga\u00e7\u00f5es eleitorais e militares;<\/li>\n<li>d) ter entre 18 (dezoito) e 30 (trinta) anos de idade na data da inclus\u00e3o, prevista para o dia 11 de fevereiro de 2019 para os candidatos \u00e0s vagas para BH\/ RMBH e dia 20 de maio de 2019 para os candidatos \u00e0s vagas para o INTERIOR;<\/li>\n<li>e) possuir idoneidade moral;<\/li>\n<li>f) ter altura m\u00ednima de 1,60m (um metro e sessenta cent\u00edmetros);<\/li>\n<li>g) ter sanidade f\u00edsica e mental;<\/li>\n<li>h) ter aptid\u00e3o f\u00edsica;<\/li>\n<li>i) ser aprovado em avalia\u00e7\u00e3o psicol\u00f3gica;<\/li>\n<li>j) n\u00e3o apresentar, quando em uso dos diversos uniformes, tatuagem vis\u00edvel que seja, por seu significado, incompat\u00edvel com o exerc\u00edcio das atividades policial militar;<\/li>\n<li>k) n\u00e3o ter sido demitido da PMMG, de outra institui\u00e7\u00e3o militar estadual ou das For\u00e7as Armadas;<\/li>\n<\/ol>\n<p>A remunera\u00e7\u00e3o b\u00e1sica inicial para o Soldado 2\u00aa Classe da PMMG atual \u00e9 de R$3.278,74<\/p>\n<p>Ser\u00e3o oferecidas 1.560 vagas, sendo para BH 621 vagas para o sexo masculino e 69 vagas para o sexo feminino e para o INTERIOR 783 vagas para o sexo masculino e 87 vagas para o sexo feminino. Par nossa regi\u00e3o est\u00e3o sendo oferecidas 54 vagas para masculino e 06 vagas para feminino.<\/p>\n<p>As inscri\u00e7\u00f5es ser\u00e3o feitas via internet, atrav\u00e9s do site www.policiamilitar.mg.gov.br\/crs, que est\u00e3o abertas e vai ocorrer at\u00e9 dia 30\/07\/2018&nbsp;&nbsp;&nbsp;&nbsp;&nbsp;&nbsp;&nbsp;&nbsp;&nbsp;&nbsp;&nbsp;&nbsp;&nbsp;&nbsp;&nbsp;&nbsp;&nbsp;&nbsp;&nbsp;&nbsp;&nbsp;&nbsp;&nbsp;&nbsp;&nbsp;&nbsp;&nbsp;&nbsp;&nbsp;&nbsp;&nbsp;&nbsp;&nbsp;&nbsp;&nbsp;&nbsp;&nbsp;&nbsp;&nbsp;&nbsp;&nbsp;&nbsp;&nbsp;&nbsp;&nbsp;&nbsp;&nbsp;&nbsp;&nbsp;&nbsp;&nbsp;&nbsp;&nbsp;&nbsp;&nbsp;&nbsp;&nbsp;&nbsp;&nbsp;&nbsp;&nbsp;&nbsp;<\/p>\n<p style=\"text-align: right;\"><strong>O valor da taxa de inscri\u00e7\u00e3o \u00e9 de R$122,95<\/strong><\/p>\n<p><strong>A<\/strong><strong>SSESSORIA DE COMUNICA\u00c7\u00c3O ORGANIZACIONAL<\/strong><\/p>\n<p><strong><em>Vig\u00e9simo Primeiro Batalh\u00e3o de Pol\u00edcia Militar <\/em><\/strong><\/p>\n","protected":false},"excerpt":{"rendered":"<p>Est\u00e3o abertas as inscri\u00e7\u00f5es para o concurso para o Curso<\/p>\n","protected":false},"author":2,"featured_media":5776,"comment_status":"open","ping_status":"open","sticky":false,"template":"","format":"standard","meta":{"footnotes":""},"categories":[1],"tags":[],"class_list":["post-5775","post","type-post","status-publish","format-standard","has-post-thumbnail","hentry","category-sem-categoria"],"yoast_head":"<!-- This site is optimized with the Yoast SEO plugin v27.2 - https:\/\/yoast.com\/product\/yoast-seo-wordpress\/ -->\n<title>CONCURSO PARA SOLDADO DA POLICIA MILITAR DE MINAS GERAIS - Ub\u00e1 News<\/title>\n<meta name=\"robots\" content=\"index, follow, max-snippet:-1, max-image-preview:large, max-video-preview:-1\" \/>\n<link rel=\"canonical\" href=\"https:\/\/ubanews.com\/site\/2018\/07\/24\/concurso-para-soldado-da-policia-militar-de-minas-gerais\/\" \/>\n<meta property=\"og:locale\" content=\"pt_BR\" \/>\n<meta property=\"og:type\" content=\"article\" \/>\n<meta property=\"og:title\" content=\"CONCURSO PARA SOLDADO DA POLICIA MILITAR DE MINAS GERAIS - Ub\u00e1 News\" \/>\n<meta property=\"og:description\" content=\"Est\u00e3o abertas as inscri\u00e7\u00f5es para o concurso para o Curso\" \/>\n<meta property=\"og:url\" content=\"https:\/\/ubanews.com\/site\/2018\/07\/24\/concurso-para-soldado-da-policia-militar-de-minas-gerais\/\" \/>\n<meta property=\"og:site_name\" content=\"Ub\u00e1 News\" \/>\n<meta property=\"article:publisher\" content=\"https:\/\/www.facebook.com\/Ub%c3%a1News-Carlos-Roberto-Sodr%c3%a9-418778301977370\" \/>\n<meta property=\"article:author\" content=\"https:\/\/www.facebook.com\/carosroberto.sodre.5\/\" \/>\n<meta property=\"article:published_time\" content=\"2018-07-24T13:25:48+00:00\" \/>\n<meta property=\"og:image\" content=\"https:\/\/ubanews.com\/site\/wp-content\/uploads\/2018\/07\/07112016084618664.jpg\" \/>\n\t<meta property=\"og:image:width\" content=\"800\" \/>\n\t<meta property=\"og:image:height\" content=\"203\" \/>\n\t<meta property=\"og:image:type\" content=\"image\/jpeg\" \/>\n<meta name=\"author\" content=\"Sodr\u00e9\" \/>\n<meta name=\"twitter:card\" content=\"summary_large_image\" \/>\n<meta name=\"twitter:label1\" content=\"Escrito por\" \/>\n\t<meta name=\"twitter:data1\" content=\"Sodr\u00e9\" \/>\n\t<meta name=\"twitter:label2\" content=\"Est. tempo de leitura\" \/>\n\t<meta name=\"twitter:data2\" content=\"2 minutos\" \/>\n<script type=\"application\/ld+json\" class=\"yoast-schema-graph\">{\"@context\":\"https:\/\/schema.org\",\"@graph\":[{\"@type\":\"Article\",\"@id\":\"https:\/\/ubanews.com\/site\/2018\/07\/24\/concurso-para-soldado-da-policia-militar-de-minas-gerais\/#article\",\"isPartOf\":{\"@id\":\"https:\/\/ubanews.com\/site\/2018\/07\/24\/concurso-para-soldado-da-policia-militar-de-minas-gerais\/\"},\"author\":{\"name\":\"Sodr\u00e9\",\"@id\":\"https:\/\/ubanews.com\/site\/#\/schema\/person\/d90c9e47252fbb63dcc969fe4c8b9d10\"},\"headline\":\"CONCURSO PARA SOLDADO DA POLICIA MILITAR DE MINAS GERAIS\",\"datePublished\":\"2018-07-24T13:25:48+00:00\",\"mainEntityOfPage\":{\"@id\":\"https:\/\/ubanews.com\/site\/2018\/07\/24\/concurso-para-soldado-da-policia-militar-de-minas-gerais\/\"},\"wordCount\":408,\"commentCount\":1,\"publisher\":{\"@id\":\"https:\/\/ubanews.com\/site\/#organization\"},\"image\":{\"@id\":\"https:\/\/ubanews.com\/site\/2018\/07\/24\/concurso-para-soldado-da-policia-militar-de-minas-gerais\/#primaryimage\"},\"thumbnailUrl\":\"https:\/\/ubanews.com\/site\/wp-content\/uploads\/2018\/07\/07112016084618664.jpg\",\"articleSection\":[\"Geral\"],\"inLanguage\":\"pt-BR\",\"potentialAction\":[{\"@type\":\"CommentAction\",\"name\":\"Comment\",\"target\":[\"https:\/\/ubanews.com\/site\/2018\/07\/24\/concurso-para-soldado-da-policia-militar-de-minas-gerais\/#respond\"]}]},{\"@type\":\"WebPage\",\"@id\":\"https:\/\/ubanews.com\/site\/2018\/07\/24\/concurso-para-soldado-da-policia-militar-de-minas-gerais\/\",\"url\":\"https:\/\/ubanews.com\/site\/2018\/07\/24\/concurso-para-soldado-da-policia-militar-de-minas-gerais\/\",\"name\":\"CONCURSO PARA SOLDADO DA POLICIA MILITAR DE MINAS GERAIS - Ub\u00e1 News\",\"isPartOf\":{\"@id\":\"https:\/\/ubanews.com\/site\/#website\"},\"primaryImageOfPage\":{\"@id\":\"https:\/\/ubanews.com\/site\/2018\/07\/24\/concurso-para-soldado-da-policia-militar-de-minas-gerais\/#primaryimage\"},\"image\":{\"@id\":\"https:\/\/ubanews.com\/site\/2018\/07\/24\/concurso-para-soldado-da-policia-militar-de-minas-gerais\/#primaryimage\"},\"thumbnailUrl\":\"https:\/\/ubanews.com\/site\/wp-content\/uploads\/2018\/07\/07112016084618664.jpg\",\"datePublished\":\"2018-07-24T13:25:48+00:00\",\"breadcrumb\":{\"@id\":\"https:\/\/ubanews.com\/site\/2018\/07\/24\/concurso-para-soldado-da-policia-militar-de-minas-gerais\/#breadcrumb\"},\"inLanguage\":\"pt-BR\",\"potentialAction\":[{\"@type\":\"ReadAction\",\"target\":[\"https:\/\/ubanews.com\/site\/2018\/07\/24\/concurso-para-soldado-da-policia-militar-de-minas-gerais\/\"]}]},{\"@type\":\"ImageObject\",\"inLanguage\":\"pt-BR\",\"@id\":\"https:\/\/ubanews.com\/site\/2018\/07\/24\/concurso-para-soldado-da-policia-militar-de-minas-gerais\/#primaryimage\",\"url\":\"https:\/\/ubanews.com\/site\/wp-content\/uploads\/2018\/07\/07112016084618664.jpg\",\"contentUrl\":\"https:\/\/ubanews.com\/site\/wp-content\/uploads\/2018\/07\/07112016084618664.jpg\",\"width\":800,\"height\":203},{\"@type\":\"BreadcrumbList\",\"@id\":\"https:\/\/ubanews.com\/site\/2018\/07\/24\/concurso-para-soldado-da-policia-militar-de-minas-gerais\/#breadcrumb\",\"itemListElement\":[{\"@type\":\"ListItem\",\"position\":1,\"name\":\"Home\",\"item\":\"https:\/\/ubanews.com\/site\/\"},{\"@type\":\"ListItem\",\"position\":2,\"name\":\"CONCURSO PARA SOLDADO DA POLICIA MILITAR DE MINAS GERAIS\"}]},{\"@type\":\"WebSite\",\"@id\":\"https:\/\/ubanews.com\/site\/#website\",\"url\":\"https:\/\/ubanews.com\/site\/\",\"name\":\"Ub\u00e1 News\",\"description\":\"\",\"publisher\":{\"@id\":\"https:\/\/ubanews.com\/site\/#organization\"},\"potentialAction\":[{\"@type\":\"SearchAction\",\"target\":{\"@type\":\"EntryPoint\",\"urlTemplate\":\"https:\/\/ubanews.com\/site\/?s={search_term_string}\"},\"query-input\":{\"@type\":\"PropertyValueSpecification\",\"valueRequired\":true,\"valueName\":\"search_term_string\"}}],\"inLanguage\":\"pt-BR\"},{\"@type\":\"Organization\",\"@id\":\"https:\/\/ubanews.com\/site\/#organization\",\"name\":\"Ub\u00e1 News\",\"url\":\"https:\/\/ubanews.com\/site\/\",\"logo\":{\"@type\":\"ImageObject\",\"inLanguage\":\"pt-BR\",\"@id\":\"https:\/\/ubanews.com\/site\/#\/schema\/logo\/image\/\",\"url\":\"https:\/\/ubanews.com\/site\/wp-content\/uploads\/2018\/01\/logoubanews.png\",\"contentUrl\":\"https:\/\/ubanews.com\/site\/wp-content\/uploads\/2018\/01\/logoubanews.png\",\"width\":261,\"height\":99,\"caption\":\"Ub\u00e1 News\"},\"image\":{\"@id\":\"https:\/\/ubanews.com\/site\/#\/schema\/logo\/image\/\"},\"sameAs\":[\"https:\/\/www.facebook.com\/Ub\u00e1News-Carlos-Roberto-Sodr\u00e9-418778301977370\"]},{\"@type\":\"Person\",\"@id\":\"https:\/\/ubanews.com\/site\/#\/schema\/person\/d90c9e47252fbb63dcc969fe4c8b9d10\",\"name\":\"Sodr\u00e9\",\"image\":{\"@type\":\"ImageObject\",\"inLanguage\":\"pt-BR\",\"@id\":\"https:\/\/secure.gravatar.com\/avatar\/5ba2793f0590b9dbfad3fdec4ee714485b3eef211c9b32ee53d414060454a56c?s=96&d=mm&r=g\",\"url\":\"https:\/\/secure.gravatar.com\/avatar\/5ba2793f0590b9dbfad3fdec4ee714485b3eef211c9b32ee53d414060454a56c?s=96&d=mm&r=g\",\"contentUrl\":\"https:\/\/secure.gravatar.com\/avatar\/5ba2793f0590b9dbfad3fdec4ee714485b3eef211c9b32ee53d414060454a56c?s=96&d=mm&r=g\",\"caption\":\"Sodr\u00e9\"},\"sameAs\":[\"https:\/\/www.facebook.com\/carosroberto.sodre.5\/\"],\"url\":\"https:\/\/ubanews.com\/site\/author\/felipe\/\"}]}<\/script>\n<!-- \/ Yoast SEO plugin. -->","yoast_head_json":{"title":"CONCURSO PARA SOLDADO DA POLICIA MILITAR DE MINAS GERAIS - Ub\u00e1 News","robots":{"index":"index","follow":"follow","max-snippet":"max-snippet:-1","max-image-preview":"max-image-preview:large","max-video-preview":"max-video-preview:-1"},"canonical":"https:\/\/ubanews.com\/site\/2018\/07\/24\/concurso-para-soldado-da-policia-militar-de-minas-gerais\/","og_locale":"pt_BR","og_type":"article","og_title":"CONCURSO PARA SOLDADO DA POLICIA MILITAR DE MINAS GERAIS - Ub\u00e1 News","og_description":"Est\u00e3o abertas as inscri\u00e7\u00f5es para o concurso para o Curso","og_url":"https:\/\/ubanews.com\/site\/2018\/07\/24\/concurso-para-soldado-da-policia-militar-de-minas-gerais\/","og_site_name":"Ub\u00e1 News","article_publisher":"https:\/\/www.facebook.com\/Ub%c3%a1News-Carlos-Roberto-Sodr%c3%a9-418778301977370","article_author":"https:\/\/www.facebook.com\/carosroberto.sodre.5\/","article_published_time":"2018-07-24T13:25:48+00:00","og_image":[{"width":800,"height":203,"url":"https:\/\/ubanews.com\/site\/wp-content\/uploads\/2018\/07\/07112016084618664.jpg","type":"image\/jpeg"}],"author":"Sodr\u00e9","twitter_card":"summary_large_image","twitter_misc":{"Escrito por":"Sodr\u00e9","Est. tempo de leitura":"2 minutos"},"schema":{"@context":"https:\/\/schema.org","@graph":[{"@type":"Article","@id":"https:\/\/ubanews.com\/site\/2018\/07\/24\/concurso-para-soldado-da-policia-militar-de-minas-gerais\/#article","isPartOf":{"@id":"https:\/\/ubanews.com\/site\/2018\/07\/24\/concurso-para-soldado-da-policia-militar-de-minas-gerais\/"},"author":{"name":"Sodr\u00e9","@id":"https:\/\/ubanews.com\/site\/#\/schema\/person\/d90c9e47252fbb63dcc969fe4c8b9d10"},"headline":"CONCURSO PARA SOLDADO DA POLICIA MILITAR DE MINAS GERAIS","datePublished":"2018-07-24T13:25:48+00:00","mainEntityOfPage":{"@id":"https:\/\/ubanews.com\/site\/2018\/07\/24\/concurso-para-soldado-da-policia-militar-de-minas-gerais\/"},"wordCount":408,"commentCount":1,"publisher":{"@id":"https:\/\/ubanews.com\/site\/#organization"},"image":{"@id":"https:\/\/ubanews.com\/site\/2018\/07\/24\/concurso-para-soldado-da-policia-militar-de-minas-gerais\/#primaryimage"},"thumbnailUrl":"https:\/\/ubanews.com\/site\/wp-content\/uploads\/2018\/07\/07112016084618664.jpg","articleSection":["Geral"],"inLanguage":"pt-BR","potentialAction":[{"@type":"CommentAction","name":"Comment","target":["https:\/\/ubanews.com\/site\/2018\/07\/24\/concurso-para-soldado-da-policia-militar-de-minas-gerais\/#respond"]}]},{"@type":"WebPage","@id":"https:\/\/ubanews.com\/site\/2018\/07\/24\/concurso-para-soldado-da-policia-militar-de-minas-gerais\/","url":"https:\/\/ubanews.com\/site\/2018\/07\/24\/concurso-para-soldado-da-policia-militar-de-minas-gerais\/","name":"CONCURSO PARA SOLDADO DA POLICIA MILITAR DE MINAS GERAIS - Ub\u00e1 News","isPartOf":{"@id":"https:\/\/ubanews.com\/site\/#website"},"primaryImageOfPage":{"@id":"https:\/\/ubanews.com\/site\/2018\/07\/24\/concurso-para-soldado-da-policia-militar-de-minas-gerais\/#primaryimage"},"image":{"@id":"https:\/\/ubanews.com\/site\/2018\/07\/24\/concurso-para-soldado-da-policia-militar-de-minas-gerais\/#primaryimage"},"thumbnailUrl":"https:\/\/ubanews.com\/site\/wp-content\/uploads\/2018\/07\/07112016084618664.jpg","datePublished":"2018-07-24T13:25:48+00:00","breadcrumb":{"@id":"https:\/\/ubanews.com\/site\/2018\/07\/24\/concurso-para-soldado-da-policia-militar-de-minas-gerais\/#breadcrumb"},"inLanguage":"pt-BR","potentialAction":[{"@type":"ReadAction","target":["https:\/\/ubanews.com\/site\/2018\/07\/24\/concurso-para-soldado-da-policia-militar-de-minas-gerais\/"]}]},{"@type":"ImageObject","inLanguage":"pt-BR","@id":"https:\/\/ubanews.com\/site\/2018\/07\/24\/concurso-para-soldado-da-policia-militar-de-minas-gerais\/#primaryimage","url":"https:\/\/ubanews.com\/site\/wp-content\/uploads\/2018\/07\/07112016084618664.jpg","contentUrl":"https:\/\/ubanews.com\/site\/wp-content\/uploads\/2018\/07\/07112016084618664.jpg","width":800,"height":203},{"@type":"BreadcrumbList","@id":"https:\/\/ubanews.com\/site\/2018\/07\/24\/concurso-para-soldado-da-policia-militar-de-minas-gerais\/#breadcrumb","itemListElement":[{"@type":"ListItem","position":1,"name":"Home","item":"https:\/\/ubanews.com\/site\/"},{"@type":"ListItem","position":2,"name":"CONCURSO PARA SOLDADO DA POLICIA MILITAR DE MINAS GERAIS"}]},{"@type":"WebSite","@id":"https:\/\/ubanews.com\/site\/#website","url":"https:\/\/ubanews.com\/site\/","name":"Ub\u00e1 News","description":"","publisher":{"@id":"https:\/\/ubanews.com\/site\/#organization"},"potentialAction":[{"@type":"SearchAction","target":{"@type":"EntryPoint","urlTemplate":"https:\/\/ubanews.com\/site\/?s={search_term_string}"},"query-input":{"@type":"PropertyValueSpecification","valueRequired":true,"valueName":"search_term_string"}}],"inLanguage":"pt-BR"},{"@type":"Organization","@id":"https:\/\/ubanews.com\/site\/#organization","name":"Ub\u00e1 News","url":"https:\/\/ubanews.com\/site\/","logo":{"@type":"ImageObject","inLanguage":"pt-BR","@id":"https:\/\/ubanews.com\/site\/#\/schema\/logo\/image\/","url":"https:\/\/ubanews.com\/site\/wp-content\/uploads\/2018\/01\/logoubanews.png","contentUrl":"https:\/\/ubanews.com\/site\/wp-content\/uploads\/2018\/01\/logoubanews.png","width":261,"height":99,"caption":"Ub\u00e1 News"},"image":{"@id":"https:\/\/ubanews.com\/site\/#\/schema\/logo\/image\/"},"sameAs":["https:\/\/www.facebook.com\/Ub\u00e1News-Carlos-Roberto-Sodr\u00e9-418778301977370"]},{"@type":"Person","@id":"https:\/\/ubanews.com\/site\/#\/schema\/person\/d90c9e47252fbb63dcc969fe4c8b9d10","name":"Sodr\u00e9","image":{"@type":"ImageObject","inLanguage":"pt-BR","@id":"https:\/\/secure.gravatar.com\/avatar\/5ba2793f0590b9dbfad3fdec4ee714485b3eef211c9b32ee53d414060454a56c?s=96&d=mm&r=g","url":"https:\/\/secure.gravatar.com\/avatar\/5ba2793f0590b9dbfad3fdec4ee714485b3eef211c9b32ee53d414060454a56c?s=96&d=mm&r=g","contentUrl":"https:\/\/secure.gravatar.com\/avatar\/5ba2793f0590b9dbfad3fdec4ee714485b3eef211c9b32ee53d414060454a56c?s=96&d=mm&r=g","caption":"Sodr\u00e9"},"sameAs":["https:\/\/www.facebook.com\/carosroberto.sodre.5\/"],"url":"https:\/\/ubanews.com\/site\/author\/felipe\/"}]}},"_links":{"self":[{"href":"https:\/\/ubanews.com\/site\/wp-json\/wp\/v2\/posts\/5775","targetHints":{"allow":["GET"]}}],"collection":[{"href":"https:\/\/ubanews.com\/site\/wp-json\/wp\/v2\/posts"}],"about":[{"href":"https:\/\/ubanews.com\/site\/wp-json\/wp\/v2\/types\/post"}],"author":[{"embeddable":true,"href":"https:\/\/ubanews.com\/site\/wp-json\/wp\/v2\/users\/2"}],"replies":[{"embeddable":true,"href":"https:\/\/ubanews.com\/site\/wp-json\/wp\/v2\/comments?post=5775"}],"version-history":[{"count":0,"href":"https:\/\/ubanews.com\/site\/wp-json\/wp\/v2\/posts\/5775\/revisions"}],"wp:featuredmedia":[{"embeddable":true,"href":"https:\/\/ubanews.com\/site\/wp-json\/wp\/v2\/media\/5776"}],"wp:attachment":[{"href":"https:\/\/ubanews.com\/site\/wp-json\/wp\/v2\/media?parent=5775"}],"wp:term":[{"taxonomy":"category","embeddable":true,"href":"https:\/\/ubanews.com\/site\/wp-json\/wp\/v2\/categories?post=5775"},{"taxonomy":"post_tag","embeddable":true,"href":"https:\/\/ubanews.com\/site\/wp-json\/wp\/v2\/tags?post=5775"}],"curies":[{"name":"wp","href":"https:\/\/api.w.org\/{rel}","templated":true}]}}