{"id":5772,"date":"2018-07-23T12:37:33","date_gmt":"2018-07-23T15:37:33","guid":{"rendered":"http:\/\/ubanews.com\/site\/?p=5772"},"modified":"2018-07-23T12:37:34","modified_gmt":"2018-07-23T15:37:34","slug":"policia-militar-prende-autores-de-furto-em-estabelecimento-comercial-e-trafico-ilicito-de-drogas","status":"publish","type":"post","link":"https:\/\/ubanews.com\/site\/2018\/07\/23\/policia-militar-prende-autores-de-furto-em-estabelecimento-comercial-e-trafico-ilicito-de-drogas\/","title":{"rendered":"POL\u00cdCIA MILITAR PRENDE AUTORES DE FURTO EM ESTABELECIMENTO COMERCIAL E TR\u00c1FICO IL\u00cdCITO DE DROGAS"},"content":{"rendered":"<p>No dia 22 de julho \u00e0s 16h06min foi visualizado atrav\u00e9s do &#8220;Olho Vivo&#8221; instalado na P\u00e7a da independ\u00eancia dois indiv\u00edduos saindo de uma loja, carregando nas m\u00e3os, uma sacola e uma caixa contendo diversos produtos do estabelecimento. Foi verificado tamb\u00e9m que porta de vidro do estabelecimento estava quebrada. As c\u00e2meras do Olho Vivo acompanharam o trajeto dos cidad\u00e3os infratores pelo centro da cidade, auxiliando as guarni\u00e7\u00f5es na abordagem, sendo que um das viaturas conseguiu intercept\u00e1-los no Cal\u00e7ad\u00e3o Deputado Ibrahim Jacob, quando foi dado ordem para que os indiv\u00edduos parassem, momento em que ignoraram e empreenderam fuga, contudo deixaram cair ao solo os materiais furtados do estabelecimento comercial fugindo pela Galeria Francisco L\u00e1urea.<\/p>\n<p>Em seguida os infratores pularam o muro de uma resid\u00eancia e um deles se escondeu em um no por\u00e3o de um pr\u00e9dio e outro pulou o muro do pr\u00e9dio e desceu para as margens do rio ub\u00e1, onde escondeu-se num galp\u00e3o abandonado.<\/p>\n<p>De imediato foi acionado o cerco no local, juntamente com as demais viaturas do turno, tendo os militares conseguido localizar Lucas Pereira Chaves de 25 anos, apelido Lukinha, e Frederico C\u00e2ndido de Ara\u00fajo de 29 anos, apelido Fred, que foram presos e os materiais apreendidos e encaminhados a Delegacia de Pol\u00edcia Civil.<\/p>\n<p>Ao verificar novamente as imagens tamb\u00e9m foi poss\u00edvel identificar que Flavio Juniano de Assis Ribeiro de 33 anos, tamb\u00e9m esteve no estabelecimento comercial e furtou alguns materiais.<\/p>\n<p>De imediatos os militares realizaram intenso rastreamento e conseguiram localizar Fl\u00e1vio pr\u00f3ximo \u00e0 Pra\u00e7a Guido Marliere. Ao ser abordado e ao ser questionado sobre o furto Fl\u00e1vio assumiu a autoria do crime e acrescentou que os materiais furtados seriam 4 colchas e 01 edredom que foram trocados por drogas em uma boca de fumo.<\/p>\n<p>Em seguida os militares foram at\u00e9 endere\u00e7o apontado onde em contato com Romeu Juliano Ac\u00e1cio Filho de 25 anos, apelido Biju, que ao ser questionado em um primeiro momento negou ter comprado os materiais, porem foi visualizado na cama de um dos quartos da resid\u00eancia um pote contendo dinheiro e 9 pedras de crack. De imediato realizaram uma varredura pela casa sendo que no por\u00e3o da resid\u00eancia foram encontrados escondidos Saulo Jorge Reis Lima de 32 anos, e Rodrigo dos Santos Gomes de 39 anos, e pr\u00f3ximo a eles uma sacola pl\u00e1stica contendo 42 pedras de crack, totalizando 51 pedras de crack. Ainda no por\u00e3o foram localizados o edredom e as colchas produtos de furto da loja. Na entrada da resid\u00eancia havia uma motocicleta estacionada sem a placa de identifica\u00e7\u00e3o, sendo apreendida. Na casa tamb\u00e9m foram apreendidos R$ 651,00, al\u00e9m de seis aparelhos celulares de proced\u00eancia duvidosa.<\/p>\n<p>Flavio Juniano de Assis Ribeiro foi preso por furto qualificado, Romeu Juliano Ac\u00e1cio Filho foi preso por tr\u00e1fico de drogas e recepta\u00e7\u00e3o, Saulo Jorge Reis Lima e Rodrigo dos Santos Gomes foram presos por tr\u00e1fico de drogas.<\/p>\n<p><strong><u>Passagens Policiais<\/u><\/strong><\/p>\n<p><strong>Lucas Pereira Chaves, apelido Lukinha <\/strong><\/p>\n<p>Dano em 29\/08\/2014, 08\/05\/2014<\/p>\n<p>Viola\u00e7\u00e3o de domicilio em 02\/02\/2017<\/p>\n<p>Furto em 12\/07\/2009, 28\/01\/2018, 10\/10\/2013, 30\/10\/2013, 23\/07\/2009, 18\/11\/2009, 18\/06\/2009<\/p>\n<p>Amea\u00e7a em 01\/12\/2010, 24\/04\/2014, 27\/10\/2014, 14\/02\/2010, 02\/03\/2013<\/p>\n<p>Extors\u00e3o 13\/03\/2010<\/p>\n<p>Injuria em 29\/05\/2014<\/p>\n<p>Vias de fato agress\u00e3o em 17\/11\/2015<\/p>\n<p>Furto tentando em 19\/07\/2009<\/p>\n<p><strong>Frederico C\u00e2ndido de Ara\u00fajo, apelido Fred<\/strong><\/p>\n<p>&nbsp;Atrito verbal em 06\/07\/2018<\/p>\n<p>Roubo em 16\/12\/2016<\/p>\n<p>Amea\u00e7a em 07\/07\/2018<\/p>\n<p>Furto em 28\/07\/2013<\/p>\n<p>Vias de fato agress\u00e3o em 02\/05\/2013<\/p>\n<p><strong>Flavio Juniano de Assis Ribeiro<\/strong><\/p>\n<p>Furto em 21\/08\/2013, 15\/03\/2012, 07\/12\/2011, 20\/03\/2014<\/p>\n<p>Furto tentando em 20\/11\/2012<\/p>\n<p><strong>Romeu Juliano Ac\u00e1cio Filho, apelido Biju<\/strong><\/p>\n<p>Tr\u00e1fico de drogas em 22\/10\/2017, 24\/12\/2012, 15\/10\/2012, 28\/07\/2014, 20\/02\/2015<\/p>\n<p>Extors\u00e3o em 27\/07\/2012<\/p>\n<p>Vias de fato agress\u00e3o em 16\/11\/2013<\/p>\n<p><strong>Saulo Jorge Reis Lima<\/strong><\/p>\n<p>Tr\u00e1fico de drogas em 27\/10\/2014, 28\/05\/2014, 20\/01\/2018<\/p>\n<p>Vias de fato agress\u00e3o em 14\/02\/2013<\/p>\n<p>Recepta\u00e7\u00e3o 24\/03\/2014<\/p>\n<p>Furto em 09\/06\/2016<\/p>\n<p><strong>Rodrigo dos Santos Gomes<\/strong><\/p>\n<p>Porte ilegal de arma de fogo em 17\/01\/2015<\/p>\n<p>Tr\u00e1fico de drogas em 01\/10\/2017<\/p>\n","protected":false},"excerpt":{"rendered":"<p>No dia 22 de julho \u00e0s 16h06min foi visualizado atrav\u00e9s<\/p>\n","protected":false},"author":2,"featured_media":5770,"comment_status":"open","ping_status":"open","sticky":false,"template":"","format":"standard","meta":{"footnotes":""},"categories":[13],"tags":[],"class_list":["post-5772","post","type-post","status-publish","format-standard","has-post-thumbnail","hentry","category-sintese-das-ocorrencias"],"yoast_head":"<!-- This site is optimized with the Yoast SEO plugin v27.2 - https:\/\/yoast.com\/product\/yoast-seo-wordpress\/ -->\n<title>POL\u00cdCIA MILITAR PRENDE AUTORES DE FURTO EM ESTABELECIMENTO COMERCIAL E TR\u00c1FICO IL\u00cdCITO DE DROGAS - Ub\u00e1 News<\/title>\n<meta name=\"robots\" content=\"index, follow, max-snippet:-1, max-image-preview:large, max-video-preview:-1\" \/>\n<link rel=\"canonical\" href=\"https:\/\/ubanews.com\/site\/2018\/07\/23\/policia-militar-prende-autores-de-furto-em-estabelecimento-comercial-e-trafico-ilicito-de-drogas\/\" \/>\n<meta property=\"og:locale\" content=\"pt_BR\" \/>\n<meta property=\"og:type\" content=\"article\" \/>\n<meta property=\"og:title\" content=\"POL\u00cdCIA MILITAR PRENDE AUTORES DE FURTO EM ESTABELECIMENTO COMERCIAL E TR\u00c1FICO IL\u00cdCITO DE DROGAS - Ub\u00e1 News\" \/>\n<meta property=\"og:description\" content=\"No dia 22 de julho \u00e0s 16h06min foi visualizado atrav\u00e9s\" \/>\n<meta property=\"og:url\" content=\"https:\/\/ubanews.com\/site\/2018\/07\/23\/policia-militar-prende-autores-de-furto-em-estabelecimento-comercial-e-trafico-ilicito-de-drogas\/\" \/>\n<meta property=\"og:site_name\" content=\"Ub\u00e1 News\" \/>\n<meta property=\"article:publisher\" content=\"https:\/\/www.facebook.com\/Ub%c3%a1News-Carlos-Roberto-Sodr%c3%a9-418778301977370\" \/>\n<meta property=\"article:author\" content=\"https:\/\/www.facebook.com\/carosroberto.sodre.5\/\" \/>\n<meta property=\"article:published_time\" content=\"2018-07-23T15:37:33+00:00\" \/>\n<meta property=\"article:modified_time\" content=\"2018-07-23T15:37:34+00:00\" \/>\n<meta property=\"og:image\" content=\"https:\/\/ubanews.com\/site\/wp-content\/uploads\/2018\/07\/001-3.jpg\" \/>\n\t<meta property=\"og:image:width\" content=\"800\" \/>\n\t<meta property=\"og:image:height\" content=\"457\" \/>\n\t<meta property=\"og:image:type\" content=\"image\/jpeg\" \/>\n<meta name=\"author\" content=\"Sodr\u00e9\" \/>\n<meta name=\"twitter:card\" content=\"summary_large_image\" \/>\n<meta name=\"twitter:label1\" content=\"Escrito por\" \/>\n\t<meta name=\"twitter:data1\" content=\"Sodr\u00e9\" \/>\n\t<meta name=\"twitter:label2\" content=\"Est. tempo de leitura\" \/>\n\t<meta name=\"twitter:data2\" content=\"3 minutos\" \/>\n<script type=\"application\/ld+json\" class=\"yoast-schema-graph\">{\"@context\":\"https:\/\/schema.org\",\"@graph\":[{\"@type\":\"Article\",\"@id\":\"https:\/\/ubanews.com\/site\/2018\/07\/23\/policia-militar-prende-autores-de-furto-em-estabelecimento-comercial-e-trafico-ilicito-de-drogas\/#article\",\"isPartOf\":{\"@id\":\"https:\/\/ubanews.com\/site\/2018\/07\/23\/policia-militar-prende-autores-de-furto-em-estabelecimento-comercial-e-trafico-ilicito-de-drogas\/\"},\"author\":{\"name\":\"Sodr\u00e9\",\"@id\":\"https:\/\/ubanews.com\/site\/#\/schema\/person\/d90c9e47252fbb63dcc969fe4c8b9d10\"},\"headline\":\"POL\u00cdCIA MILITAR PRENDE AUTORES DE FURTO EM ESTABELECIMENTO COMERCIAL E TR\u00c1FICO IL\u00cdCITO DE DROGAS\",\"datePublished\":\"2018-07-23T15:37:33+00:00\",\"dateModified\":\"2018-07-23T15:37:34+00:00\",\"mainEntityOfPage\":{\"@id\":\"https:\/\/ubanews.com\/site\/2018\/07\/23\/policia-militar-prende-autores-de-furto-em-estabelecimento-comercial-e-trafico-ilicito-de-drogas\/\"},\"wordCount\":644,\"commentCount\":0,\"publisher\":{\"@id\":\"https:\/\/ubanews.com\/site\/#organization\"},\"image\":{\"@id\":\"https:\/\/ubanews.com\/site\/2018\/07\/23\/policia-militar-prende-autores-de-furto-em-estabelecimento-comercial-e-trafico-ilicito-de-drogas\/#primaryimage\"},\"thumbnailUrl\":\"https:\/\/ubanews.com\/site\/wp-content\/uploads\/2018\/07\/001-3.jpg\",\"articleSection\":[\"S\u00edntese das Ocorr\u00eancias\"],\"inLanguage\":\"pt-BR\",\"potentialAction\":[{\"@type\":\"CommentAction\",\"name\":\"Comment\",\"target\":[\"https:\/\/ubanews.com\/site\/2018\/07\/23\/policia-militar-prende-autores-de-furto-em-estabelecimento-comercial-e-trafico-ilicito-de-drogas\/#respond\"]}]},{\"@type\":\"WebPage\",\"@id\":\"https:\/\/ubanews.com\/site\/2018\/07\/23\/policia-militar-prende-autores-de-furto-em-estabelecimento-comercial-e-trafico-ilicito-de-drogas\/\",\"url\":\"https:\/\/ubanews.com\/site\/2018\/07\/23\/policia-militar-prende-autores-de-furto-em-estabelecimento-comercial-e-trafico-ilicito-de-drogas\/\",\"name\":\"POL\u00cdCIA MILITAR PRENDE AUTORES DE FURTO EM ESTABELECIMENTO COMERCIAL E TR\u00c1FICO IL\u00cdCITO DE DROGAS - Ub\u00e1 News\",\"isPartOf\":{\"@id\":\"https:\/\/ubanews.com\/site\/#website\"},\"primaryImageOfPage\":{\"@id\":\"https:\/\/ubanews.com\/site\/2018\/07\/23\/policia-militar-prende-autores-de-furto-em-estabelecimento-comercial-e-trafico-ilicito-de-drogas\/#primaryimage\"},\"image\":{\"@id\":\"https:\/\/ubanews.com\/site\/2018\/07\/23\/policia-militar-prende-autores-de-furto-em-estabelecimento-comercial-e-trafico-ilicito-de-drogas\/#primaryimage\"},\"thumbnailUrl\":\"https:\/\/ubanews.com\/site\/wp-content\/uploads\/2018\/07\/001-3.jpg\",\"datePublished\":\"2018-07-23T15:37:33+00:00\",\"dateModified\":\"2018-07-23T15:37:34+00:00\",\"breadcrumb\":{\"@id\":\"https:\/\/ubanews.com\/site\/2018\/07\/23\/policia-militar-prende-autores-de-furto-em-estabelecimento-comercial-e-trafico-ilicito-de-drogas\/#breadcrumb\"},\"inLanguage\":\"pt-BR\",\"potentialAction\":[{\"@type\":\"ReadAction\",\"target\":[\"https:\/\/ubanews.com\/site\/2018\/07\/23\/policia-militar-prende-autores-de-furto-em-estabelecimento-comercial-e-trafico-ilicito-de-drogas\/\"]}]},{\"@type\":\"ImageObject\",\"inLanguage\":\"pt-BR\",\"@id\":\"https:\/\/ubanews.com\/site\/2018\/07\/23\/policia-militar-prende-autores-de-furto-em-estabelecimento-comercial-e-trafico-ilicito-de-drogas\/#primaryimage\",\"url\":\"https:\/\/ubanews.com\/site\/wp-content\/uploads\/2018\/07\/001-3.jpg\",\"contentUrl\":\"https:\/\/ubanews.com\/site\/wp-content\/uploads\/2018\/07\/001-3.jpg\",\"width\":800,\"height\":457},{\"@type\":\"BreadcrumbList\",\"@id\":\"https:\/\/ubanews.com\/site\/2018\/07\/23\/policia-militar-prende-autores-de-furto-em-estabelecimento-comercial-e-trafico-ilicito-de-drogas\/#breadcrumb\",\"itemListElement\":[{\"@type\":\"ListItem\",\"position\":1,\"name\":\"Home\",\"item\":\"https:\/\/ubanews.com\/site\/\"},{\"@type\":\"ListItem\",\"position\":2,\"name\":\"POL\u00cdCIA MILITAR PRENDE AUTORES DE FURTO EM ESTABELECIMENTO COMERCIAL E TR\u00c1FICO IL\u00cdCITO DE DROGAS\"}]},{\"@type\":\"WebSite\",\"@id\":\"https:\/\/ubanews.com\/site\/#website\",\"url\":\"https:\/\/ubanews.com\/site\/\",\"name\":\"Ub\u00e1 News\",\"description\":\"\",\"publisher\":{\"@id\":\"https:\/\/ubanews.com\/site\/#organization\"},\"potentialAction\":[{\"@type\":\"SearchAction\",\"target\":{\"@type\":\"EntryPoint\",\"urlTemplate\":\"https:\/\/ubanews.com\/site\/?s={search_term_string}\"},\"query-input\":{\"@type\":\"PropertyValueSpecification\",\"valueRequired\":true,\"valueName\":\"search_term_string\"}}],\"inLanguage\":\"pt-BR\"},{\"@type\":\"Organization\",\"@id\":\"https:\/\/ubanews.com\/site\/#organization\",\"name\":\"Ub\u00e1 News\",\"url\":\"https:\/\/ubanews.com\/site\/\",\"logo\":{\"@type\":\"ImageObject\",\"inLanguage\":\"pt-BR\",\"@id\":\"https:\/\/ubanews.com\/site\/#\/schema\/logo\/image\/\",\"url\":\"https:\/\/ubanews.com\/site\/wp-content\/uploads\/2018\/01\/logoubanews.png\",\"contentUrl\":\"https:\/\/ubanews.com\/site\/wp-content\/uploads\/2018\/01\/logoubanews.png\",\"width\":261,\"height\":99,\"caption\":\"Ub\u00e1 News\"},\"image\":{\"@id\":\"https:\/\/ubanews.com\/site\/#\/schema\/logo\/image\/\"},\"sameAs\":[\"https:\/\/www.facebook.com\/Ub\u00e1News-Carlos-Roberto-Sodr\u00e9-418778301977370\"]},{\"@type\":\"Person\",\"@id\":\"https:\/\/ubanews.com\/site\/#\/schema\/person\/d90c9e47252fbb63dcc969fe4c8b9d10\",\"name\":\"Sodr\u00e9\",\"image\":{\"@type\":\"ImageObject\",\"inLanguage\":\"pt-BR\",\"@id\":\"https:\/\/secure.gravatar.com\/avatar\/5ba2793f0590b9dbfad3fdec4ee714485b3eef211c9b32ee53d414060454a56c?s=96&d=mm&r=g\",\"url\":\"https:\/\/secure.gravatar.com\/avatar\/5ba2793f0590b9dbfad3fdec4ee714485b3eef211c9b32ee53d414060454a56c?s=96&d=mm&r=g\",\"contentUrl\":\"https:\/\/secure.gravatar.com\/avatar\/5ba2793f0590b9dbfad3fdec4ee714485b3eef211c9b32ee53d414060454a56c?s=96&d=mm&r=g\",\"caption\":\"Sodr\u00e9\"},\"sameAs\":[\"https:\/\/www.facebook.com\/carosroberto.sodre.5\/\"],\"url\":\"https:\/\/ubanews.com\/site\/author\/felipe\/\"}]}<\/script>\n<!-- \/ Yoast SEO plugin. -->","yoast_head_json":{"title":"POL\u00cdCIA MILITAR PRENDE AUTORES DE FURTO EM ESTABELECIMENTO COMERCIAL E TR\u00c1FICO IL\u00cdCITO DE DROGAS - Ub\u00e1 News","robots":{"index":"index","follow":"follow","max-snippet":"max-snippet:-1","max-image-preview":"max-image-preview:large","max-video-preview":"max-video-preview:-1"},"canonical":"https:\/\/ubanews.com\/site\/2018\/07\/23\/policia-militar-prende-autores-de-furto-em-estabelecimento-comercial-e-trafico-ilicito-de-drogas\/","og_locale":"pt_BR","og_type":"article","og_title":"POL\u00cdCIA MILITAR PRENDE AUTORES DE FURTO EM ESTABELECIMENTO COMERCIAL E TR\u00c1FICO IL\u00cdCITO DE DROGAS - Ub\u00e1 News","og_description":"No dia 22 de julho \u00e0s 16h06min foi visualizado atrav\u00e9s","og_url":"https:\/\/ubanews.com\/site\/2018\/07\/23\/policia-militar-prende-autores-de-furto-em-estabelecimento-comercial-e-trafico-ilicito-de-drogas\/","og_site_name":"Ub\u00e1 News","article_publisher":"https:\/\/www.facebook.com\/Ub%c3%a1News-Carlos-Roberto-Sodr%c3%a9-418778301977370","article_author":"https:\/\/www.facebook.com\/carosroberto.sodre.5\/","article_published_time":"2018-07-23T15:37:33+00:00","article_modified_time":"2018-07-23T15:37:34+00:00","og_image":[{"width":800,"height":457,"url":"https:\/\/ubanews.com\/site\/wp-content\/uploads\/2018\/07\/001-3.jpg","type":"image\/jpeg"}],"author":"Sodr\u00e9","twitter_card":"summary_large_image","twitter_misc":{"Escrito por":"Sodr\u00e9","Est. tempo de leitura":"3 minutos"},"schema":{"@context":"https:\/\/schema.org","@graph":[{"@type":"Article","@id":"https:\/\/ubanews.com\/site\/2018\/07\/23\/policia-militar-prende-autores-de-furto-em-estabelecimento-comercial-e-trafico-ilicito-de-drogas\/#article","isPartOf":{"@id":"https:\/\/ubanews.com\/site\/2018\/07\/23\/policia-militar-prende-autores-de-furto-em-estabelecimento-comercial-e-trafico-ilicito-de-drogas\/"},"author":{"name":"Sodr\u00e9","@id":"https:\/\/ubanews.com\/site\/#\/schema\/person\/d90c9e47252fbb63dcc969fe4c8b9d10"},"headline":"POL\u00cdCIA MILITAR PRENDE AUTORES DE FURTO EM ESTABELECIMENTO COMERCIAL E TR\u00c1FICO IL\u00cdCITO DE DROGAS","datePublished":"2018-07-23T15:37:33+00:00","dateModified":"2018-07-23T15:37:34+00:00","mainEntityOfPage":{"@id":"https:\/\/ubanews.com\/site\/2018\/07\/23\/policia-militar-prende-autores-de-furto-em-estabelecimento-comercial-e-trafico-ilicito-de-drogas\/"},"wordCount":644,"commentCount":0,"publisher":{"@id":"https:\/\/ubanews.com\/site\/#organization"},"image":{"@id":"https:\/\/ubanews.com\/site\/2018\/07\/23\/policia-militar-prende-autores-de-furto-em-estabelecimento-comercial-e-trafico-ilicito-de-drogas\/#primaryimage"},"thumbnailUrl":"https:\/\/ubanews.com\/site\/wp-content\/uploads\/2018\/07\/001-3.jpg","articleSection":["S\u00edntese das Ocorr\u00eancias"],"inLanguage":"pt-BR","potentialAction":[{"@type":"CommentAction","name":"Comment","target":["https:\/\/ubanews.com\/site\/2018\/07\/23\/policia-militar-prende-autores-de-furto-em-estabelecimento-comercial-e-trafico-ilicito-de-drogas\/#respond"]}]},{"@type":"WebPage","@id":"https:\/\/ubanews.com\/site\/2018\/07\/23\/policia-militar-prende-autores-de-furto-em-estabelecimento-comercial-e-trafico-ilicito-de-drogas\/","url":"https:\/\/ubanews.com\/site\/2018\/07\/23\/policia-militar-prende-autores-de-furto-em-estabelecimento-comercial-e-trafico-ilicito-de-drogas\/","name":"POL\u00cdCIA MILITAR PRENDE AUTORES DE FURTO EM ESTABELECIMENTO COMERCIAL E TR\u00c1FICO IL\u00cdCITO DE DROGAS - Ub\u00e1 News","isPartOf":{"@id":"https:\/\/ubanews.com\/site\/#website"},"primaryImageOfPage":{"@id":"https:\/\/ubanews.com\/site\/2018\/07\/23\/policia-militar-prende-autores-de-furto-em-estabelecimento-comercial-e-trafico-ilicito-de-drogas\/#primaryimage"},"image":{"@id":"https:\/\/ubanews.com\/site\/2018\/07\/23\/policia-militar-prende-autores-de-furto-em-estabelecimento-comercial-e-trafico-ilicito-de-drogas\/#primaryimage"},"thumbnailUrl":"https:\/\/ubanews.com\/site\/wp-content\/uploads\/2018\/07\/001-3.jpg","datePublished":"2018-07-23T15:37:33+00:00","dateModified":"2018-07-23T15:37:34+00:00","breadcrumb":{"@id":"https:\/\/ubanews.com\/site\/2018\/07\/23\/policia-militar-prende-autores-de-furto-em-estabelecimento-comercial-e-trafico-ilicito-de-drogas\/#breadcrumb"},"inLanguage":"pt-BR","potentialAction":[{"@type":"ReadAction","target":["https:\/\/ubanews.com\/site\/2018\/07\/23\/policia-militar-prende-autores-de-furto-em-estabelecimento-comercial-e-trafico-ilicito-de-drogas\/"]}]},{"@type":"ImageObject","inLanguage":"pt-BR","@id":"https:\/\/ubanews.com\/site\/2018\/07\/23\/policia-militar-prende-autores-de-furto-em-estabelecimento-comercial-e-trafico-ilicito-de-drogas\/#primaryimage","url":"https:\/\/ubanews.com\/site\/wp-content\/uploads\/2018\/07\/001-3.jpg","contentUrl":"https:\/\/ubanews.com\/site\/wp-content\/uploads\/2018\/07\/001-3.jpg","width":800,"height":457},{"@type":"BreadcrumbList","@id":"https:\/\/ubanews.com\/site\/2018\/07\/23\/policia-militar-prende-autores-de-furto-em-estabelecimento-comercial-e-trafico-ilicito-de-drogas\/#breadcrumb","itemListElement":[{"@type":"ListItem","position":1,"name":"Home","item":"https:\/\/ubanews.com\/site\/"},{"@type":"ListItem","position":2,"name":"POL\u00cdCIA MILITAR PRENDE AUTORES DE FURTO EM ESTABELECIMENTO COMERCIAL E TR\u00c1FICO IL\u00cdCITO DE DROGAS"}]},{"@type":"WebSite","@id":"https:\/\/ubanews.com\/site\/#website","url":"https:\/\/ubanews.com\/site\/","name":"Ub\u00e1 News","description":"","publisher":{"@id":"https:\/\/ubanews.com\/site\/#organization"},"potentialAction":[{"@type":"SearchAction","target":{"@type":"EntryPoint","urlTemplate":"https:\/\/ubanews.com\/site\/?s={search_term_string}"},"query-input":{"@type":"PropertyValueSpecification","valueRequired":true,"valueName":"search_term_string"}}],"inLanguage":"pt-BR"},{"@type":"Organization","@id":"https:\/\/ubanews.com\/site\/#organization","name":"Ub\u00e1 News","url":"https:\/\/ubanews.com\/site\/","logo":{"@type":"ImageObject","inLanguage":"pt-BR","@id":"https:\/\/ubanews.com\/site\/#\/schema\/logo\/image\/","url":"https:\/\/ubanews.com\/site\/wp-content\/uploads\/2018\/01\/logoubanews.png","contentUrl":"https:\/\/ubanews.com\/site\/wp-content\/uploads\/2018\/01\/logoubanews.png","width":261,"height":99,"caption":"Ub\u00e1 News"},"image":{"@id":"https:\/\/ubanews.com\/site\/#\/schema\/logo\/image\/"},"sameAs":["https:\/\/www.facebook.com\/Ub\u00e1News-Carlos-Roberto-Sodr\u00e9-418778301977370"]},{"@type":"Person","@id":"https:\/\/ubanews.com\/site\/#\/schema\/person\/d90c9e47252fbb63dcc969fe4c8b9d10","name":"Sodr\u00e9","image":{"@type":"ImageObject","inLanguage":"pt-BR","@id":"https:\/\/secure.gravatar.com\/avatar\/5ba2793f0590b9dbfad3fdec4ee714485b3eef211c9b32ee53d414060454a56c?s=96&d=mm&r=g","url":"https:\/\/secure.gravatar.com\/avatar\/5ba2793f0590b9dbfad3fdec4ee714485b3eef211c9b32ee53d414060454a56c?s=96&d=mm&r=g","contentUrl":"https:\/\/secure.gravatar.com\/avatar\/5ba2793f0590b9dbfad3fdec4ee714485b3eef211c9b32ee53d414060454a56c?s=96&d=mm&r=g","caption":"Sodr\u00e9"},"sameAs":["https:\/\/www.facebook.com\/carosroberto.sodre.5\/"],"url":"https:\/\/ubanews.com\/site\/author\/felipe\/"}]}},"_links":{"self":[{"href":"https:\/\/ubanews.com\/site\/wp-json\/wp\/v2\/posts\/5772","targetHints":{"allow":["GET"]}}],"collection":[{"href":"https:\/\/ubanews.com\/site\/wp-json\/wp\/v2\/posts"}],"about":[{"href":"https:\/\/ubanews.com\/site\/wp-json\/wp\/v2\/types\/post"}],"author":[{"embeddable":true,"href":"https:\/\/ubanews.com\/site\/wp-json\/wp\/v2\/users\/2"}],"replies":[{"embeddable":true,"href":"https:\/\/ubanews.com\/site\/wp-json\/wp\/v2\/comments?post=5772"}],"version-history":[{"count":0,"href":"https:\/\/ubanews.com\/site\/wp-json\/wp\/v2\/posts\/5772\/revisions"}],"wp:featuredmedia":[{"embeddable":true,"href":"https:\/\/ubanews.com\/site\/wp-json\/wp\/v2\/media\/5770"}],"wp:attachment":[{"href":"https:\/\/ubanews.com\/site\/wp-json\/wp\/v2\/media?parent=5772"}],"wp:term":[{"taxonomy":"category","embeddable":true,"href":"https:\/\/ubanews.com\/site\/wp-json\/wp\/v2\/categories?post=5772"},{"taxonomy":"post_tag","embeddable":true,"href":"https:\/\/ubanews.com\/site\/wp-json\/wp\/v2\/tags?post=5772"}],"curies":[{"name":"wp","href":"https:\/\/api.w.org\/{rel}","templated":true}]}}