{"id":5761,"date":"2018-07-23T12:15:49","date_gmt":"2018-07-23T15:15:49","guid":{"rendered":"http:\/\/ubanews.com\/site\/?p=5761"},"modified":"2018-07-23T12:15:49","modified_gmt":"2018-07-23T15:15:49","slug":"policia-militar-apreende-drogas-e-localiza-autores-do-trafico-no-fim-de-semana-em-uba","status":"publish","type":"post","link":"https:\/\/ubanews.com\/site\/2018\/07\/23\/policia-militar-apreende-drogas-e-localiza-autores-do-trafico-no-fim-de-semana-em-uba\/","title":{"rendered":"Pol\u00edcia Militar apreende drogas e localiza autores do tr\u00e1fico no fim de semana em Ub\u00e1"},"content":{"rendered":"<p>No dia 21 de julho \u00e0s 19h06min,&nbsp;Rua Mariano Rodrigues da Rocha, bairro Agostinho Amato, a Pol\u00edcia Militar recebeu den\u00fancias dando conta que estaria ocorrendo tr\u00e1fico de drogas neste local.&nbsp;<\/p>\n<p>De imediato foi montada uma opera\u00e7\u00e3o e diversas viaturas foram at\u00e9 o local e com a chegada dos Policiais os indiv\u00edduos sa\u00edram em desabalada correria sendo que Deivid de Souza Inacio (23), Matheus Filippe Junior da Silva (18) e Rafanniel Victor Gomes Felicio (24), foram cercados e presos. Aldo Freitas Brabo Junior (24), tentou agredir os policias e ao mesmo tempo tentava sacar sua arma de fogo, os militares usaram t\u00e9cnicas de imobiliza\u00e7\u00e3o e algema\u00e7\u00e3o para conter o autor. Ap\u00f3s busca pessoal, foi encontrada em sua cintura uma arma de fogo, 01 pistola taurus calibre 380, municiada com sete cartuchos, um celular e R$590,00.<\/p>\n<p>Em seguida foi feita uma varredura onde estavam os cidad\u00e3os infratores sendo localizados e encontrados: 01 por\u00e7\u00e3o de subst\u00e2ncia semelhante a coca\u00edna, 01 inv\u00f3lucro contendo em seu interior 24 pedras de subst\u00e2ncia semelhante ao crack, 01 por\u00e7\u00e3o de subst\u00e2ncia semelhante a coca\u00edna, um frasco de subst\u00e2ncia semelhante a lan\u00e7a-perfume.<\/p>\n<p>Os militares realizaram buscas na resid\u00eancia onde foram encontrados: 01 r\u00e1dio tipo HT, 02 carregadores de bases para r\u00e1dios tipo HT, 01 vidro de subst\u00e2ncia semelhante a lol\u00f3, 01 por\u00e7\u00e3o pequena de subst\u00e2ncia semelhante a maconha, 01 m\u00e1scara e 02 celulares.<\/p>\n<p>No local onde estava um senhor de 61 anos foram encontrados 35 pinos de subst\u00e2ncia semelhante a coca\u00edna e R$ 213,20, que foi preso por tr\u00e1fico de drogas.<\/p>\n<p>Mayary Dhenyffer Candida Lima de (23), que toma conta do im\u00f3vel foi presa por tr\u00e1fico de drogas e associa\u00e7\u00e3o para o tr\u00e1fico. Deivid de Souza Inacio, Matheus Filippe Junior da Silva e Rafanniel Victor Gomes Felicio foram presos por associa\u00e7\u00e3o. Aldo Freitas Brabo Junior foi preso por associa\u00e7\u00e3o ao tr\u00e1fico de drogas e porte ilegal de arma de fogo adulterada.<\/p>\n<p><strong><u>Passagens Policiais<\/u><\/strong><\/p>\n<p>Deivid de Souza Inacio por servir bebida alco\u00f3lica menor em 20\/09\/2014;&nbsp;Matheus Filippe Junior da Silva porte ilegal de arma de fogo em 25\/02\/2015, 25\/07\/2016, roubo em 25\/06\/2016, 05\/07\/2016, vias de fato\/agress\u00e3o 15\/08\/2016, 08\/09\/2015, homic\u00eddio 31\/05\/2015.&nbsp;Aldo Freitas Brabo Junior porte ilegal de arma de fogo em 07\/05\/2018, servir bebida alco\u00f3lica menor em 06\/10\/2012, 20\/09\/2014, les\u00e3o corporal em 26\/08\/2017, furto em 17\/11\/2014, associa\u00e7\u00e3o para tr\u00e1fico em 17\/12\/2014, tr\u00e1fico de drogas 26\/10\/2013;&nbsp;Mayary Dhenyffer Candida Lima, tr\u00e1fico de drogas e associa\u00e7\u00e3o para tr\u00e1fico de drogas em 17\/07\/2018<a href=\"https:\/\/ubanews.com\/site\/wp-content\/uploads\/2018\/07\/002.jpg\"><img decoding=\"async\" class=\"alignnone wp-image-5762 size-full lazyload\" data-src=\"https:\/\/ubanews.com\/site\/wp-content\/uploads\/2018\/07\/002.jpg\" alt=\"\" width=\"800\" height=\"584\" data-srcset=\"https:\/\/ubanews.com\/site\/wp-content\/uploads\/2018\/07\/002.jpg 800w, https:\/\/ubanews.com\/site\/wp-content\/uploads\/2018\/07\/002-300x219.jpg 300w, https:\/\/ubanews.com\/site\/wp-content\/uploads\/2018\/07\/002-768x561.jpg 768w\" data-sizes=\"(max-width: 800px) 100vw, 800px\" src=\"data:image\/svg+xml;base64,PHN2ZyB3aWR0aD0iMSIgaGVpZ2h0PSIxIiB4bWxucz0iaHR0cDovL3d3dy53My5vcmcvMjAwMC9zdmciPjwvc3ZnPg==\" style=\"--smush-placeholder-width: 800px; --smush-placeholder-aspect-ratio: 800\/584;\" \/><\/a><\/p>\n<p>No dia 22 de julho por volta das 02h e 42min na Rua Prefeito Adolfo Nicolatoa, a Pol\u00edcia Militar recebeu den\u00fancias dando conta de intenso tr\u00e1fico de drogas, inclusive com uso de menores. De imediato os militares foram at\u00e9 o endere\u00e7o, sendo que Marcelo Teodoro Dias (24), ao perceber a presen\u00e7a policial gritou para que o dono da casa sa\u00edsse fugindo. No mesmo instante, Ant\u00f4nio Carlos de Oliveira Filho (20) jogou um objeto ao ch\u00e3o e ao seu lado estava um adolescente de 17 anos.<\/p>\n<p>Ant\u00f4nio Carlos e o adolescente foram abordados. Ao lado de Ant\u00f4nio Carlos foi encontrado 01 por\u00e7\u00e3o grande de subst\u00e2ncia esverdeada an\u00e1loga a maconha. Ao ser procedida busca pessoal no adolescente foram encontrados 15 pinos de subst\u00e2ncia semelhante a coca\u00edna e R$ 53,20.<\/p>\n<p>Marcelo Teodoro Dias, Ant\u00f4nio Carlos de Oliveira foram presos, o adolescente infrator foi apreendido sendo conduzidos at\u00e9 a Delegacia de Pol\u00edcia Civil com as subst\u00e2ncias apreendidas e o dinheiro apreendidos.<\/p>\n<p><strong><u>Passagens Policiais<\/u><\/strong><\/p>\n<p>Marcelo Teodoro Dias por tr\u00e1fico de drogas em 02\/02\/2013;&nbsp;Ant\u00f4nio Carlos de Oliveira Filho, ve\u00edculo furtado\/recuperado em 28\/06\/2014, les\u00e3o corporal em 14\/09\/2016, 01\/01\/2017, tr\u00e1fico de drogas em 13\/10\/2014, 19\/09\/2016, 10\/01\/2018, 02\/02\/2017, porte ilegal de arma de fogo em 21\/03\/2014, vias de fato\/agress\u00e3o em 31\/05\/201, amea\u00e7a em 16\/08\/2015, 20\/12\/2012 homic\u00eddio tentado em 30\/05\/2017, roubo em 07\/06\/2017, 15\/01\/2016, furto em 31\/12\/2014;&nbsp;Adolescente de 17 anos por disparo de arma de fogo em 12\/12\/2017, recepta\u00e7\u00e3o 04\/02\/2018 e roubo em 28\/02\/2018.<a href=\"https:\/\/ubanews.com\/site\/wp-content\/uploads\/2018\/07\/001-2.jpg\"><img decoding=\"async\" class=\"alignnone size-full wp-image-5763 lazyload\" data-src=\"https:\/\/ubanews.com\/site\/wp-content\/uploads\/2018\/07\/001-2.jpg\" alt=\"\" width=\"800\" height=\"572\" data-srcset=\"https:\/\/ubanews.com\/site\/wp-content\/uploads\/2018\/07\/001-2.jpg 800w, https:\/\/ubanews.com\/site\/wp-content\/uploads\/2018\/07\/001-2-300x215.jpg 300w, https:\/\/ubanews.com\/site\/wp-content\/uploads\/2018\/07\/001-2-768x549.jpg 768w\" data-sizes=\"(max-width: 800px) 100vw, 800px\" src=\"data:image\/svg+xml;base64,PHN2ZyB3aWR0aD0iMSIgaGVpZ2h0PSIxIiB4bWxucz0iaHR0cDovL3d3dy53My5vcmcvMjAwMC9zdmciPjwvc3ZnPg==\" style=\"--smush-placeholder-width: 800px; --smush-placeholder-aspect-ratio: 800\/572;\" \/><\/a><\/p>\n<p><strong>A<\/strong><strong>SSESSORIA DE COMUNICA\u00c7\u00c3O ORGANIZACIONAL<\/strong><\/p>\n<p><strong><em>Vig\u00e9simo Primeiro Batalh\u00e3o de Pol\u00edcia Militar <\/em><\/strong><\/p>\n","protected":false},"excerpt":{"rendered":"<p>No dia 21 de julho \u00e0s 19h06min,&nbsp;Rua Mariano Rodrigues da<\/p>\n","protected":false},"author":2,"featured_media":5764,"comment_status":"open","ping_status":"open","sticky":false,"template":"","format":"standard","meta":{"footnotes":""},"categories":[13],"tags":[],"class_list":["post-5761","post","type-post","status-publish","format-standard","has-post-thumbnail","hentry","category-sintese-das-ocorrencias"],"yoast_head":"<!-- This site is optimized with the Yoast SEO plugin v27.2 - https:\/\/yoast.com\/product\/yoast-seo-wordpress\/ -->\n<title>Pol\u00edcia Militar apreende drogas e localiza autores do tr\u00e1fico no fim de semana em Ub\u00e1 - Ub\u00e1 News<\/title>\n<meta name=\"robots\" content=\"index, follow, max-snippet:-1, max-image-preview:large, max-video-preview:-1\" \/>\n<link rel=\"canonical\" href=\"https:\/\/ubanews.com\/site\/2018\/07\/23\/policia-militar-apreende-drogas-e-localiza-autores-do-trafico-no-fim-de-semana-em-uba\/\" \/>\n<meta property=\"og:locale\" content=\"pt_BR\" \/>\n<meta property=\"og:type\" content=\"article\" \/>\n<meta property=\"og:title\" content=\"Pol\u00edcia Militar apreende drogas e localiza autores do tr\u00e1fico no fim de semana em Ub\u00e1 - Ub\u00e1 News\" \/>\n<meta property=\"og:description\" content=\"No dia 21 de julho \u00e0s 19h06min,&nbsp;Rua Mariano Rodrigues da\" \/>\n<meta property=\"og:url\" content=\"https:\/\/ubanews.com\/site\/2018\/07\/23\/policia-militar-apreende-drogas-e-localiza-autores-do-trafico-no-fim-de-semana-em-uba\/\" \/>\n<meta property=\"og:site_name\" content=\"Ub\u00e1 News\" \/>\n<meta property=\"article:publisher\" content=\"https:\/\/www.facebook.com\/Ub%c3%a1News-Carlos-Roberto-Sodr%c3%a9-418778301977370\" \/>\n<meta property=\"article:author\" content=\"https:\/\/www.facebook.com\/carosroberto.sodre.5\/\" \/>\n<meta property=\"article:published_time\" content=\"2018-07-23T15:15:49+00:00\" \/>\n<meta property=\"og:image\" content=\"https:\/\/ubanews.com\/site\/wp-content\/uploads\/2018\/07\/giroflex-policia.jpg\" \/>\n\t<meta property=\"og:image:width\" content=\"800\" \/>\n\t<meta property=\"og:image:height\" content=\"389\" \/>\n\t<meta property=\"og:image:type\" content=\"image\/jpeg\" \/>\n<meta name=\"author\" content=\"Sodr\u00e9\" \/>\n<meta name=\"twitter:card\" content=\"summary_large_image\" \/>\n<meta name=\"twitter:label1\" content=\"Escrito por\" \/>\n\t<meta name=\"twitter:data1\" content=\"Sodr\u00e9\" \/>\n\t<meta name=\"twitter:label2\" content=\"Est. tempo de leitura\" \/>\n\t<meta name=\"twitter:data2\" content=\"3 minutos\" \/>\n<script type=\"application\/ld+json\" class=\"yoast-schema-graph\">{\"@context\":\"https:\/\/schema.org\",\"@graph\":[{\"@type\":\"Article\",\"@id\":\"https:\/\/ubanews.com\/site\/2018\/07\/23\/policia-militar-apreende-drogas-e-localiza-autores-do-trafico-no-fim-de-semana-em-uba\/#article\",\"isPartOf\":{\"@id\":\"https:\/\/ubanews.com\/site\/2018\/07\/23\/policia-militar-apreende-drogas-e-localiza-autores-do-trafico-no-fim-de-semana-em-uba\/\"},\"author\":{\"name\":\"Sodr\u00e9\",\"@id\":\"https:\/\/ubanews.com\/site\/#\/schema\/person\/d90c9e47252fbb63dcc969fe4c8b9d10\"},\"headline\":\"Pol\u00edcia Militar apreende drogas e localiza autores do tr\u00e1fico no fim de semana em Ub\u00e1\",\"datePublished\":\"2018-07-23T15:15:49+00:00\",\"mainEntityOfPage\":{\"@id\":\"https:\/\/ubanews.com\/site\/2018\/07\/23\/policia-militar-apreende-drogas-e-localiza-autores-do-trafico-no-fim-de-semana-em-uba\/\"},\"wordCount\":691,\"commentCount\":0,\"publisher\":{\"@id\":\"https:\/\/ubanews.com\/site\/#organization\"},\"image\":{\"@id\":\"https:\/\/ubanews.com\/site\/2018\/07\/23\/policia-militar-apreende-drogas-e-localiza-autores-do-trafico-no-fim-de-semana-em-uba\/#primaryimage\"},\"thumbnailUrl\":\"https:\/\/ubanews.com\/site\/wp-content\/uploads\/2018\/07\/giroflex-policia.jpg\",\"articleSection\":[\"S\u00edntese das Ocorr\u00eancias\"],\"inLanguage\":\"pt-BR\",\"potentialAction\":[{\"@type\":\"CommentAction\",\"name\":\"Comment\",\"target\":[\"https:\/\/ubanews.com\/site\/2018\/07\/23\/policia-militar-apreende-drogas-e-localiza-autores-do-trafico-no-fim-de-semana-em-uba\/#respond\"]}]},{\"@type\":\"WebPage\",\"@id\":\"https:\/\/ubanews.com\/site\/2018\/07\/23\/policia-militar-apreende-drogas-e-localiza-autores-do-trafico-no-fim-de-semana-em-uba\/\",\"url\":\"https:\/\/ubanews.com\/site\/2018\/07\/23\/policia-militar-apreende-drogas-e-localiza-autores-do-trafico-no-fim-de-semana-em-uba\/\",\"name\":\"Pol\u00edcia Militar apreende drogas e localiza autores do tr\u00e1fico no fim de semana em Ub\u00e1 - Ub\u00e1 News\",\"isPartOf\":{\"@id\":\"https:\/\/ubanews.com\/site\/#website\"},\"primaryImageOfPage\":{\"@id\":\"https:\/\/ubanews.com\/site\/2018\/07\/23\/policia-militar-apreende-drogas-e-localiza-autores-do-trafico-no-fim-de-semana-em-uba\/#primaryimage\"},\"image\":{\"@id\":\"https:\/\/ubanews.com\/site\/2018\/07\/23\/policia-militar-apreende-drogas-e-localiza-autores-do-trafico-no-fim-de-semana-em-uba\/#primaryimage\"},\"thumbnailUrl\":\"https:\/\/ubanews.com\/site\/wp-content\/uploads\/2018\/07\/giroflex-policia.jpg\",\"datePublished\":\"2018-07-23T15:15:49+00:00\",\"breadcrumb\":{\"@id\":\"https:\/\/ubanews.com\/site\/2018\/07\/23\/policia-militar-apreende-drogas-e-localiza-autores-do-trafico-no-fim-de-semana-em-uba\/#breadcrumb\"},\"inLanguage\":\"pt-BR\",\"potentialAction\":[{\"@type\":\"ReadAction\",\"target\":[\"https:\/\/ubanews.com\/site\/2018\/07\/23\/policia-militar-apreende-drogas-e-localiza-autores-do-trafico-no-fim-de-semana-em-uba\/\"]}]},{\"@type\":\"ImageObject\",\"inLanguage\":\"pt-BR\",\"@id\":\"https:\/\/ubanews.com\/site\/2018\/07\/23\/policia-militar-apreende-drogas-e-localiza-autores-do-trafico-no-fim-de-semana-em-uba\/#primaryimage\",\"url\":\"https:\/\/ubanews.com\/site\/wp-content\/uploads\/2018\/07\/giroflex-policia.jpg\",\"contentUrl\":\"https:\/\/ubanews.com\/site\/wp-content\/uploads\/2018\/07\/giroflex-policia.jpg\",\"width\":800,\"height\":389},{\"@type\":\"BreadcrumbList\",\"@id\":\"https:\/\/ubanews.com\/site\/2018\/07\/23\/policia-militar-apreende-drogas-e-localiza-autores-do-trafico-no-fim-de-semana-em-uba\/#breadcrumb\",\"itemListElement\":[{\"@type\":\"ListItem\",\"position\":1,\"name\":\"Home\",\"item\":\"https:\/\/ubanews.com\/site\/\"},{\"@type\":\"ListItem\",\"position\":2,\"name\":\"Pol\u00edcia Militar apreende drogas e localiza autores do tr\u00e1fico no fim de semana em Ub\u00e1\"}]},{\"@type\":\"WebSite\",\"@id\":\"https:\/\/ubanews.com\/site\/#website\",\"url\":\"https:\/\/ubanews.com\/site\/\",\"name\":\"Ub\u00e1 News\",\"description\":\"\",\"publisher\":{\"@id\":\"https:\/\/ubanews.com\/site\/#organization\"},\"potentialAction\":[{\"@type\":\"SearchAction\",\"target\":{\"@type\":\"EntryPoint\",\"urlTemplate\":\"https:\/\/ubanews.com\/site\/?s={search_term_string}\"},\"query-input\":{\"@type\":\"PropertyValueSpecification\",\"valueRequired\":true,\"valueName\":\"search_term_string\"}}],\"inLanguage\":\"pt-BR\"},{\"@type\":\"Organization\",\"@id\":\"https:\/\/ubanews.com\/site\/#organization\",\"name\":\"Ub\u00e1 News\",\"url\":\"https:\/\/ubanews.com\/site\/\",\"logo\":{\"@type\":\"ImageObject\",\"inLanguage\":\"pt-BR\",\"@id\":\"https:\/\/ubanews.com\/site\/#\/schema\/logo\/image\/\",\"url\":\"https:\/\/ubanews.com\/site\/wp-content\/uploads\/2018\/01\/logoubanews.png\",\"contentUrl\":\"https:\/\/ubanews.com\/site\/wp-content\/uploads\/2018\/01\/logoubanews.png\",\"width\":261,\"height\":99,\"caption\":\"Ub\u00e1 News\"},\"image\":{\"@id\":\"https:\/\/ubanews.com\/site\/#\/schema\/logo\/image\/\"},\"sameAs\":[\"https:\/\/www.facebook.com\/Ub\u00e1News-Carlos-Roberto-Sodr\u00e9-418778301977370\"]},{\"@type\":\"Person\",\"@id\":\"https:\/\/ubanews.com\/site\/#\/schema\/person\/d90c9e47252fbb63dcc969fe4c8b9d10\",\"name\":\"Sodr\u00e9\",\"image\":{\"@type\":\"ImageObject\",\"inLanguage\":\"pt-BR\",\"@id\":\"https:\/\/secure.gravatar.com\/avatar\/5ba2793f0590b9dbfad3fdec4ee714485b3eef211c9b32ee53d414060454a56c?s=96&d=mm&r=g\",\"url\":\"https:\/\/secure.gravatar.com\/avatar\/5ba2793f0590b9dbfad3fdec4ee714485b3eef211c9b32ee53d414060454a56c?s=96&d=mm&r=g\",\"contentUrl\":\"https:\/\/secure.gravatar.com\/avatar\/5ba2793f0590b9dbfad3fdec4ee714485b3eef211c9b32ee53d414060454a56c?s=96&d=mm&r=g\",\"caption\":\"Sodr\u00e9\"},\"sameAs\":[\"https:\/\/www.facebook.com\/carosroberto.sodre.5\/\"],\"url\":\"https:\/\/ubanews.com\/site\/author\/felipe\/\"}]}<\/script>\n<!-- \/ Yoast SEO plugin. -->","yoast_head_json":{"title":"Pol\u00edcia Militar apreende drogas e localiza autores do tr\u00e1fico no fim de semana em Ub\u00e1 - Ub\u00e1 News","robots":{"index":"index","follow":"follow","max-snippet":"max-snippet:-1","max-image-preview":"max-image-preview:large","max-video-preview":"max-video-preview:-1"},"canonical":"https:\/\/ubanews.com\/site\/2018\/07\/23\/policia-militar-apreende-drogas-e-localiza-autores-do-trafico-no-fim-de-semana-em-uba\/","og_locale":"pt_BR","og_type":"article","og_title":"Pol\u00edcia Militar apreende drogas e localiza autores do tr\u00e1fico no fim de semana em Ub\u00e1 - Ub\u00e1 News","og_description":"No dia 21 de julho \u00e0s 19h06min,&nbsp;Rua Mariano Rodrigues da","og_url":"https:\/\/ubanews.com\/site\/2018\/07\/23\/policia-militar-apreende-drogas-e-localiza-autores-do-trafico-no-fim-de-semana-em-uba\/","og_site_name":"Ub\u00e1 News","article_publisher":"https:\/\/www.facebook.com\/Ub%c3%a1News-Carlos-Roberto-Sodr%c3%a9-418778301977370","article_author":"https:\/\/www.facebook.com\/carosroberto.sodre.5\/","article_published_time":"2018-07-23T15:15:49+00:00","og_image":[{"width":800,"height":389,"url":"https:\/\/ubanews.com\/site\/wp-content\/uploads\/2018\/07\/giroflex-policia.jpg","type":"image\/jpeg"}],"author":"Sodr\u00e9","twitter_card":"summary_large_image","twitter_misc":{"Escrito por":"Sodr\u00e9","Est. tempo de leitura":"3 minutos"},"schema":{"@context":"https:\/\/schema.org","@graph":[{"@type":"Article","@id":"https:\/\/ubanews.com\/site\/2018\/07\/23\/policia-militar-apreende-drogas-e-localiza-autores-do-trafico-no-fim-de-semana-em-uba\/#article","isPartOf":{"@id":"https:\/\/ubanews.com\/site\/2018\/07\/23\/policia-militar-apreende-drogas-e-localiza-autores-do-trafico-no-fim-de-semana-em-uba\/"},"author":{"name":"Sodr\u00e9","@id":"https:\/\/ubanews.com\/site\/#\/schema\/person\/d90c9e47252fbb63dcc969fe4c8b9d10"},"headline":"Pol\u00edcia Militar apreende drogas e localiza autores do tr\u00e1fico no fim de semana em Ub\u00e1","datePublished":"2018-07-23T15:15:49+00:00","mainEntityOfPage":{"@id":"https:\/\/ubanews.com\/site\/2018\/07\/23\/policia-militar-apreende-drogas-e-localiza-autores-do-trafico-no-fim-de-semana-em-uba\/"},"wordCount":691,"commentCount":0,"publisher":{"@id":"https:\/\/ubanews.com\/site\/#organization"},"image":{"@id":"https:\/\/ubanews.com\/site\/2018\/07\/23\/policia-militar-apreende-drogas-e-localiza-autores-do-trafico-no-fim-de-semana-em-uba\/#primaryimage"},"thumbnailUrl":"https:\/\/ubanews.com\/site\/wp-content\/uploads\/2018\/07\/giroflex-policia.jpg","articleSection":["S\u00edntese das Ocorr\u00eancias"],"inLanguage":"pt-BR","potentialAction":[{"@type":"CommentAction","name":"Comment","target":["https:\/\/ubanews.com\/site\/2018\/07\/23\/policia-militar-apreende-drogas-e-localiza-autores-do-trafico-no-fim-de-semana-em-uba\/#respond"]}]},{"@type":"WebPage","@id":"https:\/\/ubanews.com\/site\/2018\/07\/23\/policia-militar-apreende-drogas-e-localiza-autores-do-trafico-no-fim-de-semana-em-uba\/","url":"https:\/\/ubanews.com\/site\/2018\/07\/23\/policia-militar-apreende-drogas-e-localiza-autores-do-trafico-no-fim-de-semana-em-uba\/","name":"Pol\u00edcia Militar apreende drogas e localiza autores do tr\u00e1fico no fim de semana em Ub\u00e1 - Ub\u00e1 News","isPartOf":{"@id":"https:\/\/ubanews.com\/site\/#website"},"primaryImageOfPage":{"@id":"https:\/\/ubanews.com\/site\/2018\/07\/23\/policia-militar-apreende-drogas-e-localiza-autores-do-trafico-no-fim-de-semana-em-uba\/#primaryimage"},"image":{"@id":"https:\/\/ubanews.com\/site\/2018\/07\/23\/policia-militar-apreende-drogas-e-localiza-autores-do-trafico-no-fim-de-semana-em-uba\/#primaryimage"},"thumbnailUrl":"https:\/\/ubanews.com\/site\/wp-content\/uploads\/2018\/07\/giroflex-policia.jpg","datePublished":"2018-07-23T15:15:49+00:00","breadcrumb":{"@id":"https:\/\/ubanews.com\/site\/2018\/07\/23\/policia-militar-apreende-drogas-e-localiza-autores-do-trafico-no-fim-de-semana-em-uba\/#breadcrumb"},"inLanguage":"pt-BR","potentialAction":[{"@type":"ReadAction","target":["https:\/\/ubanews.com\/site\/2018\/07\/23\/policia-militar-apreende-drogas-e-localiza-autores-do-trafico-no-fim-de-semana-em-uba\/"]}]},{"@type":"ImageObject","inLanguage":"pt-BR","@id":"https:\/\/ubanews.com\/site\/2018\/07\/23\/policia-militar-apreende-drogas-e-localiza-autores-do-trafico-no-fim-de-semana-em-uba\/#primaryimage","url":"https:\/\/ubanews.com\/site\/wp-content\/uploads\/2018\/07\/giroflex-policia.jpg","contentUrl":"https:\/\/ubanews.com\/site\/wp-content\/uploads\/2018\/07\/giroflex-policia.jpg","width":800,"height":389},{"@type":"BreadcrumbList","@id":"https:\/\/ubanews.com\/site\/2018\/07\/23\/policia-militar-apreende-drogas-e-localiza-autores-do-trafico-no-fim-de-semana-em-uba\/#breadcrumb","itemListElement":[{"@type":"ListItem","position":1,"name":"Home","item":"https:\/\/ubanews.com\/site\/"},{"@type":"ListItem","position":2,"name":"Pol\u00edcia Militar apreende drogas e localiza autores do tr\u00e1fico no fim de semana em Ub\u00e1"}]},{"@type":"WebSite","@id":"https:\/\/ubanews.com\/site\/#website","url":"https:\/\/ubanews.com\/site\/","name":"Ub\u00e1 News","description":"","publisher":{"@id":"https:\/\/ubanews.com\/site\/#organization"},"potentialAction":[{"@type":"SearchAction","target":{"@type":"EntryPoint","urlTemplate":"https:\/\/ubanews.com\/site\/?s={search_term_string}"},"query-input":{"@type":"PropertyValueSpecification","valueRequired":true,"valueName":"search_term_string"}}],"inLanguage":"pt-BR"},{"@type":"Organization","@id":"https:\/\/ubanews.com\/site\/#organization","name":"Ub\u00e1 News","url":"https:\/\/ubanews.com\/site\/","logo":{"@type":"ImageObject","inLanguage":"pt-BR","@id":"https:\/\/ubanews.com\/site\/#\/schema\/logo\/image\/","url":"https:\/\/ubanews.com\/site\/wp-content\/uploads\/2018\/01\/logoubanews.png","contentUrl":"https:\/\/ubanews.com\/site\/wp-content\/uploads\/2018\/01\/logoubanews.png","width":261,"height":99,"caption":"Ub\u00e1 News"},"image":{"@id":"https:\/\/ubanews.com\/site\/#\/schema\/logo\/image\/"},"sameAs":["https:\/\/www.facebook.com\/Ub\u00e1News-Carlos-Roberto-Sodr\u00e9-418778301977370"]},{"@type":"Person","@id":"https:\/\/ubanews.com\/site\/#\/schema\/person\/d90c9e47252fbb63dcc969fe4c8b9d10","name":"Sodr\u00e9","image":{"@type":"ImageObject","inLanguage":"pt-BR","@id":"https:\/\/secure.gravatar.com\/avatar\/5ba2793f0590b9dbfad3fdec4ee714485b3eef211c9b32ee53d414060454a56c?s=96&d=mm&r=g","url":"https:\/\/secure.gravatar.com\/avatar\/5ba2793f0590b9dbfad3fdec4ee714485b3eef211c9b32ee53d414060454a56c?s=96&d=mm&r=g","contentUrl":"https:\/\/secure.gravatar.com\/avatar\/5ba2793f0590b9dbfad3fdec4ee714485b3eef211c9b32ee53d414060454a56c?s=96&d=mm&r=g","caption":"Sodr\u00e9"},"sameAs":["https:\/\/www.facebook.com\/carosroberto.sodre.5\/"],"url":"https:\/\/ubanews.com\/site\/author\/felipe\/"}]}},"_links":{"self":[{"href":"https:\/\/ubanews.com\/site\/wp-json\/wp\/v2\/posts\/5761","targetHints":{"allow":["GET"]}}],"collection":[{"href":"https:\/\/ubanews.com\/site\/wp-json\/wp\/v2\/posts"}],"about":[{"href":"https:\/\/ubanews.com\/site\/wp-json\/wp\/v2\/types\/post"}],"author":[{"embeddable":true,"href":"https:\/\/ubanews.com\/site\/wp-json\/wp\/v2\/users\/2"}],"replies":[{"embeddable":true,"href":"https:\/\/ubanews.com\/site\/wp-json\/wp\/v2\/comments?post=5761"}],"version-history":[{"count":0,"href":"https:\/\/ubanews.com\/site\/wp-json\/wp\/v2\/posts\/5761\/revisions"}],"wp:featuredmedia":[{"embeddable":true,"href":"https:\/\/ubanews.com\/site\/wp-json\/wp\/v2\/media\/5764"}],"wp:attachment":[{"href":"https:\/\/ubanews.com\/site\/wp-json\/wp\/v2\/media?parent=5761"}],"wp:term":[{"taxonomy":"category","embeddable":true,"href":"https:\/\/ubanews.com\/site\/wp-json\/wp\/v2\/categories?post=5761"},{"taxonomy":"post_tag","embeddable":true,"href":"https:\/\/ubanews.com\/site\/wp-json\/wp\/v2\/tags?post=5761"}],"curies":[{"name":"wp","href":"https:\/\/api.w.org\/{rel}","templated":true}]}}