{"id":5680,"date":"2018-07-18T10:30:52","date_gmt":"2018-07-18T13:30:52","guid":{"rendered":"http:\/\/ubanews.com\/site\/?p=5680"},"modified":"2018-07-18T10:43:14","modified_gmt":"2018-07-18T13:43:14","slug":"policia-militar-prende-autor-por-trafico-de-drogas-e-posse-de-municao","status":"publish","type":"post","link":"https:\/\/ubanews.com\/site\/2018\/07\/18\/policia-militar-prende-autor-por-trafico-de-drogas-e-posse-de-municao\/","title":{"rendered":"Pol\u00edcia Militar prende autor por tr\u00e1fico de drogas e posse de muni\u00e7\u00e3o"},"content":{"rendered":"<p>No dia 17 de julho \u00e0s 17h29min ap\u00f3s diversas den\u00fancias que na Rua Mariano Rodrigues da Rocha, Bairro Talma, onde estaria ocorrendo tr\u00e1fico de droga, foi cumprido o mandado de busca e apreens\u00e3o, na resid\u00eancia e segundo informa\u00e7\u00f5es de populares, o propriet\u00e1rio e sua genitora havia acabado de sair do local, pulando casas de vizinhos. Tendo em vista o estado de flagr\u00e2ncia, militares adentraram na resid\u00eancia ao lado, n\u00ba 25 fundos e constataram que a casa tamb\u00e9m era habitada pelo denunciado e ap\u00f3s buscas foram apreendidos: R$634,00 reais, 04 aparelhos celulares, 01 fone de ouvido de HT e um sistema de monitoramento de c\u00e2meras.<\/p>\n<p>Em uma casa abandonada, que d\u00e1 fundos para a casa do denunciado, militares abordaram Marco Ant\u00f4nio Ara\u00fajo de Carvalho, vulgo ET, 45 anos, e ap\u00f3s buscas no local foram apreendidos os seguintes materiais: 106 pinos de subst\u00e2ncia an\u00e1loga coca\u00edna, 08 muni\u00e7\u00f5es calibre 9mm, 08 muni\u00e7\u00f5es calibre .32, 09 buchas de subst\u00e2ncia an\u00e1loga maconha, 02 tabletes pequenos de subst\u00e2ncia an\u00e1loga maconha, 01 bin\u00f3culo e material para colagem.<\/p>\n<p>Na casa onde reside o denunciado e genitora foram encontrados R$428,00 e aparelho celular e um sistema de monitoramento.<\/p>\n<p>Marco Ant\u00f4nio Ara\u00fajo Carvalho foi preso por tr\u00e1fico de drogas e posse de muni\u00e7\u00e3o, e Mayary Dhenyffer C\u00e2ndida Lima foi presa por consentir com a utiliza\u00e7\u00e3o de bem que possui guarda ou vigil\u00e2ncia e associa\u00e7\u00e3o para o tr\u00e1fico, ambos conduzidos at\u00e9 a Delegacia de Pol\u00edcia Civil. O propriet\u00e1rio da casa e sua genitora n\u00e3o foram localizados.<\/p>\n<p><strong><u>Total de materiais apreendidos:<\/u><\/strong><\/p>\n<p>&#x25aa;106 pinos de subst\u00e2ncia an\u00e1loga a coca\u00edna<\/p>\n<p>&#x25aa;09 buchas de subst\u00e2ncia an\u00e1loga a maconha<\/p>\n<p>&#x25aa;02 tabletes de subst\u00e2ncia an\u00e1loga a maconha<\/p>\n<p>&#x25aa;08 muni\u00e7\u00f5es de calibre 9mm<\/p>\n<p>&#x25aa;08 muni\u00e7\u00f5es de calibre .32<\/p>\n<p>&#x25aa;R$1.062,00 em moeda corrente<\/p>\n<p>&#x25aa;05 aparelhos celulares<\/p>\n<p>&#x25aa;07 c\u00e2meras de monitoramento<\/p>\n<p>&#x25aa;02 monitores<\/p>\n<p>&#x25aa;02 receptores de imagens<\/p>\n<p>&#x25aa;01 roteador de internet<\/p>\n<p>&#x25aa;02 fontes de alimenta\u00e7\u00e3o<\/p>\n<p>&#x25aa;01 bin\u00f3culo<\/p>\n<p>&#x25aa;01 rel\u00f3gio da marca s\u00e9culos<\/p>\n<p>&#x25aa;Material para endolagem<\/p>\n<p><strong>A<\/strong><strong>SSESSORIA DE COMUNICA\u00c7\u00c3O ORGANIZACIONAL<\/strong><\/p>\n<p><strong><em>Vig\u00e9simo Primeiro Batalh\u00e3o de Pol\u00edcia Militar <\/em><\/strong><\/p>\n","protected":false},"excerpt":{"rendered":"<p>No dia 17 de julho \u00e0s 17h29min ap\u00f3s diversas den\u00fancias<\/p>\n","protected":false},"author":2,"featured_media":5681,"comment_status":"open","ping_status":"open","sticky":false,"template":"","format":"standard","meta":{"footnotes":""},"categories":[13],"tags":[],"class_list":["post-5680","post","type-post","status-publish","format-standard","has-post-thumbnail","hentry","category-sintese-das-ocorrencias"],"yoast_head":"<!-- This site is optimized with the Yoast SEO plugin v27.2 - https:\/\/yoast.com\/product\/yoast-seo-wordpress\/ -->\n<title>Pol\u00edcia Militar prende autor por tr\u00e1fico de drogas e posse de muni\u00e7\u00e3o - Ub\u00e1 News<\/title>\n<meta name=\"robots\" content=\"index, follow, max-snippet:-1, max-image-preview:large, max-video-preview:-1\" \/>\n<link rel=\"canonical\" href=\"https:\/\/ubanews.com\/site\/2018\/07\/18\/policia-militar-prende-autor-por-trafico-de-drogas-e-posse-de-municao\/\" \/>\n<meta property=\"og:locale\" content=\"pt_BR\" \/>\n<meta property=\"og:type\" content=\"article\" \/>\n<meta property=\"og:title\" content=\"Pol\u00edcia Militar prende autor por tr\u00e1fico de drogas e posse de muni\u00e7\u00e3o - Ub\u00e1 News\" \/>\n<meta property=\"og:description\" content=\"No dia 17 de julho \u00e0s 17h29min ap\u00f3s diversas den\u00fancias\" \/>\n<meta property=\"og:url\" content=\"https:\/\/ubanews.com\/site\/2018\/07\/18\/policia-militar-prende-autor-por-trafico-de-drogas-e-posse-de-municao\/\" \/>\n<meta property=\"og:site_name\" content=\"Ub\u00e1 News\" \/>\n<meta property=\"article:publisher\" content=\"https:\/\/www.facebook.com\/Ub%c3%a1News-Carlos-Roberto-Sodr%c3%a9-418778301977370\" \/>\n<meta property=\"article:author\" content=\"https:\/\/www.facebook.com\/carosroberto.sodre.5\/\" \/>\n<meta property=\"article:published_time\" content=\"2018-07-18T13:30:52+00:00\" \/>\n<meta property=\"article:modified_time\" content=\"2018-07-18T13:43:14+00:00\" \/>\n<meta property=\"og:image\" content=\"https:\/\/ubanews.com\/site\/wp-content\/uploads\/2018\/07\/01-2.jpg\" \/>\n\t<meta property=\"og:image:width\" content=\"800\" \/>\n\t<meta property=\"og:image:height\" content=\"338\" \/>\n\t<meta property=\"og:image:type\" content=\"image\/jpeg\" \/>\n<meta name=\"author\" content=\"Sodr\u00e9\" \/>\n<meta name=\"twitter:card\" content=\"summary_large_image\" \/>\n<meta name=\"twitter:label1\" content=\"Escrito por\" \/>\n\t<meta name=\"twitter:data1\" content=\"Sodr\u00e9\" \/>\n\t<meta name=\"twitter:label2\" content=\"Est. tempo de leitura\" \/>\n\t<meta name=\"twitter:data2\" content=\"2 minutos\" \/>\n<script type=\"application\/ld+json\" class=\"yoast-schema-graph\">{\"@context\":\"https:\/\/schema.org\",\"@graph\":[{\"@type\":\"Article\",\"@id\":\"https:\/\/ubanews.com\/site\/2018\/07\/18\/policia-militar-prende-autor-por-trafico-de-drogas-e-posse-de-municao\/#article\",\"isPartOf\":{\"@id\":\"https:\/\/ubanews.com\/site\/2018\/07\/18\/policia-militar-prende-autor-por-trafico-de-drogas-e-posse-de-municao\/\"},\"author\":{\"name\":\"Sodr\u00e9\",\"@id\":\"https:\/\/ubanews.com\/site\/#\/schema\/person\/d90c9e47252fbb63dcc969fe4c8b9d10\"},\"headline\":\"Pol\u00edcia Militar prende autor por tr\u00e1fico de drogas e posse de muni\u00e7\u00e3o\",\"datePublished\":\"2018-07-18T13:30:52+00:00\",\"dateModified\":\"2018-07-18T13:43:14+00:00\",\"mainEntityOfPage\":{\"@id\":\"https:\/\/ubanews.com\/site\/2018\/07\/18\/policia-militar-prende-autor-por-trafico-de-drogas-e-posse-de-municao\/\"},\"wordCount\":401,\"commentCount\":0,\"publisher\":{\"@id\":\"https:\/\/ubanews.com\/site\/#organization\"},\"image\":{\"@id\":\"https:\/\/ubanews.com\/site\/2018\/07\/18\/policia-militar-prende-autor-por-trafico-de-drogas-e-posse-de-municao\/#primaryimage\"},\"thumbnailUrl\":\"https:\/\/ubanews.com\/site\/wp-content\/uploads\/2018\/07\/01-2.jpg\",\"articleSection\":[\"S\u00edntese das Ocorr\u00eancias\"],\"inLanguage\":\"pt-BR\",\"potentialAction\":[{\"@type\":\"CommentAction\",\"name\":\"Comment\",\"target\":[\"https:\/\/ubanews.com\/site\/2018\/07\/18\/policia-militar-prende-autor-por-trafico-de-drogas-e-posse-de-municao\/#respond\"]}]},{\"@type\":\"WebPage\",\"@id\":\"https:\/\/ubanews.com\/site\/2018\/07\/18\/policia-militar-prende-autor-por-trafico-de-drogas-e-posse-de-municao\/\",\"url\":\"https:\/\/ubanews.com\/site\/2018\/07\/18\/policia-militar-prende-autor-por-trafico-de-drogas-e-posse-de-municao\/\",\"name\":\"Pol\u00edcia Militar prende autor por tr\u00e1fico de drogas e posse de muni\u00e7\u00e3o - Ub\u00e1 News\",\"isPartOf\":{\"@id\":\"https:\/\/ubanews.com\/site\/#website\"},\"primaryImageOfPage\":{\"@id\":\"https:\/\/ubanews.com\/site\/2018\/07\/18\/policia-militar-prende-autor-por-trafico-de-drogas-e-posse-de-municao\/#primaryimage\"},\"image\":{\"@id\":\"https:\/\/ubanews.com\/site\/2018\/07\/18\/policia-militar-prende-autor-por-trafico-de-drogas-e-posse-de-municao\/#primaryimage\"},\"thumbnailUrl\":\"https:\/\/ubanews.com\/site\/wp-content\/uploads\/2018\/07\/01-2.jpg\",\"datePublished\":\"2018-07-18T13:30:52+00:00\",\"dateModified\":\"2018-07-18T13:43:14+00:00\",\"breadcrumb\":{\"@id\":\"https:\/\/ubanews.com\/site\/2018\/07\/18\/policia-militar-prende-autor-por-trafico-de-drogas-e-posse-de-municao\/#breadcrumb\"},\"inLanguage\":\"pt-BR\",\"potentialAction\":[{\"@type\":\"ReadAction\",\"target\":[\"https:\/\/ubanews.com\/site\/2018\/07\/18\/policia-militar-prende-autor-por-trafico-de-drogas-e-posse-de-municao\/\"]}]},{\"@type\":\"ImageObject\",\"inLanguage\":\"pt-BR\",\"@id\":\"https:\/\/ubanews.com\/site\/2018\/07\/18\/policia-militar-prende-autor-por-trafico-de-drogas-e-posse-de-municao\/#primaryimage\",\"url\":\"https:\/\/ubanews.com\/site\/wp-content\/uploads\/2018\/07\/01-2.jpg\",\"contentUrl\":\"https:\/\/ubanews.com\/site\/wp-content\/uploads\/2018\/07\/01-2.jpg\",\"width\":800,\"height\":338},{\"@type\":\"BreadcrumbList\",\"@id\":\"https:\/\/ubanews.com\/site\/2018\/07\/18\/policia-militar-prende-autor-por-trafico-de-drogas-e-posse-de-municao\/#breadcrumb\",\"itemListElement\":[{\"@type\":\"ListItem\",\"position\":1,\"name\":\"Home\",\"item\":\"https:\/\/ubanews.com\/site\/\"},{\"@type\":\"ListItem\",\"position\":2,\"name\":\"Pol\u00edcia Militar prende autor por tr\u00e1fico de drogas e posse de muni\u00e7\u00e3o\"}]},{\"@type\":\"WebSite\",\"@id\":\"https:\/\/ubanews.com\/site\/#website\",\"url\":\"https:\/\/ubanews.com\/site\/\",\"name\":\"Ub\u00e1 News\",\"description\":\"\",\"publisher\":{\"@id\":\"https:\/\/ubanews.com\/site\/#organization\"},\"potentialAction\":[{\"@type\":\"SearchAction\",\"target\":{\"@type\":\"EntryPoint\",\"urlTemplate\":\"https:\/\/ubanews.com\/site\/?s={search_term_string}\"},\"query-input\":{\"@type\":\"PropertyValueSpecification\",\"valueRequired\":true,\"valueName\":\"search_term_string\"}}],\"inLanguage\":\"pt-BR\"},{\"@type\":\"Organization\",\"@id\":\"https:\/\/ubanews.com\/site\/#organization\",\"name\":\"Ub\u00e1 News\",\"url\":\"https:\/\/ubanews.com\/site\/\",\"logo\":{\"@type\":\"ImageObject\",\"inLanguage\":\"pt-BR\",\"@id\":\"https:\/\/ubanews.com\/site\/#\/schema\/logo\/image\/\",\"url\":\"https:\/\/ubanews.com\/site\/wp-content\/uploads\/2018\/01\/logoubanews.png\",\"contentUrl\":\"https:\/\/ubanews.com\/site\/wp-content\/uploads\/2018\/01\/logoubanews.png\",\"width\":261,\"height\":99,\"caption\":\"Ub\u00e1 News\"},\"image\":{\"@id\":\"https:\/\/ubanews.com\/site\/#\/schema\/logo\/image\/\"},\"sameAs\":[\"https:\/\/www.facebook.com\/Ub\u00e1News-Carlos-Roberto-Sodr\u00e9-418778301977370\"]},{\"@type\":\"Person\",\"@id\":\"https:\/\/ubanews.com\/site\/#\/schema\/person\/d90c9e47252fbb63dcc969fe4c8b9d10\",\"name\":\"Sodr\u00e9\",\"image\":{\"@type\":\"ImageObject\",\"inLanguage\":\"pt-BR\",\"@id\":\"https:\/\/secure.gravatar.com\/avatar\/5ba2793f0590b9dbfad3fdec4ee714485b3eef211c9b32ee53d414060454a56c?s=96&d=mm&r=g\",\"url\":\"https:\/\/secure.gravatar.com\/avatar\/5ba2793f0590b9dbfad3fdec4ee714485b3eef211c9b32ee53d414060454a56c?s=96&d=mm&r=g\",\"contentUrl\":\"https:\/\/secure.gravatar.com\/avatar\/5ba2793f0590b9dbfad3fdec4ee714485b3eef211c9b32ee53d414060454a56c?s=96&d=mm&r=g\",\"caption\":\"Sodr\u00e9\"},\"sameAs\":[\"https:\/\/www.facebook.com\/carosroberto.sodre.5\/\"],\"url\":\"https:\/\/ubanews.com\/site\/author\/felipe\/\"}]}<\/script>\n<!-- \/ Yoast SEO plugin. -->","yoast_head_json":{"title":"Pol\u00edcia Militar prende autor por tr\u00e1fico de drogas e posse de muni\u00e7\u00e3o - Ub\u00e1 News","robots":{"index":"index","follow":"follow","max-snippet":"max-snippet:-1","max-image-preview":"max-image-preview:large","max-video-preview":"max-video-preview:-1"},"canonical":"https:\/\/ubanews.com\/site\/2018\/07\/18\/policia-militar-prende-autor-por-trafico-de-drogas-e-posse-de-municao\/","og_locale":"pt_BR","og_type":"article","og_title":"Pol\u00edcia Militar prende autor por tr\u00e1fico de drogas e posse de muni\u00e7\u00e3o - Ub\u00e1 News","og_description":"No dia 17 de julho \u00e0s 17h29min ap\u00f3s diversas den\u00fancias","og_url":"https:\/\/ubanews.com\/site\/2018\/07\/18\/policia-militar-prende-autor-por-trafico-de-drogas-e-posse-de-municao\/","og_site_name":"Ub\u00e1 News","article_publisher":"https:\/\/www.facebook.com\/Ub%c3%a1News-Carlos-Roberto-Sodr%c3%a9-418778301977370","article_author":"https:\/\/www.facebook.com\/carosroberto.sodre.5\/","article_published_time":"2018-07-18T13:30:52+00:00","article_modified_time":"2018-07-18T13:43:14+00:00","og_image":[{"width":800,"height":338,"url":"https:\/\/ubanews.com\/site\/wp-content\/uploads\/2018\/07\/01-2.jpg","type":"image\/jpeg"}],"author":"Sodr\u00e9","twitter_card":"summary_large_image","twitter_misc":{"Escrito por":"Sodr\u00e9","Est. tempo de leitura":"2 minutos"},"schema":{"@context":"https:\/\/schema.org","@graph":[{"@type":"Article","@id":"https:\/\/ubanews.com\/site\/2018\/07\/18\/policia-militar-prende-autor-por-trafico-de-drogas-e-posse-de-municao\/#article","isPartOf":{"@id":"https:\/\/ubanews.com\/site\/2018\/07\/18\/policia-militar-prende-autor-por-trafico-de-drogas-e-posse-de-municao\/"},"author":{"name":"Sodr\u00e9","@id":"https:\/\/ubanews.com\/site\/#\/schema\/person\/d90c9e47252fbb63dcc969fe4c8b9d10"},"headline":"Pol\u00edcia Militar prende autor por tr\u00e1fico de drogas e posse de muni\u00e7\u00e3o","datePublished":"2018-07-18T13:30:52+00:00","dateModified":"2018-07-18T13:43:14+00:00","mainEntityOfPage":{"@id":"https:\/\/ubanews.com\/site\/2018\/07\/18\/policia-militar-prende-autor-por-trafico-de-drogas-e-posse-de-municao\/"},"wordCount":401,"commentCount":0,"publisher":{"@id":"https:\/\/ubanews.com\/site\/#organization"},"image":{"@id":"https:\/\/ubanews.com\/site\/2018\/07\/18\/policia-militar-prende-autor-por-trafico-de-drogas-e-posse-de-municao\/#primaryimage"},"thumbnailUrl":"https:\/\/ubanews.com\/site\/wp-content\/uploads\/2018\/07\/01-2.jpg","articleSection":["S\u00edntese das Ocorr\u00eancias"],"inLanguage":"pt-BR","potentialAction":[{"@type":"CommentAction","name":"Comment","target":["https:\/\/ubanews.com\/site\/2018\/07\/18\/policia-militar-prende-autor-por-trafico-de-drogas-e-posse-de-municao\/#respond"]}]},{"@type":"WebPage","@id":"https:\/\/ubanews.com\/site\/2018\/07\/18\/policia-militar-prende-autor-por-trafico-de-drogas-e-posse-de-municao\/","url":"https:\/\/ubanews.com\/site\/2018\/07\/18\/policia-militar-prende-autor-por-trafico-de-drogas-e-posse-de-municao\/","name":"Pol\u00edcia Militar prende autor por tr\u00e1fico de drogas e posse de muni\u00e7\u00e3o - Ub\u00e1 News","isPartOf":{"@id":"https:\/\/ubanews.com\/site\/#website"},"primaryImageOfPage":{"@id":"https:\/\/ubanews.com\/site\/2018\/07\/18\/policia-militar-prende-autor-por-trafico-de-drogas-e-posse-de-municao\/#primaryimage"},"image":{"@id":"https:\/\/ubanews.com\/site\/2018\/07\/18\/policia-militar-prende-autor-por-trafico-de-drogas-e-posse-de-municao\/#primaryimage"},"thumbnailUrl":"https:\/\/ubanews.com\/site\/wp-content\/uploads\/2018\/07\/01-2.jpg","datePublished":"2018-07-18T13:30:52+00:00","dateModified":"2018-07-18T13:43:14+00:00","breadcrumb":{"@id":"https:\/\/ubanews.com\/site\/2018\/07\/18\/policia-militar-prende-autor-por-trafico-de-drogas-e-posse-de-municao\/#breadcrumb"},"inLanguage":"pt-BR","potentialAction":[{"@type":"ReadAction","target":["https:\/\/ubanews.com\/site\/2018\/07\/18\/policia-militar-prende-autor-por-trafico-de-drogas-e-posse-de-municao\/"]}]},{"@type":"ImageObject","inLanguage":"pt-BR","@id":"https:\/\/ubanews.com\/site\/2018\/07\/18\/policia-militar-prende-autor-por-trafico-de-drogas-e-posse-de-municao\/#primaryimage","url":"https:\/\/ubanews.com\/site\/wp-content\/uploads\/2018\/07\/01-2.jpg","contentUrl":"https:\/\/ubanews.com\/site\/wp-content\/uploads\/2018\/07\/01-2.jpg","width":800,"height":338},{"@type":"BreadcrumbList","@id":"https:\/\/ubanews.com\/site\/2018\/07\/18\/policia-militar-prende-autor-por-trafico-de-drogas-e-posse-de-municao\/#breadcrumb","itemListElement":[{"@type":"ListItem","position":1,"name":"Home","item":"https:\/\/ubanews.com\/site\/"},{"@type":"ListItem","position":2,"name":"Pol\u00edcia Militar prende autor por tr\u00e1fico de drogas e posse de muni\u00e7\u00e3o"}]},{"@type":"WebSite","@id":"https:\/\/ubanews.com\/site\/#website","url":"https:\/\/ubanews.com\/site\/","name":"Ub\u00e1 News","description":"","publisher":{"@id":"https:\/\/ubanews.com\/site\/#organization"},"potentialAction":[{"@type":"SearchAction","target":{"@type":"EntryPoint","urlTemplate":"https:\/\/ubanews.com\/site\/?s={search_term_string}"},"query-input":{"@type":"PropertyValueSpecification","valueRequired":true,"valueName":"search_term_string"}}],"inLanguage":"pt-BR"},{"@type":"Organization","@id":"https:\/\/ubanews.com\/site\/#organization","name":"Ub\u00e1 News","url":"https:\/\/ubanews.com\/site\/","logo":{"@type":"ImageObject","inLanguage":"pt-BR","@id":"https:\/\/ubanews.com\/site\/#\/schema\/logo\/image\/","url":"https:\/\/ubanews.com\/site\/wp-content\/uploads\/2018\/01\/logoubanews.png","contentUrl":"https:\/\/ubanews.com\/site\/wp-content\/uploads\/2018\/01\/logoubanews.png","width":261,"height":99,"caption":"Ub\u00e1 News"},"image":{"@id":"https:\/\/ubanews.com\/site\/#\/schema\/logo\/image\/"},"sameAs":["https:\/\/www.facebook.com\/Ub\u00e1News-Carlos-Roberto-Sodr\u00e9-418778301977370"]},{"@type":"Person","@id":"https:\/\/ubanews.com\/site\/#\/schema\/person\/d90c9e47252fbb63dcc969fe4c8b9d10","name":"Sodr\u00e9","image":{"@type":"ImageObject","inLanguage":"pt-BR","@id":"https:\/\/secure.gravatar.com\/avatar\/5ba2793f0590b9dbfad3fdec4ee714485b3eef211c9b32ee53d414060454a56c?s=96&d=mm&r=g","url":"https:\/\/secure.gravatar.com\/avatar\/5ba2793f0590b9dbfad3fdec4ee714485b3eef211c9b32ee53d414060454a56c?s=96&d=mm&r=g","contentUrl":"https:\/\/secure.gravatar.com\/avatar\/5ba2793f0590b9dbfad3fdec4ee714485b3eef211c9b32ee53d414060454a56c?s=96&d=mm&r=g","caption":"Sodr\u00e9"},"sameAs":["https:\/\/www.facebook.com\/carosroberto.sodre.5\/"],"url":"https:\/\/ubanews.com\/site\/author\/felipe\/"}]}},"_links":{"self":[{"href":"https:\/\/ubanews.com\/site\/wp-json\/wp\/v2\/posts\/5680","targetHints":{"allow":["GET"]}}],"collection":[{"href":"https:\/\/ubanews.com\/site\/wp-json\/wp\/v2\/posts"}],"about":[{"href":"https:\/\/ubanews.com\/site\/wp-json\/wp\/v2\/types\/post"}],"author":[{"embeddable":true,"href":"https:\/\/ubanews.com\/site\/wp-json\/wp\/v2\/users\/2"}],"replies":[{"embeddable":true,"href":"https:\/\/ubanews.com\/site\/wp-json\/wp\/v2\/comments?post=5680"}],"version-history":[{"count":0,"href":"https:\/\/ubanews.com\/site\/wp-json\/wp\/v2\/posts\/5680\/revisions"}],"wp:featuredmedia":[{"embeddable":true,"href":"https:\/\/ubanews.com\/site\/wp-json\/wp\/v2\/media\/5681"}],"wp:attachment":[{"href":"https:\/\/ubanews.com\/site\/wp-json\/wp\/v2\/media?parent=5680"}],"wp:term":[{"taxonomy":"category","embeddable":true,"href":"https:\/\/ubanews.com\/site\/wp-json\/wp\/v2\/categories?post=5680"},{"taxonomy":"post_tag","embeddable":true,"href":"https:\/\/ubanews.com\/site\/wp-json\/wp\/v2\/tags?post=5680"}],"curies":[{"name":"wp","href":"https:\/\/api.w.org\/{rel}","templated":true}]}}