{"id":5668,"date":"2018-07-17T16:11:52","date_gmt":"2018-07-17T19:11:52","guid":{"rendered":"http:\/\/ubanews.com\/site\/?p=5668"},"modified":"2018-07-30T10:39:53","modified_gmt":"2018-07-30T13:39:53","slug":"resgate-do-carnaval-na-comunidade-do-sao-domingos-teve-seu-ponta-pe-inicial","status":"publish","type":"post","link":"https:\/\/ubanews.com\/site\/2018\/07\/17\/resgate-do-carnaval-na-comunidade-do-sao-domingos-teve-seu-ponta-pe-inicial\/","title":{"rendered":"Resgate do carnaval na comunidade do S\u00e3o Domingos teve seu ponta p\u00e9 inicial"},"content":{"rendered":"<div>\n<p><a href=\"https:\/\/ubanews.com\/site\/wp-content\/uploads\/2018\/07\/DSC_1147-copiar.jpg\"><img decoding=\"async\" class=\"alignnone size-full wp-image-5669 lazyload\" data-src=\"https:\/\/ubanews.com\/site\/wp-content\/uploads\/2018\/07\/DSC_1147-copiar.jpg\" alt=\"\" width=\"800\" height=\"457\" data-srcset=\"https:\/\/ubanews.com\/site\/wp-content\/uploads\/2018\/07\/DSC_1147-copiar.jpg 800w, https:\/\/ubanews.com\/site\/wp-content\/uploads\/2018\/07\/DSC_1147-copiar-300x171.jpg 300w, https:\/\/ubanews.com\/site\/wp-content\/uploads\/2018\/07\/DSC_1147-copiar-768x439.jpg 768w\" data-sizes=\"(max-width: 800px) 100vw, 800px\" src=\"data:image\/svg+xml;base64,PHN2ZyB3aWR0aD0iMSIgaGVpZ2h0PSIxIiB4bWxucz0iaHR0cDovL3d3dy53My5vcmcvMjAwMC9zdmciPjwvc3ZnPg==\" style=\"--smush-placeholder-width: 800px; --smush-placeholder-aspect-ratio: 800\/457;\" \/><\/a> <a href=\"https:\/\/ubanews.com\/site\/wp-content\/uploads\/2018\/07\/DSC_1151-copiar.jpg\"><img decoding=\"async\" class=\"alignnone size-full wp-image-5670 lazyload\" data-src=\"https:\/\/ubanews.com\/site\/wp-content\/uploads\/2018\/07\/DSC_1151-copiar.jpg\" alt=\"\" width=\"800\" height=\"457\" data-srcset=\"https:\/\/ubanews.com\/site\/wp-content\/uploads\/2018\/07\/DSC_1151-copiar.jpg 800w, https:\/\/ubanews.com\/site\/wp-content\/uploads\/2018\/07\/DSC_1151-copiar-300x171.jpg 300w, https:\/\/ubanews.com\/site\/wp-content\/uploads\/2018\/07\/DSC_1151-copiar-768x439.jpg 768w\" data-sizes=\"(max-width: 800px) 100vw, 800px\" src=\"data:image\/svg+xml;base64,PHN2ZyB3aWR0aD0iMSIgaGVpZ2h0PSIxIiB4bWxucz0iaHR0cDovL3d3dy53My5vcmcvMjAwMC9zdmciPjwvc3ZnPg==\" style=\"--smush-placeholder-width: 800px; --smush-placeholder-aspect-ratio: 800\/457;\" \/><\/a> <a href=\"https:\/\/ubanews.com\/site\/wp-content\/uploads\/2018\/07\/DSC_1154.jpg\"><img decoding=\"async\" class=\"alignnone size-full wp-image-5671 lazyload\" data-src=\"https:\/\/ubanews.com\/site\/wp-content\/uploads\/2018\/07\/DSC_1154.jpg\" alt=\"\" width=\"800\" height=\"457\" data-srcset=\"https:\/\/ubanews.com\/site\/wp-content\/uploads\/2018\/07\/DSC_1154.jpg 800w, https:\/\/ubanews.com\/site\/wp-content\/uploads\/2018\/07\/DSC_1154-300x171.jpg 300w, https:\/\/ubanews.com\/site\/wp-content\/uploads\/2018\/07\/DSC_1154-768x439.jpg 768w\" data-sizes=\"(max-width: 800px) 100vw, 800px\" src=\"data:image\/svg+xml;base64,PHN2ZyB3aWR0aD0iMSIgaGVpZ2h0PSIxIiB4bWxucz0iaHR0cDovL3d3dy53My5vcmcvMjAwMC9zdmciPjwvc3ZnPg==\" style=\"--smush-placeholder-width: 800px; --smush-placeholder-aspect-ratio: 800\/457;\" \/><\/a><\/p>\n<p>A primeira reuni\u00e3o, visando resgatar o carnaval da cidade de Ub\u00e1 e de uma das mais tradicionais escolas de samba. Ela que leva o mesmo nome do bairro, foi realizada nesta segunda-feira (16). Representantes da Comunidade do Bairro S\u00e3o Domingos receberam o vice-prefeito Vin\u00edcius Sam\u00f4r, que acumula os cargos de Secret\u00e1rio de Cultura e de Governo, na sede do Cras. O ponta p\u00e9 inicial foi dado pela diretoria do Grupo Asas (Amigos Sempre Amigos), mas que, segundo o presidente Ademir de Paula, o Asas estar\u00e1 sempre presente, por\u00e9m o movimento para o resgate do carnaval tem que caminhar pelas pr\u00f3prias pernas. O espa\u00e7o esteve repleto. Cheio. Cada um mais motivado que o outro. A Fam\u00edlia Chinelo tamb\u00e9m estava representada por seus dois filhos mais ilustres: Tiquinho Chinelo e Rubinho Chinelo. Movimento para o resgate do carnaval acontece tamb\u00e9m em outros bairros, como, por exemplo, Vila Casal. Acompanhe o que o Secret\u00e1rio de Cultura, Vin\u00edcius Sam\u00f4r e o Rubinho Chinelo conversaram com a nossa reportagem.<\/p>\n<\/div>\n<div style=\"position: relative; height: 0; padding-bottom: 56.25%;\"><iframe style=\"position: absolute; width: 100%; height: 100%; left: 0;\" data-src=\"https:\/\/www.youtube.com\/embed\/sDON5xMZWwo?ecver=2\" width=\"640\" height=\"360\" frameborder=\"0\" allowfullscreen=\"allowfullscreen\" src=\"data:image\/svg+xml;base64,PHN2ZyB3aWR0aD0iMSIgaGVpZ2h0PSIxIiB4bWxucz0iaHR0cDovL3d3dy53My5vcmcvMjAwMC9zdmciPjwvc3ZnPg==\" class=\"lazyload\" data-load-mode=\"1\"><\/iframe><\/div>\n<div style=\"position: relative; height: 0; padding-bottom: 56.25%;\"><iframe style=\"position: absolute; width: 100%; height: 100%; left: 0;\" data-src=\"https:\/\/www.youtube.com\/embed\/U8231M5qMGo?ecver=2\" width=\"640\" height=\"360\" frameborder=\"0\" allowfullscreen=\"allowfullscreen\" src=\"data:image\/svg+xml;base64,PHN2ZyB3aWR0aD0iMSIgaGVpZ2h0PSIxIiB4bWxucz0iaHR0cDovL3d3dy53My5vcmcvMjAwMC9zdmciPjwvc3ZnPg==\" class=\"lazyload\" data-load-mode=\"1\"><\/iframe><\/div>\n","protected":false},"excerpt":{"rendered":"<p>A primeira reuni\u00e3o, visando resgatar o carnaval da cidade de<\/p>\n","protected":false},"author":2,"featured_media":5672,"comment_status":"open","ping_status":"open","sticky":false,"template":"","format":"standard","meta":{"footnotes":""},"categories":[1],"tags":[],"class_list":["post-5668","post","type-post","status-publish","format-standard","has-post-thumbnail","hentry","category-sem-categoria"],"yoast_head":"<!-- This site is optimized with the Yoast SEO plugin v27.2 - https:\/\/yoast.com\/product\/yoast-seo-wordpress\/ -->\n<title>Resgate do carnaval na comunidade do S\u00e3o Domingos teve seu ponta p\u00e9 inicial - Ub\u00e1 News<\/title>\n<meta name=\"robots\" content=\"index, follow, max-snippet:-1, max-image-preview:large, max-video-preview:-1\" \/>\n<link rel=\"canonical\" href=\"https:\/\/ubanews.com\/site\/2018\/07\/17\/resgate-do-carnaval-na-comunidade-do-sao-domingos-teve-seu-ponta-pe-inicial\/\" \/>\n<meta property=\"og:locale\" content=\"pt_BR\" \/>\n<meta property=\"og:type\" content=\"article\" \/>\n<meta property=\"og:title\" content=\"Resgate do carnaval na comunidade do S\u00e3o Domingos teve seu ponta p\u00e9 inicial - Ub\u00e1 News\" \/>\n<meta property=\"og:description\" content=\"A primeira reuni\u00e3o, visando resgatar o carnaval da cidade de\" \/>\n<meta property=\"og:url\" content=\"https:\/\/ubanews.com\/site\/2018\/07\/17\/resgate-do-carnaval-na-comunidade-do-sao-domingos-teve-seu-ponta-pe-inicial\/\" \/>\n<meta property=\"og:site_name\" content=\"Ub\u00e1 News\" \/>\n<meta property=\"article:publisher\" content=\"https:\/\/www.facebook.com\/Ub%c3%a1News-Carlos-Roberto-Sodr%c3%a9-418778301977370\" \/>\n<meta property=\"article:author\" content=\"https:\/\/www.facebook.com\/carosroberto.sodre.5\/\" \/>\n<meta property=\"article:published_time\" content=\"2018-07-17T19:11:52+00:00\" \/>\n<meta property=\"article:modified_time\" content=\"2018-07-30T13:39:53+00:00\" \/>\n<meta property=\"og:image\" content=\"https:\/\/ubanews.com\/site\/wp-content\/uploads\/2018\/07\/DSC_1159.jpg\" \/>\n\t<meta property=\"og:image:width\" content=\"800\" \/>\n\t<meta property=\"og:image:height\" content=\"389\" \/>\n\t<meta property=\"og:image:type\" content=\"image\/jpeg\" \/>\n<meta name=\"author\" content=\"Sodr\u00e9\" \/>\n<meta name=\"twitter:card\" content=\"summary_large_image\" \/>\n<meta name=\"twitter:label1\" content=\"Escrito por\" \/>\n\t<meta name=\"twitter:data1\" content=\"Sodr\u00e9\" \/>\n\t<meta name=\"twitter:label2\" content=\"Est. tempo de leitura\" \/>\n\t<meta name=\"twitter:data2\" content=\"1 minuto\" \/>\n<script type=\"application\/ld+json\" class=\"yoast-schema-graph\">{\"@context\":\"https:\/\/schema.org\",\"@graph\":[{\"@type\":\"Article\",\"@id\":\"https:\/\/ubanews.com\/site\/2018\/07\/17\/resgate-do-carnaval-na-comunidade-do-sao-domingos-teve-seu-ponta-pe-inicial\/#article\",\"isPartOf\":{\"@id\":\"https:\/\/ubanews.com\/site\/2018\/07\/17\/resgate-do-carnaval-na-comunidade-do-sao-domingos-teve-seu-ponta-pe-inicial\/\"},\"author\":{\"name\":\"Sodr\u00e9\",\"@id\":\"https:\/\/ubanews.com\/site\/#\/schema\/person\/d90c9e47252fbb63dcc969fe4c8b9d10\"},\"headline\":\"Resgate do carnaval na comunidade do S\u00e3o Domingos teve seu ponta p\u00e9 inicial\",\"datePublished\":\"2018-07-17T19:11:52+00:00\",\"dateModified\":\"2018-07-30T13:39:53+00:00\",\"mainEntityOfPage\":{\"@id\":\"https:\/\/ubanews.com\/site\/2018\/07\/17\/resgate-do-carnaval-na-comunidade-do-sao-domingos-teve-seu-ponta-pe-inicial\/\"},\"wordCount\":191,\"commentCount\":0,\"publisher\":{\"@id\":\"https:\/\/ubanews.com\/site\/#organization\"},\"image\":{\"@id\":\"https:\/\/ubanews.com\/site\/2018\/07\/17\/resgate-do-carnaval-na-comunidade-do-sao-domingos-teve-seu-ponta-pe-inicial\/#primaryimage\"},\"thumbnailUrl\":\"https:\/\/ubanews.com\/site\/wp-content\/uploads\/2018\/07\/DSC_1159.jpg\",\"articleSection\":[\"Geral\"],\"inLanguage\":\"pt-BR\",\"potentialAction\":[{\"@type\":\"CommentAction\",\"name\":\"Comment\",\"target\":[\"https:\/\/ubanews.com\/site\/2018\/07\/17\/resgate-do-carnaval-na-comunidade-do-sao-domingos-teve-seu-ponta-pe-inicial\/#respond\"]}]},{\"@type\":\"WebPage\",\"@id\":\"https:\/\/ubanews.com\/site\/2018\/07\/17\/resgate-do-carnaval-na-comunidade-do-sao-domingos-teve-seu-ponta-pe-inicial\/\",\"url\":\"https:\/\/ubanews.com\/site\/2018\/07\/17\/resgate-do-carnaval-na-comunidade-do-sao-domingos-teve-seu-ponta-pe-inicial\/\",\"name\":\"Resgate do carnaval na comunidade do S\u00e3o Domingos teve seu ponta p\u00e9 inicial - Ub\u00e1 News\",\"isPartOf\":{\"@id\":\"https:\/\/ubanews.com\/site\/#website\"},\"primaryImageOfPage\":{\"@id\":\"https:\/\/ubanews.com\/site\/2018\/07\/17\/resgate-do-carnaval-na-comunidade-do-sao-domingos-teve-seu-ponta-pe-inicial\/#primaryimage\"},\"image\":{\"@id\":\"https:\/\/ubanews.com\/site\/2018\/07\/17\/resgate-do-carnaval-na-comunidade-do-sao-domingos-teve-seu-ponta-pe-inicial\/#primaryimage\"},\"thumbnailUrl\":\"https:\/\/ubanews.com\/site\/wp-content\/uploads\/2018\/07\/DSC_1159.jpg\",\"datePublished\":\"2018-07-17T19:11:52+00:00\",\"dateModified\":\"2018-07-30T13:39:53+00:00\",\"breadcrumb\":{\"@id\":\"https:\/\/ubanews.com\/site\/2018\/07\/17\/resgate-do-carnaval-na-comunidade-do-sao-domingos-teve-seu-ponta-pe-inicial\/#breadcrumb\"},\"inLanguage\":\"pt-BR\",\"potentialAction\":[{\"@type\":\"ReadAction\",\"target\":[\"https:\/\/ubanews.com\/site\/2018\/07\/17\/resgate-do-carnaval-na-comunidade-do-sao-domingos-teve-seu-ponta-pe-inicial\/\"]}]},{\"@type\":\"ImageObject\",\"inLanguage\":\"pt-BR\",\"@id\":\"https:\/\/ubanews.com\/site\/2018\/07\/17\/resgate-do-carnaval-na-comunidade-do-sao-domingos-teve-seu-ponta-pe-inicial\/#primaryimage\",\"url\":\"https:\/\/ubanews.com\/site\/wp-content\/uploads\/2018\/07\/DSC_1159.jpg\",\"contentUrl\":\"https:\/\/ubanews.com\/site\/wp-content\/uploads\/2018\/07\/DSC_1159.jpg\",\"width\":800,\"height\":389},{\"@type\":\"BreadcrumbList\",\"@id\":\"https:\/\/ubanews.com\/site\/2018\/07\/17\/resgate-do-carnaval-na-comunidade-do-sao-domingos-teve-seu-ponta-pe-inicial\/#breadcrumb\",\"itemListElement\":[{\"@type\":\"ListItem\",\"position\":1,\"name\":\"Home\",\"item\":\"https:\/\/ubanews.com\/site\/\"},{\"@type\":\"ListItem\",\"position\":2,\"name\":\"Resgate do carnaval na comunidade do S\u00e3o Domingos teve seu ponta p\u00e9 inicial\"}]},{\"@type\":\"WebSite\",\"@id\":\"https:\/\/ubanews.com\/site\/#website\",\"url\":\"https:\/\/ubanews.com\/site\/\",\"name\":\"Ub\u00e1 News\",\"description\":\"\",\"publisher\":{\"@id\":\"https:\/\/ubanews.com\/site\/#organization\"},\"potentialAction\":[{\"@type\":\"SearchAction\",\"target\":{\"@type\":\"EntryPoint\",\"urlTemplate\":\"https:\/\/ubanews.com\/site\/?s={search_term_string}\"},\"query-input\":{\"@type\":\"PropertyValueSpecification\",\"valueRequired\":true,\"valueName\":\"search_term_string\"}}],\"inLanguage\":\"pt-BR\"},{\"@type\":\"Organization\",\"@id\":\"https:\/\/ubanews.com\/site\/#organization\",\"name\":\"Ub\u00e1 News\",\"url\":\"https:\/\/ubanews.com\/site\/\",\"logo\":{\"@type\":\"ImageObject\",\"inLanguage\":\"pt-BR\",\"@id\":\"https:\/\/ubanews.com\/site\/#\/schema\/logo\/image\/\",\"url\":\"https:\/\/ubanews.com\/site\/wp-content\/uploads\/2018\/01\/logoubanews.png\",\"contentUrl\":\"https:\/\/ubanews.com\/site\/wp-content\/uploads\/2018\/01\/logoubanews.png\",\"width\":261,\"height\":99,\"caption\":\"Ub\u00e1 News\"},\"image\":{\"@id\":\"https:\/\/ubanews.com\/site\/#\/schema\/logo\/image\/\"},\"sameAs\":[\"https:\/\/www.facebook.com\/Ub\u00e1News-Carlos-Roberto-Sodr\u00e9-418778301977370\"]},{\"@type\":\"Person\",\"@id\":\"https:\/\/ubanews.com\/site\/#\/schema\/person\/d90c9e47252fbb63dcc969fe4c8b9d10\",\"name\":\"Sodr\u00e9\",\"image\":{\"@type\":\"ImageObject\",\"inLanguage\":\"pt-BR\",\"@id\":\"https:\/\/secure.gravatar.com\/avatar\/5ba2793f0590b9dbfad3fdec4ee714485b3eef211c9b32ee53d414060454a56c?s=96&d=mm&r=g\",\"url\":\"https:\/\/secure.gravatar.com\/avatar\/5ba2793f0590b9dbfad3fdec4ee714485b3eef211c9b32ee53d414060454a56c?s=96&d=mm&r=g\",\"contentUrl\":\"https:\/\/secure.gravatar.com\/avatar\/5ba2793f0590b9dbfad3fdec4ee714485b3eef211c9b32ee53d414060454a56c?s=96&d=mm&r=g\",\"caption\":\"Sodr\u00e9\"},\"sameAs\":[\"https:\/\/www.facebook.com\/carosroberto.sodre.5\/\"],\"url\":\"https:\/\/ubanews.com\/site\/author\/felipe\/\"}]}<\/script>\n<!-- \/ Yoast SEO plugin. -->","yoast_head_json":{"title":"Resgate do carnaval na comunidade do S\u00e3o Domingos teve seu ponta p\u00e9 inicial - Ub\u00e1 News","robots":{"index":"index","follow":"follow","max-snippet":"max-snippet:-1","max-image-preview":"max-image-preview:large","max-video-preview":"max-video-preview:-1"},"canonical":"https:\/\/ubanews.com\/site\/2018\/07\/17\/resgate-do-carnaval-na-comunidade-do-sao-domingos-teve-seu-ponta-pe-inicial\/","og_locale":"pt_BR","og_type":"article","og_title":"Resgate do carnaval na comunidade do S\u00e3o Domingos teve seu ponta p\u00e9 inicial - Ub\u00e1 News","og_description":"A primeira reuni\u00e3o, visando resgatar o carnaval da cidade de","og_url":"https:\/\/ubanews.com\/site\/2018\/07\/17\/resgate-do-carnaval-na-comunidade-do-sao-domingos-teve-seu-ponta-pe-inicial\/","og_site_name":"Ub\u00e1 News","article_publisher":"https:\/\/www.facebook.com\/Ub%c3%a1News-Carlos-Roberto-Sodr%c3%a9-418778301977370","article_author":"https:\/\/www.facebook.com\/carosroberto.sodre.5\/","article_published_time":"2018-07-17T19:11:52+00:00","article_modified_time":"2018-07-30T13:39:53+00:00","og_image":[{"width":800,"height":389,"url":"https:\/\/ubanews.com\/site\/wp-content\/uploads\/2018\/07\/DSC_1159.jpg","type":"image\/jpeg"}],"author":"Sodr\u00e9","twitter_card":"summary_large_image","twitter_misc":{"Escrito por":"Sodr\u00e9","Est. tempo de leitura":"1 minuto"},"schema":{"@context":"https:\/\/schema.org","@graph":[{"@type":"Article","@id":"https:\/\/ubanews.com\/site\/2018\/07\/17\/resgate-do-carnaval-na-comunidade-do-sao-domingos-teve-seu-ponta-pe-inicial\/#article","isPartOf":{"@id":"https:\/\/ubanews.com\/site\/2018\/07\/17\/resgate-do-carnaval-na-comunidade-do-sao-domingos-teve-seu-ponta-pe-inicial\/"},"author":{"name":"Sodr\u00e9","@id":"https:\/\/ubanews.com\/site\/#\/schema\/person\/d90c9e47252fbb63dcc969fe4c8b9d10"},"headline":"Resgate do carnaval na comunidade do S\u00e3o Domingos teve seu ponta p\u00e9 inicial","datePublished":"2018-07-17T19:11:52+00:00","dateModified":"2018-07-30T13:39:53+00:00","mainEntityOfPage":{"@id":"https:\/\/ubanews.com\/site\/2018\/07\/17\/resgate-do-carnaval-na-comunidade-do-sao-domingos-teve-seu-ponta-pe-inicial\/"},"wordCount":191,"commentCount":0,"publisher":{"@id":"https:\/\/ubanews.com\/site\/#organization"},"image":{"@id":"https:\/\/ubanews.com\/site\/2018\/07\/17\/resgate-do-carnaval-na-comunidade-do-sao-domingos-teve-seu-ponta-pe-inicial\/#primaryimage"},"thumbnailUrl":"https:\/\/ubanews.com\/site\/wp-content\/uploads\/2018\/07\/DSC_1159.jpg","articleSection":["Geral"],"inLanguage":"pt-BR","potentialAction":[{"@type":"CommentAction","name":"Comment","target":["https:\/\/ubanews.com\/site\/2018\/07\/17\/resgate-do-carnaval-na-comunidade-do-sao-domingos-teve-seu-ponta-pe-inicial\/#respond"]}]},{"@type":"WebPage","@id":"https:\/\/ubanews.com\/site\/2018\/07\/17\/resgate-do-carnaval-na-comunidade-do-sao-domingos-teve-seu-ponta-pe-inicial\/","url":"https:\/\/ubanews.com\/site\/2018\/07\/17\/resgate-do-carnaval-na-comunidade-do-sao-domingos-teve-seu-ponta-pe-inicial\/","name":"Resgate do carnaval na comunidade do S\u00e3o Domingos teve seu ponta p\u00e9 inicial - Ub\u00e1 News","isPartOf":{"@id":"https:\/\/ubanews.com\/site\/#website"},"primaryImageOfPage":{"@id":"https:\/\/ubanews.com\/site\/2018\/07\/17\/resgate-do-carnaval-na-comunidade-do-sao-domingos-teve-seu-ponta-pe-inicial\/#primaryimage"},"image":{"@id":"https:\/\/ubanews.com\/site\/2018\/07\/17\/resgate-do-carnaval-na-comunidade-do-sao-domingos-teve-seu-ponta-pe-inicial\/#primaryimage"},"thumbnailUrl":"https:\/\/ubanews.com\/site\/wp-content\/uploads\/2018\/07\/DSC_1159.jpg","datePublished":"2018-07-17T19:11:52+00:00","dateModified":"2018-07-30T13:39:53+00:00","breadcrumb":{"@id":"https:\/\/ubanews.com\/site\/2018\/07\/17\/resgate-do-carnaval-na-comunidade-do-sao-domingos-teve-seu-ponta-pe-inicial\/#breadcrumb"},"inLanguage":"pt-BR","potentialAction":[{"@type":"ReadAction","target":["https:\/\/ubanews.com\/site\/2018\/07\/17\/resgate-do-carnaval-na-comunidade-do-sao-domingos-teve-seu-ponta-pe-inicial\/"]}]},{"@type":"ImageObject","inLanguage":"pt-BR","@id":"https:\/\/ubanews.com\/site\/2018\/07\/17\/resgate-do-carnaval-na-comunidade-do-sao-domingos-teve-seu-ponta-pe-inicial\/#primaryimage","url":"https:\/\/ubanews.com\/site\/wp-content\/uploads\/2018\/07\/DSC_1159.jpg","contentUrl":"https:\/\/ubanews.com\/site\/wp-content\/uploads\/2018\/07\/DSC_1159.jpg","width":800,"height":389},{"@type":"BreadcrumbList","@id":"https:\/\/ubanews.com\/site\/2018\/07\/17\/resgate-do-carnaval-na-comunidade-do-sao-domingos-teve-seu-ponta-pe-inicial\/#breadcrumb","itemListElement":[{"@type":"ListItem","position":1,"name":"Home","item":"https:\/\/ubanews.com\/site\/"},{"@type":"ListItem","position":2,"name":"Resgate do carnaval na comunidade do S\u00e3o Domingos teve seu ponta p\u00e9 inicial"}]},{"@type":"WebSite","@id":"https:\/\/ubanews.com\/site\/#website","url":"https:\/\/ubanews.com\/site\/","name":"Ub\u00e1 News","description":"","publisher":{"@id":"https:\/\/ubanews.com\/site\/#organization"},"potentialAction":[{"@type":"SearchAction","target":{"@type":"EntryPoint","urlTemplate":"https:\/\/ubanews.com\/site\/?s={search_term_string}"},"query-input":{"@type":"PropertyValueSpecification","valueRequired":true,"valueName":"search_term_string"}}],"inLanguage":"pt-BR"},{"@type":"Organization","@id":"https:\/\/ubanews.com\/site\/#organization","name":"Ub\u00e1 News","url":"https:\/\/ubanews.com\/site\/","logo":{"@type":"ImageObject","inLanguage":"pt-BR","@id":"https:\/\/ubanews.com\/site\/#\/schema\/logo\/image\/","url":"https:\/\/ubanews.com\/site\/wp-content\/uploads\/2018\/01\/logoubanews.png","contentUrl":"https:\/\/ubanews.com\/site\/wp-content\/uploads\/2018\/01\/logoubanews.png","width":261,"height":99,"caption":"Ub\u00e1 News"},"image":{"@id":"https:\/\/ubanews.com\/site\/#\/schema\/logo\/image\/"},"sameAs":["https:\/\/www.facebook.com\/Ub\u00e1News-Carlos-Roberto-Sodr\u00e9-418778301977370"]},{"@type":"Person","@id":"https:\/\/ubanews.com\/site\/#\/schema\/person\/d90c9e47252fbb63dcc969fe4c8b9d10","name":"Sodr\u00e9","image":{"@type":"ImageObject","inLanguage":"pt-BR","@id":"https:\/\/secure.gravatar.com\/avatar\/5ba2793f0590b9dbfad3fdec4ee714485b3eef211c9b32ee53d414060454a56c?s=96&d=mm&r=g","url":"https:\/\/secure.gravatar.com\/avatar\/5ba2793f0590b9dbfad3fdec4ee714485b3eef211c9b32ee53d414060454a56c?s=96&d=mm&r=g","contentUrl":"https:\/\/secure.gravatar.com\/avatar\/5ba2793f0590b9dbfad3fdec4ee714485b3eef211c9b32ee53d414060454a56c?s=96&d=mm&r=g","caption":"Sodr\u00e9"},"sameAs":["https:\/\/www.facebook.com\/carosroberto.sodre.5\/"],"url":"https:\/\/ubanews.com\/site\/author\/felipe\/"}]}},"_links":{"self":[{"href":"https:\/\/ubanews.com\/site\/wp-json\/wp\/v2\/posts\/5668","targetHints":{"allow":["GET"]}}],"collection":[{"href":"https:\/\/ubanews.com\/site\/wp-json\/wp\/v2\/posts"}],"about":[{"href":"https:\/\/ubanews.com\/site\/wp-json\/wp\/v2\/types\/post"}],"author":[{"embeddable":true,"href":"https:\/\/ubanews.com\/site\/wp-json\/wp\/v2\/users\/2"}],"replies":[{"embeddable":true,"href":"https:\/\/ubanews.com\/site\/wp-json\/wp\/v2\/comments?post=5668"}],"version-history":[{"count":0,"href":"https:\/\/ubanews.com\/site\/wp-json\/wp\/v2\/posts\/5668\/revisions"}],"wp:featuredmedia":[{"embeddable":true,"href":"https:\/\/ubanews.com\/site\/wp-json\/wp\/v2\/media\/5672"}],"wp:attachment":[{"href":"https:\/\/ubanews.com\/site\/wp-json\/wp\/v2\/media?parent=5668"}],"wp:term":[{"taxonomy":"category","embeddable":true,"href":"https:\/\/ubanews.com\/site\/wp-json\/wp\/v2\/categories?post=5668"},{"taxonomy":"post_tag","embeddable":true,"href":"https:\/\/ubanews.com\/site\/wp-json\/wp\/v2\/tags?post=5668"}],"curies":[{"name":"wp","href":"https:\/\/api.w.org\/{rel}","templated":true}]}}