{"id":5642,"date":"2018-07-16T10:29:37","date_gmt":"2018-07-16T13:29:37","guid":{"rendered":"http:\/\/ubanews.com\/site\/?p=5642"},"modified":"2018-07-16T12:12:37","modified_gmt":"2018-07-16T15:12:37","slug":"trafico-ilicito-de-drogas-na-cidade-de-rodeiro","status":"publish","type":"post","link":"https:\/\/ubanews.com\/site\/2018\/07\/16\/trafico-ilicito-de-drogas-na-cidade-de-rodeiro\/","title":{"rendered":"TR\u00c1FICO IL\u00cdCITO DE DROGAS NA CIDADE DE RODEIRO"},"content":{"rendered":"<p>No dia 14 de julho por volta das 17h e 30min durante patrulhamento pela Rua Ary Raimundo dos Santos e quando os militares passavam perto de um bar perceberam que o estabelecimento estava totalmente vazio, e que no final da rua os militares visualizaram Jos\u00e9 L\u00facio Vieira Mendon\u00e7a de 32 anos caminhando em dire\u00e7\u00e3o ao bar, vindo de um terreno baldio.<\/p>\n<p>Jos\u00e9 L\u00facio ao perceber a presen\u00e7a policial jogou algo em um saco de lixo que estava na cal\u00e7ada. De imediato os militares abordaram Jos\u00e9 L\u00facio e ao ser realizada uma varredura no lixo foi encontrado um saquinho de cachorro quente contendo 40 pinos de substancia an\u00e1loga a coca\u00edna.<\/p>\n<p>No bar, onde Jos\u00e9 L\u00facio \u00e9 propriet\u00e1rio foram procedidas buscas sendo encontrados R$ 497,00 e um aparelho de telefone celular. &nbsp;Em seguida os militares foram at\u00e9 o terreno baldio e ao ser realizada uma varredura foram encontrados em um monte de terra, uma sacola enterrada contendo em seu interior 01 balan\u00e7a de precis\u00e3o, 10 muni\u00e7\u00f5es intactas de revolver calibre .32, 21 pedras de 25 gramas cada de substancia an\u00e1loga a coca\u00edna, 02 pinos vazios, 01 tablete de 25 gramas de substancia an\u00e1loga a maconha, 04 pedras de com 5 gramas cada de substancia an\u00e1loga a crack e 150 pedras de substancia an\u00e1loga a crack.<\/p>\n<p>Jos\u00e9 L\u00facio Vieira Mendon\u00e7a foi preso por tr\u00e1fico de drogas e conduzido at\u00e9 a delegacia de Pol\u00edcia Civil com todos os materiais apreendidos.<\/p>\n<p><strong>A<\/strong><strong>SSESSORIA DE COMUNICA\u00c7\u00c3O ORGANIZACIONAL<\/strong><\/p>\n<p><strong><em>Vig\u00e9simo Primeiro Batalh\u00e3o de Pol\u00edcia Militar<\/em><\/strong><\/p>\n","protected":false},"excerpt":{"rendered":"<p>No dia 14 de julho por volta das 17h e<\/p>\n","protected":false},"author":2,"featured_media":5644,"comment_status":"open","ping_status":"open","sticky":false,"template":"","format":"standard","meta":{"footnotes":""},"categories":[13],"tags":[],"class_list":["post-5642","post","type-post","status-publish","format-standard","has-post-thumbnail","hentry","category-sintese-das-ocorrencias"],"yoast_head":"<!-- This site is optimized with the Yoast SEO plugin v27.2 - https:\/\/yoast.com\/product\/yoast-seo-wordpress\/ -->\n<title>TR\u00c1FICO IL\u00cdCITO DE DROGAS NA CIDADE DE RODEIRO - Ub\u00e1 News<\/title>\n<meta name=\"robots\" content=\"index, follow, max-snippet:-1, max-image-preview:large, max-video-preview:-1\" \/>\n<link rel=\"canonical\" href=\"https:\/\/ubanews.com\/site\/2018\/07\/16\/trafico-ilicito-de-drogas-na-cidade-de-rodeiro\/\" \/>\n<meta property=\"og:locale\" content=\"pt_BR\" \/>\n<meta property=\"og:type\" content=\"article\" \/>\n<meta property=\"og:title\" content=\"TR\u00c1FICO IL\u00cdCITO DE DROGAS NA CIDADE DE RODEIRO - Ub\u00e1 News\" \/>\n<meta property=\"og:description\" content=\"No dia 14 de julho por volta das 17h e\" \/>\n<meta property=\"og:url\" content=\"https:\/\/ubanews.com\/site\/2018\/07\/16\/trafico-ilicito-de-drogas-na-cidade-de-rodeiro\/\" \/>\n<meta property=\"og:site_name\" content=\"Ub\u00e1 News\" \/>\n<meta property=\"article:publisher\" content=\"https:\/\/www.facebook.com\/Ub%c3%a1News-Carlos-Roberto-Sodr%c3%a9-418778301977370\" \/>\n<meta property=\"article:author\" content=\"https:\/\/www.facebook.com\/carosroberto.sodre.5\/\" \/>\n<meta property=\"article:published_time\" content=\"2018-07-16T13:29:37+00:00\" \/>\n<meta property=\"article:modified_time\" content=\"2018-07-16T15:12:37+00:00\" \/>\n<meta property=\"og:image\" content=\"https:\/\/ubanews.com\/site\/wp-content\/uploads\/2018\/07\/01-1.jpg\" \/>\n\t<meta property=\"og:image:width\" content=\"800\" \/>\n\t<meta property=\"og:image:height\" content=\"389\" \/>\n\t<meta property=\"og:image:type\" content=\"image\/jpeg\" \/>\n<meta name=\"author\" content=\"Sodr\u00e9\" \/>\n<meta name=\"twitter:card\" content=\"summary_large_image\" \/>\n<meta name=\"twitter:label1\" content=\"Escrito por\" \/>\n\t<meta name=\"twitter:data1\" content=\"Sodr\u00e9\" \/>\n\t<meta name=\"twitter:label2\" content=\"Est. tempo de leitura\" \/>\n\t<meta name=\"twitter:data2\" content=\"1 minuto\" \/>\n<script type=\"application\/ld+json\" class=\"yoast-schema-graph\">{\"@context\":\"https:\/\/schema.org\",\"@graph\":[{\"@type\":\"Article\",\"@id\":\"https:\/\/ubanews.com\/site\/2018\/07\/16\/trafico-ilicito-de-drogas-na-cidade-de-rodeiro\/#article\",\"isPartOf\":{\"@id\":\"https:\/\/ubanews.com\/site\/2018\/07\/16\/trafico-ilicito-de-drogas-na-cidade-de-rodeiro\/\"},\"author\":{\"name\":\"Sodr\u00e9\",\"@id\":\"https:\/\/ubanews.com\/site\/#\/schema\/person\/d90c9e47252fbb63dcc969fe4c8b9d10\"},\"headline\":\"TR\u00c1FICO IL\u00cdCITO DE DROGAS NA CIDADE DE RODEIRO\",\"datePublished\":\"2018-07-16T13:29:37+00:00\",\"dateModified\":\"2018-07-16T15:12:37+00:00\",\"mainEntityOfPage\":{\"@id\":\"https:\/\/ubanews.com\/site\/2018\/07\/16\/trafico-ilicito-de-drogas-na-cidade-de-rodeiro\/\"},\"wordCount\":269,\"commentCount\":0,\"publisher\":{\"@id\":\"https:\/\/ubanews.com\/site\/#organization\"},\"image\":{\"@id\":\"https:\/\/ubanews.com\/site\/2018\/07\/16\/trafico-ilicito-de-drogas-na-cidade-de-rodeiro\/#primaryimage\"},\"thumbnailUrl\":\"https:\/\/ubanews.com\/site\/wp-content\/uploads\/2018\/07\/01-1.jpg\",\"articleSection\":[\"S\u00edntese das Ocorr\u00eancias\"],\"inLanguage\":\"pt-BR\",\"potentialAction\":[{\"@type\":\"CommentAction\",\"name\":\"Comment\",\"target\":[\"https:\/\/ubanews.com\/site\/2018\/07\/16\/trafico-ilicito-de-drogas-na-cidade-de-rodeiro\/#respond\"]}]},{\"@type\":\"WebPage\",\"@id\":\"https:\/\/ubanews.com\/site\/2018\/07\/16\/trafico-ilicito-de-drogas-na-cidade-de-rodeiro\/\",\"url\":\"https:\/\/ubanews.com\/site\/2018\/07\/16\/trafico-ilicito-de-drogas-na-cidade-de-rodeiro\/\",\"name\":\"TR\u00c1FICO IL\u00cdCITO DE DROGAS NA CIDADE DE RODEIRO - Ub\u00e1 News\",\"isPartOf\":{\"@id\":\"https:\/\/ubanews.com\/site\/#website\"},\"primaryImageOfPage\":{\"@id\":\"https:\/\/ubanews.com\/site\/2018\/07\/16\/trafico-ilicito-de-drogas-na-cidade-de-rodeiro\/#primaryimage\"},\"image\":{\"@id\":\"https:\/\/ubanews.com\/site\/2018\/07\/16\/trafico-ilicito-de-drogas-na-cidade-de-rodeiro\/#primaryimage\"},\"thumbnailUrl\":\"https:\/\/ubanews.com\/site\/wp-content\/uploads\/2018\/07\/01-1.jpg\",\"datePublished\":\"2018-07-16T13:29:37+00:00\",\"dateModified\":\"2018-07-16T15:12:37+00:00\",\"breadcrumb\":{\"@id\":\"https:\/\/ubanews.com\/site\/2018\/07\/16\/trafico-ilicito-de-drogas-na-cidade-de-rodeiro\/#breadcrumb\"},\"inLanguage\":\"pt-BR\",\"potentialAction\":[{\"@type\":\"ReadAction\",\"target\":[\"https:\/\/ubanews.com\/site\/2018\/07\/16\/trafico-ilicito-de-drogas-na-cidade-de-rodeiro\/\"]}]},{\"@type\":\"ImageObject\",\"inLanguage\":\"pt-BR\",\"@id\":\"https:\/\/ubanews.com\/site\/2018\/07\/16\/trafico-ilicito-de-drogas-na-cidade-de-rodeiro\/#primaryimage\",\"url\":\"https:\/\/ubanews.com\/site\/wp-content\/uploads\/2018\/07\/01-1.jpg\",\"contentUrl\":\"https:\/\/ubanews.com\/site\/wp-content\/uploads\/2018\/07\/01-1.jpg\",\"width\":800,\"height\":389},{\"@type\":\"BreadcrumbList\",\"@id\":\"https:\/\/ubanews.com\/site\/2018\/07\/16\/trafico-ilicito-de-drogas-na-cidade-de-rodeiro\/#breadcrumb\",\"itemListElement\":[{\"@type\":\"ListItem\",\"position\":1,\"name\":\"Home\",\"item\":\"https:\/\/ubanews.com\/site\/\"},{\"@type\":\"ListItem\",\"position\":2,\"name\":\"TR\u00c1FICO IL\u00cdCITO DE DROGAS NA CIDADE DE RODEIRO\"}]},{\"@type\":\"WebSite\",\"@id\":\"https:\/\/ubanews.com\/site\/#website\",\"url\":\"https:\/\/ubanews.com\/site\/\",\"name\":\"Ub\u00e1 News\",\"description\":\"\",\"publisher\":{\"@id\":\"https:\/\/ubanews.com\/site\/#organization\"},\"potentialAction\":[{\"@type\":\"SearchAction\",\"target\":{\"@type\":\"EntryPoint\",\"urlTemplate\":\"https:\/\/ubanews.com\/site\/?s={search_term_string}\"},\"query-input\":{\"@type\":\"PropertyValueSpecification\",\"valueRequired\":true,\"valueName\":\"search_term_string\"}}],\"inLanguage\":\"pt-BR\"},{\"@type\":\"Organization\",\"@id\":\"https:\/\/ubanews.com\/site\/#organization\",\"name\":\"Ub\u00e1 News\",\"url\":\"https:\/\/ubanews.com\/site\/\",\"logo\":{\"@type\":\"ImageObject\",\"inLanguage\":\"pt-BR\",\"@id\":\"https:\/\/ubanews.com\/site\/#\/schema\/logo\/image\/\",\"url\":\"https:\/\/ubanews.com\/site\/wp-content\/uploads\/2018\/01\/logoubanews.png\",\"contentUrl\":\"https:\/\/ubanews.com\/site\/wp-content\/uploads\/2018\/01\/logoubanews.png\",\"width\":261,\"height\":99,\"caption\":\"Ub\u00e1 News\"},\"image\":{\"@id\":\"https:\/\/ubanews.com\/site\/#\/schema\/logo\/image\/\"},\"sameAs\":[\"https:\/\/www.facebook.com\/Ub\u00e1News-Carlos-Roberto-Sodr\u00e9-418778301977370\"]},{\"@type\":\"Person\",\"@id\":\"https:\/\/ubanews.com\/site\/#\/schema\/person\/d90c9e47252fbb63dcc969fe4c8b9d10\",\"name\":\"Sodr\u00e9\",\"image\":{\"@type\":\"ImageObject\",\"inLanguage\":\"pt-BR\",\"@id\":\"https:\/\/secure.gravatar.com\/avatar\/5ba2793f0590b9dbfad3fdec4ee714485b3eef211c9b32ee53d414060454a56c?s=96&d=mm&r=g\",\"url\":\"https:\/\/secure.gravatar.com\/avatar\/5ba2793f0590b9dbfad3fdec4ee714485b3eef211c9b32ee53d414060454a56c?s=96&d=mm&r=g\",\"contentUrl\":\"https:\/\/secure.gravatar.com\/avatar\/5ba2793f0590b9dbfad3fdec4ee714485b3eef211c9b32ee53d414060454a56c?s=96&d=mm&r=g\",\"caption\":\"Sodr\u00e9\"},\"sameAs\":[\"https:\/\/www.facebook.com\/carosroberto.sodre.5\/\"],\"url\":\"https:\/\/ubanews.com\/site\/author\/felipe\/\"}]}<\/script>\n<!-- \/ Yoast SEO plugin. -->","yoast_head_json":{"title":"TR\u00c1FICO IL\u00cdCITO DE DROGAS NA CIDADE DE RODEIRO - Ub\u00e1 News","robots":{"index":"index","follow":"follow","max-snippet":"max-snippet:-1","max-image-preview":"max-image-preview:large","max-video-preview":"max-video-preview:-1"},"canonical":"https:\/\/ubanews.com\/site\/2018\/07\/16\/trafico-ilicito-de-drogas-na-cidade-de-rodeiro\/","og_locale":"pt_BR","og_type":"article","og_title":"TR\u00c1FICO IL\u00cdCITO DE DROGAS NA CIDADE DE RODEIRO - Ub\u00e1 News","og_description":"No dia 14 de julho por volta das 17h e","og_url":"https:\/\/ubanews.com\/site\/2018\/07\/16\/trafico-ilicito-de-drogas-na-cidade-de-rodeiro\/","og_site_name":"Ub\u00e1 News","article_publisher":"https:\/\/www.facebook.com\/Ub%c3%a1News-Carlos-Roberto-Sodr%c3%a9-418778301977370","article_author":"https:\/\/www.facebook.com\/carosroberto.sodre.5\/","article_published_time":"2018-07-16T13:29:37+00:00","article_modified_time":"2018-07-16T15:12:37+00:00","og_image":[{"width":800,"height":389,"url":"https:\/\/ubanews.com\/site\/wp-content\/uploads\/2018\/07\/01-1.jpg","type":"image\/jpeg"}],"author":"Sodr\u00e9","twitter_card":"summary_large_image","twitter_misc":{"Escrito por":"Sodr\u00e9","Est. tempo de leitura":"1 minuto"},"schema":{"@context":"https:\/\/schema.org","@graph":[{"@type":"Article","@id":"https:\/\/ubanews.com\/site\/2018\/07\/16\/trafico-ilicito-de-drogas-na-cidade-de-rodeiro\/#article","isPartOf":{"@id":"https:\/\/ubanews.com\/site\/2018\/07\/16\/trafico-ilicito-de-drogas-na-cidade-de-rodeiro\/"},"author":{"name":"Sodr\u00e9","@id":"https:\/\/ubanews.com\/site\/#\/schema\/person\/d90c9e47252fbb63dcc969fe4c8b9d10"},"headline":"TR\u00c1FICO IL\u00cdCITO DE DROGAS NA CIDADE DE RODEIRO","datePublished":"2018-07-16T13:29:37+00:00","dateModified":"2018-07-16T15:12:37+00:00","mainEntityOfPage":{"@id":"https:\/\/ubanews.com\/site\/2018\/07\/16\/trafico-ilicito-de-drogas-na-cidade-de-rodeiro\/"},"wordCount":269,"commentCount":0,"publisher":{"@id":"https:\/\/ubanews.com\/site\/#organization"},"image":{"@id":"https:\/\/ubanews.com\/site\/2018\/07\/16\/trafico-ilicito-de-drogas-na-cidade-de-rodeiro\/#primaryimage"},"thumbnailUrl":"https:\/\/ubanews.com\/site\/wp-content\/uploads\/2018\/07\/01-1.jpg","articleSection":["S\u00edntese das Ocorr\u00eancias"],"inLanguage":"pt-BR","potentialAction":[{"@type":"CommentAction","name":"Comment","target":["https:\/\/ubanews.com\/site\/2018\/07\/16\/trafico-ilicito-de-drogas-na-cidade-de-rodeiro\/#respond"]}]},{"@type":"WebPage","@id":"https:\/\/ubanews.com\/site\/2018\/07\/16\/trafico-ilicito-de-drogas-na-cidade-de-rodeiro\/","url":"https:\/\/ubanews.com\/site\/2018\/07\/16\/trafico-ilicito-de-drogas-na-cidade-de-rodeiro\/","name":"TR\u00c1FICO IL\u00cdCITO DE DROGAS NA CIDADE DE RODEIRO - Ub\u00e1 News","isPartOf":{"@id":"https:\/\/ubanews.com\/site\/#website"},"primaryImageOfPage":{"@id":"https:\/\/ubanews.com\/site\/2018\/07\/16\/trafico-ilicito-de-drogas-na-cidade-de-rodeiro\/#primaryimage"},"image":{"@id":"https:\/\/ubanews.com\/site\/2018\/07\/16\/trafico-ilicito-de-drogas-na-cidade-de-rodeiro\/#primaryimage"},"thumbnailUrl":"https:\/\/ubanews.com\/site\/wp-content\/uploads\/2018\/07\/01-1.jpg","datePublished":"2018-07-16T13:29:37+00:00","dateModified":"2018-07-16T15:12:37+00:00","breadcrumb":{"@id":"https:\/\/ubanews.com\/site\/2018\/07\/16\/trafico-ilicito-de-drogas-na-cidade-de-rodeiro\/#breadcrumb"},"inLanguage":"pt-BR","potentialAction":[{"@type":"ReadAction","target":["https:\/\/ubanews.com\/site\/2018\/07\/16\/trafico-ilicito-de-drogas-na-cidade-de-rodeiro\/"]}]},{"@type":"ImageObject","inLanguage":"pt-BR","@id":"https:\/\/ubanews.com\/site\/2018\/07\/16\/trafico-ilicito-de-drogas-na-cidade-de-rodeiro\/#primaryimage","url":"https:\/\/ubanews.com\/site\/wp-content\/uploads\/2018\/07\/01-1.jpg","contentUrl":"https:\/\/ubanews.com\/site\/wp-content\/uploads\/2018\/07\/01-1.jpg","width":800,"height":389},{"@type":"BreadcrumbList","@id":"https:\/\/ubanews.com\/site\/2018\/07\/16\/trafico-ilicito-de-drogas-na-cidade-de-rodeiro\/#breadcrumb","itemListElement":[{"@type":"ListItem","position":1,"name":"Home","item":"https:\/\/ubanews.com\/site\/"},{"@type":"ListItem","position":2,"name":"TR\u00c1FICO IL\u00cdCITO DE DROGAS NA CIDADE DE RODEIRO"}]},{"@type":"WebSite","@id":"https:\/\/ubanews.com\/site\/#website","url":"https:\/\/ubanews.com\/site\/","name":"Ub\u00e1 News","description":"","publisher":{"@id":"https:\/\/ubanews.com\/site\/#organization"},"potentialAction":[{"@type":"SearchAction","target":{"@type":"EntryPoint","urlTemplate":"https:\/\/ubanews.com\/site\/?s={search_term_string}"},"query-input":{"@type":"PropertyValueSpecification","valueRequired":true,"valueName":"search_term_string"}}],"inLanguage":"pt-BR"},{"@type":"Organization","@id":"https:\/\/ubanews.com\/site\/#organization","name":"Ub\u00e1 News","url":"https:\/\/ubanews.com\/site\/","logo":{"@type":"ImageObject","inLanguage":"pt-BR","@id":"https:\/\/ubanews.com\/site\/#\/schema\/logo\/image\/","url":"https:\/\/ubanews.com\/site\/wp-content\/uploads\/2018\/01\/logoubanews.png","contentUrl":"https:\/\/ubanews.com\/site\/wp-content\/uploads\/2018\/01\/logoubanews.png","width":261,"height":99,"caption":"Ub\u00e1 News"},"image":{"@id":"https:\/\/ubanews.com\/site\/#\/schema\/logo\/image\/"},"sameAs":["https:\/\/www.facebook.com\/Ub\u00e1News-Carlos-Roberto-Sodr\u00e9-418778301977370"]},{"@type":"Person","@id":"https:\/\/ubanews.com\/site\/#\/schema\/person\/d90c9e47252fbb63dcc969fe4c8b9d10","name":"Sodr\u00e9","image":{"@type":"ImageObject","inLanguage":"pt-BR","@id":"https:\/\/secure.gravatar.com\/avatar\/5ba2793f0590b9dbfad3fdec4ee714485b3eef211c9b32ee53d414060454a56c?s=96&d=mm&r=g","url":"https:\/\/secure.gravatar.com\/avatar\/5ba2793f0590b9dbfad3fdec4ee714485b3eef211c9b32ee53d414060454a56c?s=96&d=mm&r=g","contentUrl":"https:\/\/secure.gravatar.com\/avatar\/5ba2793f0590b9dbfad3fdec4ee714485b3eef211c9b32ee53d414060454a56c?s=96&d=mm&r=g","caption":"Sodr\u00e9"},"sameAs":["https:\/\/www.facebook.com\/carosroberto.sodre.5\/"],"url":"https:\/\/ubanews.com\/site\/author\/felipe\/"}]}},"_links":{"self":[{"href":"https:\/\/ubanews.com\/site\/wp-json\/wp\/v2\/posts\/5642","targetHints":{"allow":["GET"]}}],"collection":[{"href":"https:\/\/ubanews.com\/site\/wp-json\/wp\/v2\/posts"}],"about":[{"href":"https:\/\/ubanews.com\/site\/wp-json\/wp\/v2\/types\/post"}],"author":[{"embeddable":true,"href":"https:\/\/ubanews.com\/site\/wp-json\/wp\/v2\/users\/2"}],"replies":[{"embeddable":true,"href":"https:\/\/ubanews.com\/site\/wp-json\/wp\/v2\/comments?post=5642"}],"version-history":[{"count":0,"href":"https:\/\/ubanews.com\/site\/wp-json\/wp\/v2\/posts\/5642\/revisions"}],"wp:featuredmedia":[{"embeddable":true,"href":"https:\/\/ubanews.com\/site\/wp-json\/wp\/v2\/media\/5644"}],"wp:attachment":[{"href":"https:\/\/ubanews.com\/site\/wp-json\/wp\/v2\/media?parent=5642"}],"wp:term":[{"taxonomy":"category","embeddable":true,"href":"https:\/\/ubanews.com\/site\/wp-json\/wp\/v2\/categories?post=5642"},{"taxonomy":"post_tag","embeddable":true,"href":"https:\/\/ubanews.com\/site\/wp-json\/wp\/v2\/tags?post=5642"}],"curies":[{"name":"wp","href":"https:\/\/api.w.org\/{rel}","templated":true}]}}