{"id":5640,"date":"2018-07-16T10:19:27","date_gmt":"2018-07-16T13:19:27","guid":{"rendered":"http:\/\/ubanews.com\/site\/?p=5640"},"modified":"2018-07-16T10:19:27","modified_gmt":"2018-07-16T13:19:27","slug":"assaltantes-levam-r12000-de-dois-trabalhadores","status":"publish","type":"post","link":"https:\/\/ubanews.com\/site\/2018\/07\/16\/assaltantes-levam-r12000-de-dois-trabalhadores\/","title":{"rendered":"Assaltantes levam R$120,00 de dois trabalhadores"},"content":{"rendered":"<p>No dia 14 de julho por volta das 14h 02min a Pol\u00edcia Militar foi acionada por dois rapazes de 14 e 19 anos que relataram que ambos exercem o comercio de coleta de materiais recicl\u00e1veis e que estariam em um caminh\u00e3o Branco, Mercedes Benz, modelo 608, vendendo seus materiais no Bairro santa Rosa, momento que foram abordados por dois indiv\u00edduos de cor branca, aparentando ser adolescentes, quando ofereceram uma bateria, sendo que os comerciante estacionaram o caminh\u00e3o para realizar o neg\u00f3cio, momento que os indiv\u00edduos entraram em um matagal e rapidamente retornaram, sendo que um deles portava uma arma de fogo, vindo assim a anunciar o assalto. Os assaltantes levaram R$120,00 e ap\u00f3s fugiram por um pasto.<\/p>\n<p>De imediato os militares foram at\u00e9 o bairro Santa Rosa quando visualizaram um adolescente que ao perceber a presen\u00e7a policial tentou fugir, sendo imediatamente reconhecido pelas v\u00edtimas como autor que lhes apontou a arma.<\/p>\n<p>O adolescente foi apreendido e conduzido para a Delegacia de Pol\u00edcia Civil. O segundo autor foi identificado, sendo um rapaz de 19 anos, morador do Bairro Santa Rosa, contudo apesar do rastreamento n\u00e3o foi localizado, bem como a arma do crime.<\/p>\n<p>Passagens policiais do adolescente infrator, dire\u00e7\u00e3o perigosa em 04\/03\/2018.<\/p>\n<p><strong>A<\/strong><strong>SSESSORIA DE COMUNICA\u00c7\u00c3O ORGANIZACIONAL<\/strong><\/p>\n<p><strong><em>Vig\u00e9simo Primeiro Batalh\u00e3o de Pol\u00edcia Militar <\/em><\/strong><\/p>\n","protected":false},"excerpt":{"rendered":"<p>No dia 14 de julho por volta das 14h 02min<\/p>\n","protected":false},"author":2,"featured_media":0,"comment_status":"open","ping_status":"open","sticky":false,"template":"","format":"standard","meta":{"footnotes":""},"categories":[13],"tags":[],"class_list":["post-5640","post","type-post","status-publish","format-standard","hentry","category-sintese-das-ocorrencias"],"yoast_head":"<!-- This site is optimized with the Yoast SEO plugin v27.2 - https:\/\/yoast.com\/product\/yoast-seo-wordpress\/ -->\n<title>Assaltantes levam R$120,00 de dois trabalhadores - Ub\u00e1 News<\/title>\n<meta name=\"robots\" content=\"index, follow, max-snippet:-1, max-image-preview:large, max-video-preview:-1\" \/>\n<link rel=\"canonical\" href=\"https:\/\/ubanews.com\/site\/2018\/07\/16\/assaltantes-levam-r12000-de-dois-trabalhadores\/\" \/>\n<meta property=\"og:locale\" content=\"pt_BR\" \/>\n<meta property=\"og:type\" content=\"article\" \/>\n<meta property=\"og:title\" content=\"Assaltantes levam R$120,00 de dois trabalhadores - Ub\u00e1 News\" \/>\n<meta property=\"og:description\" content=\"No dia 14 de julho por volta das 14h 02min\" \/>\n<meta property=\"og:url\" content=\"https:\/\/ubanews.com\/site\/2018\/07\/16\/assaltantes-levam-r12000-de-dois-trabalhadores\/\" \/>\n<meta property=\"og:site_name\" content=\"Ub\u00e1 News\" \/>\n<meta property=\"article:publisher\" content=\"https:\/\/www.facebook.com\/Ub%c3%a1News-Carlos-Roberto-Sodr%c3%a9-418778301977370\" \/>\n<meta property=\"article:author\" content=\"https:\/\/www.facebook.com\/carosroberto.sodre.5\/\" \/>\n<meta property=\"article:published_time\" content=\"2018-07-16T13:19:27+00:00\" \/>\n<meta name=\"author\" content=\"Sodr\u00e9\" \/>\n<meta name=\"twitter:card\" content=\"summary_large_image\" \/>\n<meta name=\"twitter:label1\" content=\"Escrito por\" \/>\n\t<meta name=\"twitter:data1\" content=\"Sodr\u00e9\" \/>\n\t<meta name=\"twitter:label2\" content=\"Est. tempo de leitura\" \/>\n\t<meta name=\"twitter:data2\" content=\"1 minuto\" \/>\n<script type=\"application\/ld+json\" class=\"yoast-schema-graph\">{\"@context\":\"https:\/\/schema.org\",\"@graph\":[{\"@type\":\"Article\",\"@id\":\"https:\/\/ubanews.com\/site\/2018\/07\/16\/assaltantes-levam-r12000-de-dois-trabalhadores\/#article\",\"isPartOf\":{\"@id\":\"https:\/\/ubanews.com\/site\/2018\/07\/16\/assaltantes-levam-r12000-de-dois-trabalhadores\/\"},\"author\":{\"name\":\"Sodr\u00e9\",\"@id\":\"https:\/\/ubanews.com\/site\/#\/schema\/person\/d90c9e47252fbb63dcc969fe4c8b9d10\"},\"headline\":\"Assaltantes levam R$120,00 de dois trabalhadores\",\"datePublished\":\"2018-07-16T13:19:27+00:00\",\"mainEntityOfPage\":{\"@id\":\"https:\/\/ubanews.com\/site\/2018\/07\/16\/assaltantes-levam-r12000-de-dois-trabalhadores\/\"},\"wordCount\":229,\"commentCount\":0,\"publisher\":{\"@id\":\"https:\/\/ubanews.com\/site\/#organization\"},\"articleSection\":[\"S\u00edntese das Ocorr\u00eancias\"],\"inLanguage\":\"pt-BR\",\"potentialAction\":[{\"@type\":\"CommentAction\",\"name\":\"Comment\",\"target\":[\"https:\/\/ubanews.com\/site\/2018\/07\/16\/assaltantes-levam-r12000-de-dois-trabalhadores\/#respond\"]}]},{\"@type\":\"WebPage\",\"@id\":\"https:\/\/ubanews.com\/site\/2018\/07\/16\/assaltantes-levam-r12000-de-dois-trabalhadores\/\",\"url\":\"https:\/\/ubanews.com\/site\/2018\/07\/16\/assaltantes-levam-r12000-de-dois-trabalhadores\/\",\"name\":\"Assaltantes levam R$120,00 de dois trabalhadores - Ub\u00e1 News\",\"isPartOf\":{\"@id\":\"https:\/\/ubanews.com\/site\/#website\"},\"datePublished\":\"2018-07-16T13:19:27+00:00\",\"breadcrumb\":{\"@id\":\"https:\/\/ubanews.com\/site\/2018\/07\/16\/assaltantes-levam-r12000-de-dois-trabalhadores\/#breadcrumb\"},\"inLanguage\":\"pt-BR\",\"potentialAction\":[{\"@type\":\"ReadAction\",\"target\":[\"https:\/\/ubanews.com\/site\/2018\/07\/16\/assaltantes-levam-r12000-de-dois-trabalhadores\/\"]}]},{\"@type\":\"BreadcrumbList\",\"@id\":\"https:\/\/ubanews.com\/site\/2018\/07\/16\/assaltantes-levam-r12000-de-dois-trabalhadores\/#breadcrumb\",\"itemListElement\":[{\"@type\":\"ListItem\",\"position\":1,\"name\":\"Home\",\"item\":\"https:\/\/ubanews.com\/site\/\"},{\"@type\":\"ListItem\",\"position\":2,\"name\":\"Assaltantes levam R$120,00 de dois trabalhadores\"}]},{\"@type\":\"WebSite\",\"@id\":\"https:\/\/ubanews.com\/site\/#website\",\"url\":\"https:\/\/ubanews.com\/site\/\",\"name\":\"Ub\u00e1 News\",\"description\":\"\",\"publisher\":{\"@id\":\"https:\/\/ubanews.com\/site\/#organization\"},\"potentialAction\":[{\"@type\":\"SearchAction\",\"target\":{\"@type\":\"EntryPoint\",\"urlTemplate\":\"https:\/\/ubanews.com\/site\/?s={search_term_string}\"},\"query-input\":{\"@type\":\"PropertyValueSpecification\",\"valueRequired\":true,\"valueName\":\"search_term_string\"}}],\"inLanguage\":\"pt-BR\"},{\"@type\":\"Organization\",\"@id\":\"https:\/\/ubanews.com\/site\/#organization\",\"name\":\"Ub\u00e1 News\",\"url\":\"https:\/\/ubanews.com\/site\/\",\"logo\":{\"@type\":\"ImageObject\",\"inLanguage\":\"pt-BR\",\"@id\":\"https:\/\/ubanews.com\/site\/#\/schema\/logo\/image\/\",\"url\":\"https:\/\/ubanews.com\/site\/wp-content\/uploads\/2018\/01\/logoubanews.png\",\"contentUrl\":\"https:\/\/ubanews.com\/site\/wp-content\/uploads\/2018\/01\/logoubanews.png\",\"width\":261,\"height\":99,\"caption\":\"Ub\u00e1 News\"},\"image\":{\"@id\":\"https:\/\/ubanews.com\/site\/#\/schema\/logo\/image\/\"},\"sameAs\":[\"https:\/\/www.facebook.com\/Ub\u00e1News-Carlos-Roberto-Sodr\u00e9-418778301977370\"]},{\"@type\":\"Person\",\"@id\":\"https:\/\/ubanews.com\/site\/#\/schema\/person\/d90c9e47252fbb63dcc969fe4c8b9d10\",\"name\":\"Sodr\u00e9\",\"image\":{\"@type\":\"ImageObject\",\"inLanguage\":\"pt-BR\",\"@id\":\"https:\/\/secure.gravatar.com\/avatar\/5ba2793f0590b9dbfad3fdec4ee714485b3eef211c9b32ee53d414060454a56c?s=96&d=mm&r=g\",\"url\":\"https:\/\/secure.gravatar.com\/avatar\/5ba2793f0590b9dbfad3fdec4ee714485b3eef211c9b32ee53d414060454a56c?s=96&d=mm&r=g\",\"contentUrl\":\"https:\/\/secure.gravatar.com\/avatar\/5ba2793f0590b9dbfad3fdec4ee714485b3eef211c9b32ee53d414060454a56c?s=96&d=mm&r=g\",\"caption\":\"Sodr\u00e9\"},\"sameAs\":[\"https:\/\/www.facebook.com\/carosroberto.sodre.5\/\"],\"url\":\"https:\/\/ubanews.com\/site\/author\/felipe\/\"}]}<\/script>\n<!-- \/ Yoast SEO plugin. -->","yoast_head_json":{"title":"Assaltantes levam R$120,00 de dois trabalhadores - Ub\u00e1 News","robots":{"index":"index","follow":"follow","max-snippet":"max-snippet:-1","max-image-preview":"max-image-preview:large","max-video-preview":"max-video-preview:-1"},"canonical":"https:\/\/ubanews.com\/site\/2018\/07\/16\/assaltantes-levam-r12000-de-dois-trabalhadores\/","og_locale":"pt_BR","og_type":"article","og_title":"Assaltantes levam R$120,00 de dois trabalhadores - Ub\u00e1 News","og_description":"No dia 14 de julho por volta das 14h 02min","og_url":"https:\/\/ubanews.com\/site\/2018\/07\/16\/assaltantes-levam-r12000-de-dois-trabalhadores\/","og_site_name":"Ub\u00e1 News","article_publisher":"https:\/\/www.facebook.com\/Ub%c3%a1News-Carlos-Roberto-Sodr%c3%a9-418778301977370","article_author":"https:\/\/www.facebook.com\/carosroberto.sodre.5\/","article_published_time":"2018-07-16T13:19:27+00:00","author":"Sodr\u00e9","twitter_card":"summary_large_image","twitter_misc":{"Escrito por":"Sodr\u00e9","Est. tempo de leitura":"1 minuto"},"schema":{"@context":"https:\/\/schema.org","@graph":[{"@type":"Article","@id":"https:\/\/ubanews.com\/site\/2018\/07\/16\/assaltantes-levam-r12000-de-dois-trabalhadores\/#article","isPartOf":{"@id":"https:\/\/ubanews.com\/site\/2018\/07\/16\/assaltantes-levam-r12000-de-dois-trabalhadores\/"},"author":{"name":"Sodr\u00e9","@id":"https:\/\/ubanews.com\/site\/#\/schema\/person\/d90c9e47252fbb63dcc969fe4c8b9d10"},"headline":"Assaltantes levam R$120,00 de dois trabalhadores","datePublished":"2018-07-16T13:19:27+00:00","mainEntityOfPage":{"@id":"https:\/\/ubanews.com\/site\/2018\/07\/16\/assaltantes-levam-r12000-de-dois-trabalhadores\/"},"wordCount":229,"commentCount":0,"publisher":{"@id":"https:\/\/ubanews.com\/site\/#organization"},"articleSection":["S\u00edntese das Ocorr\u00eancias"],"inLanguage":"pt-BR","potentialAction":[{"@type":"CommentAction","name":"Comment","target":["https:\/\/ubanews.com\/site\/2018\/07\/16\/assaltantes-levam-r12000-de-dois-trabalhadores\/#respond"]}]},{"@type":"WebPage","@id":"https:\/\/ubanews.com\/site\/2018\/07\/16\/assaltantes-levam-r12000-de-dois-trabalhadores\/","url":"https:\/\/ubanews.com\/site\/2018\/07\/16\/assaltantes-levam-r12000-de-dois-trabalhadores\/","name":"Assaltantes levam R$120,00 de dois trabalhadores - Ub\u00e1 News","isPartOf":{"@id":"https:\/\/ubanews.com\/site\/#website"},"datePublished":"2018-07-16T13:19:27+00:00","breadcrumb":{"@id":"https:\/\/ubanews.com\/site\/2018\/07\/16\/assaltantes-levam-r12000-de-dois-trabalhadores\/#breadcrumb"},"inLanguage":"pt-BR","potentialAction":[{"@type":"ReadAction","target":["https:\/\/ubanews.com\/site\/2018\/07\/16\/assaltantes-levam-r12000-de-dois-trabalhadores\/"]}]},{"@type":"BreadcrumbList","@id":"https:\/\/ubanews.com\/site\/2018\/07\/16\/assaltantes-levam-r12000-de-dois-trabalhadores\/#breadcrumb","itemListElement":[{"@type":"ListItem","position":1,"name":"Home","item":"https:\/\/ubanews.com\/site\/"},{"@type":"ListItem","position":2,"name":"Assaltantes levam R$120,00 de dois trabalhadores"}]},{"@type":"WebSite","@id":"https:\/\/ubanews.com\/site\/#website","url":"https:\/\/ubanews.com\/site\/","name":"Ub\u00e1 News","description":"","publisher":{"@id":"https:\/\/ubanews.com\/site\/#organization"},"potentialAction":[{"@type":"SearchAction","target":{"@type":"EntryPoint","urlTemplate":"https:\/\/ubanews.com\/site\/?s={search_term_string}"},"query-input":{"@type":"PropertyValueSpecification","valueRequired":true,"valueName":"search_term_string"}}],"inLanguage":"pt-BR"},{"@type":"Organization","@id":"https:\/\/ubanews.com\/site\/#organization","name":"Ub\u00e1 News","url":"https:\/\/ubanews.com\/site\/","logo":{"@type":"ImageObject","inLanguage":"pt-BR","@id":"https:\/\/ubanews.com\/site\/#\/schema\/logo\/image\/","url":"https:\/\/ubanews.com\/site\/wp-content\/uploads\/2018\/01\/logoubanews.png","contentUrl":"https:\/\/ubanews.com\/site\/wp-content\/uploads\/2018\/01\/logoubanews.png","width":261,"height":99,"caption":"Ub\u00e1 News"},"image":{"@id":"https:\/\/ubanews.com\/site\/#\/schema\/logo\/image\/"},"sameAs":["https:\/\/www.facebook.com\/Ub\u00e1News-Carlos-Roberto-Sodr\u00e9-418778301977370"]},{"@type":"Person","@id":"https:\/\/ubanews.com\/site\/#\/schema\/person\/d90c9e47252fbb63dcc969fe4c8b9d10","name":"Sodr\u00e9","image":{"@type":"ImageObject","inLanguage":"pt-BR","@id":"https:\/\/secure.gravatar.com\/avatar\/5ba2793f0590b9dbfad3fdec4ee714485b3eef211c9b32ee53d414060454a56c?s=96&d=mm&r=g","url":"https:\/\/secure.gravatar.com\/avatar\/5ba2793f0590b9dbfad3fdec4ee714485b3eef211c9b32ee53d414060454a56c?s=96&d=mm&r=g","contentUrl":"https:\/\/secure.gravatar.com\/avatar\/5ba2793f0590b9dbfad3fdec4ee714485b3eef211c9b32ee53d414060454a56c?s=96&d=mm&r=g","caption":"Sodr\u00e9"},"sameAs":["https:\/\/www.facebook.com\/carosroberto.sodre.5\/"],"url":"https:\/\/ubanews.com\/site\/author\/felipe\/"}]}},"_links":{"self":[{"href":"https:\/\/ubanews.com\/site\/wp-json\/wp\/v2\/posts\/5640","targetHints":{"allow":["GET"]}}],"collection":[{"href":"https:\/\/ubanews.com\/site\/wp-json\/wp\/v2\/posts"}],"about":[{"href":"https:\/\/ubanews.com\/site\/wp-json\/wp\/v2\/types\/post"}],"author":[{"embeddable":true,"href":"https:\/\/ubanews.com\/site\/wp-json\/wp\/v2\/users\/2"}],"replies":[{"embeddable":true,"href":"https:\/\/ubanews.com\/site\/wp-json\/wp\/v2\/comments?post=5640"}],"version-history":[{"count":0,"href":"https:\/\/ubanews.com\/site\/wp-json\/wp\/v2\/posts\/5640\/revisions"}],"wp:attachment":[{"href":"https:\/\/ubanews.com\/site\/wp-json\/wp\/v2\/media?parent=5640"}],"wp:term":[{"taxonomy":"category","embeddable":true,"href":"https:\/\/ubanews.com\/site\/wp-json\/wp\/v2\/categories?post=5640"},{"taxonomy":"post_tag","embeddable":true,"href":"https:\/\/ubanews.com\/site\/wp-json\/wp\/v2\/tags?post=5640"}],"curies":[{"name":"wp","href":"https:\/\/api.w.org\/{rel}","templated":true}]}}