{"id":5627,"date":"2018-07-15T18:05:02","date_gmt":"2018-07-15T21:05:02","guid":{"rendered":"http:\/\/ubanews.com\/site\/?p=5627"},"modified":"2018-07-30T10:41:23","modified_gmt":"2018-07-30T13:41:23","slug":"continua-desaparecido-o-condutor-do-camaro-que-provocou-acidente-com-vitima-fatal","status":"publish","type":"post","link":"https:\/\/ubanews.com\/site\/2018\/07\/15\/continua-desaparecido-o-condutor-do-camaro-que-provocou-acidente-com-vitima-fatal\/","title":{"rendered":"CONTINUA DESAPARECIDO O CONDUTOR DO CAMARO QUE PROVOCOU ACIDENTE COM V\u00cdTIMA FATAL"},"content":{"rendered":"<p>A viol\u00eancia no tr\u00e2nsito nas Rodovias pr\u00f3ximas de Ub\u00e1, continua fazendo suas v\u00edtimas. Pelo menos duas pessoas perderam suas vidas, sendo uma na madrugada de s\u00e1bado e a outra no in\u00edcio da noite do mesmo dia. Rony Ferreira de Souza (16) v\u00edtima fatal do primeiro acidente. Ele pilotava uma moto, tendo em sua garupa o adolescente Ivan Neto Coelho (17), esse ficou gravemente ferido. Ainda foram envolvidos nesse epis\u00f3dio um fiat Uno, conduzido por J\u00fanior Barbosa Moreira (30), tendo como passageiros Rafael Luciano do Nascimento de Oliveira (22) e Adrian do Nascimento Miranda (16). Os tr\u00eas ficaram gravemente feridos; e ainda um ve\u00edculo Camaro de cor prata, placa LLJ 4306 \u2013 Ub\u00e1\/MG. No momento do acidente o condutor do ve\u00edculo Camaro evadiu do local. No entanto, dentro deste carro foi encontrado alguns documentos pessoais em nome de Diego Cristiano do Nascimento. As autoridades n\u00e3o podem precisar que este seja o condutor. S\u00f3 as investiga\u00e7\u00f5es \u00e9 que ir\u00e3o confirmar. O Camaro e a motocicleta foram removidos para o p\u00e1tio do Autossocorro MC, autorizado pelo DETRAN, de Visconde do Rio Branco. De acordo com as informa\u00e7\u00f5es que nossa equipe apurou, junto \u00e0 Pol\u00edcia Rodovi\u00e1ria Estadual, o ve\u00edculo Camaro pode ter sido o respons\u00e1vel por toda a trag\u00e9dia. De acordo com levantamentos o condutor desse ve\u00edculo n\u00e3o respeita os limites de velocidade.<\/p>\n<p>No segundo caso, Marcos Aur\u00e9lio Ferreira dos Santos (36), pilotava a motocicleta XRE 300 cc, placa KWZ 7301 \u2013 Ub\u00e1\/MG. Consta que o condutor ao tentar uma ultrapassagem colidiu na traseira de um Citroen, placa HIR 8865 \u2013 Ub\u00e1\/MG, conduzido por Maria Alice Balbino Teixeira (55) que seguia de Ub\u00e1 para Visconde do Rio Branco. Foi ent\u00e3o que perdeu o controle direcional e caiu debaixo do Cavalo Mec\u00e2nico de cor vermelha, placa KEF 5811, Mimoso do Sul \u2013 ES, conduzido por Tarc\u00edsio Miguel Frederico J\u00fanior. Havia uma passageira na garupa da moto, por\u00e9m, ao perceber a situa\u00e7\u00e3o, Yanca Alves das Neves (22), saltou para o lado direito, enquanto seu companheiro n\u00e3o teve a mesma sorte. Ela teve apenas ferimentos leves, sendo atendida no Hospital Santa Isabel. O condutor do Cavalo Mec\u00e2nico nada sofreu. O motociclista veio a \u00f3bito no local. Ele n\u00e3o possu\u00eda habilita\u00e7\u00e3o.<\/p>\n","protected":false},"excerpt":{"rendered":"<p>A viol\u00eancia no tr\u00e2nsito nas Rodovias pr\u00f3ximas de Ub\u00e1, continua<\/p>\n","protected":false},"author":2,"featured_media":5635,"comment_status":"open","ping_status":"open","sticky":false,"template":"","format":"standard","meta":{"footnotes":""},"categories":[1],"tags":[],"class_list":["post-5627","post","type-post","status-publish","format-standard","has-post-thumbnail","hentry","category-sem-categoria"],"yoast_head":"<!-- This site is optimized with the Yoast SEO plugin v27.2 - https:\/\/yoast.com\/product\/yoast-seo-wordpress\/ -->\n<title>CONTINUA DESAPARECIDO O CONDUTOR DO CAMARO QUE PROVOCOU ACIDENTE COM V\u00cdTIMA FATAL - Ub\u00e1 News<\/title>\n<meta name=\"robots\" content=\"index, follow, max-snippet:-1, max-image-preview:large, max-video-preview:-1\" \/>\n<link rel=\"canonical\" href=\"https:\/\/ubanews.com\/site\/2018\/07\/15\/continua-desaparecido-o-condutor-do-camaro-que-provocou-acidente-com-vitima-fatal\/\" \/>\n<meta property=\"og:locale\" content=\"pt_BR\" \/>\n<meta property=\"og:type\" content=\"article\" \/>\n<meta property=\"og:title\" content=\"CONTINUA DESAPARECIDO O CONDUTOR DO CAMARO QUE PROVOCOU ACIDENTE COM V\u00cdTIMA FATAL - Ub\u00e1 News\" \/>\n<meta property=\"og:description\" content=\"A viol\u00eancia no tr\u00e2nsito nas Rodovias pr\u00f3ximas de Ub\u00e1, continua\" \/>\n<meta property=\"og:url\" content=\"https:\/\/ubanews.com\/site\/2018\/07\/15\/continua-desaparecido-o-condutor-do-camaro-que-provocou-acidente-com-vitima-fatal\/\" \/>\n<meta property=\"og:site_name\" content=\"Ub\u00e1 News\" \/>\n<meta property=\"article:publisher\" content=\"https:\/\/www.facebook.com\/Ub%c3%a1News-Carlos-Roberto-Sodr%c3%a9-418778301977370\" \/>\n<meta property=\"article:author\" content=\"https:\/\/www.facebook.com\/carosroberto.sodre.5\/\" \/>\n<meta property=\"article:published_time\" content=\"2018-07-15T21:05:02+00:00\" \/>\n<meta property=\"article:modified_time\" content=\"2018-07-30T13:41:23+00:00\" \/>\n<meta property=\"og:image\" content=\"https:\/\/ubanews.com\/site\/wp-content\/uploads\/2018\/07\/Interroga\u00e7\u00e3o-1.png\" \/>\n\t<meta property=\"og:image:width\" content=\"800\" \/>\n\t<meta property=\"og:image:height\" content=\"457\" \/>\n\t<meta property=\"og:image:type\" content=\"image\/png\" \/>\n<meta name=\"author\" content=\"Sodr\u00e9\" \/>\n<meta name=\"twitter:card\" content=\"summary_large_image\" \/>\n<meta name=\"twitter:label1\" content=\"Escrito por\" \/>\n\t<meta name=\"twitter:data1\" content=\"Sodr\u00e9\" \/>\n\t<meta name=\"twitter:label2\" content=\"Est. tempo de leitura\" \/>\n\t<meta name=\"twitter:data2\" content=\"2 minutos\" \/>\n<script type=\"application\/ld+json\" class=\"yoast-schema-graph\">{\"@context\":\"https:\/\/schema.org\",\"@graph\":[{\"@type\":\"Article\",\"@id\":\"https:\/\/ubanews.com\/site\/2018\/07\/15\/continua-desaparecido-o-condutor-do-camaro-que-provocou-acidente-com-vitima-fatal\/#article\",\"isPartOf\":{\"@id\":\"https:\/\/ubanews.com\/site\/2018\/07\/15\/continua-desaparecido-o-condutor-do-camaro-que-provocou-acidente-com-vitima-fatal\/\"},\"author\":{\"name\":\"Sodr\u00e9\",\"@id\":\"https:\/\/ubanews.com\/site\/#\/schema\/person\/d90c9e47252fbb63dcc969fe4c8b9d10\"},\"headline\":\"CONTINUA DESAPARECIDO O CONDUTOR DO CAMARO QUE PROVOCOU ACIDENTE COM V\u00cdTIMA FATAL\",\"datePublished\":\"2018-07-15T21:05:02+00:00\",\"dateModified\":\"2018-07-30T13:41:23+00:00\",\"mainEntityOfPage\":{\"@id\":\"https:\/\/ubanews.com\/site\/2018\/07\/15\/continua-desaparecido-o-condutor-do-camaro-que-provocou-acidente-com-vitima-fatal\/\"},\"wordCount\":396,\"commentCount\":0,\"publisher\":{\"@id\":\"https:\/\/ubanews.com\/site\/#organization\"},\"image\":{\"@id\":\"https:\/\/ubanews.com\/site\/2018\/07\/15\/continua-desaparecido-o-condutor-do-camaro-que-provocou-acidente-com-vitima-fatal\/#primaryimage\"},\"thumbnailUrl\":\"https:\/\/ubanews.com\/site\/wp-content\/uploads\/2018\/07\/Interroga\u00e7\u00e3o-1.png\",\"articleSection\":[\"Geral\"],\"inLanguage\":\"pt-BR\",\"potentialAction\":[{\"@type\":\"CommentAction\",\"name\":\"Comment\",\"target\":[\"https:\/\/ubanews.com\/site\/2018\/07\/15\/continua-desaparecido-o-condutor-do-camaro-que-provocou-acidente-com-vitima-fatal\/#respond\"]}]},{\"@type\":\"WebPage\",\"@id\":\"https:\/\/ubanews.com\/site\/2018\/07\/15\/continua-desaparecido-o-condutor-do-camaro-que-provocou-acidente-com-vitima-fatal\/\",\"url\":\"https:\/\/ubanews.com\/site\/2018\/07\/15\/continua-desaparecido-o-condutor-do-camaro-que-provocou-acidente-com-vitima-fatal\/\",\"name\":\"CONTINUA DESAPARECIDO O CONDUTOR DO CAMARO QUE PROVOCOU ACIDENTE COM V\u00cdTIMA FATAL - Ub\u00e1 News\",\"isPartOf\":{\"@id\":\"https:\/\/ubanews.com\/site\/#website\"},\"primaryImageOfPage\":{\"@id\":\"https:\/\/ubanews.com\/site\/2018\/07\/15\/continua-desaparecido-o-condutor-do-camaro-que-provocou-acidente-com-vitima-fatal\/#primaryimage\"},\"image\":{\"@id\":\"https:\/\/ubanews.com\/site\/2018\/07\/15\/continua-desaparecido-o-condutor-do-camaro-que-provocou-acidente-com-vitima-fatal\/#primaryimage\"},\"thumbnailUrl\":\"https:\/\/ubanews.com\/site\/wp-content\/uploads\/2018\/07\/Interroga\u00e7\u00e3o-1.png\",\"datePublished\":\"2018-07-15T21:05:02+00:00\",\"dateModified\":\"2018-07-30T13:41:23+00:00\",\"breadcrumb\":{\"@id\":\"https:\/\/ubanews.com\/site\/2018\/07\/15\/continua-desaparecido-o-condutor-do-camaro-que-provocou-acidente-com-vitima-fatal\/#breadcrumb\"},\"inLanguage\":\"pt-BR\",\"potentialAction\":[{\"@type\":\"ReadAction\",\"target\":[\"https:\/\/ubanews.com\/site\/2018\/07\/15\/continua-desaparecido-o-condutor-do-camaro-que-provocou-acidente-com-vitima-fatal\/\"]}]},{\"@type\":\"ImageObject\",\"inLanguage\":\"pt-BR\",\"@id\":\"https:\/\/ubanews.com\/site\/2018\/07\/15\/continua-desaparecido-o-condutor-do-camaro-que-provocou-acidente-com-vitima-fatal\/#primaryimage\",\"url\":\"https:\/\/ubanews.com\/site\/wp-content\/uploads\/2018\/07\/Interroga\u00e7\u00e3o-1.png\",\"contentUrl\":\"https:\/\/ubanews.com\/site\/wp-content\/uploads\/2018\/07\/Interroga\u00e7\u00e3o-1.png\",\"width\":800,\"height\":457},{\"@type\":\"BreadcrumbList\",\"@id\":\"https:\/\/ubanews.com\/site\/2018\/07\/15\/continua-desaparecido-o-condutor-do-camaro-que-provocou-acidente-com-vitima-fatal\/#breadcrumb\",\"itemListElement\":[{\"@type\":\"ListItem\",\"position\":1,\"name\":\"Home\",\"item\":\"https:\/\/ubanews.com\/site\/\"},{\"@type\":\"ListItem\",\"position\":2,\"name\":\"CONTINUA DESAPARECIDO O CONDUTOR DO CAMARO QUE PROVOCOU ACIDENTE COM V\u00cdTIMA FATAL\"}]},{\"@type\":\"WebSite\",\"@id\":\"https:\/\/ubanews.com\/site\/#website\",\"url\":\"https:\/\/ubanews.com\/site\/\",\"name\":\"Ub\u00e1 News\",\"description\":\"\",\"publisher\":{\"@id\":\"https:\/\/ubanews.com\/site\/#organization\"},\"potentialAction\":[{\"@type\":\"SearchAction\",\"target\":{\"@type\":\"EntryPoint\",\"urlTemplate\":\"https:\/\/ubanews.com\/site\/?s={search_term_string}\"},\"query-input\":{\"@type\":\"PropertyValueSpecification\",\"valueRequired\":true,\"valueName\":\"search_term_string\"}}],\"inLanguage\":\"pt-BR\"},{\"@type\":\"Organization\",\"@id\":\"https:\/\/ubanews.com\/site\/#organization\",\"name\":\"Ub\u00e1 News\",\"url\":\"https:\/\/ubanews.com\/site\/\",\"logo\":{\"@type\":\"ImageObject\",\"inLanguage\":\"pt-BR\",\"@id\":\"https:\/\/ubanews.com\/site\/#\/schema\/logo\/image\/\",\"url\":\"https:\/\/ubanews.com\/site\/wp-content\/uploads\/2018\/01\/logoubanews.png\",\"contentUrl\":\"https:\/\/ubanews.com\/site\/wp-content\/uploads\/2018\/01\/logoubanews.png\",\"width\":261,\"height\":99,\"caption\":\"Ub\u00e1 News\"},\"image\":{\"@id\":\"https:\/\/ubanews.com\/site\/#\/schema\/logo\/image\/\"},\"sameAs\":[\"https:\/\/www.facebook.com\/Ub\u00e1News-Carlos-Roberto-Sodr\u00e9-418778301977370\"]},{\"@type\":\"Person\",\"@id\":\"https:\/\/ubanews.com\/site\/#\/schema\/person\/d90c9e47252fbb63dcc969fe4c8b9d10\",\"name\":\"Sodr\u00e9\",\"image\":{\"@type\":\"ImageObject\",\"inLanguage\":\"pt-BR\",\"@id\":\"https:\/\/secure.gravatar.com\/avatar\/5ba2793f0590b9dbfad3fdec4ee714485b3eef211c9b32ee53d414060454a56c?s=96&d=mm&r=g\",\"url\":\"https:\/\/secure.gravatar.com\/avatar\/5ba2793f0590b9dbfad3fdec4ee714485b3eef211c9b32ee53d414060454a56c?s=96&d=mm&r=g\",\"contentUrl\":\"https:\/\/secure.gravatar.com\/avatar\/5ba2793f0590b9dbfad3fdec4ee714485b3eef211c9b32ee53d414060454a56c?s=96&d=mm&r=g\",\"caption\":\"Sodr\u00e9\"},\"sameAs\":[\"https:\/\/www.facebook.com\/carosroberto.sodre.5\/\"],\"url\":\"https:\/\/ubanews.com\/site\/author\/felipe\/\"}]}<\/script>\n<!-- \/ Yoast SEO plugin. -->","yoast_head_json":{"title":"CONTINUA DESAPARECIDO O CONDUTOR DO CAMARO QUE PROVOCOU ACIDENTE COM V\u00cdTIMA FATAL - Ub\u00e1 News","robots":{"index":"index","follow":"follow","max-snippet":"max-snippet:-1","max-image-preview":"max-image-preview:large","max-video-preview":"max-video-preview:-1"},"canonical":"https:\/\/ubanews.com\/site\/2018\/07\/15\/continua-desaparecido-o-condutor-do-camaro-que-provocou-acidente-com-vitima-fatal\/","og_locale":"pt_BR","og_type":"article","og_title":"CONTINUA DESAPARECIDO O CONDUTOR DO CAMARO QUE PROVOCOU ACIDENTE COM V\u00cdTIMA FATAL - Ub\u00e1 News","og_description":"A viol\u00eancia no tr\u00e2nsito nas Rodovias pr\u00f3ximas de Ub\u00e1, continua","og_url":"https:\/\/ubanews.com\/site\/2018\/07\/15\/continua-desaparecido-o-condutor-do-camaro-que-provocou-acidente-com-vitima-fatal\/","og_site_name":"Ub\u00e1 News","article_publisher":"https:\/\/www.facebook.com\/Ub%c3%a1News-Carlos-Roberto-Sodr%c3%a9-418778301977370","article_author":"https:\/\/www.facebook.com\/carosroberto.sodre.5\/","article_published_time":"2018-07-15T21:05:02+00:00","article_modified_time":"2018-07-30T13:41:23+00:00","og_image":[{"width":800,"height":457,"url":"https:\/\/ubanews.com\/site\/wp-content\/uploads\/2018\/07\/Interroga\u00e7\u00e3o-1.png","type":"image\/png"}],"author":"Sodr\u00e9","twitter_card":"summary_large_image","twitter_misc":{"Escrito por":"Sodr\u00e9","Est. tempo de leitura":"2 minutos"},"schema":{"@context":"https:\/\/schema.org","@graph":[{"@type":"Article","@id":"https:\/\/ubanews.com\/site\/2018\/07\/15\/continua-desaparecido-o-condutor-do-camaro-que-provocou-acidente-com-vitima-fatal\/#article","isPartOf":{"@id":"https:\/\/ubanews.com\/site\/2018\/07\/15\/continua-desaparecido-o-condutor-do-camaro-que-provocou-acidente-com-vitima-fatal\/"},"author":{"name":"Sodr\u00e9","@id":"https:\/\/ubanews.com\/site\/#\/schema\/person\/d90c9e47252fbb63dcc969fe4c8b9d10"},"headline":"CONTINUA DESAPARECIDO O CONDUTOR DO CAMARO QUE PROVOCOU ACIDENTE COM V\u00cdTIMA FATAL","datePublished":"2018-07-15T21:05:02+00:00","dateModified":"2018-07-30T13:41:23+00:00","mainEntityOfPage":{"@id":"https:\/\/ubanews.com\/site\/2018\/07\/15\/continua-desaparecido-o-condutor-do-camaro-que-provocou-acidente-com-vitima-fatal\/"},"wordCount":396,"commentCount":0,"publisher":{"@id":"https:\/\/ubanews.com\/site\/#organization"},"image":{"@id":"https:\/\/ubanews.com\/site\/2018\/07\/15\/continua-desaparecido-o-condutor-do-camaro-que-provocou-acidente-com-vitima-fatal\/#primaryimage"},"thumbnailUrl":"https:\/\/ubanews.com\/site\/wp-content\/uploads\/2018\/07\/Interroga\u00e7\u00e3o-1.png","articleSection":["Geral"],"inLanguage":"pt-BR","potentialAction":[{"@type":"CommentAction","name":"Comment","target":["https:\/\/ubanews.com\/site\/2018\/07\/15\/continua-desaparecido-o-condutor-do-camaro-que-provocou-acidente-com-vitima-fatal\/#respond"]}]},{"@type":"WebPage","@id":"https:\/\/ubanews.com\/site\/2018\/07\/15\/continua-desaparecido-o-condutor-do-camaro-que-provocou-acidente-com-vitima-fatal\/","url":"https:\/\/ubanews.com\/site\/2018\/07\/15\/continua-desaparecido-o-condutor-do-camaro-que-provocou-acidente-com-vitima-fatal\/","name":"CONTINUA DESAPARECIDO O CONDUTOR DO CAMARO QUE PROVOCOU ACIDENTE COM V\u00cdTIMA FATAL - Ub\u00e1 News","isPartOf":{"@id":"https:\/\/ubanews.com\/site\/#website"},"primaryImageOfPage":{"@id":"https:\/\/ubanews.com\/site\/2018\/07\/15\/continua-desaparecido-o-condutor-do-camaro-que-provocou-acidente-com-vitima-fatal\/#primaryimage"},"image":{"@id":"https:\/\/ubanews.com\/site\/2018\/07\/15\/continua-desaparecido-o-condutor-do-camaro-que-provocou-acidente-com-vitima-fatal\/#primaryimage"},"thumbnailUrl":"https:\/\/ubanews.com\/site\/wp-content\/uploads\/2018\/07\/Interroga\u00e7\u00e3o-1.png","datePublished":"2018-07-15T21:05:02+00:00","dateModified":"2018-07-30T13:41:23+00:00","breadcrumb":{"@id":"https:\/\/ubanews.com\/site\/2018\/07\/15\/continua-desaparecido-o-condutor-do-camaro-que-provocou-acidente-com-vitima-fatal\/#breadcrumb"},"inLanguage":"pt-BR","potentialAction":[{"@type":"ReadAction","target":["https:\/\/ubanews.com\/site\/2018\/07\/15\/continua-desaparecido-o-condutor-do-camaro-que-provocou-acidente-com-vitima-fatal\/"]}]},{"@type":"ImageObject","inLanguage":"pt-BR","@id":"https:\/\/ubanews.com\/site\/2018\/07\/15\/continua-desaparecido-o-condutor-do-camaro-que-provocou-acidente-com-vitima-fatal\/#primaryimage","url":"https:\/\/ubanews.com\/site\/wp-content\/uploads\/2018\/07\/Interroga\u00e7\u00e3o-1.png","contentUrl":"https:\/\/ubanews.com\/site\/wp-content\/uploads\/2018\/07\/Interroga\u00e7\u00e3o-1.png","width":800,"height":457},{"@type":"BreadcrumbList","@id":"https:\/\/ubanews.com\/site\/2018\/07\/15\/continua-desaparecido-o-condutor-do-camaro-que-provocou-acidente-com-vitima-fatal\/#breadcrumb","itemListElement":[{"@type":"ListItem","position":1,"name":"Home","item":"https:\/\/ubanews.com\/site\/"},{"@type":"ListItem","position":2,"name":"CONTINUA DESAPARECIDO O CONDUTOR DO CAMARO QUE PROVOCOU ACIDENTE COM V\u00cdTIMA FATAL"}]},{"@type":"WebSite","@id":"https:\/\/ubanews.com\/site\/#website","url":"https:\/\/ubanews.com\/site\/","name":"Ub\u00e1 News","description":"","publisher":{"@id":"https:\/\/ubanews.com\/site\/#organization"},"potentialAction":[{"@type":"SearchAction","target":{"@type":"EntryPoint","urlTemplate":"https:\/\/ubanews.com\/site\/?s={search_term_string}"},"query-input":{"@type":"PropertyValueSpecification","valueRequired":true,"valueName":"search_term_string"}}],"inLanguage":"pt-BR"},{"@type":"Organization","@id":"https:\/\/ubanews.com\/site\/#organization","name":"Ub\u00e1 News","url":"https:\/\/ubanews.com\/site\/","logo":{"@type":"ImageObject","inLanguage":"pt-BR","@id":"https:\/\/ubanews.com\/site\/#\/schema\/logo\/image\/","url":"https:\/\/ubanews.com\/site\/wp-content\/uploads\/2018\/01\/logoubanews.png","contentUrl":"https:\/\/ubanews.com\/site\/wp-content\/uploads\/2018\/01\/logoubanews.png","width":261,"height":99,"caption":"Ub\u00e1 News"},"image":{"@id":"https:\/\/ubanews.com\/site\/#\/schema\/logo\/image\/"},"sameAs":["https:\/\/www.facebook.com\/Ub\u00e1News-Carlos-Roberto-Sodr\u00e9-418778301977370"]},{"@type":"Person","@id":"https:\/\/ubanews.com\/site\/#\/schema\/person\/d90c9e47252fbb63dcc969fe4c8b9d10","name":"Sodr\u00e9","image":{"@type":"ImageObject","inLanguage":"pt-BR","@id":"https:\/\/secure.gravatar.com\/avatar\/5ba2793f0590b9dbfad3fdec4ee714485b3eef211c9b32ee53d414060454a56c?s=96&d=mm&r=g","url":"https:\/\/secure.gravatar.com\/avatar\/5ba2793f0590b9dbfad3fdec4ee714485b3eef211c9b32ee53d414060454a56c?s=96&d=mm&r=g","contentUrl":"https:\/\/secure.gravatar.com\/avatar\/5ba2793f0590b9dbfad3fdec4ee714485b3eef211c9b32ee53d414060454a56c?s=96&d=mm&r=g","caption":"Sodr\u00e9"},"sameAs":["https:\/\/www.facebook.com\/carosroberto.sodre.5\/"],"url":"https:\/\/ubanews.com\/site\/author\/felipe\/"}]}},"_links":{"self":[{"href":"https:\/\/ubanews.com\/site\/wp-json\/wp\/v2\/posts\/5627","targetHints":{"allow":["GET"]}}],"collection":[{"href":"https:\/\/ubanews.com\/site\/wp-json\/wp\/v2\/posts"}],"about":[{"href":"https:\/\/ubanews.com\/site\/wp-json\/wp\/v2\/types\/post"}],"author":[{"embeddable":true,"href":"https:\/\/ubanews.com\/site\/wp-json\/wp\/v2\/users\/2"}],"replies":[{"embeddable":true,"href":"https:\/\/ubanews.com\/site\/wp-json\/wp\/v2\/comments?post=5627"}],"version-history":[{"count":0,"href":"https:\/\/ubanews.com\/site\/wp-json\/wp\/v2\/posts\/5627\/revisions"}],"wp:featuredmedia":[{"embeddable":true,"href":"https:\/\/ubanews.com\/site\/wp-json\/wp\/v2\/media\/5635"}],"wp:attachment":[{"href":"https:\/\/ubanews.com\/site\/wp-json\/wp\/v2\/media?parent=5627"}],"wp:term":[{"taxonomy":"category","embeddable":true,"href":"https:\/\/ubanews.com\/site\/wp-json\/wp\/v2\/categories?post=5627"},{"taxonomy":"post_tag","embeddable":true,"href":"https:\/\/ubanews.com\/site\/wp-json\/wp\/v2\/tags?post=5627"}],"curies":[{"name":"wp","href":"https:\/\/api.w.org\/{rel}","templated":true}]}}