{"id":5624,"date":"2018-07-14T23:55:50","date_gmt":"2018-07-15T02:55:50","guid":{"rendered":"http:\/\/ubanews.com\/site\/?p=5624"},"modified":"2018-07-19T16:10:05","modified_gmt":"2018-07-19T19:10:05","slug":"alunos-do-raul-promovem-festa-julina-como-fonte-de-arrecadacao-para-o-baile-de-formatura","status":"publish","type":"post","link":"https:\/\/ubanews.com\/site\/2018\/07\/14\/alunos-do-raul-promovem-festa-julina-como-fonte-de-arrecadacao-para-o-baile-de-formatura\/","title":{"rendered":"ALUNOS DO RAUL PROMOVEM FESTA JULINA COMO FONTE DE ARRECADA\u00c7\u00c3O PARA O BAILE DE FORMATURA"},"content":{"rendered":"<p>Os alunos da Terceira S\u00e9rie (A a F) da Escola Estadual Raul Soares promoveram na tarde deste s\u00e1bado (14) uma quadrilha (festa julina), buscando recursos para o baile de formatura marcado para o final do ano, a data oficial a ser confirmada. Os discentes s\u00e3o un\u00e2nimes: \u201cpassamos de sala em sala, o apoio foi total, os colegas foram gentis e sensibilizaram com a nossa luta, somos gratos \u00e0 dire\u00e7\u00e3o do Raul, mas gostar\u00edamos de fazer uma refer\u00eancia \u00e0s cantineiras, todos (as), com um carinho especial a senhora Nora Ney, ela \u00e9 de mais, muito atenciosa, sorridente, sempre sol\u00edcita\u201d. At\u00e9 parece um discurso padronizado. Os organizadores renderam homenagens tamb\u00e9m aos diretores, em especial ao professor Salom\u00e3o Curi. Ali\u00e1s, o diretor passou o dia inteiro na escola, saindo apenas para um r\u00e1pido almo\u00e7o com a fam\u00edlia. A equipe organizadora do evento destacou o com\u00e9rcio local pela colabora\u00e7\u00e3o e parceria com doa\u00e7\u00f5es. A Nuclemig merece tamb\u00e9m um destaque especial. Ela est\u00e1 sempre presente com o seu apoio incondicional ao Raul e seus eventos. Quase tudo que uma festa julina pede eles preparam. Tudo dentro da escola. Tudo na cozinha do Raulz\u00e3o. Maria Vit\u00f3ria (Terceiro D) e Walerrandro (Terceiro C) conversaram conosco.&nbsp;<\/p>\n<div style=\"position: relative; height: 0; padding-bottom: 56.25%;\"><iframe style=\"position: absolute; width: 100%; height: 100%; left: 0;\" data-src=\"https:\/\/www.youtube.com\/embed\/ys5v5rZxS_c?ecver=2\" width=\"640\" height=\"360\" frameborder=\"0\" allowfullscreen=\"allowfullscreen\" src=\"data:image\/svg+xml;base64,PHN2ZyB3aWR0aD0iMSIgaGVpZ2h0PSIxIiB4bWxucz0iaHR0cDovL3d3dy53My5vcmcvMjAwMC9zdmciPjwvc3ZnPg==\" class=\"lazyload\" data-load-mode=\"1\"><\/iframe><\/div>\n<div>&nbsp;<\/div>\n<div>\n<div style=\"position: relative; height: 0; padding-bottom: 56.25%;\"><iframe style=\"position: absolute; width: 100%; height: 100%; left: 0;\" data-src=\"https:\/\/www.youtube.com\/embed\/wptgvQVGkMU?ecver=2\" width=\"640\" height=\"360\" frameborder=\"0\" allowfullscreen=\"allowfullscreen\" src=\"data:image\/svg+xml;base64,PHN2ZyB3aWR0aD0iMSIgaGVpZ2h0PSIxIiB4bWxucz0iaHR0cDovL3d3dy53My5vcmcvMjAwMC9zdmciPjwvc3ZnPg==\" class=\"lazyload\" data-load-mode=\"1\"><\/iframe>&nbsp;<\/div>\n<\/div>\n","protected":false},"excerpt":{"rendered":"<p>Os alunos da Terceira S\u00e9rie (A a F) da Escola<\/p>\n","protected":false},"author":2,"featured_media":4978,"comment_status":"open","ping_status":"open","sticky":false,"template":"","format":"standard","meta":{"footnotes":""},"categories":[1],"tags":[],"class_list":["post-5624","post","type-post","status-publish","format-standard","has-post-thumbnail","hentry","category-sem-categoria"],"yoast_head":"<!-- This site is optimized with the Yoast SEO plugin v27.2 - https:\/\/yoast.com\/product\/yoast-seo-wordpress\/ -->\n<title>ALUNOS DO RAUL PROMOVEM FESTA JULINA COMO FONTE DE ARRECADA\u00c7\u00c3O PARA O BAILE DE FORMATURA - Ub\u00e1 News<\/title>\n<meta name=\"robots\" content=\"index, follow, max-snippet:-1, max-image-preview:large, max-video-preview:-1\" \/>\n<link rel=\"canonical\" href=\"https:\/\/ubanews.com\/site\/2018\/07\/14\/alunos-do-raul-promovem-festa-julina-como-fonte-de-arrecadacao-para-o-baile-de-formatura\/\" \/>\n<meta property=\"og:locale\" content=\"pt_BR\" \/>\n<meta property=\"og:type\" content=\"article\" \/>\n<meta property=\"og:title\" content=\"ALUNOS DO RAUL PROMOVEM FESTA JULINA COMO FONTE DE ARRECADA\u00c7\u00c3O PARA O BAILE DE FORMATURA - Ub\u00e1 News\" \/>\n<meta property=\"og:description\" content=\"Os alunos da Terceira S\u00e9rie (A a F) da Escola\" \/>\n<meta property=\"og:url\" content=\"https:\/\/ubanews.com\/site\/2018\/07\/14\/alunos-do-raul-promovem-festa-julina-como-fonte-de-arrecadacao-para-o-baile-de-formatura\/\" \/>\n<meta property=\"og:site_name\" content=\"Ub\u00e1 News\" \/>\n<meta property=\"article:publisher\" content=\"https:\/\/www.facebook.com\/Ub%c3%a1News-Carlos-Roberto-Sodr%c3%a9-418778301977370\" \/>\n<meta property=\"article:author\" content=\"https:\/\/www.facebook.com\/carosroberto.sodre.5\/\" \/>\n<meta property=\"article:published_time\" content=\"2018-07-15T02:55:50+00:00\" \/>\n<meta property=\"article:modified_time\" content=\"2018-07-19T19:10:05+00:00\" \/>\n<meta property=\"og:image\" content=\"https:\/\/ubanews.com\/site\/wp-content\/uploads\/2018\/06\/Raul-Soares.jpg\" \/>\n\t<meta property=\"og:image:width\" content=\"800\" \/>\n\t<meta property=\"og:image:height\" content=\"438\" \/>\n\t<meta property=\"og:image:type\" content=\"image\/jpeg\" \/>\n<meta name=\"author\" content=\"Sodr\u00e9\" \/>\n<meta name=\"twitter:card\" content=\"summary_large_image\" \/>\n<meta name=\"twitter:label1\" content=\"Escrito por\" \/>\n\t<meta name=\"twitter:data1\" content=\"Sodr\u00e9\" \/>\n\t<meta name=\"twitter:label2\" content=\"Est. tempo de leitura\" \/>\n\t<meta name=\"twitter:data2\" content=\"1 minuto\" \/>\n<script type=\"application\/ld+json\" class=\"yoast-schema-graph\">{\"@context\":\"https:\/\/schema.org\",\"@graph\":[{\"@type\":\"Article\",\"@id\":\"https:\/\/ubanews.com\/site\/2018\/07\/14\/alunos-do-raul-promovem-festa-julina-como-fonte-de-arrecadacao-para-o-baile-de-formatura\/#article\",\"isPartOf\":{\"@id\":\"https:\/\/ubanews.com\/site\/2018\/07\/14\/alunos-do-raul-promovem-festa-julina-como-fonte-de-arrecadacao-para-o-baile-de-formatura\/\"},\"author\":{\"name\":\"Sodr\u00e9\",\"@id\":\"https:\/\/ubanews.com\/site\/#\/schema\/person\/d90c9e47252fbb63dcc969fe4c8b9d10\"},\"headline\":\"ALUNOS DO RAUL PROMOVEM FESTA JULINA COMO FONTE DE ARRECADA\u00c7\u00c3O PARA O BAILE DE FORMATURA\",\"datePublished\":\"2018-07-15T02:55:50+00:00\",\"dateModified\":\"2018-07-19T19:10:05+00:00\",\"mainEntityOfPage\":{\"@id\":\"https:\/\/ubanews.com\/site\/2018\/07\/14\/alunos-do-raul-promovem-festa-julina-como-fonte-de-arrecadacao-para-o-baile-de-formatura\/\"},\"wordCount\":234,\"commentCount\":0,\"publisher\":{\"@id\":\"https:\/\/ubanews.com\/site\/#organization\"},\"image\":{\"@id\":\"https:\/\/ubanews.com\/site\/2018\/07\/14\/alunos-do-raul-promovem-festa-julina-como-fonte-de-arrecadacao-para-o-baile-de-formatura\/#primaryimage\"},\"thumbnailUrl\":\"https:\/\/ubanews.com\/site\/wp-content\/uploads\/2018\/06\/Raul-Soares.jpg\",\"articleSection\":[\"Geral\"],\"inLanguage\":\"pt-BR\",\"potentialAction\":[{\"@type\":\"CommentAction\",\"name\":\"Comment\",\"target\":[\"https:\/\/ubanews.com\/site\/2018\/07\/14\/alunos-do-raul-promovem-festa-julina-como-fonte-de-arrecadacao-para-o-baile-de-formatura\/#respond\"]}]},{\"@type\":\"WebPage\",\"@id\":\"https:\/\/ubanews.com\/site\/2018\/07\/14\/alunos-do-raul-promovem-festa-julina-como-fonte-de-arrecadacao-para-o-baile-de-formatura\/\",\"url\":\"https:\/\/ubanews.com\/site\/2018\/07\/14\/alunos-do-raul-promovem-festa-julina-como-fonte-de-arrecadacao-para-o-baile-de-formatura\/\",\"name\":\"ALUNOS DO RAUL PROMOVEM FESTA JULINA COMO FONTE DE ARRECADA\u00c7\u00c3O PARA O BAILE DE FORMATURA - Ub\u00e1 News\",\"isPartOf\":{\"@id\":\"https:\/\/ubanews.com\/site\/#website\"},\"primaryImageOfPage\":{\"@id\":\"https:\/\/ubanews.com\/site\/2018\/07\/14\/alunos-do-raul-promovem-festa-julina-como-fonte-de-arrecadacao-para-o-baile-de-formatura\/#primaryimage\"},\"image\":{\"@id\":\"https:\/\/ubanews.com\/site\/2018\/07\/14\/alunos-do-raul-promovem-festa-julina-como-fonte-de-arrecadacao-para-o-baile-de-formatura\/#primaryimage\"},\"thumbnailUrl\":\"https:\/\/ubanews.com\/site\/wp-content\/uploads\/2018\/06\/Raul-Soares.jpg\",\"datePublished\":\"2018-07-15T02:55:50+00:00\",\"dateModified\":\"2018-07-19T19:10:05+00:00\",\"breadcrumb\":{\"@id\":\"https:\/\/ubanews.com\/site\/2018\/07\/14\/alunos-do-raul-promovem-festa-julina-como-fonte-de-arrecadacao-para-o-baile-de-formatura\/#breadcrumb\"},\"inLanguage\":\"pt-BR\",\"potentialAction\":[{\"@type\":\"ReadAction\",\"target\":[\"https:\/\/ubanews.com\/site\/2018\/07\/14\/alunos-do-raul-promovem-festa-julina-como-fonte-de-arrecadacao-para-o-baile-de-formatura\/\"]}]},{\"@type\":\"ImageObject\",\"inLanguage\":\"pt-BR\",\"@id\":\"https:\/\/ubanews.com\/site\/2018\/07\/14\/alunos-do-raul-promovem-festa-julina-como-fonte-de-arrecadacao-para-o-baile-de-formatura\/#primaryimage\",\"url\":\"https:\/\/ubanews.com\/site\/wp-content\/uploads\/2018\/06\/Raul-Soares.jpg\",\"contentUrl\":\"https:\/\/ubanews.com\/site\/wp-content\/uploads\/2018\/06\/Raul-Soares.jpg\",\"width\":800,\"height\":438},{\"@type\":\"BreadcrumbList\",\"@id\":\"https:\/\/ubanews.com\/site\/2018\/07\/14\/alunos-do-raul-promovem-festa-julina-como-fonte-de-arrecadacao-para-o-baile-de-formatura\/#breadcrumb\",\"itemListElement\":[{\"@type\":\"ListItem\",\"position\":1,\"name\":\"Home\",\"item\":\"https:\/\/ubanews.com\/site\/\"},{\"@type\":\"ListItem\",\"position\":2,\"name\":\"ALUNOS DO RAUL PROMOVEM FESTA JULINA COMO FONTE DE ARRECADA\u00c7\u00c3O PARA O BAILE DE FORMATURA\"}]},{\"@type\":\"WebSite\",\"@id\":\"https:\/\/ubanews.com\/site\/#website\",\"url\":\"https:\/\/ubanews.com\/site\/\",\"name\":\"Ub\u00e1 News\",\"description\":\"\",\"publisher\":{\"@id\":\"https:\/\/ubanews.com\/site\/#organization\"},\"potentialAction\":[{\"@type\":\"SearchAction\",\"target\":{\"@type\":\"EntryPoint\",\"urlTemplate\":\"https:\/\/ubanews.com\/site\/?s={search_term_string}\"},\"query-input\":{\"@type\":\"PropertyValueSpecification\",\"valueRequired\":true,\"valueName\":\"search_term_string\"}}],\"inLanguage\":\"pt-BR\"},{\"@type\":\"Organization\",\"@id\":\"https:\/\/ubanews.com\/site\/#organization\",\"name\":\"Ub\u00e1 News\",\"url\":\"https:\/\/ubanews.com\/site\/\",\"logo\":{\"@type\":\"ImageObject\",\"inLanguage\":\"pt-BR\",\"@id\":\"https:\/\/ubanews.com\/site\/#\/schema\/logo\/image\/\",\"url\":\"https:\/\/ubanews.com\/site\/wp-content\/uploads\/2018\/01\/logoubanews.png\",\"contentUrl\":\"https:\/\/ubanews.com\/site\/wp-content\/uploads\/2018\/01\/logoubanews.png\",\"width\":261,\"height\":99,\"caption\":\"Ub\u00e1 News\"},\"image\":{\"@id\":\"https:\/\/ubanews.com\/site\/#\/schema\/logo\/image\/\"},\"sameAs\":[\"https:\/\/www.facebook.com\/Ub\u00e1News-Carlos-Roberto-Sodr\u00e9-418778301977370\"]},{\"@type\":\"Person\",\"@id\":\"https:\/\/ubanews.com\/site\/#\/schema\/person\/d90c9e47252fbb63dcc969fe4c8b9d10\",\"name\":\"Sodr\u00e9\",\"image\":{\"@type\":\"ImageObject\",\"inLanguage\":\"pt-BR\",\"@id\":\"https:\/\/secure.gravatar.com\/avatar\/5ba2793f0590b9dbfad3fdec4ee714485b3eef211c9b32ee53d414060454a56c?s=96&d=mm&r=g\",\"url\":\"https:\/\/secure.gravatar.com\/avatar\/5ba2793f0590b9dbfad3fdec4ee714485b3eef211c9b32ee53d414060454a56c?s=96&d=mm&r=g\",\"contentUrl\":\"https:\/\/secure.gravatar.com\/avatar\/5ba2793f0590b9dbfad3fdec4ee714485b3eef211c9b32ee53d414060454a56c?s=96&d=mm&r=g\",\"caption\":\"Sodr\u00e9\"},\"sameAs\":[\"https:\/\/www.facebook.com\/carosroberto.sodre.5\/\"],\"url\":\"https:\/\/ubanews.com\/site\/author\/felipe\/\"}]}<\/script>\n<!-- \/ Yoast SEO plugin. -->","yoast_head_json":{"title":"ALUNOS DO RAUL PROMOVEM FESTA JULINA COMO FONTE DE ARRECADA\u00c7\u00c3O PARA O BAILE DE FORMATURA - Ub\u00e1 News","robots":{"index":"index","follow":"follow","max-snippet":"max-snippet:-1","max-image-preview":"max-image-preview:large","max-video-preview":"max-video-preview:-1"},"canonical":"https:\/\/ubanews.com\/site\/2018\/07\/14\/alunos-do-raul-promovem-festa-julina-como-fonte-de-arrecadacao-para-o-baile-de-formatura\/","og_locale":"pt_BR","og_type":"article","og_title":"ALUNOS DO RAUL PROMOVEM FESTA JULINA COMO FONTE DE ARRECADA\u00c7\u00c3O PARA O BAILE DE FORMATURA - Ub\u00e1 News","og_description":"Os alunos da Terceira S\u00e9rie (A a F) da Escola","og_url":"https:\/\/ubanews.com\/site\/2018\/07\/14\/alunos-do-raul-promovem-festa-julina-como-fonte-de-arrecadacao-para-o-baile-de-formatura\/","og_site_name":"Ub\u00e1 News","article_publisher":"https:\/\/www.facebook.com\/Ub%c3%a1News-Carlos-Roberto-Sodr%c3%a9-418778301977370","article_author":"https:\/\/www.facebook.com\/carosroberto.sodre.5\/","article_published_time":"2018-07-15T02:55:50+00:00","article_modified_time":"2018-07-19T19:10:05+00:00","og_image":[{"width":800,"height":438,"url":"https:\/\/ubanews.com\/site\/wp-content\/uploads\/2018\/06\/Raul-Soares.jpg","type":"image\/jpeg"}],"author":"Sodr\u00e9","twitter_card":"summary_large_image","twitter_misc":{"Escrito por":"Sodr\u00e9","Est. tempo de leitura":"1 minuto"},"schema":{"@context":"https:\/\/schema.org","@graph":[{"@type":"Article","@id":"https:\/\/ubanews.com\/site\/2018\/07\/14\/alunos-do-raul-promovem-festa-julina-como-fonte-de-arrecadacao-para-o-baile-de-formatura\/#article","isPartOf":{"@id":"https:\/\/ubanews.com\/site\/2018\/07\/14\/alunos-do-raul-promovem-festa-julina-como-fonte-de-arrecadacao-para-o-baile-de-formatura\/"},"author":{"name":"Sodr\u00e9","@id":"https:\/\/ubanews.com\/site\/#\/schema\/person\/d90c9e47252fbb63dcc969fe4c8b9d10"},"headline":"ALUNOS DO RAUL PROMOVEM FESTA JULINA COMO FONTE DE ARRECADA\u00c7\u00c3O PARA O BAILE DE FORMATURA","datePublished":"2018-07-15T02:55:50+00:00","dateModified":"2018-07-19T19:10:05+00:00","mainEntityOfPage":{"@id":"https:\/\/ubanews.com\/site\/2018\/07\/14\/alunos-do-raul-promovem-festa-julina-como-fonte-de-arrecadacao-para-o-baile-de-formatura\/"},"wordCount":234,"commentCount":0,"publisher":{"@id":"https:\/\/ubanews.com\/site\/#organization"},"image":{"@id":"https:\/\/ubanews.com\/site\/2018\/07\/14\/alunos-do-raul-promovem-festa-julina-como-fonte-de-arrecadacao-para-o-baile-de-formatura\/#primaryimage"},"thumbnailUrl":"https:\/\/ubanews.com\/site\/wp-content\/uploads\/2018\/06\/Raul-Soares.jpg","articleSection":["Geral"],"inLanguage":"pt-BR","potentialAction":[{"@type":"CommentAction","name":"Comment","target":["https:\/\/ubanews.com\/site\/2018\/07\/14\/alunos-do-raul-promovem-festa-julina-como-fonte-de-arrecadacao-para-o-baile-de-formatura\/#respond"]}]},{"@type":"WebPage","@id":"https:\/\/ubanews.com\/site\/2018\/07\/14\/alunos-do-raul-promovem-festa-julina-como-fonte-de-arrecadacao-para-o-baile-de-formatura\/","url":"https:\/\/ubanews.com\/site\/2018\/07\/14\/alunos-do-raul-promovem-festa-julina-como-fonte-de-arrecadacao-para-o-baile-de-formatura\/","name":"ALUNOS DO RAUL PROMOVEM FESTA JULINA COMO FONTE DE ARRECADA\u00c7\u00c3O PARA O BAILE DE FORMATURA - Ub\u00e1 News","isPartOf":{"@id":"https:\/\/ubanews.com\/site\/#website"},"primaryImageOfPage":{"@id":"https:\/\/ubanews.com\/site\/2018\/07\/14\/alunos-do-raul-promovem-festa-julina-como-fonte-de-arrecadacao-para-o-baile-de-formatura\/#primaryimage"},"image":{"@id":"https:\/\/ubanews.com\/site\/2018\/07\/14\/alunos-do-raul-promovem-festa-julina-como-fonte-de-arrecadacao-para-o-baile-de-formatura\/#primaryimage"},"thumbnailUrl":"https:\/\/ubanews.com\/site\/wp-content\/uploads\/2018\/06\/Raul-Soares.jpg","datePublished":"2018-07-15T02:55:50+00:00","dateModified":"2018-07-19T19:10:05+00:00","breadcrumb":{"@id":"https:\/\/ubanews.com\/site\/2018\/07\/14\/alunos-do-raul-promovem-festa-julina-como-fonte-de-arrecadacao-para-o-baile-de-formatura\/#breadcrumb"},"inLanguage":"pt-BR","potentialAction":[{"@type":"ReadAction","target":["https:\/\/ubanews.com\/site\/2018\/07\/14\/alunos-do-raul-promovem-festa-julina-como-fonte-de-arrecadacao-para-o-baile-de-formatura\/"]}]},{"@type":"ImageObject","inLanguage":"pt-BR","@id":"https:\/\/ubanews.com\/site\/2018\/07\/14\/alunos-do-raul-promovem-festa-julina-como-fonte-de-arrecadacao-para-o-baile-de-formatura\/#primaryimage","url":"https:\/\/ubanews.com\/site\/wp-content\/uploads\/2018\/06\/Raul-Soares.jpg","contentUrl":"https:\/\/ubanews.com\/site\/wp-content\/uploads\/2018\/06\/Raul-Soares.jpg","width":800,"height":438},{"@type":"BreadcrumbList","@id":"https:\/\/ubanews.com\/site\/2018\/07\/14\/alunos-do-raul-promovem-festa-julina-como-fonte-de-arrecadacao-para-o-baile-de-formatura\/#breadcrumb","itemListElement":[{"@type":"ListItem","position":1,"name":"Home","item":"https:\/\/ubanews.com\/site\/"},{"@type":"ListItem","position":2,"name":"ALUNOS DO RAUL PROMOVEM FESTA JULINA COMO FONTE DE ARRECADA\u00c7\u00c3O PARA O BAILE DE FORMATURA"}]},{"@type":"WebSite","@id":"https:\/\/ubanews.com\/site\/#website","url":"https:\/\/ubanews.com\/site\/","name":"Ub\u00e1 News","description":"","publisher":{"@id":"https:\/\/ubanews.com\/site\/#organization"},"potentialAction":[{"@type":"SearchAction","target":{"@type":"EntryPoint","urlTemplate":"https:\/\/ubanews.com\/site\/?s={search_term_string}"},"query-input":{"@type":"PropertyValueSpecification","valueRequired":true,"valueName":"search_term_string"}}],"inLanguage":"pt-BR"},{"@type":"Organization","@id":"https:\/\/ubanews.com\/site\/#organization","name":"Ub\u00e1 News","url":"https:\/\/ubanews.com\/site\/","logo":{"@type":"ImageObject","inLanguage":"pt-BR","@id":"https:\/\/ubanews.com\/site\/#\/schema\/logo\/image\/","url":"https:\/\/ubanews.com\/site\/wp-content\/uploads\/2018\/01\/logoubanews.png","contentUrl":"https:\/\/ubanews.com\/site\/wp-content\/uploads\/2018\/01\/logoubanews.png","width":261,"height":99,"caption":"Ub\u00e1 News"},"image":{"@id":"https:\/\/ubanews.com\/site\/#\/schema\/logo\/image\/"},"sameAs":["https:\/\/www.facebook.com\/Ub\u00e1News-Carlos-Roberto-Sodr\u00e9-418778301977370"]},{"@type":"Person","@id":"https:\/\/ubanews.com\/site\/#\/schema\/person\/d90c9e47252fbb63dcc969fe4c8b9d10","name":"Sodr\u00e9","image":{"@type":"ImageObject","inLanguage":"pt-BR","@id":"https:\/\/secure.gravatar.com\/avatar\/5ba2793f0590b9dbfad3fdec4ee714485b3eef211c9b32ee53d414060454a56c?s=96&d=mm&r=g","url":"https:\/\/secure.gravatar.com\/avatar\/5ba2793f0590b9dbfad3fdec4ee714485b3eef211c9b32ee53d414060454a56c?s=96&d=mm&r=g","contentUrl":"https:\/\/secure.gravatar.com\/avatar\/5ba2793f0590b9dbfad3fdec4ee714485b3eef211c9b32ee53d414060454a56c?s=96&d=mm&r=g","caption":"Sodr\u00e9"},"sameAs":["https:\/\/www.facebook.com\/carosroberto.sodre.5\/"],"url":"https:\/\/ubanews.com\/site\/author\/felipe\/"}]}},"_links":{"self":[{"href":"https:\/\/ubanews.com\/site\/wp-json\/wp\/v2\/posts\/5624","targetHints":{"allow":["GET"]}}],"collection":[{"href":"https:\/\/ubanews.com\/site\/wp-json\/wp\/v2\/posts"}],"about":[{"href":"https:\/\/ubanews.com\/site\/wp-json\/wp\/v2\/types\/post"}],"author":[{"embeddable":true,"href":"https:\/\/ubanews.com\/site\/wp-json\/wp\/v2\/users\/2"}],"replies":[{"embeddable":true,"href":"https:\/\/ubanews.com\/site\/wp-json\/wp\/v2\/comments?post=5624"}],"version-history":[{"count":0,"href":"https:\/\/ubanews.com\/site\/wp-json\/wp\/v2\/posts\/5624\/revisions"}],"wp:featuredmedia":[{"embeddable":true,"href":"https:\/\/ubanews.com\/site\/wp-json\/wp\/v2\/media\/4978"}],"wp:attachment":[{"href":"https:\/\/ubanews.com\/site\/wp-json\/wp\/v2\/media?parent=5624"}],"wp:term":[{"taxonomy":"category","embeddable":true,"href":"https:\/\/ubanews.com\/site\/wp-json\/wp\/v2\/categories?post=5624"},{"taxonomy":"post_tag","embeddable":true,"href":"https:\/\/ubanews.com\/site\/wp-json\/wp\/v2\/tags?post=5624"}],"curies":[{"name":"wp","href":"https:\/\/api.w.org\/{rel}","templated":true}]}}